{"id":9230,"date":"2026-03-26T12:27:28","date_gmt":"2026-03-26T12:27:28","guid":{"rendered":"https:\/\/www.conferenciaepiscopal.pt\/v1\/?p=9230"},"modified":"2026-03-26T12:27:28","modified_gmt":"2026-03-26T12:27:28","slug":"conclusao-do-processo-de-compensacoes-financeiras-as-vitimas-de-abusos-sexuais-no-contexto-da-igreja-catolica-em-portugal","status":"publish","type":"post","link":"https:\/\/www.conferenciaepiscopal.pt\/v1\/conclusao-do-processo-de-compensacoes-financeiras-as-vitimas-de-abusos-sexuais-no-contexto-da-igreja-catolica-em-portugal\/","title":{"rendered":"Conclus\u00e3o do processo de compensa\u00e7\u00f5es financeiras \u00e0s v\u00edtimas de abusos sexuais no contexto da Igreja Cat\u00f3lica em Portugal"},"content":{"rendered":"<div class=\"ast-oembed-container \" style=\"height: 100%;\"><iframe title=\"Comunicado CEP\/CIRP: Conclus\u00e3o do processo de compensa\u00e7\u00f5es financeiras\" width=\"500\" height=\"281\" src=\"https:\/\/www.youtube.com\/embed\/TQCskzemcq4?feature=oembed\" frameborder=\"0\" allow=\"accelerometer; autoplay; clipboard-write; encrypted-media; gyroscope; picture-in-picture; web-share\" referrerpolicy=\"strict-origin-when-cross-origin\" allowfullscreen><\/iframe><\/div>\n<p>O processo de compensa\u00e7\u00f5es financeiras \u00e0s v\u00edtimas de abusos sexuais sofridos enquanto menores ou adultos vulner\u00e1veis no contexto da Igreja Cat\u00f3lica em Portugal, livremente iniciado pela Confer\u00eancia Episcopal Portuguesa (CEP) e pela Confer\u00eancia dos Institutos Religiosos de Portugal (CIRP) e definido pelo Regulamento publicado a 25 de julho de 2024, chega agora ao seu termo.<\/p>\n<p>Ao concluir-se este processo, queremos dirigir-nos, antes de mais, a quantos foram v\u00edtimas destes abusos. Fazemo-lo com profundo respeito pela sua dor e com consci\u00eancia de que estamos perante feridas profundas, que marcaram as suas vidas de forma duradoura. Reconhecemos a gravidade do sofrimento vivido, tantas vezes carregado em sil\u00eancio durante anos, agradecemos verdadeiramente o testemunho que nos confiaram e renovamos o nosso pedido de perd\u00e3o por todo o mal causado.<\/p>\n<p>Sabemos que a atribui\u00e7\u00e3o de uma compensa\u00e7\u00e3o financeira n\u00e3o apaga o que aconteceu nem elimina as consequ\u00eancias dos abusos na vida de quem os sofreu. Com este gesto concreto, a Igreja em Portugal deseja reconhecer o sofrimento e a dignidade de cada pessoa que passou por tais atentados, procurando a repara\u00e7\u00e3o poss\u00edvel dos danos sofridos. Este n\u00e3o \u00e9 um gesto isolado, mas parte de uma responsabilidade que a Igreja deve assumir humildemente, inserida num compromisso mais amplo que inclui a escuta, o acompanhamento, a preven\u00e7\u00e3o e a interven\u00e7\u00e3o atrav\u00e9s das estruturas competentes.<\/p>\n<p>Durante o prazo para apresenta\u00e7\u00e3o dos pedidos de compensa\u00e7\u00e3o financeira foram recebidos 95 pedidos. Desses, 78 foram considerados eleg\u00edveis para aprecia\u00e7\u00e3o final e 17 foram arquivados liminarmente. Estes \u00faltimos correspondem a situa\u00e7\u00f5es n\u00e3o enquadr\u00e1veis no Regulamento, bem como a situa\u00e7\u00f5es em que as pessoas denunciantes n\u00e3o compareceram \u00e0 entrevista com as Comiss\u00f5es de Instru\u00e7\u00e3o ou deixaram de responder aos contactos para o respetivo agendamento.<\/p>\n<p>Dos 78 pedidos eleg\u00edveis, foram j\u00e1 aprovados 57 pedidos de compensa\u00e7\u00e3o financeira, no montante global de 1 609\u00a0650 euros. Existem ainda 9 pedidos em fase final de an\u00e1lise para defini\u00e7\u00e3o do montante a atribuir e 1 pedido pendente, a aguardar decis\u00e3o da Santa S\u00e9. Os restantes 11 pedidos foram indeferidos. As compensa\u00e7\u00f5es financeiras a atribuir a cada uma das pessoas t\u00eam como valor m\u00e1ximo 45 mil euros e como valor m\u00ednimo 9 mil euros. Estes valores foram estabelecidos pela CEP, na Assembleia Plen\u00e1ria extraordin\u00e1ria de 27 de fevereiro de 2026, com a presen\u00e7a do Presidente e da Vice-Presidente da Confer\u00eancia dos Institutos Religiosos de Portugal, tomando em considera\u00e7\u00e3o os pareceres das Comiss\u00f5es de Instru\u00e7\u00e3o e da Comiss\u00e3o de Fixa\u00e7\u00e3o da Compensa\u00e7\u00e3o.<\/p>\n<p>Os motivos de indeferimento incluem decis\u00f5es da Santa S\u00e9 que determinaram o arquivamento do processo; situa\u00e7\u00f5es em que a pessoa denunciante era maior de idade \u00e0 data dos factos e n\u00e3o se apurou tratar-se de um adulto vulner\u00e1vel; situa\u00e7\u00f5es em que a pessoa acusada n\u00e3o pertencia ao clero, nem exercia fun\u00e7\u00f5es ou responsabilidades no contexto da Igreja; e situa\u00e7\u00f5es que n\u00e3o configuravam viol\u00eancia de natureza sexual.<\/p>\n<p>A defini\u00e7\u00e3o das compensa\u00e7\u00f5es neste processo teve por base a an\u00e1lise individual de cada situa\u00e7\u00e3o, tendo em conta os factos apurados, a gravidade dos abusos, o dano sofrido e o respetivo nexo de causalidade entre os acontecimentos e as consequ\u00eancias na vida da v\u00edtima, nos termos do Regulamento aprovado para este efeito. Procurou-se, deste modo, que a compensa\u00e7\u00e3o atribu\u00edda correspondesse, de forma t\u00e3o justa, proporcional e solid\u00e1ria quanto poss\u00edvel, \u00e0 realidade de cada pessoa e ao sofrimento que lhe foi imposto. Mais do que um n\u00famero, cada pedido corresponde a uma hist\u00f3ria concreta, a uma dor confiada \u00e0 Igreja e a um ato de coragem de quem aceitou apresentar o seu testemunho.<\/p>\n<p>Ap\u00f3s contactos telef\u00f3nicos pr\u00e9vios com as pessoas cujos pedidos vieram a ser indeferidos, e que foram realizados numa perspetiva de explica\u00e7\u00e3o pessoal da decis\u00e3o, est\u00e3o agora a ser enviadas, por escrito, as notifica\u00e7\u00f5es com a decis\u00e3o devidamente fundamentada a todas as pessoas que apresentaram pedido e cujo processo foi considerado eleg\u00edvel, independentemente de a decis\u00e3o final ter sido de aprova\u00e7\u00e3o ou indeferimento.<\/p>\n<p>Os dados tornados p\u00fablicos s\u00e3o apresentados apenas em termos gerais, no respeito pela confidencialidade do processo, pela prote\u00e7\u00e3o dos dados pessoais e pela dignidade das pessoas interessadas. Cada situa\u00e7\u00e3o est\u00e1 a ser acompanhada individualmente com a aten\u00e7\u00e3o, o cuidado e a delicadeza que o assunto exige, sendo o pagamento das compensa\u00e7\u00f5es atribu\u00eddas efetuado mediante a formaliza\u00e7\u00e3o individual adequada, nos termos previstos para o efeito.<\/p>\n<p>O encerramento deste processo n\u00e3o significa o fim da responsabilidade da Igreja. Continuaremos dispon\u00edveis para acolher, escutar e acompanhar as v\u00edtimas, e reafirmamos o nosso compromisso em prosseguir uma cultura de responsabiliza\u00e7\u00e3o, cuidado e preven\u00e7\u00e3o. Atrav\u00e9s do Grupo VITA, das Comiss\u00f5es Diocesanas de Prote\u00e7\u00e3o de Menores e Adultos Vulner\u00e1veis e sua Coordena\u00e7\u00e3o Nacional e das estruturas de prote\u00e7\u00e3o existentes nos Institutos de Vida Consagrada, queremos garantir, tanto quanto poss\u00edvel, que situa\u00e7\u00f5es de abuso n\u00e3o se voltem a repetir e que os ambientes eclesiais sejam espa\u00e7os seguros e capazes de proteger todas as pessoas.<\/p>\n<p>Renovamos a nossa gratid\u00e3o a todas as pessoas que aceitaram participar neste processo. O vosso testemunho honra a verdade e responsabiliza a Igreja a n\u00e3o desviar o olhar, a n\u00e3o esquecer e a n\u00e3o recuar no dever de transforma\u00e7\u00e3o.<\/p>\n<p><em>Lisboa, 26 de mar\u00e7o de 2026<\/em><br \/>\n<em>Confer\u00eancia Episcopal Portuguesa<\/em><br \/>\n<em>Confer\u00eancia dos Institutos Religiosos de Portugal<\/em><\/p>\n<p><strong>ANEXO: Pedidos de compensa\u00e7\u00e3o financeira \u2013 dados a 26 de mar\u00e7o de 2026:\u00a0 <\/strong><\/p>\n<p>Foram apresentados 95 pedidos de compensa\u00e7\u00e3o financeira, tendo sido validados 78. Em 17 situa\u00e7\u00f5es n\u00e3o foi poss\u00edvel iniciar o processo, tendo sido arquivados liminarmente:<\/p>\n<ul>\n<li>12 \u2013 N\u00e3o se enquadravam no \u00e2mbito do Regulamento definido (outras formas de viol\u00eancia, de natureza n\u00e3o sexual; situa\u00e7\u00f5es de viol\u00eancia sexual praticada por leigos sem qualquer liga\u00e7\u00e3o \u00e0 Igreja);<\/li>\n<li>3 \u2013 As pessoas denunciantes n\u00e3o compareceram \u00e0 entrevista com a Comiss\u00e3o de Instru\u00e7\u00e3o e n\u00e3o pediram reagendamento;<\/li>\n<li>2 \u2013 As pessoas denunciantes deixaram de responder aos contactos para agendamento de entrevista.<\/li>\n<\/ul>\n<p><strong><em>Nota<\/em><\/strong><em>: o n\u00famero de pedidos validados e arquivados difere em rela\u00e7\u00e3o ao \u00faltimo comunicado, de 13 de janeiro de 2026, porque \u00e0 data existiam 9 pedidos recentes que ainda n\u00e3o tinham sido averiguados. Ap\u00f3s averigua\u00e7\u00e3o, verificou-se que 6 deveriam ser arquivados e 3 integrados no processo de an\u00e1lise para atribui\u00e7\u00e3o de compensa\u00e7\u00e3o financeira.<\/em><\/p>\n<p>Relativamente aos 78 pedidos que foram considerados v\u00e1lidos neste processo:<\/p>\n<ul>\n<li>57 \u2013 Compensa\u00e7\u00e3o financeira aprovada (41 do \u00e2mbito de atua\u00e7\u00e3o das Dioceses; 15 dos Institutos de Vida Consagrada; 1 comum a ambos);<\/li>\n<li>9 \u2013 Em defini\u00e7\u00e3o de montante para atribui\u00e7\u00e3o de compensa\u00e7\u00e3o financeira (6 do \u00e2mbito de atua\u00e7\u00e3o das Dioceses; 2 dos Institutos de Vida Consagrada; 1 indefinido);<\/li>\n<li>11 \u2013 Compensa\u00e7\u00e3o financeira indeferida (8 do \u00e2mbito de atua\u00e7\u00e3o das Dioceses; 3 dos Institutos de Vida Consagrada);<\/li>\n<li>1 \u2013 Pendente a aguardar decis\u00e3o da Santa S\u00e9 (do \u00e2mbito de atua\u00e7\u00e3o das Dioceses).<\/li>\n<\/ul>\n","protected":false},"excerpt":{"rendered":"<p>O processo de compensa\u00e7\u00f5es financeiras \u00e0s v\u00edtimas de abusos sexuais sofridos enquanto menores ou adultos vulner\u00e1veis no contexto da Igreja [&hellip;]<\/p>\n","protected":false},"author":2,"featured_media":5628,"comment_status":"closed","ping_status":"closed","sticky":false,"template":"","format":"standard","meta":{"site-sidebar-layout":"default","site-content-layout":"","ast-site-content-layout":"default","site-content-style":"default","site-sidebar-style":"default","ast-global-header-display":"","ast-banner-title-visibility":"","ast-main-header-display":"","ast-hfb-above-header-display":"","ast-hfb-below-header-display":"","ast-hfb-mobile-header-display":"","site-post-title":"","ast-breadcrumbs-content":"","ast-featured-img":"","footer-sml-layout":"","ast-disable-related-posts":"","theme-transparent-header-meta":"default","adv-header-id-meta":"","stick-header-meta":"","header-above-stick-meta":"","header-main-stick-meta":"","header-below-stick-meta":"","astra-migrate-meta-layouts":"set","ast-page-background-enabled":"default","ast-page-background-meta":{"desktop":{"background-color":"var(--ast-global-color-4)","background-image":"","background-repeat":"repeat","background-position":"center center","background-size":"auto","background-attachment":"scroll","background-type":"","background-media":"","overlay-type":"","overlay-color":"","overlay-opacity":"","overlay-gradient":""},"tablet":{"background-color":"","background-image":"","background-repeat":"repeat","background-position":"center center","background-size":"auto","background-attachment":"scroll","background-type":"","background-media":"","overlay-type":"","overlay-color":"","overlay-opacity":"","overlay-gradient":""},"mobile":{"background-color":"","background-image":"","background-repeat":"repeat","background-position":"center center","background-size":"auto","background-attachment":"scroll","background-type":"","background-media":"","overlay-type":"","overlay-color":"","overlay-opacity":"","overlay-gradient":""}},"ast-content-background-meta":{"desktop":{"background-color":"var(--ast-global-color-5)","background-image":"","background-repeat":"repeat","background-position":"center center","background-size":"auto","background-attachment":"scroll","background-type":"","background-media":"","overlay-type":"","overlay-color":"","overlay-opacity":"","overlay-gradient":""},"tablet":{"background-color":"var(--ast-global-color-5)","background-image":"","background-repeat":"repeat","background-position":"center center","background-size":"auto","background-attachment":"scroll","background-type":"","background-media":"","overlay-type":"","overlay-color":"","overlay-opacity":"","overlay-gradient":""},"mobile":{"background-color":"var(--ast-global-color-5)","background-image":"","background-repeat":"repeat","background-position":"center center","background-size":"auto","background-attachment":"scroll","background-type":"","background-media":"","overlay-type":"","overlay-color":"","overlay-opacity":"","overlay-gradient":""}},"footnotes":""},"categories":[74,4,72],"tags":[],"class_list":["post-9230","post","type-post","status-publish","format-standard","has-post-thumbnail","hentry","category-entrada","category-documentos","category-noticias"],"yoast_head":"<!-- This site is optimized with the Yoast SEO plugin v27.5 - https:\/\/yoast.com\/product\/yoast-seo-wordpress\/ -->\n<title>Conclus\u00e3o do processo de compensa\u00e7\u00f5es financeiras \u00e0s v\u00edtimas de abusos sexuais no contexto da Igreja Cat\u00f3lica em Portugal - Confer\u00eancia Episcopal Portuguesa<\/title>\n<meta name=\"robots\" content=\"index, follow, max-snippet:-1, max-image-preview:large, max-video-preview:-1\" \/>\n<link rel=\"canonical\" href=\"https:\/\/www.conferenciaepiscopal.pt\/v1\/conclusao-do-processo-de-compensacoes-financeiras-as-vitimas-de-abusos-sexuais-no-contexto-da-igreja-catolica-em-portugal\/\" \/>\n<meta property=\"og:locale\" content=\"pt_PT\" \/>\n<meta property=\"og:type\" content=\"article\" \/>\n<meta property=\"og:title\" content=\"Conclus\u00e3o do processo de compensa\u00e7\u00f5es financeiras \u00e0s v\u00edtimas de abusos sexuais no contexto da Igreja Cat\u00f3lica em Portugal - Confer\u00eancia Episcopal Portuguesa\" \/>\n<meta property=\"og:description\" content=\"O processo de compensa\u00e7\u00f5es financeiras \u00e0s v\u00edtimas de abusos sexuais sofridos enquanto menores ou adultos vulner\u00e1veis no contexto da Igreja [&hellip;]\" \/>\n<meta property=\"og:url\" content=\"https:\/\/www.conferenciaepiscopal.pt\/v1\/conclusao-do-processo-de-compensacoes-financeiras-as-vitimas-de-abusos-sexuais-no-contexto-da-igreja-catolica-em-portugal\/\" \/>\n<meta property=\"og:site_name\" content=\"Confer\u00eancia Episcopal Portuguesa\" \/>\n<meta property=\"article:published_time\" content=\"2026-03-26T12:27:28+00:00\" \/>\n<meta property=\"og:image\" content=\"https:\/\/www.conferenciaepiscopal.pt\/v1\/wp-content\/uploads\/cep.jpg\" \/>\n\t<meta property=\"og:image:width\" content=\"925\" \/>\n\t<meta property=\"og:image:height\" content=\"630\" \/>\n\t<meta property=\"og:image:type\" content=\"image\/jpeg\" \/>\n<meta name=\"author\" content=\"Anabela Sousa\" \/>\n<meta name=\"twitter:card\" content=\"summary_large_image\" \/>\n<meta name=\"twitter:label1\" content=\"Escrito por\" \/>\n\t<meta name=\"twitter:data1\" content=\"Anabela Sousa\" \/>\n\t<meta name=\"twitter:label2\" content=\"Tempo estimado de leitura\" \/>\n\t<meta name=\"twitter:data2\" content=\"7 minutos\" \/>\n<script type=\"application\/ld+json\" class=\"yoast-schema-graph\">{\"@context\":\"https:\\\/\\\/schema.org\",\"@graph\":[{\"@type\":\"Article\",\"@id\":\"https:\\\/\\\/www.conferenciaepiscopal.pt\\\/v1\\\/conclusao-do-processo-de-compensacoes-financeiras-as-vitimas-de-abusos-sexuais-no-contexto-da-igreja-catolica-em-portugal\\\/#article\",\"isPartOf\":{\"@id\":\"https:\\\/\\\/www.conferenciaepiscopal.pt\\\/v1\\\/conclusao-do-processo-de-compensacoes-financeiras-as-vitimas-de-abusos-sexuais-no-contexto-da-igreja-catolica-em-portugal\\\/\"},\"author\":{\"name\":\"Anabela Sousa\",\"@id\":\"https:\\\/\\\/www.conferenciaepiscopal.pt\\\/v1\\\/#\\\/schema\\\/person\\\/276594037f41ab419d8b2ae02d84119f\"},\"headline\":\"Conclus\u00e3o do processo de compensa\u00e7\u00f5es financeiras \u00e0s v\u00edtimas de abusos sexuais no contexto da Igreja Cat\u00f3lica em Portugal\",\"datePublished\":\"2026-03-26T12:27:28+00:00\",\"mainEntityOfPage\":{\"@id\":\"https:\\\/\\\/www.conferenciaepiscopal.pt\\\/v1\\\/conclusao-do-processo-de-compensacoes-financeiras-as-vitimas-de-abusos-sexuais-no-contexto-da-igreja-catolica-em-portugal\\\/\"},\"wordCount\":1213,\"publisher\":{\"@id\":\"https:\\\/\\\/www.conferenciaepiscopal.pt\\\/v1\\\/#organization\"},\"image\":{\"@id\":\"https:\\\/\\\/www.conferenciaepiscopal.pt\\\/v1\\\/conclusao-do-processo-de-compensacoes-financeiras-as-vitimas-de-abusos-sexuais-no-contexto-da-igreja-catolica-em-portugal\\\/#primaryimage\"},\"thumbnailUrl\":\"https:\\\/\\\/www.conferenciaepiscopal.pt\\\/v1\\\/wp-content\\\/uploads\\\/cep.jpg\",\"articleSection\":[\"#entrada\",\"Documentos\",\"Not\u00edcias\"],\"inLanguage\":\"pt-PT\"},{\"@type\":\"WebPage\",\"@id\":\"https:\\\/\\\/www.conferenciaepiscopal.pt\\\/v1\\\/conclusao-do-processo-de-compensacoes-financeiras-as-vitimas-de-abusos-sexuais-no-contexto-da-igreja-catolica-em-portugal\\\/\",\"url\":\"https:\\\/\\\/www.conferenciaepiscopal.pt\\\/v1\\\/conclusao-do-processo-de-compensacoes-financeiras-as-vitimas-de-abusos-sexuais-no-contexto-da-igreja-catolica-em-portugal\\\/\",\"name\":\"Conclus\u00e3o do processo de compensa\u00e7\u00f5es financeiras \u00e0s v\u00edtimas de abusos sexuais no contexto da Igreja Cat\u00f3lica em Portugal - Confer\u00eancia Episcopal Portuguesa\",\"isPartOf\":{\"@id\":\"https:\\\/\\\/www.conferenciaepiscopal.pt\\\/v1\\\/#website\"},\"primaryImageOfPage\":{\"@id\":\"https:\\\/\\\/www.conferenciaepiscopal.pt\\\/v1\\\/conclusao-do-processo-de-compensacoes-financeiras-as-vitimas-de-abusos-sexuais-no-contexto-da-igreja-catolica-em-portugal\\\/#primaryimage\"},\"image\":{\"@id\":\"https:\\\/\\\/www.conferenciaepiscopal.pt\\\/v1\\\/conclusao-do-processo-de-compensacoes-financeiras-as-vitimas-de-abusos-sexuais-no-contexto-da-igreja-catolica-em-portugal\\\/#primaryimage\"},\"thumbnailUrl\":\"https:\\\/\\\/www.conferenciaepiscopal.pt\\\/v1\\\/wp-content\\\/uploads\\\/cep.jpg\",\"datePublished\":\"2026-03-26T12:27:28+00:00\",\"breadcrumb\":{\"@id\":\"https:\\\/\\\/www.conferenciaepiscopal.pt\\\/v1\\\/conclusao-do-processo-de-compensacoes-financeiras-as-vitimas-de-abusos-sexuais-no-contexto-da-igreja-catolica-em-portugal\\\/#breadcrumb\"},\"inLanguage\":\"pt-PT\",\"potentialAction\":[{\"@type\":\"ReadAction\",\"target\":[\"https:\\\/\\\/www.conferenciaepiscopal.pt\\\/v1\\\/conclusao-do-processo-de-compensacoes-financeiras-as-vitimas-de-abusos-sexuais-no-contexto-da-igreja-catolica-em-portugal\\\/\"]}]},{\"@type\":\"ImageObject\",\"inLanguage\":\"pt-PT\",\"@id\":\"https:\\\/\\\/www.conferenciaepiscopal.pt\\\/v1\\\/conclusao-do-processo-de-compensacoes-financeiras-as-vitimas-de-abusos-sexuais-no-contexto-da-igreja-catolica-em-portugal\\\/#primaryimage\",\"url\":\"https:\\\/\\\/www.conferenciaepiscopal.pt\\\/v1\\\/wp-content\\\/uploads\\\/cep.jpg\",\"contentUrl\":\"https:\\\/\\\/www.conferenciaepiscopal.pt\\\/v1\\\/wp-content\\\/uploads\\\/cep.jpg\",\"width\":925,\"height\":630},{\"@type\":\"BreadcrumbList\",\"@id\":\"https:\\\/\\\/www.conferenciaepiscopal.pt\\\/v1\\\/conclusao-do-processo-de-compensacoes-financeiras-as-vitimas-de-abusos-sexuais-no-contexto-da-igreja-catolica-em-portugal\\\/#breadcrumb\",\"itemListElement\":[{\"@type\":\"ListItem\",\"position\":1,\"name\":\"In\u00edcio\",\"item\":\"https:\\\/\\\/www.conferenciaepiscopal.pt\\\/v1\\\/\"},{\"@type\":\"ListItem\",\"position\":2,\"name\":\"Conclus\u00e3o do processo de compensa\u00e7\u00f5es financeiras \u00e0s v\u00edtimas de abusos sexuais no contexto da Igreja Cat\u00f3lica em Portugal\"}]},{\"@type\":\"WebSite\",\"@id\":\"https:\\\/\\\/www.conferenciaepiscopal.pt\\\/v1\\\/#website\",\"url\":\"https:\\\/\\\/www.conferenciaepiscopal.pt\\\/v1\\\/\",\"name\":\"Confer\u00eancia Episcopal Portuguesa\",\"description\":\"Igreja Cat\u00f3lica em Portugal\",\"publisher\":{\"@id\":\"https:\\\/\\\/www.conferenciaepiscopal.pt\\\/v1\\\/#organization\"},\"potentialAction\":[{\"@type\":\"SearchAction\",\"target\":{\"@type\":\"EntryPoint\",\"urlTemplate\":\"https:\\\/\\\/www.conferenciaepiscopal.pt\\\/v1\\\/?s={search_term_string}\"},\"query-input\":{\"@type\":\"PropertyValueSpecification\",\"valueRequired\":true,\"valueName\":\"search_term_string\"}}],\"inLanguage\":\"pt-PT\"},{\"@type\":\"Organization\",\"@id\":\"https:\\\/\\\/www.conferenciaepiscopal.pt\\\/v1\\\/#organization\",\"name\":\"Confer\u00eancia Episcopal Portuguesa\",\"url\":\"https:\\\/\\\/www.conferenciaepiscopal.pt\\\/v1\\\/\",\"logo\":{\"@type\":\"ImageObject\",\"inLanguage\":\"pt-PT\",\"@id\":\"https:\\\/\\\/www.conferenciaepiscopal.pt\\\/v1\\\/#\\\/schema\\\/logo\\\/image\\\/\",\"url\":\"https:\\\/\\\/www.conferenciaepiscopal.pt\\\/v1\\\/wp-content\\\/uploads\\\/cropped-logoTransparente.png\",\"contentUrl\":\"https:\\\/\\\/www.conferenciaepiscopal.pt\\\/v1\\\/wp-content\\\/uploads\\\/cropped-logoTransparente.png\",\"width\":512,\"height\":512,\"caption\":\"Confer\u00eancia Episcopal Portuguesa\"},\"image\":{\"@id\":\"https:\\\/\\\/www.conferenciaepiscopal.pt\\\/v1\\\/#\\\/schema\\\/logo\\\/image\\\/\"}},{\"@type\":\"Person\",\"@id\":\"https:\\\/\\\/www.conferenciaepiscopal.pt\\\/v1\\\/#\\\/schema\\\/person\\\/276594037f41ab419d8b2ae02d84119f\",\"name\":\"Anabela Sousa\",\"image\":{\"@type\":\"ImageObject\",\"inLanguage\":\"pt-PT\",\"@id\":\"https:\\\/\\\/secure.gravatar.com\\\/avatar\\\/49af3230c4da697d62cdb63582d49dbf63fca33e78d0f530ced88eec32b12ba5?s=96&d=mm&r=g\",\"url\":\"https:\\\/\\\/secure.gravatar.com\\\/avatar\\\/49af3230c4da697d62cdb63582d49dbf63fca33e78d0f530ced88eec32b12ba5?s=96&d=mm&r=g\",\"contentUrl\":\"https:\\\/\\\/secure.gravatar.com\\\/avatar\\\/49af3230c4da697d62cdb63582d49dbf63fca33e78d0f530ced88eec32b12ba5?s=96&d=mm&r=g\",\"caption\":\"Anabela Sousa\"}}]}<\/script>\n<!-- \/ Yoast SEO plugin. -->","yoast_head_json":{"title":"Conclus\u00e3o do processo de compensa\u00e7\u00f5es financeiras \u00e0s v\u00edtimas de abusos sexuais no contexto da Igreja Cat\u00f3lica em Portugal - Confer\u00eancia Episcopal Portuguesa","robots":{"index":"index","follow":"follow","max-snippet":"max-snippet:-1","max-image-preview":"max-image-preview:large","max-video-preview":"max-video-preview:-1"},"canonical":"https:\/\/www.conferenciaepiscopal.pt\/v1\/conclusao-do-processo-de-compensacoes-financeiras-as-vitimas-de-abusos-sexuais-no-contexto-da-igreja-catolica-em-portugal\/","og_locale":"pt_PT","og_type":"article","og_title":"Conclus\u00e3o do processo de compensa\u00e7\u00f5es financeiras \u00e0s v\u00edtimas de abusos sexuais no contexto da Igreja Cat\u00f3lica em Portugal - Confer\u00eancia Episcopal Portuguesa","og_description":"O processo de compensa\u00e7\u00f5es financeiras \u00e0s v\u00edtimas de abusos sexuais sofridos enquanto menores ou adultos vulner\u00e1veis no contexto da Igreja [&hellip;]","og_url":"https:\/\/www.conferenciaepiscopal.pt\/v1\/conclusao-do-processo-de-compensacoes-financeiras-as-vitimas-de-abusos-sexuais-no-contexto-da-igreja-catolica-em-portugal\/","og_site_name":"Confer\u00eancia Episcopal Portuguesa","article_published_time":"2026-03-26T12:27:28+00:00","og_image":[{"width":925,"height":630,"url":"https:\/\/www.conferenciaepiscopal.pt\/v1\/wp-content\/uploads\/cep.jpg","type":"image\/jpeg"}],"author":"Anabela Sousa","twitter_card":"summary_large_image","twitter_misc":{"Escrito por":"Anabela Sousa","Tempo estimado de leitura":"7 minutos"},"schema":{"@context":"https:\/\/schema.org","@graph":[{"@type":"Article","@id":"https:\/\/www.conferenciaepiscopal.pt\/v1\/conclusao-do-processo-de-compensacoes-financeiras-as-vitimas-de-abusos-sexuais-no-contexto-da-igreja-catolica-em-portugal\/#article","isPartOf":{"@id":"https:\/\/www.conferenciaepiscopal.pt\/v1\/conclusao-do-processo-de-compensacoes-financeiras-as-vitimas-de-abusos-sexuais-no-contexto-da-igreja-catolica-em-portugal\/"},"author":{"name":"Anabela Sousa","@id":"https:\/\/www.conferenciaepiscopal.pt\/v1\/#\/schema\/person\/276594037f41ab419d8b2ae02d84119f"},"headline":"Conclus\u00e3o do processo de compensa\u00e7\u00f5es financeiras \u00e0s v\u00edtimas de abusos sexuais no contexto da Igreja Cat\u00f3lica em Portugal","datePublished":"2026-03-26T12:27:28+00:00","mainEntityOfPage":{"@id":"https:\/\/www.conferenciaepiscopal.pt\/v1\/conclusao-do-processo-de-compensacoes-financeiras-as-vitimas-de-abusos-sexuais-no-contexto-da-igreja-catolica-em-portugal\/"},"wordCount":1213,"publisher":{"@id":"https:\/\/www.conferenciaepiscopal.pt\/v1\/#organization"},"image":{"@id":"https:\/\/www.conferenciaepiscopal.pt\/v1\/conclusao-do-processo-de-compensacoes-financeiras-as-vitimas-de-abusos-sexuais-no-contexto-da-igreja-catolica-em-portugal\/#primaryimage"},"thumbnailUrl":"https:\/\/www.conferenciaepiscopal.pt\/v1\/wp-content\/uploads\/cep.jpg","articleSection":["#entrada","Documentos","Not\u00edcias"],"inLanguage":"pt-PT"},{"@type":"WebPage","@id":"https:\/\/www.conferenciaepiscopal.pt\/v1\/conclusao-do-processo-de-compensacoes-financeiras-as-vitimas-de-abusos-sexuais-no-contexto-da-igreja-catolica-em-portugal\/","url":"https:\/\/www.conferenciaepiscopal.pt\/v1\/conclusao-do-processo-de-compensacoes-financeiras-as-vitimas-de-abusos-sexuais-no-contexto-da-igreja-catolica-em-portugal\/","name":"Conclus\u00e3o do processo de compensa\u00e7\u00f5es financeiras \u00e0s v\u00edtimas de abusos sexuais no contexto da Igreja Cat\u00f3lica em Portugal - Confer\u00eancia Episcopal Portuguesa","isPartOf":{"@id":"https:\/\/www.conferenciaepiscopal.pt\/v1\/#website"},"primaryImageOfPage":{"@id":"https:\/\/www.conferenciaepiscopal.pt\/v1\/conclusao-do-processo-de-compensacoes-financeiras-as-vitimas-de-abusos-sexuais-no-contexto-da-igreja-catolica-em-portugal\/#primaryimage"},"image":{"@id":"https:\/\/www.conferenciaepiscopal.pt\/v1\/conclusao-do-processo-de-compensacoes-financeiras-as-vitimas-de-abusos-sexuais-no-contexto-da-igreja-catolica-em-portugal\/#primaryimage"},"thumbnailUrl":"https:\/\/www.conferenciaepiscopal.pt\/v1\/wp-content\/uploads\/cep.jpg","datePublished":"2026-03-26T12:27:28+00:00","breadcrumb":{"@id":"https:\/\/www.conferenciaepiscopal.pt\/v1\/conclusao-do-processo-de-compensacoes-financeiras-as-vitimas-de-abusos-sexuais-no-contexto-da-igreja-catolica-em-portugal\/#breadcrumb"},"inLanguage":"pt-PT","potentialAction":[{"@type":"ReadAction","target":["https:\/\/www.conferenciaepiscopal.pt\/v1\/conclusao-do-processo-de-compensacoes-financeiras-as-vitimas-de-abusos-sexuais-no-contexto-da-igreja-catolica-em-portugal\/"]}]},{"@type":"ImageObject","inLanguage":"pt-PT","@id":"https:\/\/www.conferenciaepiscopal.pt\/v1\/conclusao-do-processo-de-compensacoes-financeiras-as-vitimas-de-abusos-sexuais-no-contexto-da-igreja-catolica-em-portugal\/#primaryimage","url":"https:\/\/www.conferenciaepiscopal.pt\/v1\/wp-content\/uploads\/cep.jpg","contentUrl":"https:\/\/www.conferenciaepiscopal.pt\/v1\/wp-content\/uploads\/cep.jpg","width":925,"height":630},{"@type":"BreadcrumbList","@id":"https:\/\/www.conferenciaepiscopal.pt\/v1\/conclusao-do-processo-de-compensacoes-financeiras-as-vitimas-de-abusos-sexuais-no-contexto-da-igreja-catolica-em-portugal\/#breadcrumb","itemListElement":[{"@type":"ListItem","position":1,"name":"In\u00edcio","item":"https:\/\/www.conferenciaepiscopal.pt\/v1\/"},{"@type":"ListItem","position":2,"name":"Conclus\u00e3o do processo de compensa\u00e7\u00f5es financeiras \u00e0s v\u00edtimas de abusos sexuais no contexto da Igreja Cat\u00f3lica em Portugal"}]},{"@type":"WebSite","@id":"https:\/\/www.conferenciaepiscopal.pt\/v1\/#website","url":"https:\/\/www.conferenciaepiscopal.pt\/v1\/","name":"Confer\u00eancia Episcopal Portuguesa","description":"Igreja Cat\u00f3lica em Portugal","publisher":{"@id":"https:\/\/www.conferenciaepiscopal.pt\/v1\/#organization"},"potentialAction":[{"@type":"SearchAction","target":{"@type":"EntryPoint","urlTemplate":"https:\/\/www.conferenciaepiscopal.pt\/v1\/?s={search_term_string}"},"query-input":{"@type":"PropertyValueSpecification","valueRequired":true,"valueName":"search_term_string"}}],"inLanguage":"pt-PT"},{"@type":"Organization","@id":"https:\/\/www.conferenciaepiscopal.pt\/v1\/#organization","name":"Confer\u00eancia Episcopal Portuguesa","url":"https:\/\/www.conferenciaepiscopal.pt\/v1\/","logo":{"@type":"ImageObject","inLanguage":"pt-PT","@id":"https:\/\/www.conferenciaepiscopal.pt\/v1\/#\/schema\/logo\/image\/","url":"https:\/\/www.conferenciaepiscopal.pt\/v1\/wp-content\/uploads\/cropped-logoTransparente.png","contentUrl":"https:\/\/www.conferenciaepiscopal.pt\/v1\/wp-content\/uploads\/cropped-logoTransparente.png","width":512,"height":512,"caption":"Confer\u00eancia Episcopal Portuguesa"},"image":{"@id":"https:\/\/www.conferenciaepiscopal.pt\/v1\/#\/schema\/logo\/image\/"}},{"@type":"Person","@id":"https:\/\/www.conferenciaepiscopal.pt\/v1\/#\/schema\/person\/276594037f41ab419d8b2ae02d84119f","name":"Anabela Sousa","image":{"@type":"ImageObject","inLanguage":"pt-PT","@id":"https:\/\/secure.gravatar.com\/avatar\/49af3230c4da697d62cdb63582d49dbf63fca33e78d0f530ced88eec32b12ba5?s=96&d=mm&r=g","url":"https:\/\/secure.gravatar.com\/avatar\/49af3230c4da697d62cdb63582d49dbf63fca33e78d0f530ced88eec32b12ba5?s=96&d=mm&r=g","contentUrl":"https:\/\/secure.gravatar.com\/avatar\/49af3230c4da697d62cdb63582d49dbf63fca33e78d0f530ced88eec32b12ba5?s=96&d=mm&r=g","caption":"Anabela Sousa"}}]}},"_links":{"self":[{"href":"https:\/\/www.conferenciaepiscopal.pt\/v1\/wp-json\/wp\/v2\/posts\/9230","targetHints":{"allow":["GET"]}}],"collection":[{"href":"https:\/\/www.conferenciaepiscopal.pt\/v1\/wp-json\/wp\/v2\/posts"}],"about":[{"href":"https:\/\/www.conferenciaepiscopal.pt\/v1\/wp-json\/wp\/v2\/types\/post"}],"author":[{"embeddable":true,"href":"https:\/\/www.conferenciaepiscopal.pt\/v1\/wp-json\/wp\/v2\/users\/2"}],"replies":[{"embeddable":true,"href":"https:\/\/www.conferenciaepiscopal.pt\/v1\/wp-json\/wp\/v2\/comments?post=9230"}],"version-history":[{"count":1,"href":"https:\/\/www.conferenciaepiscopal.pt\/v1\/wp-json\/wp\/v2\/posts\/9230\/revisions"}],"predecessor-version":[{"id":9231,"href":"https:\/\/www.conferenciaepiscopal.pt\/v1\/wp-json\/wp\/v2\/posts\/9230\/revisions\/9231"}],"wp:featuredmedia":[{"embeddable":true,"href":"https:\/\/www.conferenciaepiscopal.pt\/v1\/wp-json\/wp\/v2\/media\/5628"}],"wp:attachment":[{"href":"https:\/\/www.conferenciaepiscopal.pt\/v1\/wp-json\/wp\/v2\/media?parent=9230"}],"wp:term":[{"taxonomy":"category","embeddable":true,"href":"https:\/\/www.conferenciaepiscopal.pt\/v1\/wp-json\/wp\/v2\/categories?post=9230"},{"taxonomy":"post_tag","embeddable":true,"href":"https:\/\/www.conferenciaepiscopal.pt\/v1\/wp-json\/wp\/v2\/tags?post=9230"}],"curies":[{"name":"wp","href":"https:\/\/api.w.org\/{rel}","templated":true}]}}