{"id":9108,"date":"2025-12-11T13:00:27","date_gmt":"2025-12-11T13:00:27","guid":{"rendered":"https:\/\/www.conferenciaepiscopal.pt\/v1\/?p=9108"},"modified":"2026-01-13T16:17:21","modified_gmt":"2026-01-13T16:17:21","slug":"nomeacao-de-d-andres-carrascosa-cosono-como-nuncio-apostolico-em-portugal","status":"publish","type":"post","link":"https:\/\/www.conferenciaepiscopal.pt\/v1\/nomeacao-de-d-andres-carrascosa-cosono-como-nuncio-apostolico-em-portugal\/","title":{"rendered":"Nomea\u00e7\u00e3o de D. Andr\u00e9s Carrascosa Coso como N\u00fancio Apost\u00f3lico em Portugal"},"content":{"rendered":"<p>A Confer\u00eancia Episcopal Portuguesa sa\u00fada D. Andr\u00e9s Carrascosa Coso no dia em que \u00e9 conhecida a sua nomea\u00e7\u00e3o para N\u00fancio Apost\u00f3lico em Portugal.<\/p>\n<p>Acolhemos esta nomea\u00e7\u00e3o do Papa Le\u00e3o XIV com alegria, em esp\u00edrito de comunh\u00e3o eclesial, e asseguramos a D. Andr\u00e9s Carrascosa Coso a nossa proximidade e ora\u00e7\u00e3o, pedindo ao Senhor que o fortale\u00e7a nesta nova miss\u00e3o de servir a Igreja que peregrina em Portugal.<\/p>\n<p>Manifestamos a nossa total disponibilidade para colaborar, em esp\u00edrito sinodal, com o rec\u00e9m-nomeado embaixador da Santa S\u00e9 em Portugal e confiamos \u00e0 materna intercess\u00e3o de Nossa Senhora de F\u00e1tima os frutos da sua miss\u00e3o, pedindo que o Esp\u00edrito Santo o acompanhe em cada passo deste servi\u00e7o.<\/p>\n<p>Em carta dirigida ao Presidente da Confer\u00eancia Episcopal Portuguesa e, atrav\u00e9s dele a toda a Igreja em Portugal, D. Andr\u00e9s Carrascosa Coso afirma: \u201cAsseguro-lhes que chega como N\u00fancio Apost\u00f3lico algu\u00e9m com vontade de vos escutar e de aprender, decidido a conhecer e a amar esta Igreja particular a que o Senhor, atrav\u00e9s do Papa Le\u00e3o XIV, hoje me envia\u201d.<\/p>\n<p>Na mesma carta, o novo representante diplom\u00e1tico da Santa S\u00e9 diz que Portugal \u00e9 um pa\u00eds que admira e que n\u00e3o traz \u201cnenhum programa pessoal\u201d garantindo que tentar\u00e1 \u201cser express\u00e3o da aten\u00e7\u00e3o e do amor do Santo Padre\u201d, comprometendo-se a visitar \u201cas dioceses, os institutos religiosos, as par\u00f3quias e os semin\u00e1rios\u2026 com a atitude de encontrar, ouvir, dialogar, partilhar e trabalhar em conjunto\u201d.<\/p>\n<p>Em declara\u00e7\u00f5es \u00e0 Ag\u00eancia Ecclesia, D. Jos\u00e9 Ornelas, Presidente da CEP, afirma que esta nomea\u00e7\u00e3o \u00e9 \u201cpara todos n\u00f3s um motivo de satisfa\u00e7\u00e3o\u201d e \u201cuma mais-valia para este nosso relacionamento, que j\u00e1 \u00e9 muito bom entre Confer\u00eancia Episcopal e a Igreja em Portugal com o Santo Padre e a Igreja no seu todo\u201d.<\/p>\n<p>Lisboa, 11 de dezembro de 2025<\/p>\n<h2><em>Curriculum Vitae<\/em><\/h2>\n<p>D. Andr\u00e9s Carrascosa Coso nasceu a 16 de dezembro 1955 em Cuenca (Espanha) e recebeu a ordena\u00e7\u00e3o sacerdotal a 2 de julho de 1980.<\/p>\n<p>Em Roma obteve a Licenciatura em Teologia B\u00edblica na Pontificia Universidade Gregoriana e a Licenciatura em Direito Can\u00f3nico e o Doutoramento em Direito Internacional na Pontificia Universidade de Santo Tom\u00e1s de Aquino (Angelicum).<\/p>\n<p>Ingressou no Servi\u00e7o diplom\u00e1tico da Santa S\u00e9 a I de maio de 1985 e desempenhou sucessivamente as suas fun\u00e7\u00f5es na Representa\u00e7\u00e3o Pontificia da Lib\u00e9ria, concorrente com Serra Leoa, Guin\u00e9 Conacri e G\u00e2mbia; na Representa\u00e7\u00e3o Pontificia na Dinamarca, concorrente com Su\u00e9cia, Noruega, Isl\u00e2ndia e Finl\u00e2ndia; no Conselho dos Assuntos P\u00fablicos da Igreja (atualmente Sec\u00e7\u00e3o das Rela\u00e7\u00f5es com os Estados e Organiza\u00e7\u00f5es Internacionais da Secretaria de Estado); no Escrit\u00f3rio das Na\u00e7\u00f5es Unidas e Ag\u00eancias Especializadas em Genebra; e nas Nunciaturas Apost\u00f3licas no Brasil e no Canad\u00e1.<\/p>\n<p>Foi nomeado Arcebispo Titular de Elo e N\u00fancio Apost\u00f3lico na Rep\u00fablica do Congo a 31 de julho de 2004. Em 26 de agosto do mesmo ano foi nomeado tamb\u00e9m N\u00fancio Apost\u00f3lico no Gab\u00e3o.<\/p>\n<p>Sucessivamente, a 12 de janeiro de 2009, foi nomeado N\u00fancio Apost\u00f3lico no Panam\u00e1.<\/p>\n<p>Desde 22 de junho de 2017 \u00e9 N\u00fancio Apost\u00f3lico no Equador.<\/p>\n<p>Al\u00e9m da l\u00edngua materna, fala Portugu\u00eas, Franc\u00eas, Ingl\u00eas, Italiano e Alem\u00e3o.<\/p>\n<p><a href=\"https:\/\/www.conferenciaepiscopal.pt\/v1\/wp-content\/uploads\/2025\/12\/Anexo-Curriculum-Vitae-S.E.-Dom-Andres-Carrascosa-Coso.pdf\" target=\"_blank\" rel=\"noopener\"><em>Curriculum Vitae<\/em> de D. Andr\u00e9s Carrascosa Cosono<\/a><\/p>\n<blockquote class=\"wp-embedded-content\" data-secret=\"DzStL7htH2\"><p><a href=\"https:\/\/agencia.ecclesia.pt\/portal\/igreja-portugal-presidente-da-conferencia-episcopal-sauda-novo-nuncio\/\">Igreja\/Portugal: Confer\u00eancia Episcopal sa\u00fada novo n\u00fancio<\/a><\/p><\/blockquote>\n<p><iframe class=\"wp-embedded-content\" sandbox=\"allow-scripts\" security=\"restricted\" style=\"position: absolute; visibility: hidden;\" title=\"&#8220;Igreja\/Portugal: Confer\u00eancia Episcopal sa\u00fada novo n\u00fancio&#8221; &#8212; Ag\u00eancia ECCLESIA\" src=\"https:\/\/agencia.ecclesia.pt\/portal\/igreja-portugal-presidente-da-conferencia-episcopal-sauda-novo-nuncio\/embed\/#?secret=gCy9CuZ0ya#?secret=DzStL7htH2\" data-secret=\"DzStL7htH2\" width=\"500\" height=\"282\" frameborder=\"0\" marginwidth=\"0\" marginheight=\"0\" scrolling=\"no\"><\/iframe><\/p>\n","protected":false},"excerpt":{"rendered":"<p>A Confer\u00eancia Episcopal Portuguesa sa\u00fada D. Andr\u00e9s Carrascosa Coso no dia em que \u00e9 conhecida a sua nomea\u00e7\u00e3o para N\u00fancio [&hellip;]<\/p>\n","protected":false},"author":2,"featured_media":9109,"comment_status":"closed","ping_status":"closed","sticky":false,"template":"","format":"standard","meta":{"site-sidebar-layout":"default","site-content-layout":"","ast-site-content-layout":"default","site-content-style":"default","site-sidebar-style":"default","ast-global-header-display":"","ast-banner-title-visibility":"","ast-main-header-display":"","ast-hfb-above-header-display":"","ast-hfb-below-header-display":"","ast-hfb-mobile-header-display":"","site-post-title":"","ast-breadcrumbs-content":"","ast-featured-img":"","footer-sml-layout":"","ast-disable-related-posts":"","theme-transparent-header-meta":"default","adv-header-id-meta":"","stick-header-meta":"default","header-above-stick-meta":"","header-main-stick-meta":"","header-below-stick-meta":"","astra-migrate-meta-layouts":"set","ast-page-background-enabled":"default","ast-page-background-meta":{"desktop":{"background-color":"var(--ast-global-color-4)","background-image":"","background-repeat":"repeat","background-position":"center center","background-size":"auto","background-attachment":"scroll","background-type":"","background-media":"","overlay-type":"","overlay-color":"","overlay-opacity":"","overlay-gradient":""},"tablet":{"background-color":"","background-image":"","background-repeat":"repeat","background-position":"center center","background-size":"auto","background-attachment":"scroll","background-type":"","background-media":"","overlay-type":"","overlay-color":"","overlay-opacity":"","overlay-gradient":""},"mobile":{"background-color":"","background-image":"","background-repeat":"repeat","background-position":"center center","background-size":"auto","background-attachment":"scroll","background-type":"","background-media":"","overlay-type":"","overlay-color":"","overlay-opacity":"","overlay-gradient":""}},"ast-content-background-meta":{"desktop":{"background-color":"var(--ast-global-color-5)","background-image":"","background-repeat":"repeat","background-position":"center center","background-size":"auto","background-attachment":"scroll","background-type":"","background-media":"","overlay-type":"","overlay-color":"","overlay-opacity":"","overlay-gradient":""},"tablet":{"background-color":"var(--ast-global-color-5)","background-image":"","background-repeat":"repeat","background-position":"center center","background-size":"auto","background-attachment":"scroll","background-type":"","background-media":"","overlay-type":"","overlay-color":"","overlay-opacity":"","overlay-gradient":""},"mobile":{"background-color":"var(--ast-global-color-5)","background-image":"","background-repeat":"repeat","background-position":"center center","background-size":"auto","background-attachment":"scroll","background-type":"","background-media":"","overlay-type":"","overlay-color":"","overlay-opacity":"","overlay-gradient":""}},"footnotes":""},"categories":[74,4,72],"tags":[],"class_list":["post-9108","post","type-post","status-publish","format-standard","has-post-thumbnail","hentry","category-entrada","category-documentos","category-noticias"],"yoast_head":"<!-- This site is optimized with the Yoast SEO plugin v27.5 - https:\/\/yoast.com\/product\/yoast-seo-wordpress\/ -->\n<title>Nomea\u00e7\u00e3o de D. Andr\u00e9s Carrascosa Coso como N\u00fancio Apost\u00f3lico em Portugal - Confer\u00eancia Episcopal Portuguesa<\/title>\n<meta name=\"robots\" content=\"index, follow, max-snippet:-1, max-image-preview:large, max-video-preview:-1\" \/>\n<link rel=\"canonical\" href=\"https:\/\/www.conferenciaepiscopal.pt\/v1\/nomeacao-de-d-andres-carrascosa-cosono-como-nuncio-apostolico-em-portugal\/\" \/>\n<meta property=\"og:locale\" content=\"pt_PT\" \/>\n<meta property=\"og:type\" content=\"article\" \/>\n<meta property=\"og:title\" content=\"Nomea\u00e7\u00e3o de D. Andr\u00e9s Carrascosa Coso como N\u00fancio Apost\u00f3lico em Portugal - Confer\u00eancia Episcopal Portuguesa\" \/>\n<meta property=\"og:description\" content=\"A Confer\u00eancia Episcopal Portuguesa sa\u00fada D. Andr\u00e9s Carrascosa Coso no dia em que \u00e9 conhecida a sua nomea\u00e7\u00e3o para N\u00fancio [&hellip;]\" \/>\n<meta property=\"og:url\" content=\"https:\/\/www.conferenciaepiscopal.pt\/v1\/nomeacao-de-d-andres-carrascosa-cosono-como-nuncio-apostolico-em-portugal\/\" \/>\n<meta property=\"og:site_name\" content=\"Confer\u00eancia Episcopal Portuguesa\" \/>\n<meta property=\"article:published_time\" content=\"2025-12-11T13:00:27+00:00\" \/>\n<meta property=\"article:modified_time\" content=\"2026-01-13T16:17:21+00:00\" \/>\n<meta property=\"og:image\" content=\"https:\/\/www.conferenciaepiscopal.pt\/v1\/wp-content\/uploads\/2025\/12\/D-Andres-Carrascosa-Coso-Nuncio-Portugal.jpg\" \/>\n\t<meta property=\"og:image:width\" content=\"1066\" \/>\n\t<meta property=\"og:image:height\" content=\"600\" \/>\n\t<meta property=\"og:image:type\" content=\"image\/jpeg\" \/>\n<meta name=\"author\" content=\"Anabela Sousa\" \/>\n<meta name=\"twitter:card\" content=\"summary_large_image\" \/>\n<meta name=\"twitter:label1\" content=\"Escrito por\" \/>\n\t<meta name=\"twitter:data1\" content=\"Anabela Sousa\" \/>\n\t<meta name=\"twitter:label2\" content=\"Tempo estimado de leitura\" \/>\n\t<meta name=\"twitter:data2\" content=\"4 minutos\" \/>\n<script type=\"application\/ld+json\" class=\"yoast-schema-graph\">{\"@context\":\"https:\\\/\\\/schema.org\",\"@graph\":[{\"@type\":\"Article\",\"@id\":\"https:\\\/\\\/www.conferenciaepiscopal.pt\\\/v1\\\/nomeacao-de-d-andres-carrascosa-cosono-como-nuncio-apostolico-em-portugal\\\/#article\",\"isPartOf\":{\"@id\":\"https:\\\/\\\/www.conferenciaepiscopal.pt\\\/v1\\\/nomeacao-de-d-andres-carrascosa-cosono-como-nuncio-apostolico-em-portugal\\\/\"},\"author\":{\"name\":\"Anabela Sousa\",\"@id\":\"https:\\\/\\\/www.conferenciaepiscopal.pt\\\/v1\\\/#\\\/schema\\\/person\\\/276594037f41ab419d8b2ae02d84119f\"},\"headline\":\"Nomea\u00e7\u00e3o de D. Andr\u00e9s Carrascosa Coso como N\u00fancio Apost\u00f3lico em Portugal\",\"datePublished\":\"2025-12-11T13:00:27+00:00\",\"dateModified\":\"2026-01-13T16:17:21+00:00\",\"mainEntityOfPage\":{\"@id\":\"https:\\\/\\\/www.conferenciaepiscopal.pt\\\/v1\\\/nomeacao-de-d-andres-carrascosa-cosono-como-nuncio-apostolico-em-portugal\\\/\"},\"wordCount\":594,\"publisher\":{\"@id\":\"https:\\\/\\\/www.conferenciaepiscopal.pt\\\/v1\\\/#organization\"},\"image\":{\"@id\":\"https:\\\/\\\/www.conferenciaepiscopal.pt\\\/v1\\\/nomeacao-de-d-andres-carrascosa-cosono-como-nuncio-apostolico-em-portugal\\\/#primaryimage\"},\"thumbnailUrl\":\"https:\\\/\\\/www.conferenciaepiscopal.pt\\\/v1\\\/wp-content\\\/uploads\\\/2025\\\/12\\\/D-Andres-Carrascosa-Coso-Nuncio-Portugal.jpg\",\"articleSection\":[\"#entrada\",\"Documentos\",\"Not\u00edcias\"],\"inLanguage\":\"pt-PT\"},{\"@type\":\"WebPage\",\"@id\":\"https:\\\/\\\/www.conferenciaepiscopal.pt\\\/v1\\\/nomeacao-de-d-andres-carrascosa-cosono-como-nuncio-apostolico-em-portugal\\\/\",\"url\":\"https:\\\/\\\/www.conferenciaepiscopal.pt\\\/v1\\\/nomeacao-de-d-andres-carrascosa-cosono-como-nuncio-apostolico-em-portugal\\\/\",\"name\":\"Nomea\u00e7\u00e3o de D. Andr\u00e9s Carrascosa Coso como N\u00fancio Apost\u00f3lico em Portugal - Confer\u00eancia Episcopal Portuguesa\",\"isPartOf\":{\"@id\":\"https:\\\/\\\/www.conferenciaepiscopal.pt\\\/v1\\\/#website\"},\"primaryImageOfPage\":{\"@id\":\"https:\\\/\\\/www.conferenciaepiscopal.pt\\\/v1\\\/nomeacao-de-d-andres-carrascosa-cosono-como-nuncio-apostolico-em-portugal\\\/#primaryimage\"},\"image\":{\"@id\":\"https:\\\/\\\/www.conferenciaepiscopal.pt\\\/v1\\\/nomeacao-de-d-andres-carrascosa-cosono-como-nuncio-apostolico-em-portugal\\\/#primaryimage\"},\"thumbnailUrl\":\"https:\\\/\\\/www.conferenciaepiscopal.pt\\\/v1\\\/wp-content\\\/uploads\\\/2025\\\/12\\\/D-Andres-Carrascosa-Coso-Nuncio-Portugal.jpg\",\"datePublished\":\"2025-12-11T13:00:27+00:00\",\"dateModified\":\"2026-01-13T16:17:21+00:00\",\"breadcrumb\":{\"@id\":\"https:\\\/\\\/www.conferenciaepiscopal.pt\\\/v1\\\/nomeacao-de-d-andres-carrascosa-cosono-como-nuncio-apostolico-em-portugal\\\/#breadcrumb\"},\"inLanguage\":\"pt-PT\",\"potentialAction\":[{\"@type\":\"ReadAction\",\"target\":[\"https:\\\/\\\/www.conferenciaepiscopal.pt\\\/v1\\\/nomeacao-de-d-andres-carrascosa-cosono-como-nuncio-apostolico-em-portugal\\\/\"]}]},{\"@type\":\"ImageObject\",\"inLanguage\":\"pt-PT\",\"@id\":\"https:\\\/\\\/www.conferenciaepiscopal.pt\\\/v1\\\/nomeacao-de-d-andres-carrascosa-cosono-como-nuncio-apostolico-em-portugal\\\/#primaryimage\",\"url\":\"https:\\\/\\\/www.conferenciaepiscopal.pt\\\/v1\\\/wp-content\\\/uploads\\\/2025\\\/12\\\/D-Andres-Carrascosa-Coso-Nuncio-Portugal.jpg\",\"contentUrl\":\"https:\\\/\\\/www.conferenciaepiscopal.pt\\\/v1\\\/wp-content\\\/uploads\\\/2025\\\/12\\\/D-Andres-Carrascosa-Coso-Nuncio-Portugal.jpg\",\"width\":1066,\"height\":600},{\"@type\":\"BreadcrumbList\",\"@id\":\"https:\\\/\\\/www.conferenciaepiscopal.pt\\\/v1\\\/nomeacao-de-d-andres-carrascosa-cosono-como-nuncio-apostolico-em-portugal\\\/#breadcrumb\",\"itemListElement\":[{\"@type\":\"ListItem\",\"position\":1,\"name\":\"In\u00edcio\",\"item\":\"https:\\\/\\\/www.conferenciaepiscopal.pt\\\/v1\\\/\"},{\"@type\":\"ListItem\",\"position\":2,\"name\":\"Nomea\u00e7\u00e3o de D. Andr\u00e9s Carrascosa Coso como N\u00fancio Apost\u00f3lico em Portugal\"}]},{\"@type\":\"WebSite\",\"@id\":\"https:\\\/\\\/www.conferenciaepiscopal.pt\\\/v1\\\/#website\",\"url\":\"https:\\\/\\\/www.conferenciaepiscopal.pt\\\/v1\\\/\",\"name\":\"Confer\u00eancia Episcopal Portuguesa\",\"description\":\"Igreja Cat\u00f3lica em Portugal\",\"publisher\":{\"@id\":\"https:\\\/\\\/www.conferenciaepiscopal.pt\\\/v1\\\/#organization\"},\"potentialAction\":[{\"@type\":\"SearchAction\",\"target\":{\"@type\":\"EntryPoint\",\"urlTemplate\":\"https:\\\/\\\/www.conferenciaepiscopal.pt\\\/v1\\\/?s={search_term_string}\"},\"query-input\":{\"@type\":\"PropertyValueSpecification\",\"valueRequired\":true,\"valueName\":\"search_term_string\"}}],\"inLanguage\":\"pt-PT\"},{\"@type\":\"Organization\",\"@id\":\"https:\\\/\\\/www.conferenciaepiscopal.pt\\\/v1\\\/#organization\",\"name\":\"Confer\u00eancia Episcopal Portuguesa\",\"url\":\"https:\\\/\\\/www.conferenciaepiscopal.pt\\\/v1\\\/\",\"logo\":{\"@type\":\"ImageObject\",\"inLanguage\":\"pt-PT\",\"@id\":\"https:\\\/\\\/www.conferenciaepiscopal.pt\\\/v1\\\/#\\\/schema\\\/logo\\\/image\\\/\",\"url\":\"https:\\\/\\\/www.conferenciaepiscopal.pt\\\/v1\\\/wp-content\\\/uploads\\\/cropped-logoTransparente.png\",\"contentUrl\":\"https:\\\/\\\/www.conferenciaepiscopal.pt\\\/v1\\\/wp-content\\\/uploads\\\/cropped-logoTransparente.png\",\"width\":512,\"height\":512,\"caption\":\"Confer\u00eancia Episcopal Portuguesa\"},\"image\":{\"@id\":\"https:\\\/\\\/www.conferenciaepiscopal.pt\\\/v1\\\/#\\\/schema\\\/logo\\\/image\\\/\"}},{\"@type\":\"Person\",\"@id\":\"https:\\\/\\\/www.conferenciaepiscopal.pt\\\/v1\\\/#\\\/schema\\\/person\\\/276594037f41ab419d8b2ae02d84119f\",\"name\":\"Anabela Sousa\",\"image\":{\"@type\":\"ImageObject\",\"inLanguage\":\"pt-PT\",\"@id\":\"https:\\\/\\\/secure.gravatar.com\\\/avatar\\\/49af3230c4da697d62cdb63582d49dbf63fca33e78d0f530ced88eec32b12ba5?s=96&d=mm&r=g\",\"url\":\"https:\\\/\\\/secure.gravatar.com\\\/avatar\\\/49af3230c4da697d62cdb63582d49dbf63fca33e78d0f530ced88eec32b12ba5?s=96&d=mm&r=g\",\"contentUrl\":\"https:\\\/\\\/secure.gravatar.com\\\/avatar\\\/49af3230c4da697d62cdb63582d49dbf63fca33e78d0f530ced88eec32b12ba5?s=96&d=mm&r=g\",\"caption\":\"Anabela Sousa\"}}]}<\/script>\n<!-- \/ Yoast SEO plugin. -->","yoast_head_json":{"title":"Nomea\u00e7\u00e3o de D. Andr\u00e9s Carrascosa Coso como N\u00fancio Apost\u00f3lico em Portugal - Confer\u00eancia Episcopal Portuguesa","robots":{"index":"index","follow":"follow","max-snippet":"max-snippet:-1","max-image-preview":"max-image-preview:large","max-video-preview":"max-video-preview:-1"},"canonical":"https:\/\/www.conferenciaepiscopal.pt\/v1\/nomeacao-de-d-andres-carrascosa-cosono-como-nuncio-apostolico-em-portugal\/","og_locale":"pt_PT","og_type":"article","og_title":"Nomea\u00e7\u00e3o de D. Andr\u00e9s Carrascosa Coso como N\u00fancio Apost\u00f3lico em Portugal - Confer\u00eancia Episcopal Portuguesa","og_description":"A Confer\u00eancia Episcopal Portuguesa sa\u00fada D. Andr\u00e9s Carrascosa Coso no dia em que \u00e9 conhecida a sua nomea\u00e7\u00e3o para N\u00fancio [&hellip;]","og_url":"https:\/\/www.conferenciaepiscopal.pt\/v1\/nomeacao-de-d-andres-carrascosa-cosono-como-nuncio-apostolico-em-portugal\/","og_site_name":"Confer\u00eancia Episcopal Portuguesa","article_published_time":"2025-12-11T13:00:27+00:00","article_modified_time":"2026-01-13T16:17:21+00:00","og_image":[{"width":1066,"height":600,"url":"https:\/\/www.conferenciaepiscopal.pt\/v1\/wp-content\/uploads\/2025\/12\/D-Andres-Carrascosa-Coso-Nuncio-Portugal.jpg","type":"image\/jpeg"}],"author":"Anabela Sousa","twitter_card":"summary_large_image","twitter_misc":{"Escrito por":"Anabela Sousa","Tempo estimado de leitura":"4 minutos"},"schema":{"@context":"https:\/\/schema.org","@graph":[{"@type":"Article","@id":"https:\/\/www.conferenciaepiscopal.pt\/v1\/nomeacao-de-d-andres-carrascosa-cosono-como-nuncio-apostolico-em-portugal\/#article","isPartOf":{"@id":"https:\/\/www.conferenciaepiscopal.pt\/v1\/nomeacao-de-d-andres-carrascosa-cosono-como-nuncio-apostolico-em-portugal\/"},"author":{"name":"Anabela Sousa","@id":"https:\/\/www.conferenciaepiscopal.pt\/v1\/#\/schema\/person\/276594037f41ab419d8b2ae02d84119f"},"headline":"Nomea\u00e7\u00e3o de D. Andr\u00e9s Carrascosa Coso como N\u00fancio Apost\u00f3lico em Portugal","datePublished":"2025-12-11T13:00:27+00:00","dateModified":"2026-01-13T16:17:21+00:00","mainEntityOfPage":{"@id":"https:\/\/www.conferenciaepiscopal.pt\/v1\/nomeacao-de-d-andres-carrascosa-cosono-como-nuncio-apostolico-em-portugal\/"},"wordCount":594,"publisher":{"@id":"https:\/\/www.conferenciaepiscopal.pt\/v1\/#organization"},"image":{"@id":"https:\/\/www.conferenciaepiscopal.pt\/v1\/nomeacao-de-d-andres-carrascosa-cosono-como-nuncio-apostolico-em-portugal\/#primaryimage"},"thumbnailUrl":"https:\/\/www.conferenciaepiscopal.pt\/v1\/wp-content\/uploads\/2025\/12\/D-Andres-Carrascosa-Coso-Nuncio-Portugal.jpg","articleSection":["#entrada","Documentos","Not\u00edcias"],"inLanguage":"pt-PT"},{"@type":"WebPage","@id":"https:\/\/www.conferenciaepiscopal.pt\/v1\/nomeacao-de-d-andres-carrascosa-cosono-como-nuncio-apostolico-em-portugal\/","url":"https:\/\/www.conferenciaepiscopal.pt\/v1\/nomeacao-de-d-andres-carrascosa-cosono-como-nuncio-apostolico-em-portugal\/","name":"Nomea\u00e7\u00e3o de D. Andr\u00e9s Carrascosa Coso como N\u00fancio Apost\u00f3lico em Portugal - Confer\u00eancia Episcopal Portuguesa","isPartOf":{"@id":"https:\/\/www.conferenciaepiscopal.pt\/v1\/#website"},"primaryImageOfPage":{"@id":"https:\/\/www.conferenciaepiscopal.pt\/v1\/nomeacao-de-d-andres-carrascosa-cosono-como-nuncio-apostolico-em-portugal\/#primaryimage"},"image":{"@id":"https:\/\/www.conferenciaepiscopal.pt\/v1\/nomeacao-de-d-andres-carrascosa-cosono-como-nuncio-apostolico-em-portugal\/#primaryimage"},"thumbnailUrl":"https:\/\/www.conferenciaepiscopal.pt\/v1\/wp-content\/uploads\/2025\/12\/D-Andres-Carrascosa-Coso-Nuncio-Portugal.jpg","datePublished":"2025-12-11T13:00:27+00:00","dateModified":"2026-01-13T16:17:21+00:00","breadcrumb":{"@id":"https:\/\/www.conferenciaepiscopal.pt\/v1\/nomeacao-de-d-andres-carrascosa-cosono-como-nuncio-apostolico-em-portugal\/#breadcrumb"},"inLanguage":"pt-PT","potentialAction":[{"@type":"ReadAction","target":["https:\/\/www.conferenciaepiscopal.pt\/v1\/nomeacao-de-d-andres-carrascosa-cosono-como-nuncio-apostolico-em-portugal\/"]}]},{"@type":"ImageObject","inLanguage":"pt-PT","@id":"https:\/\/www.conferenciaepiscopal.pt\/v1\/nomeacao-de-d-andres-carrascosa-cosono-como-nuncio-apostolico-em-portugal\/#primaryimage","url":"https:\/\/www.conferenciaepiscopal.pt\/v1\/wp-content\/uploads\/2025\/12\/D-Andres-Carrascosa-Coso-Nuncio-Portugal.jpg","contentUrl":"https:\/\/www.conferenciaepiscopal.pt\/v1\/wp-content\/uploads\/2025\/12\/D-Andres-Carrascosa-Coso-Nuncio-Portugal.jpg","width":1066,"height":600},{"@type":"BreadcrumbList","@id":"https:\/\/www.conferenciaepiscopal.pt\/v1\/nomeacao-de-d-andres-carrascosa-cosono-como-nuncio-apostolico-em-portugal\/#breadcrumb","itemListElement":[{"@type":"ListItem","position":1,"name":"In\u00edcio","item":"https:\/\/www.conferenciaepiscopal.pt\/v1\/"},{"@type":"ListItem","position":2,"name":"Nomea\u00e7\u00e3o de D. Andr\u00e9s Carrascosa Coso como N\u00fancio Apost\u00f3lico em Portugal"}]},{"@type":"WebSite","@id":"https:\/\/www.conferenciaepiscopal.pt\/v1\/#website","url":"https:\/\/www.conferenciaepiscopal.pt\/v1\/","name":"Confer\u00eancia Episcopal Portuguesa","description":"Igreja Cat\u00f3lica em Portugal","publisher":{"@id":"https:\/\/www.conferenciaepiscopal.pt\/v1\/#organization"},"potentialAction":[{"@type":"SearchAction","target":{"@type":"EntryPoint","urlTemplate":"https:\/\/www.conferenciaepiscopal.pt\/v1\/?s={search_term_string}"},"query-input":{"@type":"PropertyValueSpecification","valueRequired":true,"valueName":"search_term_string"}}],"inLanguage":"pt-PT"},{"@type":"Organization","@id":"https:\/\/www.conferenciaepiscopal.pt\/v1\/#organization","name":"Confer\u00eancia Episcopal Portuguesa","url":"https:\/\/www.conferenciaepiscopal.pt\/v1\/","logo":{"@type":"ImageObject","inLanguage":"pt-PT","@id":"https:\/\/www.conferenciaepiscopal.pt\/v1\/#\/schema\/logo\/image\/","url":"https:\/\/www.conferenciaepiscopal.pt\/v1\/wp-content\/uploads\/cropped-logoTransparente.png","contentUrl":"https:\/\/www.conferenciaepiscopal.pt\/v1\/wp-content\/uploads\/cropped-logoTransparente.png","width":512,"height":512,"caption":"Confer\u00eancia Episcopal Portuguesa"},"image":{"@id":"https:\/\/www.conferenciaepiscopal.pt\/v1\/#\/schema\/logo\/image\/"}},{"@type":"Person","@id":"https:\/\/www.conferenciaepiscopal.pt\/v1\/#\/schema\/person\/276594037f41ab419d8b2ae02d84119f","name":"Anabela Sousa","image":{"@type":"ImageObject","inLanguage":"pt-PT","@id":"https:\/\/secure.gravatar.com\/avatar\/49af3230c4da697d62cdb63582d49dbf63fca33e78d0f530ced88eec32b12ba5?s=96&d=mm&r=g","url":"https:\/\/secure.gravatar.com\/avatar\/49af3230c4da697d62cdb63582d49dbf63fca33e78d0f530ced88eec32b12ba5?s=96&d=mm&r=g","contentUrl":"https:\/\/secure.gravatar.com\/avatar\/49af3230c4da697d62cdb63582d49dbf63fca33e78d0f530ced88eec32b12ba5?s=96&d=mm&r=g","caption":"Anabela Sousa"}}]}},"_links":{"self":[{"href":"https:\/\/www.conferenciaepiscopal.pt\/v1\/wp-json\/wp\/v2\/posts\/9108","targetHints":{"allow":["GET"]}}],"collection":[{"href":"https:\/\/www.conferenciaepiscopal.pt\/v1\/wp-json\/wp\/v2\/posts"}],"about":[{"href":"https:\/\/www.conferenciaepiscopal.pt\/v1\/wp-json\/wp\/v2\/types\/post"}],"author":[{"embeddable":true,"href":"https:\/\/www.conferenciaepiscopal.pt\/v1\/wp-json\/wp\/v2\/users\/2"}],"replies":[{"embeddable":true,"href":"https:\/\/www.conferenciaepiscopal.pt\/v1\/wp-json\/wp\/v2\/comments?post=9108"}],"version-history":[{"count":6,"href":"https:\/\/www.conferenciaepiscopal.pt\/v1\/wp-json\/wp\/v2\/posts\/9108\/revisions"}],"predecessor-version":[{"id":9144,"href":"https:\/\/www.conferenciaepiscopal.pt\/v1\/wp-json\/wp\/v2\/posts\/9108\/revisions\/9144"}],"wp:featuredmedia":[{"embeddable":true,"href":"https:\/\/www.conferenciaepiscopal.pt\/v1\/wp-json\/wp\/v2\/media\/9109"}],"wp:attachment":[{"href":"https:\/\/www.conferenciaepiscopal.pt\/v1\/wp-json\/wp\/v2\/media?parent=9108"}],"wp:term":[{"taxonomy":"category","embeddable":true,"href":"https:\/\/www.conferenciaepiscopal.pt\/v1\/wp-json\/wp\/v2\/categories?post=9108"},{"taxonomy":"post_tag","embeddable":true,"href":"https:\/\/www.conferenciaepiscopal.pt\/v1\/wp-json\/wp\/v2\/tags?post=9108"}],"curies":[{"name":"wp","href":"https:\/\/api.w.org\/{rel}","templated":true}]}}