{"id":9106,"date":"2025-12-04T23:53:19","date_gmt":"2025-12-04T23:53:19","guid":{"rendered":"https:\/\/www.conferenciaepiscopal.pt\/v1\/?p=9106"},"modified":"2025-12-04T23:53:19","modified_gmt":"2025-12-04T23:53:19","slug":"3-de-fevereiro-de-2026-reflexao-por-ocasiao-do-7-o-aniversario-da-assinatura-do-documento-sobre-a-fraternidade-humana-em-prol-da-paz-mundial-e-da-convivencia-comum","status":"publish","type":"post","link":"https:\/\/www.conferenciaepiscopal.pt\/v1\/3-de-fevereiro-de-2026-reflexao-por-ocasiao-do-7-o-aniversario-da-assinatura-do-documento-sobre-a-fraternidade-humana-em-prol-da-paz-mundial-e-da-convivencia-comum\/","title":{"rendered":"3 de Fevereiro de 2026 &#8211; Reflex\u00e3o por ocasi\u00e3o do 7.\u00ba anivers\u00e1rio da assinatura do Documento sobre a Fraternidade Humana em prol da Paz Mundial e da Conviv\u00eancia Comum"},"content":{"rendered":"<p>A Subcomiss\u00e3o para o Di\u00e1logo Inter-religioso (SCDIR) da Comiss\u00e3o Episcopal Miss\u00e3o e Nova Evangeliza\u00e7\u00e3o da Confer\u00eancia Episcopal Portuguesa (CEP) vai realizar uma tarde de reflex\u00e3o acerca da import\u00e2ncia do <em>Documento sobre a Fraternidade Humana em Prol da Paz Mundial e da Conviv\u00eancia Comum,<\/em> assinado em Abu Dhabi a 4 de fevereiro de 2019 por Sua Santidade o Papa Francisco e pelo Gr\u00e3o Imame de Al-Azhar Ahmad Al-Tayyeb.<\/p>\n<p>O evento pretende assinalar o s\u00e9timo anivers\u00e1rio da assinatura do referido <em>Documento <\/em>e ter\u00e1 lugar no <strong>Convento de S\u00e3o Francisco, em Coimbra<\/strong>, na <strong>ter\u00e7a-feira, 3 de fevereiro de 2026<\/strong>, com in\u00edcio \u00e0s <strong>15h00<\/strong>.<\/p>\n<p>O programa consistir\u00e1 em tr\u00eas confer\u00eancias e um coment\u00e1rio final.<\/p>\n<p><u>Conferencistas<\/u>:<\/p>\n<ul>\n<li><strong><em>Cardeal Gianbattista Pizzaballa <\/em><\/strong>(Patriarca Latino de Jerusal\u00e9m)<\/li>\n<li><strong><em>Professor Adnane Mokrani<\/em><\/strong> (professor de Teologia Isl\u00e2mica na Pontif\u00edcia Universidade Gregoriana, Roma)<\/li>\n<li><strong><em>Professora Isabel Capeloa Gil <\/em><\/strong>(Reitora da Universidade Cat\u00f3lica Portuguesa)<\/li>\n<\/ul>\n<p><u>Comentador<\/u>:<\/p>\n<ul>\n<li><strong><em>Dr. Pedro Vaz Patto <\/em><\/strong>(Presidente da Comiss\u00e3o Nacional Justi\u00e7a e Paz)<\/li>\n<\/ul>\n<p>A participa\u00e7\u00e3o \u00e9 gr\u00e1tis, mas pedimos que seja feita a inscri\u00e7\u00e3o <strong><a href=\"https:\/\/forms.gle\/6qJhnTC112cYMcxf8\">AQUI<\/a><\/strong><\/p>\n","protected":false},"excerpt":{"rendered":"<p>A Subcomiss\u00e3o para o Di\u00e1logo Inter-religioso (SCDIR) da Comiss\u00e3o Episcopal Miss\u00e3o e Nova Evangeliza\u00e7\u00e3o da Confer\u00eancia Episcopal Portuguesa (CEP) vai [&hellip;]<\/p>\n","protected":false},"author":2,"featured_media":6245,"comment_status":"closed","ping_status":"closed","sticky":false,"template":"","format":"standard","meta":{"site-sidebar-layout":"default","site-content-layout":"","ast-site-content-layout":"default","site-content-style":"default","site-sidebar-style":"default","ast-global-header-display":"","ast-banner-title-visibility":"","ast-main-header-display":"","ast-hfb-above-header-display":"","ast-hfb-below-header-display":"","ast-hfb-mobile-header-display":"","site-post-title":"","ast-breadcrumbs-content":"","ast-featured-img":"","footer-sml-layout":"","ast-disable-related-posts":"","theme-transparent-header-meta":"default","adv-header-id-meta":"","stick-header-meta":"default","header-above-stick-meta":"","header-main-stick-meta":"","header-below-stick-meta":"","astra-migrate-meta-layouts":"set","ast-page-background-enabled":"default","ast-page-background-meta":{"desktop":{"background-color":"var(--ast-global-color-4)","background-image":"","background-repeat":"repeat","background-position":"center center","background-size":"auto","background-attachment":"scroll","background-type":"","background-media":"","overlay-type":"","overlay-color":"","overlay-opacity":"","overlay-gradient":""},"tablet":{"background-color":"","background-image":"","background-repeat":"repeat","background-position":"center center","background-size":"auto","background-attachment":"scroll","background-type":"","background-media":"","overlay-type":"","overlay-color":"","overlay-opacity":"","overlay-gradient":""},"mobile":{"background-color":"","background-image":"","background-repeat":"repeat","background-position":"center center","background-size":"auto","background-attachment":"scroll","background-type":"","background-media":"","overlay-type":"","overlay-color":"","overlay-opacity":"","overlay-gradient":""}},"ast-content-background-meta":{"desktop":{"background-color":"var(--ast-global-color-5)","background-image":"","background-repeat":"repeat","background-position":"center center","background-size":"auto","background-attachment":"scroll","background-type":"","background-media":"","overlay-type":"","overlay-color":"","overlay-opacity":"","overlay-gradient":""},"tablet":{"background-color":"var(--ast-global-color-5)","background-image":"","background-repeat":"repeat","background-position":"center center","background-size":"auto","background-attachment":"scroll","background-type":"","background-media":"","overlay-type":"","overlay-color":"","overlay-opacity":"","overlay-gradient":""},"mobile":{"background-color":"var(--ast-global-color-5)","background-image":"","background-repeat":"repeat","background-position":"center center","background-size":"auto","background-attachment":"scroll","background-type":"","background-media":"","overlay-type":"","overlay-color":"","overlay-opacity":"","overlay-gradient":""}},"footnotes":""},"categories":[74,72],"tags":[],"class_list":["post-9106","post","type-post","status-publish","format-standard","has-post-thumbnail","hentry","category-entrada","category-noticias"],"yoast_head":"<!-- This site is optimized with the Yoast SEO plugin v27.5 - https:\/\/yoast.com\/product\/yoast-seo-wordpress\/ -->\n<title>3 de Fevereiro de 2026 - Reflex\u00e3o por ocasi\u00e3o do 7.\u00ba anivers\u00e1rio da assinatura do Documento sobre a Fraternidade Humana em prol da Paz Mundial e da Conviv\u00eancia Comum - Confer\u00eancia Episcopal Portuguesa<\/title>\n<meta name=\"robots\" content=\"index, follow, max-snippet:-1, max-image-preview:large, max-video-preview:-1\" \/>\n<link rel=\"canonical\" href=\"https:\/\/www.conferenciaepiscopal.pt\/v1\/3-de-fevereiro-de-2026-reflexao-por-ocasiao-do-7-o-aniversario-da-assinatura-do-documento-sobre-a-fraternidade-humana-em-prol-da-paz-mundial-e-da-convivencia-comum\/\" \/>\n<meta property=\"og:locale\" content=\"pt_PT\" \/>\n<meta property=\"og:type\" content=\"article\" \/>\n<meta property=\"og:title\" content=\"3 de Fevereiro de 2026 - Reflex\u00e3o por ocasi\u00e3o do 7.\u00ba anivers\u00e1rio da assinatura do Documento sobre a Fraternidade Humana em prol da Paz Mundial e da Conviv\u00eancia Comum - Confer\u00eancia Episcopal Portuguesa\" \/>\n<meta property=\"og:description\" content=\"A Subcomiss\u00e3o para o Di\u00e1logo Inter-religioso (SCDIR) da Comiss\u00e3o Episcopal Miss\u00e3o e Nova Evangeliza\u00e7\u00e3o da Confer\u00eancia Episcopal Portuguesa (CEP) vai [&hellip;]\" \/>\n<meta property=\"og:url\" content=\"https:\/\/www.conferenciaepiscopal.pt\/v1\/3-de-fevereiro-de-2026-reflexao-por-ocasiao-do-7-o-aniversario-da-assinatura-do-documento-sobre-a-fraternidade-humana-em-prol-da-paz-mundial-e-da-convivencia-comum\/\" \/>\n<meta property=\"og:site_name\" content=\"Confer\u00eancia Episcopal Portuguesa\" \/>\n<meta property=\"article:published_time\" content=\"2025-12-04T23:53:19+00:00\" \/>\n<meta property=\"og:image\" content=\"https:\/\/www.conferenciaepiscopal.pt\/v1\/wp-content\/uploads\/papa_assina.jpg\" \/>\n\t<meta property=\"og:image:width\" content=\"651\" \/>\n\t<meta property=\"og:image:height\" content=\"489\" \/>\n\t<meta property=\"og:image:type\" content=\"image\/jpeg\" \/>\n<meta name=\"author\" content=\"Anabela Sousa\" \/>\n<meta name=\"twitter:card\" content=\"summary_large_image\" \/>\n<meta name=\"twitter:label1\" content=\"Escrito por\" \/>\n\t<meta name=\"twitter:data1\" content=\"Anabela Sousa\" \/>\n\t<meta name=\"twitter:label2\" content=\"Tempo estimado de leitura\" \/>\n\t<meta name=\"twitter:data2\" content=\"2 minutos\" \/>\n<script type=\"application\/ld+json\" class=\"yoast-schema-graph\">{\"@context\":\"https:\\\/\\\/schema.org\",\"@graph\":[{\"@type\":\"Article\",\"@id\":\"https:\\\/\\\/www.conferenciaepiscopal.pt\\\/v1\\\/3-de-fevereiro-de-2026-reflexao-por-ocasiao-do-7-o-aniversario-da-assinatura-do-documento-sobre-a-fraternidade-humana-em-prol-da-paz-mundial-e-da-convivencia-comum\\\/#article\",\"isPartOf\":{\"@id\":\"https:\\\/\\\/www.conferenciaepiscopal.pt\\\/v1\\\/3-de-fevereiro-de-2026-reflexao-por-ocasiao-do-7-o-aniversario-da-assinatura-do-documento-sobre-a-fraternidade-humana-em-prol-da-paz-mundial-e-da-convivencia-comum\\\/\"},\"author\":{\"name\":\"Anabela Sousa\",\"@id\":\"https:\\\/\\\/www.conferenciaepiscopal.pt\\\/v1\\\/#\\\/schema\\\/person\\\/276594037f41ab419d8b2ae02d84119f\"},\"headline\":\"3 de Fevereiro de 2026 &#8211; Reflex\u00e3o por ocasi\u00e3o do 7.\u00ba anivers\u00e1rio da assinatura do Documento sobre a Fraternidade Humana em prol da Paz Mundial e da Conviv\u00eancia Comum\",\"datePublished\":\"2025-12-04T23:53:19+00:00\",\"mainEntityOfPage\":{\"@id\":\"https:\\\/\\\/www.conferenciaepiscopal.pt\\\/v1\\\/3-de-fevereiro-de-2026-reflexao-por-ocasiao-do-7-o-aniversario-da-assinatura-do-documento-sobre-a-fraternidade-humana-em-prol-da-paz-mundial-e-da-convivencia-comum\\\/\"},\"wordCount\":215,\"publisher\":{\"@id\":\"https:\\\/\\\/www.conferenciaepiscopal.pt\\\/v1\\\/#organization\"},\"image\":{\"@id\":\"https:\\\/\\\/www.conferenciaepiscopal.pt\\\/v1\\\/3-de-fevereiro-de-2026-reflexao-por-ocasiao-do-7-o-aniversario-da-assinatura-do-documento-sobre-a-fraternidade-humana-em-prol-da-paz-mundial-e-da-convivencia-comum\\\/#primaryimage\"},\"thumbnailUrl\":\"https:\\\/\\\/www.conferenciaepiscopal.pt\\\/v1\\\/wp-content\\\/uploads\\\/papa_assina.jpg\",\"articleSection\":[\"#entrada\",\"Not\u00edcias\"],\"inLanguage\":\"pt-PT\"},{\"@type\":\"WebPage\",\"@id\":\"https:\\\/\\\/www.conferenciaepiscopal.pt\\\/v1\\\/3-de-fevereiro-de-2026-reflexao-por-ocasiao-do-7-o-aniversario-da-assinatura-do-documento-sobre-a-fraternidade-humana-em-prol-da-paz-mundial-e-da-convivencia-comum\\\/\",\"url\":\"https:\\\/\\\/www.conferenciaepiscopal.pt\\\/v1\\\/3-de-fevereiro-de-2026-reflexao-por-ocasiao-do-7-o-aniversario-da-assinatura-do-documento-sobre-a-fraternidade-humana-em-prol-da-paz-mundial-e-da-convivencia-comum\\\/\",\"name\":\"3 de Fevereiro de 2026 - Reflex\u00e3o por ocasi\u00e3o do 7.\u00ba anivers\u00e1rio da assinatura do Documento sobre a Fraternidade Humana em prol da Paz Mundial e da Conviv\u00eancia Comum - Confer\u00eancia Episcopal Portuguesa\",\"isPartOf\":{\"@id\":\"https:\\\/\\\/www.conferenciaepiscopal.pt\\\/v1\\\/#website\"},\"primaryImageOfPage\":{\"@id\":\"https:\\\/\\\/www.conferenciaepiscopal.pt\\\/v1\\\/3-de-fevereiro-de-2026-reflexao-por-ocasiao-do-7-o-aniversario-da-assinatura-do-documento-sobre-a-fraternidade-humana-em-prol-da-paz-mundial-e-da-convivencia-comum\\\/#primaryimage\"},\"image\":{\"@id\":\"https:\\\/\\\/www.conferenciaepiscopal.pt\\\/v1\\\/3-de-fevereiro-de-2026-reflexao-por-ocasiao-do-7-o-aniversario-da-assinatura-do-documento-sobre-a-fraternidade-humana-em-prol-da-paz-mundial-e-da-convivencia-comum\\\/#primaryimage\"},\"thumbnailUrl\":\"https:\\\/\\\/www.conferenciaepiscopal.pt\\\/v1\\\/wp-content\\\/uploads\\\/papa_assina.jpg\",\"datePublished\":\"2025-12-04T23:53:19+00:00\",\"breadcrumb\":{\"@id\":\"https:\\\/\\\/www.conferenciaepiscopal.pt\\\/v1\\\/3-de-fevereiro-de-2026-reflexao-por-ocasiao-do-7-o-aniversario-da-assinatura-do-documento-sobre-a-fraternidade-humana-em-prol-da-paz-mundial-e-da-convivencia-comum\\\/#breadcrumb\"},\"inLanguage\":\"pt-PT\",\"potentialAction\":[{\"@type\":\"ReadAction\",\"target\":[\"https:\\\/\\\/www.conferenciaepiscopal.pt\\\/v1\\\/3-de-fevereiro-de-2026-reflexao-por-ocasiao-do-7-o-aniversario-da-assinatura-do-documento-sobre-a-fraternidade-humana-em-prol-da-paz-mundial-e-da-convivencia-comum\\\/\"]}]},{\"@type\":\"ImageObject\",\"inLanguage\":\"pt-PT\",\"@id\":\"https:\\\/\\\/www.conferenciaepiscopal.pt\\\/v1\\\/3-de-fevereiro-de-2026-reflexao-por-ocasiao-do-7-o-aniversario-da-assinatura-do-documento-sobre-a-fraternidade-humana-em-prol-da-paz-mundial-e-da-convivencia-comum\\\/#primaryimage\",\"url\":\"https:\\\/\\\/www.conferenciaepiscopal.pt\\\/v1\\\/wp-content\\\/uploads\\\/papa_assina.jpg\",\"contentUrl\":\"https:\\\/\\\/www.conferenciaepiscopal.pt\\\/v1\\\/wp-content\\\/uploads\\\/papa_assina.jpg\",\"width\":651,\"height\":489},{\"@type\":\"BreadcrumbList\",\"@id\":\"https:\\\/\\\/www.conferenciaepiscopal.pt\\\/v1\\\/3-de-fevereiro-de-2026-reflexao-por-ocasiao-do-7-o-aniversario-da-assinatura-do-documento-sobre-a-fraternidade-humana-em-prol-da-paz-mundial-e-da-convivencia-comum\\\/#breadcrumb\",\"itemListElement\":[{\"@type\":\"ListItem\",\"position\":1,\"name\":\"In\u00edcio\",\"item\":\"https:\\\/\\\/www.conferenciaepiscopal.pt\\\/v1\\\/\"},{\"@type\":\"ListItem\",\"position\":2,\"name\":\"3 de Fevereiro de 2026 &#8211; Reflex\u00e3o por ocasi\u00e3o do 7.\u00ba anivers\u00e1rio da assinatura do Documento sobre a Fraternidade Humana em prol da Paz Mundial e da Conviv\u00eancia Comum\"}]},{\"@type\":\"WebSite\",\"@id\":\"https:\\\/\\\/www.conferenciaepiscopal.pt\\\/v1\\\/#website\",\"url\":\"https:\\\/\\\/www.conferenciaepiscopal.pt\\\/v1\\\/\",\"name\":\"Confer\u00eancia Episcopal Portuguesa\",\"description\":\"Igreja Cat\u00f3lica em Portugal\",\"publisher\":{\"@id\":\"https:\\\/\\\/www.conferenciaepiscopal.pt\\\/v1\\\/#organization\"},\"potentialAction\":[{\"@type\":\"SearchAction\",\"target\":{\"@type\":\"EntryPoint\",\"urlTemplate\":\"https:\\\/\\\/www.conferenciaepiscopal.pt\\\/v1\\\/?s={search_term_string}\"},\"query-input\":{\"@type\":\"PropertyValueSpecification\",\"valueRequired\":true,\"valueName\":\"search_term_string\"}}],\"inLanguage\":\"pt-PT\"},{\"@type\":\"Organization\",\"@id\":\"https:\\\/\\\/www.conferenciaepiscopal.pt\\\/v1\\\/#organization\",\"name\":\"Confer\u00eancia Episcopal Portuguesa\",\"url\":\"https:\\\/\\\/www.conferenciaepiscopal.pt\\\/v1\\\/\",\"logo\":{\"@type\":\"ImageObject\",\"inLanguage\":\"pt-PT\",\"@id\":\"https:\\\/\\\/www.conferenciaepiscopal.pt\\\/v1\\\/#\\\/schema\\\/logo\\\/image\\\/\",\"url\":\"https:\\\/\\\/www.conferenciaepiscopal.pt\\\/v1\\\/wp-content\\\/uploads\\\/cropped-logoTransparente.png\",\"contentUrl\":\"https:\\\/\\\/www.conferenciaepiscopal.pt\\\/v1\\\/wp-content\\\/uploads\\\/cropped-logoTransparente.png\",\"width\":512,\"height\":512,\"caption\":\"Confer\u00eancia Episcopal Portuguesa\"},\"image\":{\"@id\":\"https:\\\/\\\/www.conferenciaepiscopal.pt\\\/v1\\\/#\\\/schema\\\/logo\\\/image\\\/\"}},{\"@type\":\"Person\",\"@id\":\"https:\\\/\\\/www.conferenciaepiscopal.pt\\\/v1\\\/#\\\/schema\\\/person\\\/276594037f41ab419d8b2ae02d84119f\",\"name\":\"Anabela Sousa\",\"image\":{\"@type\":\"ImageObject\",\"inLanguage\":\"pt-PT\",\"@id\":\"https:\\\/\\\/secure.gravatar.com\\\/avatar\\\/49af3230c4da697d62cdb63582d49dbf63fca33e78d0f530ced88eec32b12ba5?s=96&d=mm&r=g\",\"url\":\"https:\\\/\\\/secure.gravatar.com\\\/avatar\\\/49af3230c4da697d62cdb63582d49dbf63fca33e78d0f530ced88eec32b12ba5?s=96&d=mm&r=g\",\"contentUrl\":\"https:\\\/\\\/secure.gravatar.com\\\/avatar\\\/49af3230c4da697d62cdb63582d49dbf63fca33e78d0f530ced88eec32b12ba5?s=96&d=mm&r=g\",\"caption\":\"Anabela Sousa\"}}]}<\/script>\n<!-- \/ Yoast SEO plugin. -->","yoast_head_json":{"title":"3 de Fevereiro de 2026 - Reflex\u00e3o por ocasi\u00e3o do 7.\u00ba anivers\u00e1rio da assinatura do Documento sobre a Fraternidade Humana em prol da Paz Mundial e da Conviv\u00eancia Comum - Confer\u00eancia Episcopal Portuguesa","robots":{"index":"index","follow":"follow","max-snippet":"max-snippet:-1","max-image-preview":"max-image-preview:large","max-video-preview":"max-video-preview:-1"},"canonical":"https:\/\/www.conferenciaepiscopal.pt\/v1\/3-de-fevereiro-de-2026-reflexao-por-ocasiao-do-7-o-aniversario-da-assinatura-do-documento-sobre-a-fraternidade-humana-em-prol-da-paz-mundial-e-da-convivencia-comum\/","og_locale":"pt_PT","og_type":"article","og_title":"3 de Fevereiro de 2026 - Reflex\u00e3o por ocasi\u00e3o do 7.\u00ba anivers\u00e1rio da assinatura do Documento sobre a Fraternidade Humana em prol da Paz Mundial e da Conviv\u00eancia Comum - Confer\u00eancia Episcopal Portuguesa","og_description":"A Subcomiss\u00e3o para o Di\u00e1logo Inter-religioso (SCDIR) da Comiss\u00e3o Episcopal Miss\u00e3o e Nova Evangeliza\u00e7\u00e3o da Confer\u00eancia Episcopal Portuguesa (CEP) vai [&hellip;]","og_url":"https:\/\/www.conferenciaepiscopal.pt\/v1\/3-de-fevereiro-de-2026-reflexao-por-ocasiao-do-7-o-aniversario-da-assinatura-do-documento-sobre-a-fraternidade-humana-em-prol-da-paz-mundial-e-da-convivencia-comum\/","og_site_name":"Confer\u00eancia Episcopal Portuguesa","article_published_time":"2025-12-04T23:53:19+00:00","og_image":[{"width":651,"height":489,"url":"https:\/\/www.conferenciaepiscopal.pt\/v1\/wp-content\/uploads\/papa_assina.jpg","type":"image\/jpeg"}],"author":"Anabela Sousa","twitter_card":"summary_large_image","twitter_misc":{"Escrito por":"Anabela Sousa","Tempo estimado de leitura":"2 minutos"},"schema":{"@context":"https:\/\/schema.org","@graph":[{"@type":"Article","@id":"https:\/\/www.conferenciaepiscopal.pt\/v1\/3-de-fevereiro-de-2026-reflexao-por-ocasiao-do-7-o-aniversario-da-assinatura-do-documento-sobre-a-fraternidade-humana-em-prol-da-paz-mundial-e-da-convivencia-comum\/#article","isPartOf":{"@id":"https:\/\/www.conferenciaepiscopal.pt\/v1\/3-de-fevereiro-de-2026-reflexao-por-ocasiao-do-7-o-aniversario-da-assinatura-do-documento-sobre-a-fraternidade-humana-em-prol-da-paz-mundial-e-da-convivencia-comum\/"},"author":{"name":"Anabela Sousa","@id":"https:\/\/www.conferenciaepiscopal.pt\/v1\/#\/schema\/person\/276594037f41ab419d8b2ae02d84119f"},"headline":"3 de Fevereiro de 2026 &#8211; Reflex\u00e3o por ocasi\u00e3o do 7.\u00ba anivers\u00e1rio da assinatura do Documento sobre a Fraternidade Humana em prol da Paz Mundial e da Conviv\u00eancia Comum","datePublished":"2025-12-04T23:53:19+00:00","mainEntityOfPage":{"@id":"https:\/\/www.conferenciaepiscopal.pt\/v1\/3-de-fevereiro-de-2026-reflexao-por-ocasiao-do-7-o-aniversario-da-assinatura-do-documento-sobre-a-fraternidade-humana-em-prol-da-paz-mundial-e-da-convivencia-comum\/"},"wordCount":215,"publisher":{"@id":"https:\/\/www.conferenciaepiscopal.pt\/v1\/#organization"},"image":{"@id":"https:\/\/www.conferenciaepiscopal.pt\/v1\/3-de-fevereiro-de-2026-reflexao-por-ocasiao-do-7-o-aniversario-da-assinatura-do-documento-sobre-a-fraternidade-humana-em-prol-da-paz-mundial-e-da-convivencia-comum\/#primaryimage"},"thumbnailUrl":"https:\/\/www.conferenciaepiscopal.pt\/v1\/wp-content\/uploads\/papa_assina.jpg","articleSection":["#entrada","Not\u00edcias"],"inLanguage":"pt-PT"},{"@type":"WebPage","@id":"https:\/\/www.conferenciaepiscopal.pt\/v1\/3-de-fevereiro-de-2026-reflexao-por-ocasiao-do-7-o-aniversario-da-assinatura-do-documento-sobre-a-fraternidade-humana-em-prol-da-paz-mundial-e-da-convivencia-comum\/","url":"https:\/\/www.conferenciaepiscopal.pt\/v1\/3-de-fevereiro-de-2026-reflexao-por-ocasiao-do-7-o-aniversario-da-assinatura-do-documento-sobre-a-fraternidade-humana-em-prol-da-paz-mundial-e-da-convivencia-comum\/","name":"3 de Fevereiro de 2026 - Reflex\u00e3o por ocasi\u00e3o do 7.\u00ba anivers\u00e1rio da assinatura do Documento sobre a Fraternidade Humana em prol da Paz Mundial e da Conviv\u00eancia Comum - Confer\u00eancia Episcopal Portuguesa","isPartOf":{"@id":"https:\/\/www.conferenciaepiscopal.pt\/v1\/#website"},"primaryImageOfPage":{"@id":"https:\/\/www.conferenciaepiscopal.pt\/v1\/3-de-fevereiro-de-2026-reflexao-por-ocasiao-do-7-o-aniversario-da-assinatura-do-documento-sobre-a-fraternidade-humana-em-prol-da-paz-mundial-e-da-convivencia-comum\/#primaryimage"},"image":{"@id":"https:\/\/www.conferenciaepiscopal.pt\/v1\/3-de-fevereiro-de-2026-reflexao-por-ocasiao-do-7-o-aniversario-da-assinatura-do-documento-sobre-a-fraternidade-humana-em-prol-da-paz-mundial-e-da-convivencia-comum\/#primaryimage"},"thumbnailUrl":"https:\/\/www.conferenciaepiscopal.pt\/v1\/wp-content\/uploads\/papa_assina.jpg","datePublished":"2025-12-04T23:53:19+00:00","breadcrumb":{"@id":"https:\/\/www.conferenciaepiscopal.pt\/v1\/3-de-fevereiro-de-2026-reflexao-por-ocasiao-do-7-o-aniversario-da-assinatura-do-documento-sobre-a-fraternidade-humana-em-prol-da-paz-mundial-e-da-convivencia-comum\/#breadcrumb"},"inLanguage":"pt-PT","potentialAction":[{"@type":"ReadAction","target":["https:\/\/www.conferenciaepiscopal.pt\/v1\/3-de-fevereiro-de-2026-reflexao-por-ocasiao-do-7-o-aniversario-da-assinatura-do-documento-sobre-a-fraternidade-humana-em-prol-da-paz-mundial-e-da-convivencia-comum\/"]}]},{"@type":"ImageObject","inLanguage":"pt-PT","@id":"https:\/\/www.conferenciaepiscopal.pt\/v1\/3-de-fevereiro-de-2026-reflexao-por-ocasiao-do-7-o-aniversario-da-assinatura-do-documento-sobre-a-fraternidade-humana-em-prol-da-paz-mundial-e-da-convivencia-comum\/#primaryimage","url":"https:\/\/www.conferenciaepiscopal.pt\/v1\/wp-content\/uploads\/papa_assina.jpg","contentUrl":"https:\/\/www.conferenciaepiscopal.pt\/v1\/wp-content\/uploads\/papa_assina.jpg","width":651,"height":489},{"@type":"BreadcrumbList","@id":"https:\/\/www.conferenciaepiscopal.pt\/v1\/3-de-fevereiro-de-2026-reflexao-por-ocasiao-do-7-o-aniversario-da-assinatura-do-documento-sobre-a-fraternidade-humana-em-prol-da-paz-mundial-e-da-convivencia-comum\/#breadcrumb","itemListElement":[{"@type":"ListItem","position":1,"name":"In\u00edcio","item":"https:\/\/www.conferenciaepiscopal.pt\/v1\/"},{"@type":"ListItem","position":2,"name":"3 de Fevereiro de 2026 &#8211; Reflex\u00e3o por ocasi\u00e3o do 7.\u00ba anivers\u00e1rio da assinatura do Documento sobre a Fraternidade Humana em prol da Paz Mundial e da Conviv\u00eancia Comum"}]},{"@type":"WebSite","@id":"https:\/\/www.conferenciaepiscopal.pt\/v1\/#website","url":"https:\/\/www.conferenciaepiscopal.pt\/v1\/","name":"Confer\u00eancia Episcopal Portuguesa","description":"Igreja Cat\u00f3lica em Portugal","publisher":{"@id":"https:\/\/www.conferenciaepiscopal.pt\/v1\/#organization"},"potentialAction":[{"@type":"SearchAction","target":{"@type":"EntryPoint","urlTemplate":"https:\/\/www.conferenciaepiscopal.pt\/v1\/?s={search_term_string}"},"query-input":{"@type":"PropertyValueSpecification","valueRequired":true,"valueName":"search_term_string"}}],"inLanguage":"pt-PT"},{"@type":"Organization","@id":"https:\/\/www.conferenciaepiscopal.pt\/v1\/#organization","name":"Confer\u00eancia Episcopal Portuguesa","url":"https:\/\/www.conferenciaepiscopal.pt\/v1\/","logo":{"@type":"ImageObject","inLanguage":"pt-PT","@id":"https:\/\/www.conferenciaepiscopal.pt\/v1\/#\/schema\/logo\/image\/","url":"https:\/\/www.conferenciaepiscopal.pt\/v1\/wp-content\/uploads\/cropped-logoTransparente.png","contentUrl":"https:\/\/www.conferenciaepiscopal.pt\/v1\/wp-content\/uploads\/cropped-logoTransparente.png","width":512,"height":512,"caption":"Confer\u00eancia Episcopal Portuguesa"},"image":{"@id":"https:\/\/www.conferenciaepiscopal.pt\/v1\/#\/schema\/logo\/image\/"}},{"@type":"Person","@id":"https:\/\/www.conferenciaepiscopal.pt\/v1\/#\/schema\/person\/276594037f41ab419d8b2ae02d84119f","name":"Anabela Sousa","image":{"@type":"ImageObject","inLanguage":"pt-PT","@id":"https:\/\/secure.gravatar.com\/avatar\/49af3230c4da697d62cdb63582d49dbf63fca33e78d0f530ced88eec32b12ba5?s=96&d=mm&r=g","url":"https:\/\/secure.gravatar.com\/avatar\/49af3230c4da697d62cdb63582d49dbf63fca33e78d0f530ced88eec32b12ba5?s=96&d=mm&r=g","contentUrl":"https:\/\/secure.gravatar.com\/avatar\/49af3230c4da697d62cdb63582d49dbf63fca33e78d0f530ced88eec32b12ba5?s=96&d=mm&r=g","caption":"Anabela Sousa"}}]}},"_links":{"self":[{"href":"https:\/\/www.conferenciaepiscopal.pt\/v1\/wp-json\/wp\/v2\/posts\/9106","targetHints":{"allow":["GET"]}}],"collection":[{"href":"https:\/\/www.conferenciaepiscopal.pt\/v1\/wp-json\/wp\/v2\/posts"}],"about":[{"href":"https:\/\/www.conferenciaepiscopal.pt\/v1\/wp-json\/wp\/v2\/types\/post"}],"author":[{"embeddable":true,"href":"https:\/\/www.conferenciaepiscopal.pt\/v1\/wp-json\/wp\/v2\/users\/2"}],"replies":[{"embeddable":true,"href":"https:\/\/www.conferenciaepiscopal.pt\/v1\/wp-json\/wp\/v2\/comments?post=9106"}],"version-history":[{"count":2,"href":"https:\/\/www.conferenciaepiscopal.pt\/v1\/wp-json\/wp\/v2\/posts\/9106\/revisions"}],"predecessor-version":[{"id":9146,"href":"https:\/\/www.conferenciaepiscopal.pt\/v1\/wp-json\/wp\/v2\/posts\/9106\/revisions\/9146"}],"wp:featuredmedia":[{"embeddable":true,"href":"https:\/\/www.conferenciaepiscopal.pt\/v1\/wp-json\/wp\/v2\/media\/6245"}],"wp:attachment":[{"href":"https:\/\/www.conferenciaepiscopal.pt\/v1\/wp-json\/wp\/v2\/media?parent=9106"}],"wp:term":[{"taxonomy":"category","embeddable":true,"href":"https:\/\/www.conferenciaepiscopal.pt\/v1\/wp-json\/wp\/v2\/categories?post=9106"},{"taxonomy":"post_tag","embeddable":true,"href":"https:\/\/www.conferenciaepiscopal.pt\/v1\/wp-json\/wp\/v2\/tags?post=9106"}],"curies":[{"name":"wp","href":"https:\/\/api.w.org\/{rel}","templated":true}]}}