{"id":9082,"date":"2025-11-12T11:52:57","date_gmt":"2025-11-12T11:52:57","guid":{"rendered":"https:\/\/www.conferenciaepiscopal.pt\/v1\/?p=9082"},"modified":"2025-11-12T11:52:57","modified_gmt":"2025-11-12T11:52:57","slug":"forum-migracoes-reune-responsaveis-da-igreja-em-portugal-para-refletir-sobre-o-fenomeno-migratorio-no-pais","status":"publish","type":"post","link":"https:\/\/www.conferenciaepiscopal.pt\/v1\/forum-migracoes-reune-responsaveis-da-igreja-em-portugal-para-refletir-sobre-o-fenomeno-migratorio-no-pais\/","title":{"rendered":"\u201cF\u00f3rum Migra\u00e7\u00f5es\u201d re\u00fane respons\u00e1veis da Igreja em Portugal para refletir sobre o fen\u00f3meno migrat\u00f3rio no pa\u00eds"},"content":{"rendered":"<p>No pr\u00f3ximo s\u00e1bado, dia 15 de novembro, a Confer\u00eancia Episcopal Portuguesa realiza um \u201cF\u00f3rum Migra\u00e7\u00f5es\u201d, em F\u00e1tima, com o objetivo de sensibilizar e formar as comunidades crist\u00e3s para o fen\u00f3meno migrat\u00f3rio e contribuir para a reflex\u00e3o desta tem\u00e1tica na Igreja e na sociedade em geral.<\/p>\n<p>O encontro \u00e9 dirigido aos Bispos portugueses, a participantes das dioceses com liga\u00e7\u00e3o \u00e0 din\u00e2mica das migra\u00e7\u00f5es, aos organismos nacionais da Confer\u00eancia Episcopal e \u00e0s congrega\u00e7\u00f5es religiosas que trabalham nesta \u00e1rea.<\/p>\n<p>A abertura do encontro ser\u00e1 feita pelo Presidente da Confer\u00eancia Episcopal, D. Jos\u00e9 Ornelas, e contar\u00e1 com uma comunica\u00e7\u00e3o v\u00eddeo do Dicast\u00e9rio para o Servi\u00e7o do Desenvolvimento Humano Integral.<\/p>\n<p>Durante a manh\u00e3, e ap\u00f3s um momento de sensibiliza\u00e7\u00e3o inicial feito pelos organismos nacionais que desenvolvem a sua a\u00e7\u00e3o na \u00e1rea das migra\u00e7\u00f5es \u2013 C\u00e1ritas Portuguesa, Comiss\u00e3o Nacional de Justi\u00e7a e Paz e Obra Cat\u00f3lica Portuguesa de Migra\u00e7\u00f5es \u2013 os participantes s\u00e3o convidados a analisar a realidade portuguesa e a refletir sobre a implementa\u00e7\u00e3o, nas comunidades, das orienta\u00e7\u00f5es para uma pastoral intercultural que, considerando os desafios, pretende criar um ambiente de acolhimento, respeito e integra\u00e7\u00e3o e valorizar a diversidade como oportunidade de enriquecimento espiritual e comunit\u00e1rio.<\/p>\n<p>A tarde contar\u00e1 com a presen\u00e7a de Rui Marques, antigo Alto-Comiss\u00e1rio para a Imigra\u00e7\u00e3o e membro do Consenso Imigra\u00e7\u00e3o, e Pedro G\u00f3is, diretor cient\u00edfico do Observat\u00f3rio das Migra\u00e7\u00f5es, que procurar\u00e3o ajudar os presentes a pensar sobre a legisla\u00e7\u00e3o e a a\u00e7\u00e3o da sociedade em geral sobre este tema.<\/p>\n<p>Ap\u00f3s um momento de di\u00e1logo dos participantes com os conferencistas e a apresenta\u00e7\u00e3o das conclus\u00f5es, o encontro encerra com as palavras do Presidente da Comiss\u00e3o Episcopal da Pastoral Social e Mobilidade Humana, D. Jos\u00e9 Traquina.<\/p>\n<p>\u201c<em>Estamos conscientes do impacto que traz \u00e0 sociedade portuguesa o aumento do n\u00famero de migrantes, que interpela a nossa capacidade de acolher e integrar, mas que se revela tamb\u00e9m uma oportunidade para construirmos, juntos, uma sociedade mais justa, fraterna e solid\u00e1ria, onde ningu\u00e9m \u00e9 exclu\u00eddo ou descartado. Um migrante \u00e9 um irm\u00e3o e n\u00e3o uma amea\u00e7a.<\/em>\u201d (D. Jos\u00e9 Ornelas, discurso de abertura da 212.\u00aa Assembleia Plen\u00e1ria da Confer\u00eancia Episcopal Portuguesa)<\/p>\n<h4><strong>Aos \u00f3rg\u00e3os de comunica\u00e7\u00e3o social: <\/strong><\/h4>\n<p>Os \u00f3rg\u00e3os de comunica\u00e7\u00e3o social est\u00e3o convidados para a Confer\u00eancia de Imprensa, pelas 17h30 no Centro Pastoral Paulo VI, em F\u00e1tima (<a href=\"https:\/\/maps.app.goo.gl\/faqguBuMUqWQem4u6\">https:\/\/maps.app.goo.gl\/faqguBuMUqWQem4u6<\/a>) com o Presidente da Confer\u00eancia Episcopal, D. Jos\u00e9 Ornelas; o Presidente da Comiss\u00e3o Episcopal da Pastoral Social e Mobilidade Humana, D. Jos\u00e9 Traquina; e a Diretora da Obra Cat\u00f3lica Portuguesa de Migra\u00e7\u00f5es, Eug\u00e9nia Quaresma.<\/p>\n<p>Para a participa\u00e7\u00e3o neste momento agradecemos confirma\u00e7\u00e3o junto do Gabinete de Comunica\u00e7\u00e3o da Confer\u00eancia Episcopal Portuguesa: Anabela Sousa; Tlm. +351 912 386\u00a0868; E-mail:\u00a0<a href=\"mailto:comunicacaocep@conferenciaepiscopal.pt\">comunicacaocep@conferenciaepiscopal.pt<\/a><\/p>\n","protected":false},"excerpt":{"rendered":"<p>No pr\u00f3ximo s\u00e1bado, dia 15 de novembro, a Confer\u00eancia Episcopal Portuguesa realiza um \u201cF\u00f3rum Migra\u00e7\u00f5es\u201d, em F\u00e1tima, com o objetivo [&hellip;]<\/p>\n","protected":false},"author":2,"featured_media":5628,"comment_status":"closed","ping_status":"closed","sticky":false,"template":"","format":"standard","meta":{"site-sidebar-layout":"default","site-content-layout":"","ast-site-content-layout":"default","site-content-style":"default","site-sidebar-style":"default","ast-global-header-display":"","ast-banner-title-visibility":"","ast-main-header-display":"","ast-hfb-above-header-display":"","ast-hfb-below-header-display":"","ast-hfb-mobile-header-display":"","site-post-title":"","ast-breadcrumbs-content":"","ast-featured-img":"","footer-sml-layout":"","ast-disable-related-posts":"","theme-transparent-header-meta":"default","adv-header-id-meta":"","stick-header-meta":"default","header-above-stick-meta":"","header-main-stick-meta":"","header-below-stick-meta":"","astra-migrate-meta-layouts":"set","ast-page-background-enabled":"default","ast-page-background-meta":{"desktop":{"background-color":"var(--ast-global-color-4)","background-image":"","background-repeat":"repeat","background-position":"center center","background-size":"auto","background-attachment":"scroll","background-type":"","background-media":"","overlay-type":"","overlay-color":"","overlay-opacity":"","overlay-gradient":""},"tablet":{"background-color":"","background-image":"","background-repeat":"repeat","background-position":"center center","background-size":"auto","background-attachment":"scroll","background-type":"","background-media":"","overlay-type":"","overlay-color":"","overlay-opacity":"","overlay-gradient":""},"mobile":{"background-color":"","background-image":"","background-repeat":"repeat","background-position":"center center","background-size":"auto","background-attachment":"scroll","background-type":"","background-media":"","overlay-type":"","overlay-color":"","overlay-opacity":"","overlay-gradient":""}},"ast-content-background-meta":{"desktop":{"background-color":"var(--ast-global-color-5)","background-image":"","background-repeat":"repeat","background-position":"center center","background-size":"auto","background-attachment":"scroll","background-type":"","background-media":"","overlay-type":"","overlay-color":"","overlay-opacity":"","overlay-gradient":""},"tablet":{"background-color":"var(--ast-global-color-5)","background-image":"","background-repeat":"repeat","background-position":"center center","background-size":"auto","background-attachment":"scroll","background-type":"","background-media":"","overlay-type":"","overlay-color":"","overlay-opacity":"","overlay-gradient":""},"mobile":{"background-color":"var(--ast-global-color-5)","background-image":"","background-repeat":"repeat","background-position":"center center","background-size":"auto","background-attachment":"scroll","background-type":"","background-media":"","overlay-type":"","overlay-color":"","overlay-opacity":"","overlay-gradient":""}},"footnotes":""},"categories":[74,72],"tags":[],"class_list":["post-9082","post","type-post","status-publish","format-standard","has-post-thumbnail","hentry","category-entrada","category-noticias"],"yoast_head":"<!-- This site is optimized with the Yoast SEO plugin v27.5 - https:\/\/yoast.com\/product\/yoast-seo-wordpress\/ -->\n<title>\u201cF\u00f3rum Migra\u00e7\u00f5es\u201d re\u00fane respons\u00e1veis da Igreja em Portugal para refletir sobre o fen\u00f3meno migrat\u00f3rio no pa\u00eds - Confer\u00eancia Episcopal Portuguesa<\/title>\n<meta name=\"robots\" content=\"index, follow, max-snippet:-1, max-image-preview:large, max-video-preview:-1\" \/>\n<link rel=\"canonical\" href=\"https:\/\/www.conferenciaepiscopal.pt\/v1\/forum-migracoes-reune-responsaveis-da-igreja-em-portugal-para-refletir-sobre-o-fenomeno-migratorio-no-pais\/\" \/>\n<meta property=\"og:locale\" content=\"pt_PT\" \/>\n<meta property=\"og:type\" content=\"article\" \/>\n<meta property=\"og:title\" content=\"\u201cF\u00f3rum Migra\u00e7\u00f5es\u201d re\u00fane respons\u00e1veis da Igreja em Portugal para refletir sobre o fen\u00f3meno migrat\u00f3rio no pa\u00eds - Confer\u00eancia Episcopal Portuguesa\" \/>\n<meta property=\"og:description\" content=\"No pr\u00f3ximo s\u00e1bado, dia 15 de novembro, a Confer\u00eancia Episcopal Portuguesa realiza um \u201cF\u00f3rum Migra\u00e7\u00f5es\u201d, em F\u00e1tima, com o objetivo [&hellip;]\" \/>\n<meta property=\"og:url\" content=\"https:\/\/www.conferenciaepiscopal.pt\/v1\/forum-migracoes-reune-responsaveis-da-igreja-em-portugal-para-refletir-sobre-o-fenomeno-migratorio-no-pais\/\" \/>\n<meta property=\"og:site_name\" content=\"Confer\u00eancia Episcopal Portuguesa\" \/>\n<meta property=\"article:published_time\" content=\"2025-11-12T11:52:57+00:00\" \/>\n<meta property=\"og:image\" content=\"https:\/\/www.conferenciaepiscopal.pt\/v1\/wp-content\/uploads\/cep.jpg\" \/>\n\t<meta property=\"og:image:width\" content=\"925\" \/>\n\t<meta property=\"og:image:height\" content=\"630\" \/>\n\t<meta property=\"og:image:type\" content=\"image\/jpeg\" \/>\n<meta name=\"author\" content=\"Anabela Sousa\" \/>\n<meta name=\"twitter:card\" content=\"summary_large_image\" \/>\n<meta name=\"twitter:label1\" content=\"Escrito por\" \/>\n\t<meta name=\"twitter:data1\" content=\"Anabela Sousa\" \/>\n\t<meta name=\"twitter:label2\" content=\"Tempo estimado de leitura\" \/>\n\t<meta name=\"twitter:data2\" content=\"3 minutos\" \/>\n<script type=\"application\/ld+json\" class=\"yoast-schema-graph\">{\"@context\":\"https:\\\/\\\/schema.org\",\"@graph\":[{\"@type\":\"Article\",\"@id\":\"https:\\\/\\\/www.conferenciaepiscopal.pt\\\/v1\\\/forum-migracoes-reune-responsaveis-da-igreja-em-portugal-para-refletir-sobre-o-fenomeno-migratorio-no-pais\\\/#article\",\"isPartOf\":{\"@id\":\"https:\\\/\\\/www.conferenciaepiscopal.pt\\\/v1\\\/forum-migracoes-reune-responsaveis-da-igreja-em-portugal-para-refletir-sobre-o-fenomeno-migratorio-no-pais\\\/\"},\"author\":{\"name\":\"Anabela Sousa\",\"@id\":\"https:\\\/\\\/www.conferenciaepiscopal.pt\\\/v1\\\/#\\\/schema\\\/person\\\/276594037f41ab419d8b2ae02d84119f\"},\"headline\":\"\u201cF\u00f3rum Migra\u00e7\u00f5es\u201d re\u00fane respons\u00e1veis da Igreja em Portugal para refletir sobre o fen\u00f3meno migrat\u00f3rio no pa\u00eds\",\"datePublished\":\"2025-11-12T11:52:57+00:00\",\"mainEntityOfPage\":{\"@id\":\"https:\\\/\\\/www.conferenciaepiscopal.pt\\\/v1\\\/forum-migracoes-reune-responsaveis-da-igreja-em-portugal-para-refletir-sobre-o-fenomeno-migratorio-no-pais\\\/\"},\"wordCount\":525,\"publisher\":{\"@id\":\"https:\\\/\\\/www.conferenciaepiscopal.pt\\\/v1\\\/#organization\"},\"image\":{\"@id\":\"https:\\\/\\\/www.conferenciaepiscopal.pt\\\/v1\\\/forum-migracoes-reune-responsaveis-da-igreja-em-portugal-para-refletir-sobre-o-fenomeno-migratorio-no-pais\\\/#primaryimage\"},\"thumbnailUrl\":\"https:\\\/\\\/www.conferenciaepiscopal.pt\\\/v1\\\/wp-content\\\/uploads\\\/cep.jpg\",\"articleSection\":[\"#entrada\",\"Not\u00edcias\"],\"inLanguage\":\"pt-PT\"},{\"@type\":\"WebPage\",\"@id\":\"https:\\\/\\\/www.conferenciaepiscopal.pt\\\/v1\\\/forum-migracoes-reune-responsaveis-da-igreja-em-portugal-para-refletir-sobre-o-fenomeno-migratorio-no-pais\\\/\",\"url\":\"https:\\\/\\\/www.conferenciaepiscopal.pt\\\/v1\\\/forum-migracoes-reune-responsaveis-da-igreja-em-portugal-para-refletir-sobre-o-fenomeno-migratorio-no-pais\\\/\",\"name\":\"\u201cF\u00f3rum Migra\u00e7\u00f5es\u201d re\u00fane respons\u00e1veis da Igreja em Portugal para refletir sobre o fen\u00f3meno migrat\u00f3rio no pa\u00eds - Confer\u00eancia Episcopal Portuguesa\",\"isPartOf\":{\"@id\":\"https:\\\/\\\/www.conferenciaepiscopal.pt\\\/v1\\\/#website\"},\"primaryImageOfPage\":{\"@id\":\"https:\\\/\\\/www.conferenciaepiscopal.pt\\\/v1\\\/forum-migracoes-reune-responsaveis-da-igreja-em-portugal-para-refletir-sobre-o-fenomeno-migratorio-no-pais\\\/#primaryimage\"},\"image\":{\"@id\":\"https:\\\/\\\/www.conferenciaepiscopal.pt\\\/v1\\\/forum-migracoes-reune-responsaveis-da-igreja-em-portugal-para-refletir-sobre-o-fenomeno-migratorio-no-pais\\\/#primaryimage\"},\"thumbnailUrl\":\"https:\\\/\\\/www.conferenciaepiscopal.pt\\\/v1\\\/wp-content\\\/uploads\\\/cep.jpg\",\"datePublished\":\"2025-11-12T11:52:57+00:00\",\"breadcrumb\":{\"@id\":\"https:\\\/\\\/www.conferenciaepiscopal.pt\\\/v1\\\/forum-migracoes-reune-responsaveis-da-igreja-em-portugal-para-refletir-sobre-o-fenomeno-migratorio-no-pais\\\/#breadcrumb\"},\"inLanguage\":\"pt-PT\",\"potentialAction\":[{\"@type\":\"ReadAction\",\"target\":[\"https:\\\/\\\/www.conferenciaepiscopal.pt\\\/v1\\\/forum-migracoes-reune-responsaveis-da-igreja-em-portugal-para-refletir-sobre-o-fenomeno-migratorio-no-pais\\\/\"]}]},{\"@type\":\"ImageObject\",\"inLanguage\":\"pt-PT\",\"@id\":\"https:\\\/\\\/www.conferenciaepiscopal.pt\\\/v1\\\/forum-migracoes-reune-responsaveis-da-igreja-em-portugal-para-refletir-sobre-o-fenomeno-migratorio-no-pais\\\/#primaryimage\",\"url\":\"https:\\\/\\\/www.conferenciaepiscopal.pt\\\/v1\\\/wp-content\\\/uploads\\\/cep.jpg\",\"contentUrl\":\"https:\\\/\\\/www.conferenciaepiscopal.pt\\\/v1\\\/wp-content\\\/uploads\\\/cep.jpg\",\"width\":925,\"height\":630},{\"@type\":\"BreadcrumbList\",\"@id\":\"https:\\\/\\\/www.conferenciaepiscopal.pt\\\/v1\\\/forum-migracoes-reune-responsaveis-da-igreja-em-portugal-para-refletir-sobre-o-fenomeno-migratorio-no-pais\\\/#breadcrumb\",\"itemListElement\":[{\"@type\":\"ListItem\",\"position\":1,\"name\":\"In\u00edcio\",\"item\":\"https:\\\/\\\/www.conferenciaepiscopal.pt\\\/v1\\\/\"},{\"@type\":\"ListItem\",\"position\":2,\"name\":\"\u201cF\u00f3rum Migra\u00e7\u00f5es\u201d re\u00fane respons\u00e1veis da Igreja em Portugal para refletir sobre o fen\u00f3meno migrat\u00f3rio no pa\u00eds\"}]},{\"@type\":\"WebSite\",\"@id\":\"https:\\\/\\\/www.conferenciaepiscopal.pt\\\/v1\\\/#website\",\"url\":\"https:\\\/\\\/www.conferenciaepiscopal.pt\\\/v1\\\/\",\"name\":\"Confer\u00eancia Episcopal Portuguesa\",\"description\":\"Igreja Cat\u00f3lica em Portugal\",\"publisher\":{\"@id\":\"https:\\\/\\\/www.conferenciaepiscopal.pt\\\/v1\\\/#organization\"},\"potentialAction\":[{\"@type\":\"SearchAction\",\"target\":{\"@type\":\"EntryPoint\",\"urlTemplate\":\"https:\\\/\\\/www.conferenciaepiscopal.pt\\\/v1\\\/?s={search_term_string}\"},\"query-input\":{\"@type\":\"PropertyValueSpecification\",\"valueRequired\":true,\"valueName\":\"search_term_string\"}}],\"inLanguage\":\"pt-PT\"},{\"@type\":\"Organization\",\"@id\":\"https:\\\/\\\/www.conferenciaepiscopal.pt\\\/v1\\\/#organization\",\"name\":\"Confer\u00eancia Episcopal Portuguesa\",\"url\":\"https:\\\/\\\/www.conferenciaepiscopal.pt\\\/v1\\\/\",\"logo\":{\"@type\":\"ImageObject\",\"inLanguage\":\"pt-PT\",\"@id\":\"https:\\\/\\\/www.conferenciaepiscopal.pt\\\/v1\\\/#\\\/schema\\\/logo\\\/image\\\/\",\"url\":\"https:\\\/\\\/www.conferenciaepiscopal.pt\\\/v1\\\/wp-content\\\/uploads\\\/cropped-logoTransparente.png\",\"contentUrl\":\"https:\\\/\\\/www.conferenciaepiscopal.pt\\\/v1\\\/wp-content\\\/uploads\\\/cropped-logoTransparente.png\",\"width\":512,\"height\":512,\"caption\":\"Confer\u00eancia Episcopal Portuguesa\"},\"image\":{\"@id\":\"https:\\\/\\\/www.conferenciaepiscopal.pt\\\/v1\\\/#\\\/schema\\\/logo\\\/image\\\/\"}},{\"@type\":\"Person\",\"@id\":\"https:\\\/\\\/www.conferenciaepiscopal.pt\\\/v1\\\/#\\\/schema\\\/person\\\/276594037f41ab419d8b2ae02d84119f\",\"name\":\"Anabela Sousa\",\"image\":{\"@type\":\"ImageObject\",\"inLanguage\":\"pt-PT\",\"@id\":\"https:\\\/\\\/secure.gravatar.com\\\/avatar\\\/49af3230c4da697d62cdb63582d49dbf63fca33e78d0f530ced88eec32b12ba5?s=96&d=mm&r=g\",\"url\":\"https:\\\/\\\/secure.gravatar.com\\\/avatar\\\/49af3230c4da697d62cdb63582d49dbf63fca33e78d0f530ced88eec32b12ba5?s=96&d=mm&r=g\",\"contentUrl\":\"https:\\\/\\\/secure.gravatar.com\\\/avatar\\\/49af3230c4da697d62cdb63582d49dbf63fca33e78d0f530ced88eec32b12ba5?s=96&d=mm&r=g\",\"caption\":\"Anabela Sousa\"}}]}<\/script>\n<!-- \/ Yoast SEO plugin. -->","yoast_head_json":{"title":"\u201cF\u00f3rum Migra\u00e7\u00f5es\u201d re\u00fane respons\u00e1veis da Igreja em Portugal para refletir sobre o fen\u00f3meno migrat\u00f3rio no pa\u00eds - Confer\u00eancia Episcopal Portuguesa","robots":{"index":"index","follow":"follow","max-snippet":"max-snippet:-1","max-image-preview":"max-image-preview:large","max-video-preview":"max-video-preview:-1"},"canonical":"https:\/\/www.conferenciaepiscopal.pt\/v1\/forum-migracoes-reune-responsaveis-da-igreja-em-portugal-para-refletir-sobre-o-fenomeno-migratorio-no-pais\/","og_locale":"pt_PT","og_type":"article","og_title":"\u201cF\u00f3rum Migra\u00e7\u00f5es\u201d re\u00fane respons\u00e1veis da Igreja em Portugal para refletir sobre o fen\u00f3meno migrat\u00f3rio no pa\u00eds - Confer\u00eancia Episcopal Portuguesa","og_description":"No pr\u00f3ximo s\u00e1bado, dia 15 de novembro, a Confer\u00eancia Episcopal Portuguesa realiza um \u201cF\u00f3rum Migra\u00e7\u00f5es\u201d, em F\u00e1tima, com o objetivo [&hellip;]","og_url":"https:\/\/www.conferenciaepiscopal.pt\/v1\/forum-migracoes-reune-responsaveis-da-igreja-em-portugal-para-refletir-sobre-o-fenomeno-migratorio-no-pais\/","og_site_name":"Confer\u00eancia Episcopal Portuguesa","article_published_time":"2025-11-12T11:52:57+00:00","og_image":[{"width":925,"height":630,"url":"https:\/\/www.conferenciaepiscopal.pt\/v1\/wp-content\/uploads\/cep.jpg","type":"image\/jpeg"}],"author":"Anabela Sousa","twitter_card":"summary_large_image","twitter_misc":{"Escrito por":"Anabela Sousa","Tempo estimado de leitura":"3 minutos"},"schema":{"@context":"https:\/\/schema.org","@graph":[{"@type":"Article","@id":"https:\/\/www.conferenciaepiscopal.pt\/v1\/forum-migracoes-reune-responsaveis-da-igreja-em-portugal-para-refletir-sobre-o-fenomeno-migratorio-no-pais\/#article","isPartOf":{"@id":"https:\/\/www.conferenciaepiscopal.pt\/v1\/forum-migracoes-reune-responsaveis-da-igreja-em-portugal-para-refletir-sobre-o-fenomeno-migratorio-no-pais\/"},"author":{"name":"Anabela Sousa","@id":"https:\/\/www.conferenciaepiscopal.pt\/v1\/#\/schema\/person\/276594037f41ab419d8b2ae02d84119f"},"headline":"\u201cF\u00f3rum Migra\u00e7\u00f5es\u201d re\u00fane respons\u00e1veis da Igreja em Portugal para refletir sobre o fen\u00f3meno migrat\u00f3rio no pa\u00eds","datePublished":"2025-11-12T11:52:57+00:00","mainEntityOfPage":{"@id":"https:\/\/www.conferenciaepiscopal.pt\/v1\/forum-migracoes-reune-responsaveis-da-igreja-em-portugal-para-refletir-sobre-o-fenomeno-migratorio-no-pais\/"},"wordCount":525,"publisher":{"@id":"https:\/\/www.conferenciaepiscopal.pt\/v1\/#organization"},"image":{"@id":"https:\/\/www.conferenciaepiscopal.pt\/v1\/forum-migracoes-reune-responsaveis-da-igreja-em-portugal-para-refletir-sobre-o-fenomeno-migratorio-no-pais\/#primaryimage"},"thumbnailUrl":"https:\/\/www.conferenciaepiscopal.pt\/v1\/wp-content\/uploads\/cep.jpg","articleSection":["#entrada","Not\u00edcias"],"inLanguage":"pt-PT"},{"@type":"WebPage","@id":"https:\/\/www.conferenciaepiscopal.pt\/v1\/forum-migracoes-reune-responsaveis-da-igreja-em-portugal-para-refletir-sobre-o-fenomeno-migratorio-no-pais\/","url":"https:\/\/www.conferenciaepiscopal.pt\/v1\/forum-migracoes-reune-responsaveis-da-igreja-em-portugal-para-refletir-sobre-o-fenomeno-migratorio-no-pais\/","name":"\u201cF\u00f3rum Migra\u00e7\u00f5es\u201d re\u00fane respons\u00e1veis da Igreja em Portugal para refletir sobre o fen\u00f3meno migrat\u00f3rio no pa\u00eds - Confer\u00eancia Episcopal Portuguesa","isPartOf":{"@id":"https:\/\/www.conferenciaepiscopal.pt\/v1\/#website"},"primaryImageOfPage":{"@id":"https:\/\/www.conferenciaepiscopal.pt\/v1\/forum-migracoes-reune-responsaveis-da-igreja-em-portugal-para-refletir-sobre-o-fenomeno-migratorio-no-pais\/#primaryimage"},"image":{"@id":"https:\/\/www.conferenciaepiscopal.pt\/v1\/forum-migracoes-reune-responsaveis-da-igreja-em-portugal-para-refletir-sobre-o-fenomeno-migratorio-no-pais\/#primaryimage"},"thumbnailUrl":"https:\/\/www.conferenciaepiscopal.pt\/v1\/wp-content\/uploads\/cep.jpg","datePublished":"2025-11-12T11:52:57+00:00","breadcrumb":{"@id":"https:\/\/www.conferenciaepiscopal.pt\/v1\/forum-migracoes-reune-responsaveis-da-igreja-em-portugal-para-refletir-sobre-o-fenomeno-migratorio-no-pais\/#breadcrumb"},"inLanguage":"pt-PT","potentialAction":[{"@type":"ReadAction","target":["https:\/\/www.conferenciaepiscopal.pt\/v1\/forum-migracoes-reune-responsaveis-da-igreja-em-portugal-para-refletir-sobre-o-fenomeno-migratorio-no-pais\/"]}]},{"@type":"ImageObject","inLanguage":"pt-PT","@id":"https:\/\/www.conferenciaepiscopal.pt\/v1\/forum-migracoes-reune-responsaveis-da-igreja-em-portugal-para-refletir-sobre-o-fenomeno-migratorio-no-pais\/#primaryimage","url":"https:\/\/www.conferenciaepiscopal.pt\/v1\/wp-content\/uploads\/cep.jpg","contentUrl":"https:\/\/www.conferenciaepiscopal.pt\/v1\/wp-content\/uploads\/cep.jpg","width":925,"height":630},{"@type":"BreadcrumbList","@id":"https:\/\/www.conferenciaepiscopal.pt\/v1\/forum-migracoes-reune-responsaveis-da-igreja-em-portugal-para-refletir-sobre-o-fenomeno-migratorio-no-pais\/#breadcrumb","itemListElement":[{"@type":"ListItem","position":1,"name":"In\u00edcio","item":"https:\/\/www.conferenciaepiscopal.pt\/v1\/"},{"@type":"ListItem","position":2,"name":"\u201cF\u00f3rum Migra\u00e7\u00f5es\u201d re\u00fane respons\u00e1veis da Igreja em Portugal para refletir sobre o fen\u00f3meno migrat\u00f3rio no pa\u00eds"}]},{"@type":"WebSite","@id":"https:\/\/www.conferenciaepiscopal.pt\/v1\/#website","url":"https:\/\/www.conferenciaepiscopal.pt\/v1\/","name":"Confer\u00eancia Episcopal Portuguesa","description":"Igreja Cat\u00f3lica em Portugal","publisher":{"@id":"https:\/\/www.conferenciaepiscopal.pt\/v1\/#organization"},"potentialAction":[{"@type":"SearchAction","target":{"@type":"EntryPoint","urlTemplate":"https:\/\/www.conferenciaepiscopal.pt\/v1\/?s={search_term_string}"},"query-input":{"@type":"PropertyValueSpecification","valueRequired":true,"valueName":"search_term_string"}}],"inLanguage":"pt-PT"},{"@type":"Organization","@id":"https:\/\/www.conferenciaepiscopal.pt\/v1\/#organization","name":"Confer\u00eancia Episcopal Portuguesa","url":"https:\/\/www.conferenciaepiscopal.pt\/v1\/","logo":{"@type":"ImageObject","inLanguage":"pt-PT","@id":"https:\/\/www.conferenciaepiscopal.pt\/v1\/#\/schema\/logo\/image\/","url":"https:\/\/www.conferenciaepiscopal.pt\/v1\/wp-content\/uploads\/cropped-logoTransparente.png","contentUrl":"https:\/\/www.conferenciaepiscopal.pt\/v1\/wp-content\/uploads\/cropped-logoTransparente.png","width":512,"height":512,"caption":"Confer\u00eancia Episcopal Portuguesa"},"image":{"@id":"https:\/\/www.conferenciaepiscopal.pt\/v1\/#\/schema\/logo\/image\/"}},{"@type":"Person","@id":"https:\/\/www.conferenciaepiscopal.pt\/v1\/#\/schema\/person\/276594037f41ab419d8b2ae02d84119f","name":"Anabela Sousa","image":{"@type":"ImageObject","inLanguage":"pt-PT","@id":"https:\/\/secure.gravatar.com\/avatar\/49af3230c4da697d62cdb63582d49dbf63fca33e78d0f530ced88eec32b12ba5?s=96&d=mm&r=g","url":"https:\/\/secure.gravatar.com\/avatar\/49af3230c4da697d62cdb63582d49dbf63fca33e78d0f530ced88eec32b12ba5?s=96&d=mm&r=g","contentUrl":"https:\/\/secure.gravatar.com\/avatar\/49af3230c4da697d62cdb63582d49dbf63fca33e78d0f530ced88eec32b12ba5?s=96&d=mm&r=g","caption":"Anabela Sousa"}}]}},"_links":{"self":[{"href":"https:\/\/www.conferenciaepiscopal.pt\/v1\/wp-json\/wp\/v2\/posts\/9082","targetHints":{"allow":["GET"]}}],"collection":[{"href":"https:\/\/www.conferenciaepiscopal.pt\/v1\/wp-json\/wp\/v2\/posts"}],"about":[{"href":"https:\/\/www.conferenciaepiscopal.pt\/v1\/wp-json\/wp\/v2\/types\/post"}],"author":[{"embeddable":true,"href":"https:\/\/www.conferenciaepiscopal.pt\/v1\/wp-json\/wp\/v2\/users\/2"}],"replies":[{"embeddable":true,"href":"https:\/\/www.conferenciaepiscopal.pt\/v1\/wp-json\/wp\/v2\/comments?post=9082"}],"version-history":[{"count":1,"href":"https:\/\/www.conferenciaepiscopal.pt\/v1\/wp-json\/wp\/v2\/posts\/9082\/revisions"}],"predecessor-version":[{"id":9083,"href":"https:\/\/www.conferenciaepiscopal.pt\/v1\/wp-json\/wp\/v2\/posts\/9082\/revisions\/9083"}],"wp:featuredmedia":[{"embeddable":true,"href":"https:\/\/www.conferenciaepiscopal.pt\/v1\/wp-json\/wp\/v2\/media\/5628"}],"wp:attachment":[{"href":"https:\/\/www.conferenciaepiscopal.pt\/v1\/wp-json\/wp\/v2\/media?parent=9082"}],"wp:term":[{"taxonomy":"category","embeddable":true,"href":"https:\/\/www.conferenciaepiscopal.pt\/v1\/wp-json\/wp\/v2\/categories?post=9082"},{"taxonomy":"post_tag","embeddable":true,"href":"https:\/\/www.conferenciaepiscopal.pt\/v1\/wp-json\/wp\/v2\/tags?post=9082"}],"curies":[{"name":"wp","href":"https:\/\/api.w.org\/{rel}","templated":true}]}}