{"id":9055,"date":"2025-10-26T14:14:45","date_gmt":"2025-10-26T14:14:45","guid":{"rendered":"https:\/\/www.conferenciaepiscopal.pt\/v1\/?p=9055"},"modified":"2025-10-28T15:26:26","modified_gmt":"2025-10-28T15:26:26","slug":"um-caminho-de-esperanca-reflexao-sobre-o-jubileu-das-equipas-sinodais-roma-outubro-2025","status":"publish","type":"post","link":"https:\/\/www.conferenciaepiscopal.pt\/v1\/um-caminho-de-esperanca-reflexao-sobre-o-jubileu-das-equipas-sinodais-roma-outubro-2025\/","title":{"rendered":"&#8220;Um caminho de esperan\u00e7a&#8221; &#8211; Reflex\u00e3o sobre o Jubileu das Equipas Sinodais (Roma, Outubro 2025)"},"content":{"rendered":"<h2>Um caminho de esperan\u00e7a (I): a Igreja Sinodal como caminho de fermento na sociedade<\/h2>\n<p>Neste Jubileu das Equipas Sinodais, que re\u00fane em Roma peregrinos da esperan\u00e7a, ouve-se com particular for\u00e7a o apelo a aprofundar o caminho de uma Igreja sinodal. Num mundo sedento de maior fraternidade, a Igreja oferece o seu testemunho de caminhar em conjunto, escutando o Esp\u00edrito e discernindo os passos a dar. Esta primeira reflex\u00e3o debru\u00e7a-se sobre as interven\u00e7\u00f5es que abriram os trabalhos na manh\u00e3 do dia 24 de outubro, partilhadas pelo Cardeal Grzegorz Ry\u015b, pelo Padre e Professor Miguel de Salis Amaral e pela Dra. Mariana Aparecida Ven\u00e2ncio. As suas palavras ofereceram-nos diferentes perspetivas sobre a sinodalidade como profecia, a necess\u00e1ria convers\u00e3o das rela\u00e7\u00f5es e as tens\u00f5es inerentes a este caminho eclesial. T\u00e3o breve quanto poss\u00edvel, partilharemos uma segunda reflex\u00e3o (ver abaixo, &#8220;Um caminho de esperan\u00e7a (II)&#8221;) dedicada ao encontro-di\u00e1logo com o Papa Le\u00e3o XIV, que marcou a tarde deste primeiro dia.<\/p>\n<p>Nesta senda de aprofundamento, Mariana Ven\u00e2ncio iluminou-nos com a vis\u00e3o da sinodalidade como &#8220;profecia social&#8221;. Longe de ser um mero exerc\u00edcio interno, a forma como a Igreja vive e age (o seu caminhar conjunto) torna-se um &#8220;estandarte elevado entre as na\u00e7\u00f5es&#8221;. A conferencista sublinhou que a pr\u00e1tica de uma escuta atenta, generosa e vulner\u00e1vel, que valoriza cada voz, sobretudo a dos marginalizados, e a redescoberta da comunidade como espa\u00e7o de seguran\u00e7a e partilha, constituem um poderoso testemunho prof\u00e9tico. Numa sociedade marcada pelo individualismo e pela cultura do descarte, esta viv\u00eancia comunit\u00e1ria, que brota da escuta do Esp\u00edrito e se traduz no compromisso com a vida fragilizada, \u00e9 j\u00e1, em si mesma, um ato transformador e gerador de esperan\u00e7a.<\/p>\n<p>Aprofundando esta vis\u00e3o, Miguel de Salis Amaral focou-se na dimens\u00e3o crucial da &#8220;convers\u00e3o das rela\u00e7\u00f5es&#8221;. N\u00e3o se trata de um mero apelo sentimental a &#8220;gostar uns dos outros&#8221;, mas de radicar as nossas intera\u00e7\u00f5es na estrutura relacional que o pr\u00f3prio Deus tece na Igreja atrav\u00e9s dos sacramentos. O Batismo, explicou, funda uma fraternidade essencial entre todos, base da corresponsabilidade na miss\u00e3o comum. O Sacramento da Ordem, por sua vez, n\u00e3o estabelece uma hierarquia de poder, mas um servi\u00e7o espec\u00edfico orientado ao crescimento de todo o Povo de Deus, numa l\u00f3gica de &#8220;orienta\u00e7\u00e3o rec\u00edproca&#8221; entre o sacerd\u00f3cio comum e o sacerd\u00f3cio ministerial. Neste contexto, \u00e9 necess\u00e1rio compreender a Igreja n\u00e3o apenas como uma organiza\u00e7\u00e3o, mas como um tecido vivo de rela\u00e7\u00f5es queridas por Deus, onde ningu\u00e9m \u00e9 autossuficiente. Este entendimento, por sua vez, oferece luz capaz de superar l\u00f3gicas de dom\u00ednio e de construir uma sociedade mais emp\u00e1tica, bonita e fraterna.<\/p>\n<p>Contudo, este caminho n\u00e3o \u00e9 linear nem isento de dificuldades. O Cardeal Grzegorz Ry\u015b abordou com frontalidade as tens\u00f5es inerentes ao caminho sinodal. A tens\u00e3o entre o personalismo exacerbado (o \u201ceu&#8221;) e a din\u00e2mica comunit\u00e1ria (o \u201cn\u00f3s&#8221;); a tenta\u00e7\u00e3o de confundir a unidade aut\u00eantica, que valoriza a diversidade como riqueza (harmonia), com uma uniformidade imposta que a anula (que n\u00e3o \u00e9 mais do que uma ofensa contra Deus, a Igreja e a pessoa); e a tens\u00e3o entre a necess\u00e1ria preserva\u00e7\u00e3o da identidade eclesial e o impulso mission\u00e1rio de sair ao encontro de todos, sem exce\u00e7\u00e3o (&#8220;Todos, todos, todos!&#8221;). O Cardeal polaco foi claro: estas tens\u00f5es n\u00e3o se resolvem com meras reformas estruturais, mas exigem uma profunda &#8220;convers\u00e3o&#8221; pessoal e comunit\u00e1ria, um &#8220;morrer&#8221; para o orgulho, o abuso de poder e o medo, para abra\u00e7ar a vida nova do Ressuscitado no Esp\u00edrito de amor. S\u00f3 assim a Igreja poder\u00e1 ser fermento de reconcilia\u00e7\u00e3o.<\/p>\n<p>Estas tr\u00eas reflex\u00f5es, embora partindo de \u00e2ngulos distintos, convergem num apelo forte \u00e0 esperan\u00e7a. A sinodalidade, vivida autenticamente como escuta m\u00fatua e do Esp\u00edrito, como convers\u00e3o das rela\u00e7\u00f5es e como servi\u00e7o humilde \u00e0 miss\u00e3o, n\u00e3o \u00e9 uma teoria distante, mas um caminho concreto. Uma Igreja que aprende a caminhar com os outros, a curar as suas feridas e a colocar-se ao servi\u00e7o da vida, torna-se um farol de esperan\u00e7a num mundo que anseia por paz, justi\u00e7a e fraternidade. O convite \u00e9, pois, a entender e viver a sinodalidade como um estilo de vida. Cremos que \u00e9 este o desafio lan\u00e7ado neste Jubileu: deixarmo-nos transformar por este dinamismo sinodal, para sermos, todos e cada um, a levedura paciente e eficaz que faz fermentar a massa de um futuro mais justo e reconciliado.<\/p>\n<h2>Um caminho de esperan\u00e7a (II): Escutar para transformar \u2013 a miss\u00e3o da Igreja Sinodal<\/h2>\n<p>Depois da manh\u00e3 intensa de partilhas e reflex\u00f5es no primeiro dia do Jubileu das Equipas Sinodais, a tarde de 24 de outubro ficou marcada por um dos momentos mais aguardados: o <em>encontro-di\u00e1logo com o Papa Le\u00e3o XIV<\/em>, na Aula Paulo VI. Num ambiente de profunda escuta e comunh\u00e3o, representantes das v\u00e1rias regi\u00f5es do mundo apresentaram ao Santo Padre o percurso das suas comunidades na viv\u00eancia da sinodalidade. As suas perguntas deram origem a uma conversa viva, serena e inspiradora, que apontou caminhos de esperan\u00e7a para a Igreja e para o mundo.<\/p>\n<p>O Papa come\u00e7ou por recordar <em>a palavra essencial: miss\u00e3o.<\/em> \u201cO processo sinodal\u201d, disse, \u201cvisa ajudar a Igreja a cumprir o seu papel primordial no mundo: ser mission\u00e1ria, anunciar o Evangelho, dar testemunho de Jesus Cristo at\u00e9 aos confins da terra\u201d. Esta afirma\u00e7\u00e3o, simples e luminosa, ecoou como um apelo a recentrar o olhar: <em>a sinodalidade n\u00e3o \u00e9 um exerc\u00edcio interno, mas o modo de viver a miss\u00e3o<\/em>. A Igreja que caminha junta torna-se um sinal vis\u00edvel do amor de Deus, um farol de proximidade no meio das trevas e das divis\u00f5es do nosso tempo.<\/p>\n<p>Ao referir-se \u00e0 Igreja em \u00c1frica, o Santo Padre alargou o horizonte da reflex\u00e3o: \u201cA Igreja pode ser uma ponte\u201d, afirmou, \u201cespecialmente em culturas onde os crist\u00e3os s\u00e3o minoria, convivendo com membros de outras religi\u00f5es\u201d. As suas palavras lembraram-nos que <em>os desafios s\u00e3o tamb\u00e9m oportunidades<\/em>, e que cada diferen\u00e7a pode tornar-se lugar de encontro. Neste sentido, o Papa sublinhou que <em>a sinodalidade n\u00e3o \u00e9 uma campanha<\/em>, nem um m\u00e9todo passageiro, mas \u201cuma forma de ser Igreja, uma convers\u00e3o a um modo novo de viver e de se relacionar\u201d.<\/p>\n<p><em>\u201cO dom da escuta\u201d<\/em>, acrescentou, \u201c\u00e9 algo que precisamos de redescobrir\u201d. Escutar a Palavra, escutar os outros, escutar o grito dos que sofrem e a sabedoria que brota mesmo fora das fronteiras vis\u00edveis da Igreja, tudo isto \u00e9 Evangelho em a\u00e7\u00e3o. Numa sociedade saturada de ru\u00eddo e de opini\u00f5es r\u00e1pidas, <em>o ato de escutar \u00e9 j\u00e1 um gesto revolucion\u00e1rio de amor<\/em>. \u00c9 o in\u00edcio de toda a verdadeira transforma\u00e7\u00e3o.<\/p>\n<p>Falando dos <em>jovens e das fam\u00edlias<\/em>, o Papa Le\u00e3o XIV recordou que \u201conde h\u00e1 juventude, h\u00e1 vida e esperan\u00e7a\u201d, e que a fam\u00edlia \u00e9 \u201ca primeira escola de comunh\u00e3o e de paz\u201d. Num mundo em que tantas vezes se fragmentam as gera\u00e7\u00f5es, estas palavras soaram como um convite urgente a <em>reatar la\u00e7os<\/em>, a construir v\u00ednculos entre pais e filhos, entre comunidades e povos, entre passado e futuro. A Igreja, disse o Papa, \u201c\u00e9 chamada a ser um instrumento de paz, um modelo de harmonia entre as na\u00e7\u00f5es e de cuidado pela cria\u00e7\u00e3o\u201d.<\/p>\n<p>Num tom de humildade e de grande lucidez, o Santo Padre advertiu: \u201c<em>N\u00e3o estamos \u00e0 procura de um modelo uniforme<\/em>. A sinodalidade n\u00e3o vir\u00e1 com um manual onde todos fa\u00e7am o mesmo\u201d. Acreditamos (dizemos n\u00f3s) que esta ideia caiu muito bem entre as pessoas que ali se encontravam. E o que se pede (continua o Santo Padre) \u201c\u00e9 uma convers\u00e3o do cora\u00e7\u00e3o, ou seja, que aprendamos a ser Igreja com os outros, a partir da realidade concreta de cada comunidade\u201d. Esta vis\u00e3o refor\u00e7a a ideia de que <em>a unidade n\u00e3o \u00e9 uniformidade, mas comunh\u00e3o na diversidade<\/em>, um dos sinais mais belos da presen\u00e7a do Esp\u00edrito Santo.<\/p>\n<p>As suas palavras ressoaram em todos como um <em>chamamento \u00e0 esperan\u00e7a ativa<\/em>. A sinodalidade \u00e9 caminho de fermento, n\u00e3o de poder; \u00e9 arte paciente de se abrir ao Outro e aos outros, \u00e9 escutar, discernir e servir. Cada comunidade, cada crist\u00e3o, \u00e9 convidado, assim, a tornar-se <em>testemunha de um novo modo de estar no mundo<\/em>, em que a f\u00e9 se traduz em cuidado, rela\u00e7\u00e3o e compromisso.<\/p>\n<p>Ao concluir o encontro, o Papa Le\u00e3o XIV deixou um desafio que sintetiza o esp\u00edrito deste Jubileu: \u201cSer sinodal \u00e9 ser mission\u00e1rio. E ser mission\u00e1rio \u00e9 ser ponte \u2013 de f\u00e9, de esperan\u00e7a e de amor \u2013 entre Deus e o mundo\u201d.<\/p>\n<p>Esta imagem (<em>a Igreja como ponte<\/em>) \u00e9 talvez a mais eloquente express\u00e3o do caminho que o Jubileu das Equipas Sinodais quer propor: uma Igreja que n\u00e3o se fecha em si mesma, mas que <em>abre passagens, aproxima cora\u00e7\u00f5es e cura feridas<\/em>. Uma Igreja que escuta para transformar e que, caminhando unida, se torna sinal de um futuro reconciliado.<\/p>\n<p>Roma, 26 de Outubro de 2025<br \/>\nEquipa Sinodal da Confer\u00eancia Episcopal Portuguesa<\/p>\n<p><img fetchpriority=\"high\" decoding=\"async\" class=\"alignnone wp-image-9056 size-large\" src=\"https:\/\/www.conferenciaepiscopal.pt\/v1\/wp-content\/uploads\/2025\/10\/Jubileu-Equipas-Sinodais-01-1024x701.png\" alt=\"\" width=\"1024\" height=\"701\" srcset=\"https:\/\/www.conferenciaepiscopal.pt\/v1\/wp-content\/uploads\/2025\/10\/Jubileu-Equipas-Sinodais-01-1024x701.png 1024w, https:\/\/www.conferenciaepiscopal.pt\/v1\/wp-content\/uploads\/2025\/10\/Jubileu-Equipas-Sinodais-01-300x205.png 300w, https:\/\/www.conferenciaepiscopal.pt\/v1\/wp-content\/uploads\/2025\/10\/Jubileu-Equipas-Sinodais-01-768x526.png 768w, https:\/\/www.conferenciaepiscopal.pt\/v1\/wp-content\/uploads\/2025\/10\/Jubileu-Equipas-Sinodais-01-1536x1052.png 1536w, https:\/\/www.conferenciaepiscopal.pt\/v1\/wp-content\/uploads\/2025\/10\/Jubileu-Equipas-Sinodais-01-2048x1402.png 2048w\" sizes=\"(max-width: 1024px) 100vw, 1024px\" \/><\/p>\n<p>Portugal esteve presente com uma delega\u00e7\u00e3o de 27 pessoas, nomeadamente os membros da equipa sinodal da Confer\u00eancia Episcopal Portuguesa e representantes de 9 dioceses: Angra, Aveiro, Beja, \u00c9vora, Funchal, Leiria-F\u00e1tima, Lisboa, Set\u00fabal e Viseu. Entre os participantes estiveram leigos, padres, di\u00e1conos, consagradas e um bispo, D. Ant\u00f3nio Luciano.<\/p>\n","protected":false},"excerpt":{"rendered":"<p>Um caminho de esperan\u00e7a (I): a Igreja Sinodal como caminho de fermento na sociedade Neste Jubileu das Equipas Sinodais, que [&hellip;]<\/p>\n","protected":false},"author":2,"featured_media":9056,"comment_status":"closed","ping_status":"closed","sticky":false,"template":"","format":"standard","meta":{"site-sidebar-layout":"default","site-content-layout":"","ast-site-content-layout":"default","site-content-style":"default","site-sidebar-style":"default","ast-global-header-display":"","ast-banner-title-visibility":"","ast-main-header-display":"","ast-hfb-above-header-display":"","ast-hfb-below-header-display":"","ast-hfb-mobile-header-display":"","site-post-title":"","ast-breadcrumbs-content":"","ast-featured-img":"","footer-sml-layout":"","ast-disable-related-posts":"","theme-transparent-header-meta":"default","adv-header-id-meta":"","stick-header-meta":"default","header-above-stick-meta":"","header-main-stick-meta":"","header-below-stick-meta":"","astra-migrate-meta-layouts":"set","ast-page-background-enabled":"default","ast-page-background-meta":{"desktop":{"background-color":"var(--ast-global-color-4)","background-image":"","background-repeat":"repeat","background-position":"center center","background-size":"auto","background-attachment":"scroll","background-type":"","background-media":"","overlay-type":"","overlay-color":"","overlay-opacity":"","overlay-gradient":""},"tablet":{"background-color":"","background-image":"","background-repeat":"repeat","background-position":"center center","background-size":"auto","background-attachment":"scroll","background-type":"","background-media":"","overlay-type":"","overlay-color":"","overlay-opacity":"","overlay-gradient":""},"mobile":{"background-color":"","background-image":"","background-repeat":"repeat","background-position":"center center","background-size":"auto","background-attachment":"scroll","background-type":"","background-media":"","overlay-type":"","overlay-color":"","overlay-opacity":"","overlay-gradient":""}},"ast-content-background-meta":{"desktop":{"background-color":"var(--ast-global-color-5)","background-image":"","background-repeat":"repeat","background-position":"center center","background-size":"auto","background-attachment":"scroll","background-type":"","background-media":"","overlay-type":"","overlay-color":"","overlay-opacity":"","overlay-gradient":""},"tablet":{"background-color":"var(--ast-global-color-5)","background-image":"","background-repeat":"repeat","background-position":"center center","background-size":"auto","background-attachment":"scroll","background-type":"","background-media":"","overlay-type":"","overlay-color":"","overlay-opacity":"","overlay-gradient":""},"mobile":{"background-color":"var(--ast-global-color-5)","background-image":"","background-repeat":"repeat","background-position":"center center","background-size":"auto","background-attachment":"scroll","background-type":"","background-media":"","overlay-type":"","overlay-color":"","overlay-opacity":"","overlay-gradient":""}},"footnotes":""},"categories":[74,72],"tags":[],"class_list":["post-9055","post","type-post","status-publish","format-standard","has-post-thumbnail","hentry","category-entrada","category-noticias"],"yoast_head":"<!-- This site is optimized with the Yoast SEO plugin v27.5 - https:\/\/yoast.com\/product\/yoast-seo-wordpress\/ -->\n<title>&quot;Um caminho de esperan\u00e7a&quot; - Reflex\u00e3o sobre o Jubileu das Equipas Sinodais (Roma, Outubro 2025) - Confer\u00eancia Episcopal Portuguesa<\/title>\n<meta name=\"robots\" content=\"index, follow, max-snippet:-1, max-image-preview:large, max-video-preview:-1\" \/>\n<link rel=\"canonical\" href=\"https:\/\/www.conferenciaepiscopal.pt\/v1\/um-caminho-de-esperanca-reflexao-sobre-o-jubileu-das-equipas-sinodais-roma-outubro-2025\/\" \/>\n<meta property=\"og:locale\" content=\"pt_PT\" \/>\n<meta property=\"og:type\" content=\"article\" \/>\n<meta property=\"og:title\" content=\"&quot;Um caminho de esperan\u00e7a&quot; - Reflex\u00e3o sobre o Jubileu das Equipas Sinodais (Roma, Outubro 2025) - Confer\u00eancia Episcopal Portuguesa\" \/>\n<meta property=\"og:description\" content=\"Um caminho de esperan\u00e7a (I): a Igreja Sinodal como caminho de fermento na sociedade Neste Jubileu das Equipas Sinodais, que [&hellip;]\" \/>\n<meta property=\"og:url\" content=\"https:\/\/www.conferenciaepiscopal.pt\/v1\/um-caminho-de-esperanca-reflexao-sobre-o-jubileu-das-equipas-sinodais-roma-outubro-2025\/\" \/>\n<meta property=\"og:site_name\" content=\"Confer\u00eancia Episcopal Portuguesa\" \/>\n<meta property=\"article:published_time\" content=\"2025-10-26T14:14:45+00:00\" \/>\n<meta property=\"article:modified_time\" content=\"2025-10-28T15:26:26+00:00\" \/>\n<meta property=\"og:image\" content=\"https:\/\/www.conferenciaepiscopal.pt\/v1\/wp-content\/uploads\/2025\/10\/Jubileu-Equipas-Sinodais-01-1024x701.png\" \/>\n\t<meta property=\"og:image:width\" content=\"1024\" \/>\n\t<meta property=\"og:image:height\" content=\"701\" \/>\n\t<meta property=\"og:image:type\" content=\"image\/png\" \/>\n<meta name=\"author\" content=\"Anabela Sousa\" \/>\n<meta name=\"twitter:card\" content=\"summary_large_image\" \/>\n<meta name=\"twitter:label1\" content=\"Escrito por\" \/>\n\t<meta name=\"twitter:data1\" content=\"Anabela Sousa\" \/>\n\t<meta name=\"twitter:label2\" content=\"Tempo estimado de leitura\" \/>\n\t<meta name=\"twitter:data2\" content=\"9 minutos\" \/>\n<script type=\"application\/ld+json\" class=\"yoast-schema-graph\">{\"@context\":\"https:\\\/\\\/schema.org\",\"@graph\":[{\"@type\":\"Article\",\"@id\":\"https:\\\/\\\/www.conferenciaepiscopal.pt\\\/v1\\\/um-caminho-de-esperanca-reflexao-sobre-o-jubileu-das-equipas-sinodais-roma-outubro-2025\\\/#article\",\"isPartOf\":{\"@id\":\"https:\\\/\\\/www.conferenciaepiscopal.pt\\\/v1\\\/um-caminho-de-esperanca-reflexao-sobre-o-jubileu-das-equipas-sinodais-roma-outubro-2025\\\/\"},\"author\":{\"name\":\"Anabela Sousa\",\"@id\":\"https:\\\/\\\/www.conferenciaepiscopal.pt\\\/v1\\\/#\\\/schema\\\/person\\\/276594037f41ab419d8b2ae02d84119f\"},\"headline\":\"&#8220;Um caminho de esperan\u00e7a&#8221; &#8211; Reflex\u00e3o sobre o Jubileu das Equipas Sinodais (Roma, Outubro 2025)\",\"datePublished\":\"2025-10-26T14:14:45+00:00\",\"dateModified\":\"2025-10-28T15:26:26+00:00\",\"mainEntityOfPage\":{\"@id\":\"https:\\\/\\\/www.conferenciaepiscopal.pt\\\/v1\\\/um-caminho-de-esperanca-reflexao-sobre-o-jubileu-das-equipas-sinodais-roma-outubro-2025\\\/\"},\"wordCount\":1633,\"publisher\":{\"@id\":\"https:\\\/\\\/www.conferenciaepiscopal.pt\\\/v1\\\/#organization\"},\"image\":{\"@id\":\"https:\\\/\\\/www.conferenciaepiscopal.pt\\\/v1\\\/um-caminho-de-esperanca-reflexao-sobre-o-jubileu-das-equipas-sinodais-roma-outubro-2025\\\/#primaryimage\"},\"thumbnailUrl\":\"https:\\\/\\\/www.conferenciaepiscopal.pt\\\/v1\\\/wp-content\\\/uploads\\\/2025\\\/10\\\/Jubileu-Equipas-Sinodais-01.png\",\"articleSection\":[\"#entrada\",\"Not\u00edcias\"],\"inLanguage\":\"pt-PT\"},{\"@type\":\"WebPage\",\"@id\":\"https:\\\/\\\/www.conferenciaepiscopal.pt\\\/v1\\\/um-caminho-de-esperanca-reflexao-sobre-o-jubileu-das-equipas-sinodais-roma-outubro-2025\\\/\",\"url\":\"https:\\\/\\\/www.conferenciaepiscopal.pt\\\/v1\\\/um-caminho-de-esperanca-reflexao-sobre-o-jubileu-das-equipas-sinodais-roma-outubro-2025\\\/\",\"name\":\"\\\"Um caminho de esperan\u00e7a\\\" - Reflex\u00e3o sobre o Jubileu das Equipas Sinodais (Roma, Outubro 2025) - Confer\u00eancia Episcopal Portuguesa\",\"isPartOf\":{\"@id\":\"https:\\\/\\\/www.conferenciaepiscopal.pt\\\/v1\\\/#website\"},\"primaryImageOfPage\":{\"@id\":\"https:\\\/\\\/www.conferenciaepiscopal.pt\\\/v1\\\/um-caminho-de-esperanca-reflexao-sobre-o-jubileu-das-equipas-sinodais-roma-outubro-2025\\\/#primaryimage\"},\"image\":{\"@id\":\"https:\\\/\\\/www.conferenciaepiscopal.pt\\\/v1\\\/um-caminho-de-esperanca-reflexao-sobre-o-jubileu-das-equipas-sinodais-roma-outubro-2025\\\/#primaryimage\"},\"thumbnailUrl\":\"https:\\\/\\\/www.conferenciaepiscopal.pt\\\/v1\\\/wp-content\\\/uploads\\\/2025\\\/10\\\/Jubileu-Equipas-Sinodais-01.png\",\"datePublished\":\"2025-10-26T14:14:45+00:00\",\"dateModified\":\"2025-10-28T15:26:26+00:00\",\"breadcrumb\":{\"@id\":\"https:\\\/\\\/www.conferenciaepiscopal.pt\\\/v1\\\/um-caminho-de-esperanca-reflexao-sobre-o-jubileu-das-equipas-sinodais-roma-outubro-2025\\\/#breadcrumb\"},\"inLanguage\":\"pt-PT\",\"potentialAction\":[{\"@type\":\"ReadAction\",\"target\":[\"https:\\\/\\\/www.conferenciaepiscopal.pt\\\/v1\\\/um-caminho-de-esperanca-reflexao-sobre-o-jubileu-das-equipas-sinodais-roma-outubro-2025\\\/\"]}]},{\"@type\":\"ImageObject\",\"inLanguage\":\"pt-PT\",\"@id\":\"https:\\\/\\\/www.conferenciaepiscopal.pt\\\/v1\\\/um-caminho-de-esperanca-reflexao-sobre-o-jubileu-das-equipas-sinodais-roma-outubro-2025\\\/#primaryimage\",\"url\":\"https:\\\/\\\/www.conferenciaepiscopal.pt\\\/v1\\\/wp-content\\\/uploads\\\/2025\\\/10\\\/Jubileu-Equipas-Sinodais-01.png\",\"contentUrl\":\"https:\\\/\\\/www.conferenciaepiscopal.pt\\\/v1\\\/wp-content\\\/uploads\\\/2025\\\/10\\\/Jubileu-Equipas-Sinodais-01.png\",\"width\":2560,\"height\":1753},{\"@type\":\"BreadcrumbList\",\"@id\":\"https:\\\/\\\/www.conferenciaepiscopal.pt\\\/v1\\\/um-caminho-de-esperanca-reflexao-sobre-o-jubileu-das-equipas-sinodais-roma-outubro-2025\\\/#breadcrumb\",\"itemListElement\":[{\"@type\":\"ListItem\",\"position\":1,\"name\":\"In\u00edcio\",\"item\":\"https:\\\/\\\/www.conferenciaepiscopal.pt\\\/v1\\\/\"},{\"@type\":\"ListItem\",\"position\":2,\"name\":\"&#8220;Um caminho de esperan\u00e7a&#8221; &#8211; Reflex\u00e3o sobre o Jubileu das Equipas Sinodais (Roma, Outubro 2025)\"}]},{\"@type\":\"WebSite\",\"@id\":\"https:\\\/\\\/www.conferenciaepiscopal.pt\\\/v1\\\/#website\",\"url\":\"https:\\\/\\\/www.conferenciaepiscopal.pt\\\/v1\\\/\",\"name\":\"Confer\u00eancia Episcopal Portuguesa\",\"description\":\"Igreja Cat\u00f3lica em Portugal\",\"publisher\":{\"@id\":\"https:\\\/\\\/www.conferenciaepiscopal.pt\\\/v1\\\/#organization\"},\"potentialAction\":[{\"@type\":\"SearchAction\",\"target\":{\"@type\":\"EntryPoint\",\"urlTemplate\":\"https:\\\/\\\/www.conferenciaepiscopal.pt\\\/v1\\\/?s={search_term_string}\"},\"query-input\":{\"@type\":\"PropertyValueSpecification\",\"valueRequired\":true,\"valueName\":\"search_term_string\"}}],\"inLanguage\":\"pt-PT\"},{\"@type\":\"Organization\",\"@id\":\"https:\\\/\\\/www.conferenciaepiscopal.pt\\\/v1\\\/#organization\",\"name\":\"Confer\u00eancia Episcopal Portuguesa\",\"url\":\"https:\\\/\\\/www.conferenciaepiscopal.pt\\\/v1\\\/\",\"logo\":{\"@type\":\"ImageObject\",\"inLanguage\":\"pt-PT\",\"@id\":\"https:\\\/\\\/www.conferenciaepiscopal.pt\\\/v1\\\/#\\\/schema\\\/logo\\\/image\\\/\",\"url\":\"https:\\\/\\\/www.conferenciaepiscopal.pt\\\/v1\\\/wp-content\\\/uploads\\\/cropped-logoTransparente.png\",\"contentUrl\":\"https:\\\/\\\/www.conferenciaepiscopal.pt\\\/v1\\\/wp-content\\\/uploads\\\/cropped-logoTransparente.png\",\"width\":512,\"height\":512,\"caption\":\"Confer\u00eancia Episcopal Portuguesa\"},\"image\":{\"@id\":\"https:\\\/\\\/www.conferenciaepiscopal.pt\\\/v1\\\/#\\\/schema\\\/logo\\\/image\\\/\"}},{\"@type\":\"Person\",\"@id\":\"https:\\\/\\\/www.conferenciaepiscopal.pt\\\/v1\\\/#\\\/schema\\\/person\\\/276594037f41ab419d8b2ae02d84119f\",\"name\":\"Anabela Sousa\",\"image\":{\"@type\":\"ImageObject\",\"inLanguage\":\"pt-PT\",\"@id\":\"https:\\\/\\\/secure.gravatar.com\\\/avatar\\\/49af3230c4da697d62cdb63582d49dbf63fca33e78d0f530ced88eec32b12ba5?s=96&d=mm&r=g\",\"url\":\"https:\\\/\\\/secure.gravatar.com\\\/avatar\\\/49af3230c4da697d62cdb63582d49dbf63fca33e78d0f530ced88eec32b12ba5?s=96&d=mm&r=g\",\"contentUrl\":\"https:\\\/\\\/secure.gravatar.com\\\/avatar\\\/49af3230c4da697d62cdb63582d49dbf63fca33e78d0f530ced88eec32b12ba5?s=96&d=mm&r=g\",\"caption\":\"Anabela Sousa\"}}]}<\/script>\n<!-- \/ Yoast SEO plugin. -->","yoast_head_json":{"title":"\"Um caminho de esperan\u00e7a\" - Reflex\u00e3o sobre o Jubileu das Equipas Sinodais (Roma, Outubro 2025) - Confer\u00eancia Episcopal Portuguesa","robots":{"index":"index","follow":"follow","max-snippet":"max-snippet:-1","max-image-preview":"max-image-preview:large","max-video-preview":"max-video-preview:-1"},"canonical":"https:\/\/www.conferenciaepiscopal.pt\/v1\/um-caminho-de-esperanca-reflexao-sobre-o-jubileu-das-equipas-sinodais-roma-outubro-2025\/","og_locale":"pt_PT","og_type":"article","og_title":"\"Um caminho de esperan\u00e7a\" - Reflex\u00e3o sobre o Jubileu das Equipas Sinodais (Roma, Outubro 2025) - Confer\u00eancia Episcopal Portuguesa","og_description":"Um caminho de esperan\u00e7a (I): a Igreja Sinodal como caminho de fermento na sociedade Neste Jubileu das Equipas Sinodais, que [&hellip;]","og_url":"https:\/\/www.conferenciaepiscopal.pt\/v1\/um-caminho-de-esperanca-reflexao-sobre-o-jubileu-das-equipas-sinodais-roma-outubro-2025\/","og_site_name":"Confer\u00eancia Episcopal Portuguesa","article_published_time":"2025-10-26T14:14:45+00:00","article_modified_time":"2025-10-28T15:26:26+00:00","og_image":[{"width":1024,"height":701,"url":"https:\/\/www.conferenciaepiscopal.pt\/v1\/wp-content\/uploads\/2025\/10\/Jubileu-Equipas-Sinodais-01-1024x701.png","type":"image\/png"}],"author":"Anabela Sousa","twitter_card":"summary_large_image","twitter_misc":{"Escrito por":"Anabela Sousa","Tempo estimado de leitura":"9 minutos"},"schema":{"@context":"https:\/\/schema.org","@graph":[{"@type":"Article","@id":"https:\/\/www.conferenciaepiscopal.pt\/v1\/um-caminho-de-esperanca-reflexao-sobre-o-jubileu-das-equipas-sinodais-roma-outubro-2025\/#article","isPartOf":{"@id":"https:\/\/www.conferenciaepiscopal.pt\/v1\/um-caminho-de-esperanca-reflexao-sobre-o-jubileu-das-equipas-sinodais-roma-outubro-2025\/"},"author":{"name":"Anabela Sousa","@id":"https:\/\/www.conferenciaepiscopal.pt\/v1\/#\/schema\/person\/276594037f41ab419d8b2ae02d84119f"},"headline":"&#8220;Um caminho de esperan\u00e7a&#8221; &#8211; Reflex\u00e3o sobre o Jubileu das Equipas Sinodais (Roma, Outubro 2025)","datePublished":"2025-10-26T14:14:45+00:00","dateModified":"2025-10-28T15:26:26+00:00","mainEntityOfPage":{"@id":"https:\/\/www.conferenciaepiscopal.pt\/v1\/um-caminho-de-esperanca-reflexao-sobre-o-jubileu-das-equipas-sinodais-roma-outubro-2025\/"},"wordCount":1633,"publisher":{"@id":"https:\/\/www.conferenciaepiscopal.pt\/v1\/#organization"},"image":{"@id":"https:\/\/www.conferenciaepiscopal.pt\/v1\/um-caminho-de-esperanca-reflexao-sobre-o-jubileu-das-equipas-sinodais-roma-outubro-2025\/#primaryimage"},"thumbnailUrl":"https:\/\/www.conferenciaepiscopal.pt\/v1\/wp-content\/uploads\/2025\/10\/Jubileu-Equipas-Sinodais-01.png","articleSection":["#entrada","Not\u00edcias"],"inLanguage":"pt-PT"},{"@type":"WebPage","@id":"https:\/\/www.conferenciaepiscopal.pt\/v1\/um-caminho-de-esperanca-reflexao-sobre-o-jubileu-das-equipas-sinodais-roma-outubro-2025\/","url":"https:\/\/www.conferenciaepiscopal.pt\/v1\/um-caminho-de-esperanca-reflexao-sobre-o-jubileu-das-equipas-sinodais-roma-outubro-2025\/","name":"\"Um caminho de esperan\u00e7a\" - Reflex\u00e3o sobre o Jubileu das Equipas Sinodais (Roma, Outubro 2025) - Confer\u00eancia Episcopal Portuguesa","isPartOf":{"@id":"https:\/\/www.conferenciaepiscopal.pt\/v1\/#website"},"primaryImageOfPage":{"@id":"https:\/\/www.conferenciaepiscopal.pt\/v1\/um-caminho-de-esperanca-reflexao-sobre-o-jubileu-das-equipas-sinodais-roma-outubro-2025\/#primaryimage"},"image":{"@id":"https:\/\/www.conferenciaepiscopal.pt\/v1\/um-caminho-de-esperanca-reflexao-sobre-o-jubileu-das-equipas-sinodais-roma-outubro-2025\/#primaryimage"},"thumbnailUrl":"https:\/\/www.conferenciaepiscopal.pt\/v1\/wp-content\/uploads\/2025\/10\/Jubileu-Equipas-Sinodais-01.png","datePublished":"2025-10-26T14:14:45+00:00","dateModified":"2025-10-28T15:26:26+00:00","breadcrumb":{"@id":"https:\/\/www.conferenciaepiscopal.pt\/v1\/um-caminho-de-esperanca-reflexao-sobre-o-jubileu-das-equipas-sinodais-roma-outubro-2025\/#breadcrumb"},"inLanguage":"pt-PT","potentialAction":[{"@type":"ReadAction","target":["https:\/\/www.conferenciaepiscopal.pt\/v1\/um-caminho-de-esperanca-reflexao-sobre-o-jubileu-das-equipas-sinodais-roma-outubro-2025\/"]}]},{"@type":"ImageObject","inLanguage":"pt-PT","@id":"https:\/\/www.conferenciaepiscopal.pt\/v1\/um-caminho-de-esperanca-reflexao-sobre-o-jubileu-das-equipas-sinodais-roma-outubro-2025\/#primaryimage","url":"https:\/\/www.conferenciaepiscopal.pt\/v1\/wp-content\/uploads\/2025\/10\/Jubileu-Equipas-Sinodais-01.png","contentUrl":"https:\/\/www.conferenciaepiscopal.pt\/v1\/wp-content\/uploads\/2025\/10\/Jubileu-Equipas-Sinodais-01.png","width":2560,"height":1753},{"@type":"BreadcrumbList","@id":"https:\/\/www.conferenciaepiscopal.pt\/v1\/um-caminho-de-esperanca-reflexao-sobre-o-jubileu-das-equipas-sinodais-roma-outubro-2025\/#breadcrumb","itemListElement":[{"@type":"ListItem","position":1,"name":"In\u00edcio","item":"https:\/\/www.conferenciaepiscopal.pt\/v1\/"},{"@type":"ListItem","position":2,"name":"&#8220;Um caminho de esperan\u00e7a&#8221; &#8211; Reflex\u00e3o sobre o Jubileu das Equipas Sinodais (Roma, Outubro 2025)"}]},{"@type":"WebSite","@id":"https:\/\/www.conferenciaepiscopal.pt\/v1\/#website","url":"https:\/\/www.conferenciaepiscopal.pt\/v1\/","name":"Confer\u00eancia Episcopal Portuguesa","description":"Igreja Cat\u00f3lica em Portugal","publisher":{"@id":"https:\/\/www.conferenciaepiscopal.pt\/v1\/#organization"},"potentialAction":[{"@type":"SearchAction","target":{"@type":"EntryPoint","urlTemplate":"https:\/\/www.conferenciaepiscopal.pt\/v1\/?s={search_term_string}"},"query-input":{"@type":"PropertyValueSpecification","valueRequired":true,"valueName":"search_term_string"}}],"inLanguage":"pt-PT"},{"@type":"Organization","@id":"https:\/\/www.conferenciaepiscopal.pt\/v1\/#organization","name":"Confer\u00eancia Episcopal Portuguesa","url":"https:\/\/www.conferenciaepiscopal.pt\/v1\/","logo":{"@type":"ImageObject","inLanguage":"pt-PT","@id":"https:\/\/www.conferenciaepiscopal.pt\/v1\/#\/schema\/logo\/image\/","url":"https:\/\/www.conferenciaepiscopal.pt\/v1\/wp-content\/uploads\/cropped-logoTransparente.png","contentUrl":"https:\/\/www.conferenciaepiscopal.pt\/v1\/wp-content\/uploads\/cropped-logoTransparente.png","width":512,"height":512,"caption":"Confer\u00eancia Episcopal Portuguesa"},"image":{"@id":"https:\/\/www.conferenciaepiscopal.pt\/v1\/#\/schema\/logo\/image\/"}},{"@type":"Person","@id":"https:\/\/www.conferenciaepiscopal.pt\/v1\/#\/schema\/person\/276594037f41ab419d8b2ae02d84119f","name":"Anabela Sousa","image":{"@type":"ImageObject","inLanguage":"pt-PT","@id":"https:\/\/secure.gravatar.com\/avatar\/49af3230c4da697d62cdb63582d49dbf63fca33e78d0f530ced88eec32b12ba5?s=96&d=mm&r=g","url":"https:\/\/secure.gravatar.com\/avatar\/49af3230c4da697d62cdb63582d49dbf63fca33e78d0f530ced88eec32b12ba5?s=96&d=mm&r=g","contentUrl":"https:\/\/secure.gravatar.com\/avatar\/49af3230c4da697d62cdb63582d49dbf63fca33e78d0f530ced88eec32b12ba5?s=96&d=mm&r=g","caption":"Anabela Sousa"}}]}},"_links":{"self":[{"href":"https:\/\/www.conferenciaepiscopal.pt\/v1\/wp-json\/wp\/v2\/posts\/9055","targetHints":{"allow":["GET"]}}],"collection":[{"href":"https:\/\/www.conferenciaepiscopal.pt\/v1\/wp-json\/wp\/v2\/posts"}],"about":[{"href":"https:\/\/www.conferenciaepiscopal.pt\/v1\/wp-json\/wp\/v2\/types\/post"}],"author":[{"embeddable":true,"href":"https:\/\/www.conferenciaepiscopal.pt\/v1\/wp-json\/wp\/v2\/users\/2"}],"replies":[{"embeddable":true,"href":"https:\/\/www.conferenciaepiscopal.pt\/v1\/wp-json\/wp\/v2\/comments?post=9055"}],"version-history":[{"count":12,"href":"https:\/\/www.conferenciaepiscopal.pt\/v1\/wp-json\/wp\/v2\/posts\/9055\/revisions"}],"predecessor-version":[{"id":9069,"href":"https:\/\/www.conferenciaepiscopal.pt\/v1\/wp-json\/wp\/v2\/posts\/9055\/revisions\/9069"}],"wp:featuredmedia":[{"embeddable":true,"href":"https:\/\/www.conferenciaepiscopal.pt\/v1\/wp-json\/wp\/v2\/media\/9056"}],"wp:attachment":[{"href":"https:\/\/www.conferenciaepiscopal.pt\/v1\/wp-json\/wp\/v2\/media?parent=9055"}],"wp:term":[{"taxonomy":"category","embeddable":true,"href":"https:\/\/www.conferenciaepiscopal.pt\/v1\/wp-json\/wp\/v2\/categories?post=9055"},{"taxonomy":"post_tag","embeddable":true,"href":"https:\/\/www.conferenciaepiscopal.pt\/v1\/wp-json\/wp\/v2\/tags?post=9055"}],"curies":[{"name":"wp","href":"https:\/\/api.w.org\/{rel}","templated":true}]}}