{"id":9012,"date":"2025-10-07T11:00:40","date_gmt":"2025-10-07T10:00:40","guid":{"rendered":"https:\/\/www.conferenciaepiscopal.pt\/v1\/?p=9012"},"modified":"2025-10-07T11:04:48","modified_gmt":"2025-10-07T10:04:48","slug":"padre-pedro-fernandes-nomeado-bispo-de-portalegre-castelo-branco","status":"publish","type":"post","link":"https:\/\/www.conferenciaepiscopal.pt\/v1\/padre-pedro-fernandes-nomeado-bispo-de-portalegre-castelo-branco\/","title":{"rendered":"Padre Pedro Fernandes nomeado Bispo de Portalegre-Castelo Branco"},"content":{"rendered":"<p>O Papa Le\u00e3o XIV aceitou hoje a ren\u00fancia de Sua Excel\u00eancia Reverend\u00edssima D. Antonino Eug\u00e9nio Fernandes Dias ao governo pastoral da Diocese de Portalegre-Castelo Branco e nomeou o Padre Pedro Alexandre Sim\u00f5es Gouveia Fernandes, C.S.Sp., at\u00e9 agora Presidente do Conselho de Administra\u00e7\u00e3o da Associa\u00e7\u00e3o de Apoio Social Anima Una, Bispo de Portalegre-Castelo Branco. D. Antonino Dias foi nomeado Administrador Apost\u00f3lico desta Diocese at\u00e9 \u00e0 tomada de posse can\u00f3nica do novo Bispo.<\/p>\n<p>A Confer\u00eancia Episcopal congratula-se com a nomea\u00e7\u00e3o do Padre Pedro Fernandes e deseja que exer\u00e7a um fecundo minist\u00e9rio pastoral junto do Povo de Deus que est\u00e1 em Portalegre-Castelo Branco, fomentando o sentido mission\u00e1rio e sinodal da Igreja. A sua presen\u00e7a nos organismos da Confer\u00eancia Episcopal contribuir\u00e1 certamente para a renova\u00e7\u00e3o da Igreja em Portugal.<\/p>\n<p>Ao mesmo tempo, agradece a D. Antonino Dias o servi\u00e7o pastoral que prestou como Bispo desta Diocese ao longo de 25 anos.<\/p>\n<p>Lisboa, 7 de outubro de 2025<br \/>\nSecretariado Geral da CEP<\/p>\n<h4><strong><em>Nota biogr\u00e1fica do Padre Pedro Fernandes<\/em><\/strong><\/h4>\n<p>O Reverendo Padre Pedro Alexandre Sim\u00f5es Gouveia Fernandes, C.S.Sp., nasceu a 22 de junho de 1969 em Lisboa, Patriarcado de Lisboa.<\/p>\n<p>Ap\u00f3s concluir os estudos secund\u00e1rios em 1987, frequentou o primeiro ano de Teologia na Faculdade de Teologia da Universidade Cat\u00f3lica Portuguesa, em Lisboa. Depois, em 1988, ingressou na comunidade de estudantes Espiritanos do Restelo, em Lisboa, onde prosseguiu os seus estudos enquanto desenvolvia trabalho pastoral num ambiente de imigra\u00e7\u00e3o.<\/p>\n<p>Em 1991 ingressou no Noviciado espiritano em Silva, Barcelos, e fez os primeiros votos a 8 de setembro de 1992. No ano seguinte regressou a Lisboa para o quinto ano de teologia, concluindo com uma tese sobre o di\u00e1logo cat\u00f3lico-anglicano.<\/p>\n<p>De 1993 a 1995 foi membro da Comunidade Espiritana de Clamart (Fran\u00e7a), obtendo uma licenciatura em Teologia Moral no <em>Institut Catholique de Paris<\/em>. Em 8 de setembro de 1995 fez os votos perp\u00e9tuos e em 8 de outubro de 1995 foi ordenado di\u00e1cono em Lisboa. Depois, de 1995 a outubro de 1996, realizou o seu est\u00e1gio mission\u00e1rio na Guin\u00e9-Bissau como di\u00e1cono.<\/p>\n<p>Foi ordenado sacerdote em Lisboa a 21 de julho de 1996 e integrou, nesse ano, o primeiro grupo de Espiritanos enviados para a miss\u00e3o em Mo\u00e7ambique. Inseriu-se na equipa mission\u00e1ria de Netia (Diocese de Nacala), de onde assistiu a vasta regi\u00e3o de Itoculo (na mesma diocese). A\u00ed mesmo, a partir de 2004, com a equipa Espiritana \u00e0 que pertencia, fundou a nova miss\u00e3o de S. Jos\u00e9 de Itoculo (2004), confiando ao clero de Nacala a miss\u00e3o de Netia. Durante este per\u00edodo, al\u00e9m do trabalho paroquial, foi Coordenador da Zona Pastoral de Monapo-Carapira (Vig\u00e1rio For\u00e2neo) e Coordenador Pastoral da Diocese (2000-2009).<\/p>\n<p>De 2009 a 2010 mudou-se para Roma, onde obteve um diploma no Centro Interdisciplinar para a Forma\u00e7\u00e3o de Formadores para o Sacerd\u00f3cio (C.I.F.S.), na Pontif\u00edcia Universidade Gregoriana de Roma (2009-2010).<\/p>\n<p>De regresso a Portugal, de 2010 a 2018 foi Superior da Comunidade Espiritana do Porto; Diretor de Forma\u00e7\u00e3o na Casa de Forma\u00e7\u00e3o Espiritana do Pinheiro Manso, no Porto, um centro internacional de forma\u00e7\u00e3o de jovens Espiritanos de v\u00e1rios pa\u00edses; e Professor de Teologia da Miss\u00e3o no 6\u00ba ano do Semin\u00e1rio Diocesano do Porto.<\/p>\n<p>De 2010 a 2012 foi Conselheiro Provincial e de 2012 a 2018 Primeiro Assistente da Prov\u00edncia Portuguesa da Congrega\u00e7\u00e3o do Esp\u00edrito Santo e Acompanhante e Animador de grupos juvenis, em particular grupos pertencentes aos <em>Jovens sem Fronteiras<\/em>, movimento ligado aos Espiritanos.<\/p>\n<p>De 2018 a 2024 foi Superior Provincial da Prov\u00edncia Portuguesa dos Espiritanos e Vice-Presidente da Confer\u00eancia dos Institutos Religiosos de Portugal (CIRP).<\/p>\n<p>Atualmente \u00e9 Presidente do Conselho de Administra\u00e7\u00e3o da Institui\u00e7\u00e3o de Apoio Social <em>Anima Una<\/em>.<\/p>\n<p><img fetchpriority=\"high\" decoding=\"async\" class=\"alignnone wp-image-9014 size-large\" src=\"https:\/\/www.conferenciaepiscopal.pt\/v1\/wp-content\/uploads\/2025\/10\/PedroFernandes-espiritano-1024x717.jpg\" alt=\"\" width=\"1024\" height=\"717\" srcset=\"https:\/\/www.conferenciaepiscopal.pt\/v1\/wp-content\/uploads\/2025\/10\/PedroFernandes-espiritano-1024x717.jpg 1024w, https:\/\/www.conferenciaepiscopal.pt\/v1\/wp-content\/uploads\/2025\/10\/PedroFernandes-espiritano-300x210.jpg 300w, https:\/\/www.conferenciaepiscopal.pt\/v1\/wp-content\/uploads\/2025\/10\/PedroFernandes-espiritano-768x538.jpg 768w, https:\/\/www.conferenciaepiscopal.pt\/v1\/wp-content\/uploads\/2025\/10\/PedroFernandes-espiritano.jpg 1500w\" sizes=\"(max-width: 1024px) 100vw, 1024px\" \/><\/p>\n","protected":false},"excerpt":{"rendered":"<p>O Papa Le\u00e3o XIV aceitou hoje a ren\u00fancia de Sua Excel\u00eancia Reverend\u00edssima D. Antonino Eug\u00e9nio Fernandes Dias ao governo pastoral [&hellip;]<\/p>\n","protected":false},"author":2,"featured_media":9014,"comment_status":"closed","ping_status":"closed","sticky":false,"template":"","format":"standard","meta":{"site-sidebar-layout":"default","site-content-layout":"","ast-site-content-layout":"default","site-content-style":"default","site-sidebar-style":"default","ast-global-header-display":"","ast-banner-title-visibility":"","ast-main-header-display":"","ast-hfb-above-header-display":"","ast-hfb-below-header-display":"","ast-hfb-mobile-header-display":"","site-post-title":"","ast-breadcrumbs-content":"","ast-featured-img":"","footer-sml-layout":"","ast-disable-related-posts":"","theme-transparent-header-meta":"default","adv-header-id-meta":"","stick-header-meta":"default","header-above-stick-meta":"","header-main-stick-meta":"","header-below-stick-meta":"","astra-migrate-meta-layouts":"set","ast-page-background-enabled":"default","ast-page-background-meta":{"desktop":{"background-color":"var(--ast-global-color-4)","background-image":"","background-repeat":"repeat","background-position":"center center","background-size":"auto","background-attachment":"scroll","background-type":"","background-media":"","overlay-type":"","overlay-color":"","overlay-opacity":"","overlay-gradient":""},"tablet":{"background-color":"","background-image":"","background-repeat":"repeat","background-position":"center center","background-size":"auto","background-attachment":"scroll","background-type":"","background-media":"","overlay-type":"","overlay-color":"","overlay-opacity":"","overlay-gradient":""},"mobile":{"background-color":"","background-image":"","background-repeat":"repeat","background-position":"center center","background-size":"auto","background-attachment":"scroll","background-type":"","background-media":"","overlay-type":"","overlay-color":"","overlay-opacity":"","overlay-gradient":""}},"ast-content-background-meta":{"desktop":{"background-color":"var(--ast-global-color-5)","background-image":"","background-repeat":"repeat","background-position":"center center","background-size":"auto","background-attachment":"scroll","background-type":"","background-media":"","overlay-type":"","overlay-color":"","overlay-opacity":"","overlay-gradient":""},"tablet":{"background-color":"var(--ast-global-color-5)","background-image":"","background-repeat":"repeat","background-position":"center center","background-size":"auto","background-attachment":"scroll","background-type":"","background-media":"","overlay-type":"","overlay-color":"","overlay-opacity":"","overlay-gradient":""},"mobile":{"background-color":"var(--ast-global-color-5)","background-image":"","background-repeat":"repeat","background-position":"center center","background-size":"auto","background-attachment":"scroll","background-type":"","background-media":"","overlay-type":"","overlay-color":"","overlay-opacity":"","overlay-gradient":""}},"footnotes":""},"categories":[74,72],"tags":[],"class_list":["post-9012","post","type-post","status-publish","format-standard","has-post-thumbnail","hentry","category-entrada","category-noticias"],"yoast_head":"<!-- This site is optimized with the Yoast SEO plugin v27.5 - https:\/\/yoast.com\/product\/yoast-seo-wordpress\/ -->\n<title>Padre Pedro Fernandes nomeado Bispo de Portalegre-Castelo Branco - Confer\u00eancia Episcopal Portuguesa<\/title>\n<meta name=\"robots\" content=\"index, follow, max-snippet:-1, max-image-preview:large, max-video-preview:-1\" \/>\n<link rel=\"canonical\" href=\"https:\/\/www.conferenciaepiscopal.pt\/v1\/padre-pedro-fernandes-nomeado-bispo-de-portalegre-castelo-branco\/\" \/>\n<meta property=\"og:locale\" content=\"pt_PT\" \/>\n<meta property=\"og:type\" content=\"article\" \/>\n<meta property=\"og:title\" content=\"Padre Pedro Fernandes nomeado Bispo de Portalegre-Castelo Branco - Confer\u00eancia Episcopal Portuguesa\" \/>\n<meta property=\"og:description\" content=\"O Papa Le\u00e3o XIV aceitou hoje a ren\u00fancia de Sua Excel\u00eancia Reverend\u00edssima D. Antonino Eug\u00e9nio Fernandes Dias ao governo pastoral [&hellip;]\" \/>\n<meta property=\"og:url\" content=\"https:\/\/www.conferenciaepiscopal.pt\/v1\/padre-pedro-fernandes-nomeado-bispo-de-portalegre-castelo-branco\/\" \/>\n<meta property=\"og:site_name\" content=\"Confer\u00eancia Episcopal Portuguesa\" \/>\n<meta property=\"article:published_time\" content=\"2025-10-07T10:00:40+00:00\" \/>\n<meta property=\"article:modified_time\" content=\"2025-10-07T10:04:48+00:00\" \/>\n<meta property=\"og:image\" content=\"https:\/\/www.conferenciaepiscopal.pt\/v1\/wp-content\/uploads\/2025\/10\/PedroFernandes-espiritano.jpg\" \/>\n\t<meta property=\"og:image:width\" content=\"1500\" \/>\n\t<meta property=\"og:image:height\" content=\"1050\" \/>\n\t<meta property=\"og:image:type\" content=\"image\/jpeg\" \/>\n<meta name=\"author\" content=\"Anabela Sousa\" \/>\n<meta name=\"twitter:card\" content=\"summary_large_image\" \/>\n<meta name=\"twitter:label1\" content=\"Escrito por\" \/>\n\t<meta name=\"twitter:data1\" content=\"Anabela Sousa\" \/>\n\t<meta name=\"twitter:label2\" content=\"Tempo estimado de leitura\" \/>\n\t<meta name=\"twitter:data2\" content=\"4 minutos\" \/>\n<script type=\"application\/ld+json\" class=\"yoast-schema-graph\">{\"@context\":\"https:\\\/\\\/schema.org\",\"@graph\":[{\"@type\":\"Article\",\"@id\":\"https:\\\/\\\/www.conferenciaepiscopal.pt\\\/v1\\\/padre-pedro-fernandes-nomeado-bispo-de-portalegre-castelo-branco\\\/#article\",\"isPartOf\":{\"@id\":\"https:\\\/\\\/www.conferenciaepiscopal.pt\\\/v1\\\/padre-pedro-fernandes-nomeado-bispo-de-portalegre-castelo-branco\\\/\"},\"author\":{\"name\":\"Anabela Sousa\",\"@id\":\"https:\\\/\\\/www.conferenciaepiscopal.pt\\\/v1\\\/#\\\/schema\\\/person\\\/276594037f41ab419d8b2ae02d84119f\"},\"headline\":\"Padre Pedro Fernandes nomeado Bispo de Portalegre-Castelo Branco\",\"datePublished\":\"2025-10-07T10:00:40+00:00\",\"dateModified\":\"2025-10-07T10:04:48+00:00\",\"mainEntityOfPage\":{\"@id\":\"https:\\\/\\\/www.conferenciaepiscopal.pt\\\/v1\\\/padre-pedro-fernandes-nomeado-bispo-de-portalegre-castelo-branco\\\/\"},\"wordCount\":634,\"publisher\":{\"@id\":\"https:\\\/\\\/www.conferenciaepiscopal.pt\\\/v1\\\/#organization\"},\"image\":{\"@id\":\"https:\\\/\\\/www.conferenciaepiscopal.pt\\\/v1\\\/padre-pedro-fernandes-nomeado-bispo-de-portalegre-castelo-branco\\\/#primaryimage\"},\"thumbnailUrl\":\"https:\\\/\\\/www.conferenciaepiscopal.pt\\\/v1\\\/wp-content\\\/uploads\\\/2025\\\/10\\\/PedroFernandes-espiritano.jpg\",\"articleSection\":[\"#entrada\",\"Not\u00edcias\"],\"inLanguage\":\"pt-PT\"},{\"@type\":\"WebPage\",\"@id\":\"https:\\\/\\\/www.conferenciaepiscopal.pt\\\/v1\\\/padre-pedro-fernandes-nomeado-bispo-de-portalegre-castelo-branco\\\/\",\"url\":\"https:\\\/\\\/www.conferenciaepiscopal.pt\\\/v1\\\/padre-pedro-fernandes-nomeado-bispo-de-portalegre-castelo-branco\\\/\",\"name\":\"Padre Pedro Fernandes nomeado Bispo de Portalegre-Castelo Branco - Confer\u00eancia Episcopal Portuguesa\",\"isPartOf\":{\"@id\":\"https:\\\/\\\/www.conferenciaepiscopal.pt\\\/v1\\\/#website\"},\"primaryImageOfPage\":{\"@id\":\"https:\\\/\\\/www.conferenciaepiscopal.pt\\\/v1\\\/padre-pedro-fernandes-nomeado-bispo-de-portalegre-castelo-branco\\\/#primaryimage\"},\"image\":{\"@id\":\"https:\\\/\\\/www.conferenciaepiscopal.pt\\\/v1\\\/padre-pedro-fernandes-nomeado-bispo-de-portalegre-castelo-branco\\\/#primaryimage\"},\"thumbnailUrl\":\"https:\\\/\\\/www.conferenciaepiscopal.pt\\\/v1\\\/wp-content\\\/uploads\\\/2025\\\/10\\\/PedroFernandes-espiritano.jpg\",\"datePublished\":\"2025-10-07T10:00:40+00:00\",\"dateModified\":\"2025-10-07T10:04:48+00:00\",\"breadcrumb\":{\"@id\":\"https:\\\/\\\/www.conferenciaepiscopal.pt\\\/v1\\\/padre-pedro-fernandes-nomeado-bispo-de-portalegre-castelo-branco\\\/#breadcrumb\"},\"inLanguage\":\"pt-PT\",\"potentialAction\":[{\"@type\":\"ReadAction\",\"target\":[\"https:\\\/\\\/www.conferenciaepiscopal.pt\\\/v1\\\/padre-pedro-fernandes-nomeado-bispo-de-portalegre-castelo-branco\\\/\"]}]},{\"@type\":\"ImageObject\",\"inLanguage\":\"pt-PT\",\"@id\":\"https:\\\/\\\/www.conferenciaepiscopal.pt\\\/v1\\\/padre-pedro-fernandes-nomeado-bispo-de-portalegre-castelo-branco\\\/#primaryimage\",\"url\":\"https:\\\/\\\/www.conferenciaepiscopal.pt\\\/v1\\\/wp-content\\\/uploads\\\/2025\\\/10\\\/PedroFernandes-espiritano.jpg\",\"contentUrl\":\"https:\\\/\\\/www.conferenciaepiscopal.pt\\\/v1\\\/wp-content\\\/uploads\\\/2025\\\/10\\\/PedroFernandes-espiritano.jpg\",\"width\":1500,\"height\":1050},{\"@type\":\"BreadcrumbList\",\"@id\":\"https:\\\/\\\/www.conferenciaepiscopal.pt\\\/v1\\\/padre-pedro-fernandes-nomeado-bispo-de-portalegre-castelo-branco\\\/#breadcrumb\",\"itemListElement\":[{\"@type\":\"ListItem\",\"position\":1,\"name\":\"In\u00edcio\",\"item\":\"https:\\\/\\\/www.conferenciaepiscopal.pt\\\/v1\\\/\"},{\"@type\":\"ListItem\",\"position\":2,\"name\":\"Padre Pedro Fernandes nomeado Bispo de Portalegre-Castelo Branco\"}]},{\"@type\":\"WebSite\",\"@id\":\"https:\\\/\\\/www.conferenciaepiscopal.pt\\\/v1\\\/#website\",\"url\":\"https:\\\/\\\/www.conferenciaepiscopal.pt\\\/v1\\\/\",\"name\":\"Confer\u00eancia Episcopal Portuguesa\",\"description\":\"Igreja Cat\u00f3lica em Portugal\",\"publisher\":{\"@id\":\"https:\\\/\\\/www.conferenciaepiscopal.pt\\\/v1\\\/#organization\"},\"potentialAction\":[{\"@type\":\"SearchAction\",\"target\":{\"@type\":\"EntryPoint\",\"urlTemplate\":\"https:\\\/\\\/www.conferenciaepiscopal.pt\\\/v1\\\/?s={search_term_string}\"},\"query-input\":{\"@type\":\"PropertyValueSpecification\",\"valueRequired\":true,\"valueName\":\"search_term_string\"}}],\"inLanguage\":\"pt-PT\"},{\"@type\":\"Organization\",\"@id\":\"https:\\\/\\\/www.conferenciaepiscopal.pt\\\/v1\\\/#organization\",\"name\":\"Confer\u00eancia Episcopal Portuguesa\",\"url\":\"https:\\\/\\\/www.conferenciaepiscopal.pt\\\/v1\\\/\",\"logo\":{\"@type\":\"ImageObject\",\"inLanguage\":\"pt-PT\",\"@id\":\"https:\\\/\\\/www.conferenciaepiscopal.pt\\\/v1\\\/#\\\/schema\\\/logo\\\/image\\\/\",\"url\":\"https:\\\/\\\/www.conferenciaepiscopal.pt\\\/v1\\\/wp-content\\\/uploads\\\/cropped-logoTransparente.png\",\"contentUrl\":\"https:\\\/\\\/www.conferenciaepiscopal.pt\\\/v1\\\/wp-content\\\/uploads\\\/cropped-logoTransparente.png\",\"width\":512,\"height\":512,\"caption\":\"Confer\u00eancia Episcopal Portuguesa\"},\"image\":{\"@id\":\"https:\\\/\\\/www.conferenciaepiscopal.pt\\\/v1\\\/#\\\/schema\\\/logo\\\/image\\\/\"}},{\"@type\":\"Person\",\"@id\":\"https:\\\/\\\/www.conferenciaepiscopal.pt\\\/v1\\\/#\\\/schema\\\/person\\\/276594037f41ab419d8b2ae02d84119f\",\"name\":\"Anabela Sousa\",\"image\":{\"@type\":\"ImageObject\",\"inLanguage\":\"pt-PT\",\"@id\":\"https:\\\/\\\/secure.gravatar.com\\\/avatar\\\/49af3230c4da697d62cdb63582d49dbf63fca33e78d0f530ced88eec32b12ba5?s=96&d=mm&r=g\",\"url\":\"https:\\\/\\\/secure.gravatar.com\\\/avatar\\\/49af3230c4da697d62cdb63582d49dbf63fca33e78d0f530ced88eec32b12ba5?s=96&d=mm&r=g\",\"contentUrl\":\"https:\\\/\\\/secure.gravatar.com\\\/avatar\\\/49af3230c4da697d62cdb63582d49dbf63fca33e78d0f530ced88eec32b12ba5?s=96&d=mm&r=g\",\"caption\":\"Anabela Sousa\"}}]}<\/script>\n<!-- \/ Yoast SEO plugin. -->","yoast_head_json":{"title":"Padre Pedro Fernandes nomeado Bispo de Portalegre-Castelo Branco - Confer\u00eancia Episcopal Portuguesa","robots":{"index":"index","follow":"follow","max-snippet":"max-snippet:-1","max-image-preview":"max-image-preview:large","max-video-preview":"max-video-preview:-1"},"canonical":"https:\/\/www.conferenciaepiscopal.pt\/v1\/padre-pedro-fernandes-nomeado-bispo-de-portalegre-castelo-branco\/","og_locale":"pt_PT","og_type":"article","og_title":"Padre Pedro Fernandes nomeado Bispo de Portalegre-Castelo Branco - Confer\u00eancia Episcopal Portuguesa","og_description":"O Papa Le\u00e3o XIV aceitou hoje a ren\u00fancia de Sua Excel\u00eancia Reverend\u00edssima D. Antonino Eug\u00e9nio Fernandes Dias ao governo pastoral [&hellip;]","og_url":"https:\/\/www.conferenciaepiscopal.pt\/v1\/padre-pedro-fernandes-nomeado-bispo-de-portalegre-castelo-branco\/","og_site_name":"Confer\u00eancia Episcopal Portuguesa","article_published_time":"2025-10-07T10:00:40+00:00","article_modified_time":"2025-10-07T10:04:48+00:00","og_image":[{"width":1500,"height":1050,"url":"https:\/\/www.conferenciaepiscopal.pt\/v1\/wp-content\/uploads\/2025\/10\/PedroFernandes-espiritano.jpg","type":"image\/jpeg"}],"author":"Anabela Sousa","twitter_card":"summary_large_image","twitter_misc":{"Escrito por":"Anabela Sousa","Tempo estimado de leitura":"4 minutos"},"schema":{"@context":"https:\/\/schema.org","@graph":[{"@type":"Article","@id":"https:\/\/www.conferenciaepiscopal.pt\/v1\/padre-pedro-fernandes-nomeado-bispo-de-portalegre-castelo-branco\/#article","isPartOf":{"@id":"https:\/\/www.conferenciaepiscopal.pt\/v1\/padre-pedro-fernandes-nomeado-bispo-de-portalegre-castelo-branco\/"},"author":{"name":"Anabela Sousa","@id":"https:\/\/www.conferenciaepiscopal.pt\/v1\/#\/schema\/person\/276594037f41ab419d8b2ae02d84119f"},"headline":"Padre Pedro Fernandes nomeado Bispo de Portalegre-Castelo Branco","datePublished":"2025-10-07T10:00:40+00:00","dateModified":"2025-10-07T10:04:48+00:00","mainEntityOfPage":{"@id":"https:\/\/www.conferenciaepiscopal.pt\/v1\/padre-pedro-fernandes-nomeado-bispo-de-portalegre-castelo-branco\/"},"wordCount":634,"publisher":{"@id":"https:\/\/www.conferenciaepiscopal.pt\/v1\/#organization"},"image":{"@id":"https:\/\/www.conferenciaepiscopal.pt\/v1\/padre-pedro-fernandes-nomeado-bispo-de-portalegre-castelo-branco\/#primaryimage"},"thumbnailUrl":"https:\/\/www.conferenciaepiscopal.pt\/v1\/wp-content\/uploads\/2025\/10\/PedroFernandes-espiritano.jpg","articleSection":["#entrada","Not\u00edcias"],"inLanguage":"pt-PT"},{"@type":"WebPage","@id":"https:\/\/www.conferenciaepiscopal.pt\/v1\/padre-pedro-fernandes-nomeado-bispo-de-portalegre-castelo-branco\/","url":"https:\/\/www.conferenciaepiscopal.pt\/v1\/padre-pedro-fernandes-nomeado-bispo-de-portalegre-castelo-branco\/","name":"Padre Pedro Fernandes nomeado Bispo de Portalegre-Castelo Branco - Confer\u00eancia Episcopal Portuguesa","isPartOf":{"@id":"https:\/\/www.conferenciaepiscopal.pt\/v1\/#website"},"primaryImageOfPage":{"@id":"https:\/\/www.conferenciaepiscopal.pt\/v1\/padre-pedro-fernandes-nomeado-bispo-de-portalegre-castelo-branco\/#primaryimage"},"image":{"@id":"https:\/\/www.conferenciaepiscopal.pt\/v1\/padre-pedro-fernandes-nomeado-bispo-de-portalegre-castelo-branco\/#primaryimage"},"thumbnailUrl":"https:\/\/www.conferenciaepiscopal.pt\/v1\/wp-content\/uploads\/2025\/10\/PedroFernandes-espiritano.jpg","datePublished":"2025-10-07T10:00:40+00:00","dateModified":"2025-10-07T10:04:48+00:00","breadcrumb":{"@id":"https:\/\/www.conferenciaepiscopal.pt\/v1\/padre-pedro-fernandes-nomeado-bispo-de-portalegre-castelo-branco\/#breadcrumb"},"inLanguage":"pt-PT","potentialAction":[{"@type":"ReadAction","target":["https:\/\/www.conferenciaepiscopal.pt\/v1\/padre-pedro-fernandes-nomeado-bispo-de-portalegre-castelo-branco\/"]}]},{"@type":"ImageObject","inLanguage":"pt-PT","@id":"https:\/\/www.conferenciaepiscopal.pt\/v1\/padre-pedro-fernandes-nomeado-bispo-de-portalegre-castelo-branco\/#primaryimage","url":"https:\/\/www.conferenciaepiscopal.pt\/v1\/wp-content\/uploads\/2025\/10\/PedroFernandes-espiritano.jpg","contentUrl":"https:\/\/www.conferenciaepiscopal.pt\/v1\/wp-content\/uploads\/2025\/10\/PedroFernandes-espiritano.jpg","width":1500,"height":1050},{"@type":"BreadcrumbList","@id":"https:\/\/www.conferenciaepiscopal.pt\/v1\/padre-pedro-fernandes-nomeado-bispo-de-portalegre-castelo-branco\/#breadcrumb","itemListElement":[{"@type":"ListItem","position":1,"name":"In\u00edcio","item":"https:\/\/www.conferenciaepiscopal.pt\/v1\/"},{"@type":"ListItem","position":2,"name":"Padre Pedro Fernandes nomeado Bispo de Portalegre-Castelo Branco"}]},{"@type":"WebSite","@id":"https:\/\/www.conferenciaepiscopal.pt\/v1\/#website","url":"https:\/\/www.conferenciaepiscopal.pt\/v1\/","name":"Confer\u00eancia Episcopal Portuguesa","description":"Igreja Cat\u00f3lica em Portugal","publisher":{"@id":"https:\/\/www.conferenciaepiscopal.pt\/v1\/#organization"},"potentialAction":[{"@type":"SearchAction","target":{"@type":"EntryPoint","urlTemplate":"https:\/\/www.conferenciaepiscopal.pt\/v1\/?s={search_term_string}"},"query-input":{"@type":"PropertyValueSpecification","valueRequired":true,"valueName":"search_term_string"}}],"inLanguage":"pt-PT"},{"@type":"Organization","@id":"https:\/\/www.conferenciaepiscopal.pt\/v1\/#organization","name":"Confer\u00eancia Episcopal Portuguesa","url":"https:\/\/www.conferenciaepiscopal.pt\/v1\/","logo":{"@type":"ImageObject","inLanguage":"pt-PT","@id":"https:\/\/www.conferenciaepiscopal.pt\/v1\/#\/schema\/logo\/image\/","url":"https:\/\/www.conferenciaepiscopal.pt\/v1\/wp-content\/uploads\/cropped-logoTransparente.png","contentUrl":"https:\/\/www.conferenciaepiscopal.pt\/v1\/wp-content\/uploads\/cropped-logoTransparente.png","width":512,"height":512,"caption":"Confer\u00eancia Episcopal Portuguesa"},"image":{"@id":"https:\/\/www.conferenciaepiscopal.pt\/v1\/#\/schema\/logo\/image\/"}},{"@type":"Person","@id":"https:\/\/www.conferenciaepiscopal.pt\/v1\/#\/schema\/person\/276594037f41ab419d8b2ae02d84119f","name":"Anabela Sousa","image":{"@type":"ImageObject","inLanguage":"pt-PT","@id":"https:\/\/secure.gravatar.com\/avatar\/49af3230c4da697d62cdb63582d49dbf63fca33e78d0f530ced88eec32b12ba5?s=96&d=mm&r=g","url":"https:\/\/secure.gravatar.com\/avatar\/49af3230c4da697d62cdb63582d49dbf63fca33e78d0f530ced88eec32b12ba5?s=96&d=mm&r=g","contentUrl":"https:\/\/secure.gravatar.com\/avatar\/49af3230c4da697d62cdb63582d49dbf63fca33e78d0f530ced88eec32b12ba5?s=96&d=mm&r=g","caption":"Anabela Sousa"}}]}},"_links":{"self":[{"href":"https:\/\/www.conferenciaepiscopal.pt\/v1\/wp-json\/wp\/v2\/posts\/9012","targetHints":{"allow":["GET"]}}],"collection":[{"href":"https:\/\/www.conferenciaepiscopal.pt\/v1\/wp-json\/wp\/v2\/posts"}],"about":[{"href":"https:\/\/www.conferenciaepiscopal.pt\/v1\/wp-json\/wp\/v2\/types\/post"}],"author":[{"embeddable":true,"href":"https:\/\/www.conferenciaepiscopal.pt\/v1\/wp-json\/wp\/v2\/users\/2"}],"replies":[{"embeddable":true,"href":"https:\/\/www.conferenciaepiscopal.pt\/v1\/wp-json\/wp\/v2\/comments?post=9012"}],"version-history":[{"count":2,"href":"https:\/\/www.conferenciaepiscopal.pt\/v1\/wp-json\/wp\/v2\/posts\/9012\/revisions"}],"predecessor-version":[{"id":9015,"href":"https:\/\/www.conferenciaepiscopal.pt\/v1\/wp-json\/wp\/v2\/posts\/9012\/revisions\/9015"}],"wp:featuredmedia":[{"embeddable":true,"href":"https:\/\/www.conferenciaepiscopal.pt\/v1\/wp-json\/wp\/v2\/media\/9014"}],"wp:attachment":[{"href":"https:\/\/www.conferenciaepiscopal.pt\/v1\/wp-json\/wp\/v2\/media?parent=9012"}],"wp:term":[{"taxonomy":"category","embeddable":true,"href":"https:\/\/www.conferenciaepiscopal.pt\/v1\/wp-json\/wp\/v2\/categories?post=9012"},{"taxonomy":"post_tag","embeddable":true,"href":"https:\/\/www.conferenciaepiscopal.pt\/v1\/wp-json\/wp\/v2\/tags?post=9012"}],"curies":[{"name":"wp","href":"https:\/\/api.w.org\/{rel}","templated":true}]}}