{"id":8984,"date":"2025-09-09T12:11:23","date_gmt":"2025-09-09T11:11:23","guid":{"rendered":"https:\/\/www.conferenciaepiscopal.pt\/v1\/?p=8984"},"modified":"2025-09-09T12:17:28","modified_gmt":"2025-09-09T11:17:28","slug":"xvi-encontro-de-bispos-dos-paises-lusofonos-discurso-de-abertura-de-jose-manuel-imbamba-presidente-da-ceast","status":"publish","type":"post","link":"https:\/\/www.conferenciaepiscopal.pt\/v1\/xvi-encontro-de-bispos-dos-paises-lusofonos-discurso-de-abertura-de-jose-manuel-imbamba-presidente-da-ceast\/","title":{"rendered":"XVI Encontro de Bispos dos Pa\u00edses Lus\u00f3fonos: Discurso de abertura de Jos\u00e9 Manuel Imbamba, Presidente da CEAST"},"content":{"rendered":"<div class=\"ast-oembed-container \" style=\"height: 100%;\"><iframe title=\"Discurso de abertura D. Jose\u0301 Manuel Imbamba, encontro Bispos Lus\u00f3fonos\" width=\"500\" height=\"281\" src=\"https:\/\/www.youtube.com\/embed\/VnCThsnPn-U?feature=oembed\" frameborder=\"0\" allow=\"accelerometer; autoplay; clipboard-write; encrypted-media; gyroscope; picture-in-picture; web-share\" referrerpolicy=\"strict-origin-when-cross-origin\" allowfullscreen><\/iframe><\/div>\n<p>Saudamos, com alegria e \u00f3sculo da paz, todos os nossos irm\u00e3os no episcopado aqui presentes e todos os que nos acompanham atrav\u00e9s dos v\u00e1rios meios de comunica\u00e7\u00e3o.<\/p>\n<p>Depois do encontro que tivemos h\u00e1 dois anos na Arquidiocese de Nampula-Mo\u00e7ambique (1-5 de fevereiro de 2023), hoje estamos aqui nesta terra dos \u201cHer\u00f3is do mar\u201d, de Cam\u00f5es, do Fado, de S. Ant\u00f3nio e de Nossa Senhora de F\u00e1tima para partilharmos as viv\u00eancias multiculturais da nossa f\u00e9 que se exprime em portugu\u00eas e para reafirmarmos o nosso compromisso de sermos uma Igreja sinodal em sa\u00edda. Uma Igreja presente em todos os espa\u00e7os das realidades temporais qual luz, sal e fermento.<\/p>\n<p>Estes encontros t\u00eam sido uma bela oportunidade para que ancorados na mesma f\u00e9, num s\u00f3 cora\u00e7\u00e3o e partilhando a mesma l\u00edngua, sentir e perceber, a partir das nossas Igrejas particulares, o pulsar do amor crist\u00e3o sem fronteiras, amor, que une pessoas e comunidades, transforma e liberta culturas, fecunda a esperan\u00e7a, promove a cultura da comunh\u00e3o, da hospitalidade, do perd\u00e3o, da reconcilia\u00e7\u00e3o, da justi\u00e7a e da paz.<\/p>\n<p>Estas reuni\u00f5es, t\u00eam sido, de facto, aut\u00eanticos are\u00f3pagos onde sentimos e experimentamos o calor e a beleza da sinodalidade, da proximidade, da solidariedade, da escuta, da partilha e da miss\u00e3o. Por isso, a nossa v\u00eania e reconhecimento aos mentores e pioneiros desta nobre e motivadora iniciativa eclesial.<\/p>\n<p>Este XVI encontro acontece num momento em que o mundo atravessa uma noite densa de escurid\u00e3o devido ao amontoar-se de tens\u00f5es entre os Estados e de guerras, umas amplamente mediatizadas e outras esquecidas e\/ou silenciadas, que se disseminam praticamente em todos os continentes, cujos horrores e crueldades bradam os c\u00e9us. O facto \u00e9 que essa cultura da viol\u00eancia tem provocado mortes indiscriminadas, movimenta\u00e7\u00f5es for\u00e7adas de pessoas e fam\u00edlias; tem produzido inseguran\u00e7a, incertezas e medos e tem lesado gravemente a dignidade da pessoa humana e a \u201camizade social\u201d, t\u00e3o desejada pelo saudoso Papa Francisco.<\/p>\n<p>Esta situa\u00e7\u00e3o, como podemos constatar, tem estado a agudizar ainda mais a crise do direito internacional, a pobreza, a injusti\u00e7a social, o desrespeito pela vida e a proporcionar um ambiente em que a mentira vale mais do que a verdade, o mal vale mais do que bem, o ego\u00edsmo vale mais do que a solidariedade, o material vale mais do que o espiritual, o \u00f3dio vale mais do que amor, o v\u00edcio vale mais do que a virtude, a indiferen\u00e7a vale mais do que a empatia, a prepot\u00eancia vale mais do que o di\u00e1logo, a t\u00e9cnica vale mais do que a \u00e9tica, os valores instrumentais valem mais do que os valores absolutos e, enfim, a guerra vale mais do que a paz!<\/p>\n<p>Por conseguinte, vai-se, paulatina e lamentavelmente, perdendo o sentido do \u2018outro\u2019 e da sua dignidade, o sentido da \u2018casa comum\u2019 e da hospitalidade, o sentido do respeito m\u00fatuo e da liberdade respons\u00e1vel e o sentido de Deus! S\u00e3o coisas do nosso tempo, coisas da nossa cultura contempor\u00e2nea.<\/p>\n<p>\u00c9 neste contexto que vamos perceber a profundidade e a actualidade do tema que vai guiar as nossas reflex\u00f5es nesses dias: <strong>\u201cviver a Paz na Hospitalidade\u201d<\/strong>. Com isto queremos dizer que as Igrejas de express\u00e3o portuguesa pretendem ser pontes que unem, Igrejas que acolhem e partilham as riquezas infinitas que brotam do amor divino, para que a ningu\u00e9m falte o alimento necess\u00e1rio para viver na dignidade dos filhos de Deus; pretendem fazer da hospitalidade um caminho indispens\u00e1vel para a promo\u00e7\u00e3o da cultura do encontro enriquecedor, do abra\u00e7o acolhedor, da inclus\u00e3o dignificante, do di\u00e1logo integrativo, da justi\u00e7a restauradora, do amor renovador e da paz libertadora; pretendem, enfim, testemunhar e mostrar ao mundo que \u00e9 poss\u00edvel o conv\u00edvio de culturas, \u00e9 poss\u00edvel trabalharmos todos por um mundo mais humano, fraterno e multirracial, \u00e9 poss\u00edvel sermos \u2018n\u00f3s mesmos\u2019 com os \u2018outros\u2019, os quais, todavia, devem ser tidos sempre, parafraseando o fil\u00f3sofo alem\u00e3o Emanuel Kant, como um \u2018valor de fim\u2019 e nunca como um \u2018valor de meio\u2019.<\/p>\n<p>Nesta hora em que a coopera\u00e7\u00e3o entre as Igrejas vai conhecendo novas din\u00e2micas e metodologias, enriquecendo-se mutuamente, \u00e9 importante afirmarmos inequivocamente o nosso compromisso com a miss\u00e3o: afinal somos \u2018peregrinos da esperan\u00e7a\u2019, sobretudo, neste ano jubilar, em que celebramos os dois mil e vinte e cinco anos de nascimento de Nosso Senhor Jesus cristo. O mundo hoje desafia-nos de diversas maneiras, por isso, a nossa resposta evang\u00e9lica, revestida e robustecida pela coragem prof\u00e9tica e pela m\u00edstica compaix\u00e3o, tem de ser forte, firme, curativa e renovadora.<\/p>\n<p>Confiemo-nos \u00e0 prote\u00e7\u00e3o de Nossa Senhora de F\u00e1tima, que Ela interceda por n\u00f3s, e possamos colher deste encontro frutos que nos enrique\u00e7am e ajudem a sermos sempre e em quaisquer circunst\u00e2ncias bons e s\u00e1bios int\u00e9rpretes dos sinais de Deus na nossa hist\u00f3ria e a melhorarmos cada vez mais a qualidade e a beleza da nossa f\u00e9 e do nosso testemunho.<\/p>\n<p>Muito obrigado!<\/p>\n<div id='gallery-1' class='gallery galleryid-8984 gallery-columns-3 gallery-size-medium'><figure class='gallery-item'>\n\t\t\t<div class='gallery-icon landscape'>\n\t\t\t\t<a href='https:\/\/www.conferenciaepiscopal.pt\/v1\/xvi-encontro-de-bispos-dos-paises-lusofonos-discurso-de-abertura-de-jose-manuel-imbamba-presidente-da-ceast\/20250909-ebpl20205-abertura-12\/'><img fetchpriority=\"high\" decoding=\"async\" width=\"300\" height=\"200\" src=\"https:\/\/www.conferenciaepiscopal.pt\/v1\/wp-content\/uploads\/2025\/09\/20250909-EBPL20205-abertura-12-300x200.jpg\" class=\"attachment-medium size-medium\" alt=\"\" srcset=\"https:\/\/www.conferenciaepiscopal.pt\/v1\/wp-content\/uploads\/2025\/09\/20250909-EBPL20205-abertura-12-300x200.jpg 300w, https:\/\/www.conferenciaepiscopal.pt\/v1\/wp-content\/uploads\/2025\/09\/20250909-EBPL20205-abertura-12-1024x683.jpg 1024w, https:\/\/www.conferenciaepiscopal.pt\/v1\/wp-content\/uploads\/2025\/09\/20250909-EBPL20205-abertura-12-768x512.jpg 768w, https:\/\/www.conferenciaepiscopal.pt\/v1\/wp-content\/uploads\/2025\/09\/20250909-EBPL20205-abertura-12-1536x1024.jpg 1536w, https:\/\/www.conferenciaepiscopal.pt\/v1\/wp-content\/uploads\/2025\/09\/20250909-EBPL20205-abertura-12-2048x1365.jpg 2048w\" sizes=\"(max-width: 300px) 100vw, 300px\" \/><\/a>\n\t\t\t<\/div><\/figure><figure class='gallery-item'>\n\t\t\t<div class='gallery-icon landscape'>\n\t\t\t\t<a href='https:\/\/www.conferenciaepiscopal.pt\/v1\/xvi-encontro-de-bispos-dos-paises-lusofonos-discurso-de-abertura-de-jose-manuel-imbamba-presidente-da-ceast\/20250909-ebpl20205-abertura-3\/'><img decoding=\"async\" width=\"300\" height=\"200\" src=\"https:\/\/www.conferenciaepiscopal.pt\/v1\/wp-content\/uploads\/2025\/09\/20250909-EBPL20205-abertura-3-300x200.jpg\" class=\"attachment-medium size-medium\" alt=\"\" srcset=\"https:\/\/www.conferenciaepiscopal.pt\/v1\/wp-content\/uploads\/2025\/09\/20250909-EBPL20205-abertura-3-300x200.jpg 300w, https:\/\/www.conferenciaepiscopal.pt\/v1\/wp-content\/uploads\/2025\/09\/20250909-EBPL20205-abertura-3-1024x683.jpg 1024w, https:\/\/www.conferenciaepiscopal.pt\/v1\/wp-content\/uploads\/2025\/09\/20250909-EBPL20205-abertura-3-768x512.jpg 768w, https:\/\/www.conferenciaepiscopal.pt\/v1\/wp-content\/uploads\/2025\/09\/20250909-EBPL20205-abertura-3-1536x1024.jpg 1536w, https:\/\/www.conferenciaepiscopal.pt\/v1\/wp-content\/uploads\/2025\/09\/20250909-EBPL20205-abertura-3-2048x1365.jpg 2048w\" sizes=\"(max-width: 300px) 100vw, 300px\" \/><\/a>\n\t\t\t<\/div><\/figure><figure class='gallery-item'>\n\t\t\t<div class='gallery-icon landscape'>\n\t\t\t\t<a href='https:\/\/www.conferenciaepiscopal.pt\/v1\/xvi-encontro-de-bispos-dos-paises-lusofonos-discurso-de-abertura-de-jose-manuel-imbamba-presidente-da-ceast\/20250909-ebpl20205-abertura-20\/'><img decoding=\"async\" width=\"300\" height=\"200\" src=\"https:\/\/www.conferenciaepiscopal.pt\/v1\/wp-content\/uploads\/2025\/09\/20250909-EBPL20205-abertura-20-300x200.jpg\" class=\"attachment-medium size-medium\" alt=\"\" srcset=\"https:\/\/www.conferenciaepiscopal.pt\/v1\/wp-content\/uploads\/2025\/09\/20250909-EBPL20205-abertura-20-300x200.jpg 300w, https:\/\/www.conferenciaepiscopal.pt\/v1\/wp-content\/uploads\/2025\/09\/20250909-EBPL20205-abertura-20-1024x683.jpg 1024w, https:\/\/www.conferenciaepiscopal.pt\/v1\/wp-content\/uploads\/2025\/09\/20250909-EBPL20205-abertura-20-768x512.jpg 768w, https:\/\/www.conferenciaepiscopal.pt\/v1\/wp-content\/uploads\/2025\/09\/20250909-EBPL20205-abertura-20-1536x1024.jpg 1536w, https:\/\/www.conferenciaepiscopal.pt\/v1\/wp-content\/uploads\/2025\/09\/20250909-EBPL20205-abertura-20-2048x1365.jpg 2048w\" sizes=\"(max-width: 300px) 100vw, 300px\" \/><\/a>\n\t\t\t<\/div><\/figure><figure class='gallery-item'>\n\t\t\t<div class='gallery-icon landscape'>\n\t\t\t\t<a href='https:\/\/www.conferenciaepiscopal.pt\/v1\/xvi-encontro-de-bispos-dos-paises-lusofonos-discurso-de-abertura-de-jose-manuel-imbamba-presidente-da-ceast\/20250909-ebpl20205-abertura-24\/'><img loading=\"lazy\" decoding=\"async\" width=\"300\" height=\"200\" src=\"https:\/\/www.conferenciaepiscopal.pt\/v1\/wp-content\/uploads\/2025\/09\/20250909-EBPL20205-abertura-24-300x200.jpg\" class=\"attachment-medium size-medium\" alt=\"\" srcset=\"https:\/\/www.conferenciaepiscopal.pt\/v1\/wp-content\/uploads\/2025\/09\/20250909-EBPL20205-abertura-24-300x200.jpg 300w, https:\/\/www.conferenciaepiscopal.pt\/v1\/wp-content\/uploads\/2025\/09\/20250909-EBPL20205-abertura-24-1024x683.jpg 1024w, https:\/\/www.conferenciaepiscopal.pt\/v1\/wp-content\/uploads\/2025\/09\/20250909-EBPL20205-abertura-24-768x512.jpg 768w, https:\/\/www.conferenciaepiscopal.pt\/v1\/wp-content\/uploads\/2025\/09\/20250909-EBPL20205-abertura-24-1536x1024.jpg 1536w, https:\/\/www.conferenciaepiscopal.pt\/v1\/wp-content\/uploads\/2025\/09\/20250909-EBPL20205-abertura-24-2048x1365.jpg 2048w\" sizes=\"(max-width: 300px) 100vw, 300px\" \/><\/a>\n\t\t\t<\/div><\/figure><figure class='gallery-item'>\n\t\t\t<div class='gallery-icon landscape'>\n\t\t\t\t<a href='https:\/\/www.conferenciaepiscopal.pt\/v1\/xvi-encontro-de-bispos-dos-paises-lusofonos-discurso-de-abertura-de-jose-manuel-imbamba-presidente-da-ceast\/20250909-ebpl20205-abertura-30\/'><img loading=\"lazy\" decoding=\"async\" width=\"300\" height=\"200\" src=\"https:\/\/www.conferenciaepiscopal.pt\/v1\/wp-content\/uploads\/2025\/09\/20250909-EBPL20205-abertura-30-300x200.jpg\" class=\"attachment-medium size-medium\" alt=\"\" srcset=\"https:\/\/www.conferenciaepiscopal.pt\/v1\/wp-content\/uploads\/2025\/09\/20250909-EBPL20205-abertura-30-300x200.jpg 300w, https:\/\/www.conferenciaepiscopal.pt\/v1\/wp-content\/uploads\/2025\/09\/20250909-EBPL20205-abertura-30-1024x683.jpg 1024w, https:\/\/www.conferenciaepiscopal.pt\/v1\/wp-content\/uploads\/2025\/09\/20250909-EBPL20205-abertura-30-768x512.jpg 768w, https:\/\/www.conferenciaepiscopal.pt\/v1\/wp-content\/uploads\/2025\/09\/20250909-EBPL20205-abertura-30-1536x1024.jpg 1536w, https:\/\/www.conferenciaepiscopal.pt\/v1\/wp-content\/uploads\/2025\/09\/20250909-EBPL20205-abertura-30-2048x1365.jpg 2048w\" sizes=\"(max-width: 300px) 100vw, 300px\" \/><\/a>\n\t\t\t<\/div><\/figure><figure class='gallery-item'>\n\t\t\t<div class='gallery-icon landscape'>\n\t\t\t\t<a href='https:\/\/www.conferenciaepiscopal.pt\/v1\/xvi-encontro-de-bispos-dos-paises-lusofonos-discurso-de-abertura-de-jose-manuel-imbamba-presidente-da-ceast\/20250909-ebpl20205-abertura-32\/'><img loading=\"lazy\" decoding=\"async\" width=\"300\" height=\"200\" src=\"https:\/\/www.conferenciaepiscopal.pt\/v1\/wp-content\/uploads\/2025\/09\/20250909-EBPL20205-abertura-32-300x200.jpg\" class=\"attachment-medium size-medium\" alt=\"\" srcset=\"https:\/\/www.conferenciaepiscopal.pt\/v1\/wp-content\/uploads\/2025\/09\/20250909-EBPL20205-abertura-32-300x200.jpg 300w, https:\/\/www.conferenciaepiscopal.pt\/v1\/wp-content\/uploads\/2025\/09\/20250909-EBPL20205-abertura-32-1024x683.jpg 1024w, https:\/\/www.conferenciaepiscopal.pt\/v1\/wp-content\/uploads\/2025\/09\/20250909-EBPL20205-abertura-32-768x512.jpg 768w, https:\/\/www.conferenciaepiscopal.pt\/v1\/wp-content\/uploads\/2025\/09\/20250909-EBPL20205-abertura-32-1536x1024.jpg 1536w, https:\/\/www.conferenciaepiscopal.pt\/v1\/wp-content\/uploads\/2025\/09\/20250909-EBPL20205-abertura-32-2048x1365.jpg 2048w\" sizes=\"(max-width: 300px) 100vw, 300px\" \/><\/a>\n\t\t\t<\/div><\/figure>\n\t\t<\/div>\n\n<p><em>Fotografias: Ag\u00eancia Ecclesia<\/em><\/p>\n","protected":false},"excerpt":{"rendered":"<p>Saudamos, com alegria e \u00f3sculo da paz, todos os nossos irm\u00e3os no episcopado aqui presentes e todos os que nos [&hellip;]<\/p>\n","protected":false},"author":2,"featured_media":8985,"comment_status":"closed","ping_status":"closed","sticky":false,"template":"","format":"standard","meta":{"site-sidebar-layout":"default","site-content-layout":"","ast-site-content-layout":"default","site-content-style":"default","site-sidebar-style":"default","ast-global-header-display":"","ast-banner-title-visibility":"","ast-main-header-display":"","ast-hfb-above-header-display":"","ast-hfb-below-header-display":"","ast-hfb-mobile-header-display":"","site-post-title":"","ast-breadcrumbs-content":"","ast-featured-img":"","footer-sml-layout":"","ast-disable-related-posts":"","theme-transparent-header-meta":"default","adv-header-id-meta":"","stick-header-meta":"default","header-above-stick-meta":"","header-main-stick-meta":"","header-below-stick-meta":"","astra-migrate-meta-layouts":"set","ast-page-background-enabled":"default","ast-page-background-meta":{"desktop":{"background-color":"var(--ast-global-color-4)","background-image":"","background-repeat":"repeat","background-position":"center center","background-size":"auto","background-attachment":"scroll","background-type":"","background-media":"","overlay-type":"","overlay-color":"","overlay-opacity":"","overlay-gradient":""},"tablet":{"background-color":"","background-image":"","background-repeat":"repeat","background-position":"center center","background-size":"auto","background-attachment":"scroll","background-type":"","background-media":"","overlay-type":"","overlay-color":"","overlay-opacity":"","overlay-gradient":""},"mobile":{"background-color":"","background-image":"","background-repeat":"repeat","background-position":"center center","background-size":"auto","background-attachment":"scroll","background-type":"","background-media":"","overlay-type":"","overlay-color":"","overlay-opacity":"","overlay-gradient":""}},"ast-content-background-meta":{"desktop":{"background-color":"var(--ast-global-color-5)","background-image":"","background-repeat":"repeat","background-position":"center center","background-size":"auto","background-attachment":"scroll","background-type":"","background-media":"","overlay-type":"","overlay-color":"","overlay-opacity":"","overlay-gradient":""},"tablet":{"background-color":"var(--ast-global-color-5)","background-image":"","background-repeat":"repeat","background-position":"center center","background-size":"auto","background-attachment":"scroll","background-type":"","background-media":"","overlay-type":"","overlay-color":"","overlay-opacity":"","overlay-gradient":""},"mobile":{"background-color":"var(--ast-global-color-5)","background-image":"","background-repeat":"repeat","background-position":"center center","background-size":"auto","background-attachment":"scroll","background-type":"","background-media":"","overlay-type":"","overlay-color":"","overlay-opacity":"","overlay-gradient":""}},"footnotes":""},"categories":[74,72],"tags":[],"class_list":["post-8984","post","type-post","status-publish","format-standard","has-post-thumbnail","hentry","category-entrada","category-noticias"],"yoast_head":"<!-- This site is optimized with the Yoast SEO plugin v27.5 - https:\/\/yoast.com\/product\/yoast-seo-wordpress\/ -->\n<title>XVI Encontro de Bispos dos Pa\u00edses Lus\u00f3fonos: Discurso de abertura de Jos\u00e9 Manuel Imbamba, Presidente da CEAST - Confer\u00eancia Episcopal Portuguesa<\/title>\n<meta name=\"robots\" content=\"index, follow, max-snippet:-1, max-image-preview:large, max-video-preview:-1\" \/>\n<link rel=\"canonical\" href=\"https:\/\/www.conferenciaepiscopal.pt\/v1\/xvi-encontro-de-bispos-dos-paises-lusofonos-discurso-de-abertura-de-jose-manuel-imbamba-presidente-da-ceast\/\" \/>\n<meta property=\"og:locale\" content=\"pt_PT\" \/>\n<meta property=\"og:type\" content=\"article\" \/>\n<meta property=\"og:title\" content=\"XVI Encontro de Bispos dos Pa\u00edses Lus\u00f3fonos: Discurso de abertura de Jos\u00e9 Manuel Imbamba, Presidente da CEAST - Confer\u00eancia Episcopal Portuguesa\" \/>\n<meta property=\"og:description\" content=\"Saudamos, com alegria e \u00f3sculo da paz, todos os nossos irm\u00e3os no episcopado aqui presentes e todos os que nos [&hellip;]\" \/>\n<meta property=\"og:url\" content=\"https:\/\/www.conferenciaepiscopal.pt\/v1\/xvi-encontro-de-bispos-dos-paises-lusofonos-discurso-de-abertura-de-jose-manuel-imbamba-presidente-da-ceast\/\" \/>\n<meta property=\"og:site_name\" content=\"Confer\u00eancia Episcopal Portuguesa\" \/>\n<meta property=\"article:published_time\" content=\"2025-09-09T11:11:23+00:00\" \/>\n<meta property=\"article:modified_time\" content=\"2025-09-09T11:17:28+00:00\" \/>\n<meta property=\"og:image\" content=\"https:\/\/www.conferenciaepiscopal.pt\/v1\/wp-content\/uploads\/2025\/09\/20250909-EBPL20205-abertura-12-scaled.jpg\" \/>\n\t<meta property=\"og:image:width\" content=\"2560\" \/>\n\t<meta property=\"og:image:height\" content=\"1707\" \/>\n\t<meta property=\"og:image:type\" content=\"image\/jpeg\" \/>\n<meta name=\"author\" content=\"Anabela Sousa\" \/>\n<meta name=\"twitter:card\" content=\"summary_large_image\" \/>\n<meta name=\"twitter:label1\" content=\"Escrito por\" \/>\n\t<meta name=\"twitter:data1\" content=\"Anabela Sousa\" \/>\n\t<meta name=\"twitter:label2\" content=\"Tempo estimado de leitura\" \/>\n\t<meta name=\"twitter:data2\" content=\"5 minutos\" \/>\n<script type=\"application\/ld+json\" class=\"yoast-schema-graph\">{\"@context\":\"https:\\\/\\\/schema.org\",\"@graph\":[{\"@type\":\"Article\",\"@id\":\"https:\\\/\\\/www.conferenciaepiscopal.pt\\\/v1\\\/xvi-encontro-de-bispos-dos-paises-lusofonos-discurso-de-abertura-de-jose-manuel-imbamba-presidente-da-ceast\\\/#article\",\"isPartOf\":{\"@id\":\"https:\\\/\\\/www.conferenciaepiscopal.pt\\\/v1\\\/xvi-encontro-de-bispos-dos-paises-lusofonos-discurso-de-abertura-de-jose-manuel-imbamba-presidente-da-ceast\\\/\"},\"author\":{\"name\":\"Anabela Sousa\",\"@id\":\"https:\\\/\\\/www.conferenciaepiscopal.pt\\\/v1\\\/#\\\/schema\\\/person\\\/276594037f41ab419d8b2ae02d84119f\"},\"headline\":\"XVI Encontro de Bispos dos Pa\u00edses Lus\u00f3fonos: Discurso de abertura de Jos\u00e9 Manuel Imbamba, Presidente da CEAST\",\"datePublished\":\"2025-09-09T11:11:23+00:00\",\"dateModified\":\"2025-09-09T11:17:28+00:00\",\"mainEntityOfPage\":{\"@id\":\"https:\\\/\\\/www.conferenciaepiscopal.pt\\\/v1\\\/xvi-encontro-de-bispos-dos-paises-lusofonos-discurso-de-abertura-de-jose-manuel-imbamba-presidente-da-ceast\\\/\"},\"wordCount\":901,\"publisher\":{\"@id\":\"https:\\\/\\\/www.conferenciaepiscopal.pt\\\/v1\\\/#organization\"},\"image\":{\"@id\":\"https:\\\/\\\/www.conferenciaepiscopal.pt\\\/v1\\\/xvi-encontro-de-bispos-dos-paises-lusofonos-discurso-de-abertura-de-jose-manuel-imbamba-presidente-da-ceast\\\/#primaryimage\"},\"thumbnailUrl\":\"https:\\\/\\\/www.conferenciaepiscopal.pt\\\/v1\\\/wp-content\\\/uploads\\\/2025\\\/09\\\/20250909-EBPL20205-abertura-12-scaled.jpg\",\"articleSection\":[\"#entrada\",\"Not\u00edcias\"],\"inLanguage\":\"pt-PT\"},{\"@type\":\"WebPage\",\"@id\":\"https:\\\/\\\/www.conferenciaepiscopal.pt\\\/v1\\\/xvi-encontro-de-bispos-dos-paises-lusofonos-discurso-de-abertura-de-jose-manuel-imbamba-presidente-da-ceast\\\/\",\"url\":\"https:\\\/\\\/www.conferenciaepiscopal.pt\\\/v1\\\/xvi-encontro-de-bispos-dos-paises-lusofonos-discurso-de-abertura-de-jose-manuel-imbamba-presidente-da-ceast\\\/\",\"name\":\"XVI Encontro de Bispos dos Pa\u00edses Lus\u00f3fonos: Discurso de abertura de Jos\u00e9 Manuel Imbamba, Presidente da CEAST - Confer\u00eancia Episcopal Portuguesa\",\"isPartOf\":{\"@id\":\"https:\\\/\\\/www.conferenciaepiscopal.pt\\\/v1\\\/#website\"},\"primaryImageOfPage\":{\"@id\":\"https:\\\/\\\/www.conferenciaepiscopal.pt\\\/v1\\\/xvi-encontro-de-bispos-dos-paises-lusofonos-discurso-de-abertura-de-jose-manuel-imbamba-presidente-da-ceast\\\/#primaryimage\"},\"image\":{\"@id\":\"https:\\\/\\\/www.conferenciaepiscopal.pt\\\/v1\\\/xvi-encontro-de-bispos-dos-paises-lusofonos-discurso-de-abertura-de-jose-manuel-imbamba-presidente-da-ceast\\\/#primaryimage\"},\"thumbnailUrl\":\"https:\\\/\\\/www.conferenciaepiscopal.pt\\\/v1\\\/wp-content\\\/uploads\\\/2025\\\/09\\\/20250909-EBPL20205-abertura-12-scaled.jpg\",\"datePublished\":\"2025-09-09T11:11:23+00:00\",\"dateModified\":\"2025-09-09T11:17:28+00:00\",\"breadcrumb\":{\"@id\":\"https:\\\/\\\/www.conferenciaepiscopal.pt\\\/v1\\\/xvi-encontro-de-bispos-dos-paises-lusofonos-discurso-de-abertura-de-jose-manuel-imbamba-presidente-da-ceast\\\/#breadcrumb\"},\"inLanguage\":\"pt-PT\",\"potentialAction\":[{\"@type\":\"ReadAction\",\"target\":[\"https:\\\/\\\/www.conferenciaepiscopal.pt\\\/v1\\\/xvi-encontro-de-bispos-dos-paises-lusofonos-discurso-de-abertura-de-jose-manuel-imbamba-presidente-da-ceast\\\/\"]}]},{\"@type\":\"ImageObject\",\"inLanguage\":\"pt-PT\",\"@id\":\"https:\\\/\\\/www.conferenciaepiscopal.pt\\\/v1\\\/xvi-encontro-de-bispos-dos-paises-lusofonos-discurso-de-abertura-de-jose-manuel-imbamba-presidente-da-ceast\\\/#primaryimage\",\"url\":\"https:\\\/\\\/www.conferenciaepiscopal.pt\\\/v1\\\/wp-content\\\/uploads\\\/2025\\\/09\\\/20250909-EBPL20205-abertura-12-scaled.jpg\",\"contentUrl\":\"https:\\\/\\\/www.conferenciaepiscopal.pt\\\/v1\\\/wp-content\\\/uploads\\\/2025\\\/09\\\/20250909-EBPL20205-abertura-12-scaled.jpg\",\"width\":2560,\"height\":1707},{\"@type\":\"BreadcrumbList\",\"@id\":\"https:\\\/\\\/www.conferenciaepiscopal.pt\\\/v1\\\/xvi-encontro-de-bispos-dos-paises-lusofonos-discurso-de-abertura-de-jose-manuel-imbamba-presidente-da-ceast\\\/#breadcrumb\",\"itemListElement\":[{\"@type\":\"ListItem\",\"position\":1,\"name\":\"In\u00edcio\",\"item\":\"https:\\\/\\\/www.conferenciaepiscopal.pt\\\/v1\\\/\"},{\"@type\":\"ListItem\",\"position\":2,\"name\":\"XVI Encontro de Bispos dos Pa\u00edses Lus\u00f3fonos: Discurso de abertura de Jos\u00e9 Manuel Imbamba, Presidente da CEAST\"}]},{\"@type\":\"WebSite\",\"@id\":\"https:\\\/\\\/www.conferenciaepiscopal.pt\\\/v1\\\/#website\",\"url\":\"https:\\\/\\\/www.conferenciaepiscopal.pt\\\/v1\\\/\",\"name\":\"Confer\u00eancia Episcopal Portuguesa\",\"description\":\"Igreja Cat\u00f3lica em Portugal\",\"publisher\":{\"@id\":\"https:\\\/\\\/www.conferenciaepiscopal.pt\\\/v1\\\/#organization\"},\"potentialAction\":[{\"@type\":\"SearchAction\",\"target\":{\"@type\":\"EntryPoint\",\"urlTemplate\":\"https:\\\/\\\/www.conferenciaepiscopal.pt\\\/v1\\\/?s={search_term_string}\"},\"query-input\":{\"@type\":\"PropertyValueSpecification\",\"valueRequired\":true,\"valueName\":\"search_term_string\"}}],\"inLanguage\":\"pt-PT\"},{\"@type\":\"Organization\",\"@id\":\"https:\\\/\\\/www.conferenciaepiscopal.pt\\\/v1\\\/#organization\",\"name\":\"Confer\u00eancia Episcopal Portuguesa\",\"url\":\"https:\\\/\\\/www.conferenciaepiscopal.pt\\\/v1\\\/\",\"logo\":{\"@type\":\"ImageObject\",\"inLanguage\":\"pt-PT\",\"@id\":\"https:\\\/\\\/www.conferenciaepiscopal.pt\\\/v1\\\/#\\\/schema\\\/logo\\\/image\\\/\",\"url\":\"https:\\\/\\\/www.conferenciaepiscopal.pt\\\/v1\\\/wp-content\\\/uploads\\\/cropped-logoTransparente.png\",\"contentUrl\":\"https:\\\/\\\/www.conferenciaepiscopal.pt\\\/v1\\\/wp-content\\\/uploads\\\/cropped-logoTransparente.png\",\"width\":512,\"height\":512,\"caption\":\"Confer\u00eancia Episcopal Portuguesa\"},\"image\":{\"@id\":\"https:\\\/\\\/www.conferenciaepiscopal.pt\\\/v1\\\/#\\\/schema\\\/logo\\\/image\\\/\"}},{\"@type\":\"Person\",\"@id\":\"https:\\\/\\\/www.conferenciaepiscopal.pt\\\/v1\\\/#\\\/schema\\\/person\\\/276594037f41ab419d8b2ae02d84119f\",\"name\":\"Anabela Sousa\",\"image\":{\"@type\":\"ImageObject\",\"inLanguage\":\"pt-PT\",\"@id\":\"https:\\\/\\\/secure.gravatar.com\\\/avatar\\\/49af3230c4da697d62cdb63582d49dbf63fca33e78d0f530ced88eec32b12ba5?s=96&d=mm&r=g\",\"url\":\"https:\\\/\\\/secure.gravatar.com\\\/avatar\\\/49af3230c4da697d62cdb63582d49dbf63fca33e78d0f530ced88eec32b12ba5?s=96&d=mm&r=g\",\"contentUrl\":\"https:\\\/\\\/secure.gravatar.com\\\/avatar\\\/49af3230c4da697d62cdb63582d49dbf63fca33e78d0f530ced88eec32b12ba5?s=96&d=mm&r=g\",\"caption\":\"Anabela Sousa\"}}]}<\/script>\n<!-- \/ Yoast SEO plugin. -->","yoast_head_json":{"title":"XVI Encontro de Bispos dos Pa\u00edses Lus\u00f3fonos: Discurso de abertura de Jos\u00e9 Manuel Imbamba, Presidente da CEAST - Confer\u00eancia Episcopal Portuguesa","robots":{"index":"index","follow":"follow","max-snippet":"max-snippet:-1","max-image-preview":"max-image-preview:large","max-video-preview":"max-video-preview:-1"},"canonical":"https:\/\/www.conferenciaepiscopal.pt\/v1\/xvi-encontro-de-bispos-dos-paises-lusofonos-discurso-de-abertura-de-jose-manuel-imbamba-presidente-da-ceast\/","og_locale":"pt_PT","og_type":"article","og_title":"XVI Encontro de Bispos dos Pa\u00edses Lus\u00f3fonos: Discurso de abertura de Jos\u00e9 Manuel Imbamba, Presidente da CEAST - Confer\u00eancia Episcopal Portuguesa","og_description":"Saudamos, com alegria e \u00f3sculo da paz, todos os nossos irm\u00e3os no episcopado aqui presentes e todos os que nos [&hellip;]","og_url":"https:\/\/www.conferenciaepiscopal.pt\/v1\/xvi-encontro-de-bispos-dos-paises-lusofonos-discurso-de-abertura-de-jose-manuel-imbamba-presidente-da-ceast\/","og_site_name":"Confer\u00eancia Episcopal Portuguesa","article_published_time":"2025-09-09T11:11:23+00:00","article_modified_time":"2025-09-09T11:17:28+00:00","og_image":[{"width":2560,"height":1707,"url":"https:\/\/www.conferenciaepiscopal.pt\/v1\/wp-content\/uploads\/2025\/09\/20250909-EBPL20205-abertura-12-scaled.jpg","type":"image\/jpeg"}],"author":"Anabela Sousa","twitter_card":"summary_large_image","twitter_misc":{"Escrito por":"Anabela Sousa","Tempo estimado de leitura":"5 minutos"},"schema":{"@context":"https:\/\/schema.org","@graph":[{"@type":"Article","@id":"https:\/\/www.conferenciaepiscopal.pt\/v1\/xvi-encontro-de-bispos-dos-paises-lusofonos-discurso-de-abertura-de-jose-manuel-imbamba-presidente-da-ceast\/#article","isPartOf":{"@id":"https:\/\/www.conferenciaepiscopal.pt\/v1\/xvi-encontro-de-bispos-dos-paises-lusofonos-discurso-de-abertura-de-jose-manuel-imbamba-presidente-da-ceast\/"},"author":{"name":"Anabela Sousa","@id":"https:\/\/www.conferenciaepiscopal.pt\/v1\/#\/schema\/person\/276594037f41ab419d8b2ae02d84119f"},"headline":"XVI Encontro de Bispos dos Pa\u00edses Lus\u00f3fonos: Discurso de abertura de Jos\u00e9 Manuel Imbamba, Presidente da CEAST","datePublished":"2025-09-09T11:11:23+00:00","dateModified":"2025-09-09T11:17:28+00:00","mainEntityOfPage":{"@id":"https:\/\/www.conferenciaepiscopal.pt\/v1\/xvi-encontro-de-bispos-dos-paises-lusofonos-discurso-de-abertura-de-jose-manuel-imbamba-presidente-da-ceast\/"},"wordCount":901,"publisher":{"@id":"https:\/\/www.conferenciaepiscopal.pt\/v1\/#organization"},"image":{"@id":"https:\/\/www.conferenciaepiscopal.pt\/v1\/xvi-encontro-de-bispos-dos-paises-lusofonos-discurso-de-abertura-de-jose-manuel-imbamba-presidente-da-ceast\/#primaryimage"},"thumbnailUrl":"https:\/\/www.conferenciaepiscopal.pt\/v1\/wp-content\/uploads\/2025\/09\/20250909-EBPL20205-abertura-12-scaled.jpg","articleSection":["#entrada","Not\u00edcias"],"inLanguage":"pt-PT"},{"@type":"WebPage","@id":"https:\/\/www.conferenciaepiscopal.pt\/v1\/xvi-encontro-de-bispos-dos-paises-lusofonos-discurso-de-abertura-de-jose-manuel-imbamba-presidente-da-ceast\/","url":"https:\/\/www.conferenciaepiscopal.pt\/v1\/xvi-encontro-de-bispos-dos-paises-lusofonos-discurso-de-abertura-de-jose-manuel-imbamba-presidente-da-ceast\/","name":"XVI Encontro de Bispos dos Pa\u00edses Lus\u00f3fonos: Discurso de abertura de Jos\u00e9 Manuel Imbamba, Presidente da CEAST - Confer\u00eancia Episcopal Portuguesa","isPartOf":{"@id":"https:\/\/www.conferenciaepiscopal.pt\/v1\/#website"},"primaryImageOfPage":{"@id":"https:\/\/www.conferenciaepiscopal.pt\/v1\/xvi-encontro-de-bispos-dos-paises-lusofonos-discurso-de-abertura-de-jose-manuel-imbamba-presidente-da-ceast\/#primaryimage"},"image":{"@id":"https:\/\/www.conferenciaepiscopal.pt\/v1\/xvi-encontro-de-bispos-dos-paises-lusofonos-discurso-de-abertura-de-jose-manuel-imbamba-presidente-da-ceast\/#primaryimage"},"thumbnailUrl":"https:\/\/www.conferenciaepiscopal.pt\/v1\/wp-content\/uploads\/2025\/09\/20250909-EBPL20205-abertura-12-scaled.jpg","datePublished":"2025-09-09T11:11:23+00:00","dateModified":"2025-09-09T11:17:28+00:00","breadcrumb":{"@id":"https:\/\/www.conferenciaepiscopal.pt\/v1\/xvi-encontro-de-bispos-dos-paises-lusofonos-discurso-de-abertura-de-jose-manuel-imbamba-presidente-da-ceast\/#breadcrumb"},"inLanguage":"pt-PT","potentialAction":[{"@type":"ReadAction","target":["https:\/\/www.conferenciaepiscopal.pt\/v1\/xvi-encontro-de-bispos-dos-paises-lusofonos-discurso-de-abertura-de-jose-manuel-imbamba-presidente-da-ceast\/"]}]},{"@type":"ImageObject","inLanguage":"pt-PT","@id":"https:\/\/www.conferenciaepiscopal.pt\/v1\/xvi-encontro-de-bispos-dos-paises-lusofonos-discurso-de-abertura-de-jose-manuel-imbamba-presidente-da-ceast\/#primaryimage","url":"https:\/\/www.conferenciaepiscopal.pt\/v1\/wp-content\/uploads\/2025\/09\/20250909-EBPL20205-abertura-12-scaled.jpg","contentUrl":"https:\/\/www.conferenciaepiscopal.pt\/v1\/wp-content\/uploads\/2025\/09\/20250909-EBPL20205-abertura-12-scaled.jpg","width":2560,"height":1707},{"@type":"BreadcrumbList","@id":"https:\/\/www.conferenciaepiscopal.pt\/v1\/xvi-encontro-de-bispos-dos-paises-lusofonos-discurso-de-abertura-de-jose-manuel-imbamba-presidente-da-ceast\/#breadcrumb","itemListElement":[{"@type":"ListItem","position":1,"name":"In\u00edcio","item":"https:\/\/www.conferenciaepiscopal.pt\/v1\/"},{"@type":"ListItem","position":2,"name":"XVI Encontro de Bispos dos Pa\u00edses Lus\u00f3fonos: Discurso de abertura de Jos\u00e9 Manuel Imbamba, Presidente da CEAST"}]},{"@type":"WebSite","@id":"https:\/\/www.conferenciaepiscopal.pt\/v1\/#website","url":"https:\/\/www.conferenciaepiscopal.pt\/v1\/","name":"Confer\u00eancia Episcopal Portuguesa","description":"Igreja Cat\u00f3lica em Portugal","publisher":{"@id":"https:\/\/www.conferenciaepiscopal.pt\/v1\/#organization"},"potentialAction":[{"@type":"SearchAction","target":{"@type":"EntryPoint","urlTemplate":"https:\/\/www.conferenciaepiscopal.pt\/v1\/?s={search_term_string}"},"query-input":{"@type":"PropertyValueSpecification","valueRequired":true,"valueName":"search_term_string"}}],"inLanguage":"pt-PT"},{"@type":"Organization","@id":"https:\/\/www.conferenciaepiscopal.pt\/v1\/#organization","name":"Confer\u00eancia Episcopal Portuguesa","url":"https:\/\/www.conferenciaepiscopal.pt\/v1\/","logo":{"@type":"ImageObject","inLanguage":"pt-PT","@id":"https:\/\/www.conferenciaepiscopal.pt\/v1\/#\/schema\/logo\/image\/","url":"https:\/\/www.conferenciaepiscopal.pt\/v1\/wp-content\/uploads\/cropped-logoTransparente.png","contentUrl":"https:\/\/www.conferenciaepiscopal.pt\/v1\/wp-content\/uploads\/cropped-logoTransparente.png","width":512,"height":512,"caption":"Confer\u00eancia Episcopal Portuguesa"},"image":{"@id":"https:\/\/www.conferenciaepiscopal.pt\/v1\/#\/schema\/logo\/image\/"}},{"@type":"Person","@id":"https:\/\/www.conferenciaepiscopal.pt\/v1\/#\/schema\/person\/276594037f41ab419d8b2ae02d84119f","name":"Anabela Sousa","image":{"@type":"ImageObject","inLanguage":"pt-PT","@id":"https:\/\/secure.gravatar.com\/avatar\/49af3230c4da697d62cdb63582d49dbf63fca33e78d0f530ced88eec32b12ba5?s=96&d=mm&r=g","url":"https:\/\/secure.gravatar.com\/avatar\/49af3230c4da697d62cdb63582d49dbf63fca33e78d0f530ced88eec32b12ba5?s=96&d=mm&r=g","contentUrl":"https:\/\/secure.gravatar.com\/avatar\/49af3230c4da697d62cdb63582d49dbf63fca33e78d0f530ced88eec32b12ba5?s=96&d=mm&r=g","caption":"Anabela Sousa"}}]}},"_links":{"self":[{"href":"https:\/\/www.conferenciaepiscopal.pt\/v1\/wp-json\/wp\/v2\/posts\/8984","targetHints":{"allow":["GET"]}}],"collection":[{"href":"https:\/\/www.conferenciaepiscopal.pt\/v1\/wp-json\/wp\/v2\/posts"}],"about":[{"href":"https:\/\/www.conferenciaepiscopal.pt\/v1\/wp-json\/wp\/v2\/types\/post"}],"author":[{"embeddable":true,"href":"https:\/\/www.conferenciaepiscopal.pt\/v1\/wp-json\/wp\/v2\/users\/2"}],"replies":[{"embeddable":true,"href":"https:\/\/www.conferenciaepiscopal.pt\/v1\/wp-json\/wp\/v2\/comments?post=8984"}],"version-history":[{"count":1,"href":"https:\/\/www.conferenciaepiscopal.pt\/v1\/wp-json\/wp\/v2\/posts\/8984\/revisions"}],"predecessor-version":[{"id":8995,"href":"https:\/\/www.conferenciaepiscopal.pt\/v1\/wp-json\/wp\/v2\/posts\/8984\/revisions\/8995"}],"wp:featuredmedia":[{"embeddable":true,"href":"https:\/\/www.conferenciaepiscopal.pt\/v1\/wp-json\/wp\/v2\/media\/8985"}],"wp:attachment":[{"href":"https:\/\/www.conferenciaepiscopal.pt\/v1\/wp-json\/wp\/v2\/media?parent=8984"}],"wp:term":[{"taxonomy":"category","embeddable":true,"href":"https:\/\/www.conferenciaepiscopal.pt\/v1\/wp-json\/wp\/v2\/categories?post=8984"},{"taxonomy":"post_tag","embeddable":true,"href":"https:\/\/www.conferenciaepiscopal.pt\/v1\/wp-json\/wp\/v2\/tags?post=8984"}],"curies":[{"name":"wp","href":"https:\/\/api.w.org\/{rel}","templated":true}]}}