{"id":8943,"date":"2025-06-18T14:56:15","date_gmt":"2025-06-18T13:56:15","guid":{"rendered":"https:\/\/www.conferenciaepiscopal.pt\/v1\/?p=8943"},"modified":"2025-06-25T14:50:40","modified_gmt":"2025-06-25T13:50:40","slug":"uma-igreja-que-caminha-em-sinodalidade-reflexoes-das-jornadas-pastorais-do-episcopado-2025","status":"publish","type":"post","link":"https:\/\/www.conferenciaepiscopal.pt\/v1\/uma-igreja-que-caminha-em-sinodalidade-reflexoes-das-jornadas-pastorais-do-episcopado-2025\/","title":{"rendered":"Uma Igreja que caminha em sinodalidade &#8211; Reflex\u00f5es das Jornadas Pastorais do Episcopado 2025"},"content":{"rendered":"<p>Entre os dias 16 e 18 de junho de 2025, reuniram-se em F\u00e1tima, na Casa de Nossa Senhora das Dores, os Bispos portugueses, representantes das equipas sinodais diocesanas, dos \u00f3rg\u00e3os nacionais da Confer\u00eancia Episcopal Portuguesa (CEP), bem como membros dos Movimentos e dos Institutos Religiosos e Seculares, para as Jornadas Pastorais do Episcopado. Estas jornadas, sob o tema <strong><em>\u201cO processo sinodal nas Dioceses e na Confer\u00eancia Episcopal Portuguesa\u201d<\/em><\/strong>, constitu\u00edram um tempo fecundo de escuta, partilha e discernimento comum sobre o caminho sinodal que a Igreja em Portugal tem vindo a trilhar. Mais do que um encontro de balan\u00e7o, estas jornadas procuraram ser um verdadeiro exerc\u00edcio de sinodalidade, onde cada voz, a partir do seu batismo, foi chamada a contribuir para a constru\u00e7\u00e3o de uma Igreja que caminha junta, em permanente convers\u00e3o e aberta ao Esp\u00edrito.<\/p>\n<p>O primeiro momento das jornadas foi marcado pela confer\u00eancia de abertura, proferida por D. Alexandre Palma, que nos ofereceu uma reflex\u00e3o sobre a <strong><em>Teologia e Espiritualidade Sinodal<\/em>.<\/strong> A partir de uma abordagem enraizada no magist\u00e9rio e na experi\u00eancia eclesial vivida, D. Alexandre convidou todos os presentes a compreender a sinodalidade n\u00e3o como um mero instrumento de organiza\u00e7\u00e3o ou de gest\u00e3o, mas como um <em>modo de ser Igreja<\/em>. Apontou seis dimens\u00f5es essenciais que estruturam esta compreens\u00e3o: a dimens\u00e3o teol\u00f3gica trinit\u00e1ria, que reconhece a Igreja como comunh\u00e3o a partir da pr\u00f3pria comunh\u00e3o de Deus; a dimens\u00e3o batismal, que sublinha a dignidade e a corresponsabilidade de todos os fi\u00e9is; a dimens\u00e3o escatol\u00f3gica, que impele a Igreja a uma convers\u00e3o permanente; a dimens\u00e3o hist\u00f3rica, que a convida a discernir os sinais dos tempos; a dimens\u00e3o mission\u00e1ria, que recorda que todos s\u00e3o enviados; e a dimens\u00e3o ecum\u00e9nica, que apela \u00e0 reconcilia\u00e7\u00e3o e \u00e0 unidade.<\/p>\n<p>Esta interven\u00e7\u00e3o inaugural suscitou uma quest\u00e3o proposta \u00e0 reflex\u00e3o em grupos: <strong><em>&#8220;Que outras dimens\u00f5es, fundamentos e crit\u00e9rios podemos identificar para uma teologia e espiritualidade sinodal?&#8221;<\/em><\/strong>. A escuta das partilhas que se seguiram revelou a riqueza do <em>sensus fidei<\/em> do Povo de Deus, manifestando um aut\u00eantico desejo de se aprofundar e alargar os horizontes do caminho sinodal. Assim, foram identificadas diversas dimens\u00f5es complementares que enriquecem a compreens\u00e3o da espiritualidade sinodal. Destacou-se, por exemplo, a dimens\u00e3o mariana, que, inspirando-se em Maria, modelo de escuta, ternura e de coragem prof\u00e9tica, convida a Igreja a cuidar com afei\u00e7\u00e3o e a proclamar com ousadia. Sublinhou-se tamb\u00e9m a import\u00e2ncia da presen\u00e7a da Igreja, desafiada a habitar com criatividade os novos espa\u00e7os de rela\u00e7\u00e3o, comunica\u00e7\u00e3o e evangeliza\u00e7\u00e3o, sobretudo junto dos jovens. A dimens\u00e3o est\u00e9tica e lit\u00fargica foi igualmente valorizada como via para acolher a beleza que conduz a Deus, integrando a arte, a m\u00fasica e a cultura popular na express\u00e3o da f\u00e9.<\/p>\n<p>Outras dimens\u00f5es emergiram com for\u00e7a: a pastoral, que apela \u00e0 ousadia mission\u00e1ria; a fraterna e comunit\u00e1ria, que exige a reconcilia\u00e7\u00e3o e o cuidado nas rela\u00e7\u00f5es; a ontol\u00f3gica, que reconhece a necessidade de autoconhecimento para a verdadeira entrega; a formativa, que aponta a urg\u00eancia de formar para a sinodalidade; a ministerial, que valoriza os diversos carismas e voca\u00e7\u00f5es na Igreja; a hist\u00f3rica, que convida a ler com sabedoria os sinais dos tempos; e a contemplativa, que recorda que a ora\u00e7\u00e3o partilhada \u00e9 o cora\u00e7\u00e3o do discernimento comum. Estas dimens\u00f5es, longe de esgotar a riqueza do tema, apontam para uma espiritualidade encarnada, dialogante e atenta \u00e0 realidade concreta das comunidades.<\/p>\n<p>O segundo momento das jornadas foi dedicado \u00e0 reflex\u00e3o sobre a <strong><em>implementa\u00e7\u00e3o do processo sinodal nas dioceses<\/em><\/strong>. Os grupos de trabalho partilharam as experi\u00eancias, os avan\u00e7os e os desafios vividos em cada realidade local. Constatou-se com alegria que todas as dioceses est\u00e3o envolvidas no caminho sinodal, com ritmos e metodologias pr\u00f3prias, mas unidas por uma vontade comum de convers\u00e3o pastoral. Destacou-se a generaliza\u00e7\u00e3o da pr\u00e1tica da <em>\u201cconversa\u00e7\u00e3o no Esp\u00edrito\u201d<\/em>, que tem gerado frutos de escuta profunda e discernimento partilhado. Os conselhos pastorais foram e est\u00e3o a ser revalorizados como espa\u00e7os de corresponsabilidade eclesial, e h\u00e1 uma renovada necessidade de formar leigos, clero e consagrados para a miss\u00e3o, em jeito sinodal.<\/p>\n<p>Todavia, os grupos tamb\u00e9m assinalaram v\u00e1rias dificuldades: resist\u00eancias culturais, falta de tempo e de meios, dificuldades de comunica\u00e7\u00e3o e cansa\u00e7o institucional. Sublinhou-se a import\u00e2ncia de n\u00e3o reduzir a sinodalidade a um evento, mas de a integrar como cultura permanente. Notou-se a necessidade de se envolver mais efetivamente os jovens, os mais afastados e aqueles que est\u00e3o \u00e0 margem das estruturas eclesiais. Apelou-se ao refor\u00e7o da sinodalidade nos semin\u00e1rios, nos itiner\u00e1rios catequ\u00e9ticos e nas estruturas de governo pastoral. A sinodalidade, disseram v\u00e1rios participantes, s\u00f3 ser\u00e1 verdadeira se passar das palavras aos gestos concretos de escuta, participa\u00e7\u00e3o e decis\u00e3o partilhada.<\/p>\n<p>O terceiro momento das Jornadas centrou-se na an\u00e1lise do <strong><em>processo sinodal nos \u00f3rg\u00e3os de comunh\u00e3o nacional da Igreja em Portugal<\/em><\/strong>, com particular aten\u00e7\u00e3o \u00e0 estrutura e ao funcionamento da Confer\u00eancia Episcopal Portuguesa. Neste \u00e2mbito, foram apresentadas propostas concretas que apontam para uma verdadeira convers\u00e3o institucional.<\/p>\n<p>Desde logo, destacou-se a import\u00e2ncia crucial da comunica\u00e7\u00e3o: \u00e9 fundamental comunicar bem, com clareza e proximidade, sem deixar nenhuma realidade nem pessoa para tr\u00e1s.<\/p>\n<p>Sublinhou-se, igualmente, a urg\u00eancia de maior transpar\u00eancia e presta\u00e7\u00e3o de contas, nomeadamente, atrav\u00e9s da elabora\u00e7\u00e3o de relat\u00f3rios acess\u00edveis e da cria\u00e7\u00e3o de canais de comunica\u00e7\u00e3o mais eficazes entre os organismos nacionais, em articula\u00e7\u00e3o com as dioceses e outras estruturas eclesiais. Prop\u00f4s-se ainda a simplifica\u00e7\u00e3o das estruturas existentes e a revis\u00e3o dos estatutos, com uma aposta clara na constitui\u00e7\u00e3o de equipas integradas, que conjuguem diversas voca\u00e7\u00f5es, experi\u00eancias e saberes da vida eclesial, valorizando tanto as compet\u00eancias t\u00e9cnicas como a maturidade espiritual.<\/p>\n<p>Foi tamb\u00e9m enfatizada a necessidade de se delinearem linhas program\u00e1ticas comuns para a a\u00e7\u00e3o pastoral da Igreja em Portugal, ap\u00f3s um processo de escuta sinodal das dioceses.<\/p>\n<p>Destacou-se ainda a import\u00e2ncia de fomentar redes interdiocesanas, promovendo espa\u00e7os de coopera\u00e7\u00e3o, partilha de boas pr\u00e1ticas e constru\u00e7\u00e3o conjunta de projetos pastorais. A miss\u00e3o comum da Igreja em Portugal exige sinergias, converg\u00eancias e um esp\u00edrito de unidade, sem sufocar a leg\u00edtima diversidade. Neste sentido, defendeu-se uma presen\u00e7a mais ativa da Igreja nos debates p\u00fablicos, com uma linguagem acess\u00edvel, enraizada no Evangelho e incarnada na vida concreta do povo.<\/p>\n<p>A cultura da avalia\u00e7\u00e3o foi apontada como um elemento essencial de maturidade institucional: avaliar para crescer, escutar para corrigir, discernir para decidir em comunh\u00e3o.<\/p>\n<p>Estas Jornadas n\u00e3o se encerraram com conclus\u00f5es definitivas, mas com um horizonte de esperan\u00e7a e de compromisso renovado. A sinodalidade \u2013 que no dizer do Papa Le\u00e3o XIV se <em>\u201cdeve tornar mentalidade, no cora\u00e7\u00e3o, nos processos de decis\u00e3o e nos modos de agir\u201d<\/em> \u2013 est\u00e1 viva em Portugal, em processo e em constru\u00e7\u00e3o. Estamos a aprender a caminhar juntos, a escutar com mais profundidade, a discernir com o cora\u00e7\u00e3o e a decidir com humildade. Como referiu um dos grupos: <em>\u201cTalvez um dia deixemos de usar a palavra sinodalidade, porque ela j\u00e1 ser\u00e1 o modo natural de sermos Igreja\u201d<\/em>. Este sonho, que brota do Evangelho e do sopro do Esp\u00edrito, exige coragem, convers\u00e3o e perseveran\u00e7a.<\/p>\n<p>As Jornadas Pastorais do Episcopado 2025 foram um sinal concreto de que este caminho sinodal \u00e9 poss\u00edvel. Com Maria, modelo de escuta e disponibilidade, com Pedro, chamado a confirmar os irm\u00e3os na f\u00e9, e com toda a Igreja, seguimos juntos como disc\u00edpulos de Jesus, na certeza de que o Senhor caminha connosco, conduzindo-nos para a unidade plena e para a miss\u00e3o sempre nova de anunciar o Reino de Deus.<\/p>\n<p>F\u00e1tima, 18 de junho de 2025<\/p>\n<div id='gallery-1' class='gallery galleryid-8943 gallery-columns-4 gallery-size-medium'><figure class='gallery-item'>\n\t\t\t<div class='gallery-icon landscape'>\n\t\t\t\t<a href='https:\/\/www.conferenciaepiscopal.pt\/v1\/uma-igreja-que-caminha-em-sinodalidade-reflexoes-das-jornadas-pastorais-do-episcopado-2025\/20250617-jornadaspastoraisepiscopado-grupos-01\/'><img fetchpriority=\"high\" decoding=\"async\" width=\"300\" height=\"200\" src=\"https:\/\/www.conferenciaepiscopal.pt\/v1\/wp-content\/uploads\/2025\/06\/20250617-JornadasPastoraisEpiscopado-grupos-01-300x200.jpg\" class=\"attachment-medium size-medium\" alt=\"\" srcset=\"https:\/\/www.conferenciaepiscopal.pt\/v1\/wp-content\/uploads\/2025\/06\/20250617-JornadasPastoraisEpiscopado-grupos-01-300x200.jpg 300w, https:\/\/www.conferenciaepiscopal.pt\/v1\/wp-content\/uploads\/2025\/06\/20250617-JornadasPastoraisEpiscopado-grupos-01-1024x683.jpg 1024w, https:\/\/www.conferenciaepiscopal.pt\/v1\/wp-content\/uploads\/2025\/06\/20250617-JornadasPastoraisEpiscopado-grupos-01-768x512.jpg 768w, https:\/\/www.conferenciaepiscopal.pt\/v1\/wp-content\/uploads\/2025\/06\/20250617-JornadasPastoraisEpiscopado-grupos-01-1536x1024.jpg 1536w, https:\/\/www.conferenciaepiscopal.pt\/v1\/wp-content\/uploads\/2025\/06\/20250617-JornadasPastoraisEpiscopado-grupos-01-2048x1365.jpg 2048w\" sizes=\"(max-width: 300px) 100vw, 300px\" \/><\/a>\n\t\t\t<\/div><\/figure><figure class='gallery-item'>\n\t\t\t<div class='gallery-icon landscape'>\n\t\t\t\t<a href='https:\/\/www.conferenciaepiscopal.pt\/v1\/uma-igreja-que-caminha-em-sinodalidade-reflexoes-das-jornadas-pastorais-do-episcopado-2025\/20250617-jornadaspastoraisepiscopado-grupos-03\/'><img decoding=\"async\" width=\"300\" height=\"200\" src=\"https:\/\/www.conferenciaepiscopal.pt\/v1\/wp-content\/uploads\/2025\/06\/20250617-JornadasPastoraisEpiscopado-grupos-03-300x200.jpg\" class=\"attachment-medium size-medium\" alt=\"\" srcset=\"https:\/\/www.conferenciaepiscopal.pt\/v1\/wp-content\/uploads\/2025\/06\/20250617-JornadasPastoraisEpiscopado-grupos-03-300x200.jpg 300w, https:\/\/www.conferenciaepiscopal.pt\/v1\/wp-content\/uploads\/2025\/06\/20250617-JornadasPastoraisEpiscopado-grupos-03-1024x683.jpg 1024w, https:\/\/www.conferenciaepiscopal.pt\/v1\/wp-content\/uploads\/2025\/06\/20250617-JornadasPastoraisEpiscopado-grupos-03-768x512.jpg 768w, https:\/\/www.conferenciaepiscopal.pt\/v1\/wp-content\/uploads\/2025\/06\/20250617-JornadasPastoraisEpiscopado-grupos-03-1536x1024.jpg 1536w, https:\/\/www.conferenciaepiscopal.pt\/v1\/wp-content\/uploads\/2025\/06\/20250617-JornadasPastoraisEpiscopado-grupos-03-2048x1365.jpg 2048w\" sizes=\"(max-width: 300px) 100vw, 300px\" \/><\/a>\n\t\t\t<\/div><\/figure><figure class='gallery-item'>\n\t\t\t<div class='gallery-icon landscape'>\n\t\t\t\t<a href='https:\/\/www.conferenciaepiscopal.pt\/v1\/uma-igreja-que-caminha-em-sinodalidade-reflexoes-das-jornadas-pastorais-do-episcopado-2025\/20250617-jornadaspastoraisepiscopado-grupos-05\/'><img decoding=\"async\" width=\"300\" height=\"200\" src=\"https:\/\/www.conferenciaepiscopal.pt\/v1\/wp-content\/uploads\/2025\/06\/20250617-JornadasPastoraisEpiscopado-grupos-05-300x200.jpg\" class=\"attachment-medium size-medium\" alt=\"\" srcset=\"https:\/\/www.conferenciaepiscopal.pt\/v1\/wp-content\/uploads\/2025\/06\/20250617-JornadasPastoraisEpiscopado-grupos-05-300x200.jpg 300w, https:\/\/www.conferenciaepiscopal.pt\/v1\/wp-content\/uploads\/2025\/06\/20250617-JornadasPastoraisEpiscopado-grupos-05-1024x683.jpg 1024w, https:\/\/www.conferenciaepiscopal.pt\/v1\/wp-content\/uploads\/2025\/06\/20250617-JornadasPastoraisEpiscopado-grupos-05-768x512.jpg 768w, https:\/\/www.conferenciaepiscopal.pt\/v1\/wp-content\/uploads\/2025\/06\/20250617-JornadasPastoraisEpiscopado-grupos-05-1536x1024.jpg 1536w, https:\/\/www.conferenciaepiscopal.pt\/v1\/wp-content\/uploads\/2025\/06\/20250617-JornadasPastoraisEpiscopado-grupos-05-2048x1365.jpg 2048w\" sizes=\"(max-width: 300px) 100vw, 300px\" \/><\/a>\n\t\t\t<\/div><\/figure><figure class='gallery-item'>\n\t\t\t<div class='gallery-icon landscape'>\n\t\t\t\t<a href='https:\/\/www.conferenciaepiscopal.pt\/v1\/uma-igreja-que-caminha-em-sinodalidade-reflexoes-das-jornadas-pastorais-do-episcopado-2025\/20250617-jornadaspastoraisepiscopado-grupos-07\/'><img loading=\"lazy\" decoding=\"async\" width=\"300\" height=\"200\" src=\"https:\/\/www.conferenciaepiscopal.pt\/v1\/wp-content\/uploads\/2025\/06\/20250617-JornadasPastoraisEpiscopado-grupos-07-300x200.jpg\" class=\"attachment-medium size-medium\" alt=\"\" srcset=\"https:\/\/www.conferenciaepiscopal.pt\/v1\/wp-content\/uploads\/2025\/06\/20250617-JornadasPastoraisEpiscopado-grupos-07-300x200.jpg 300w, https:\/\/www.conferenciaepiscopal.pt\/v1\/wp-content\/uploads\/2025\/06\/20250617-JornadasPastoraisEpiscopado-grupos-07-1024x683.jpg 1024w, https:\/\/www.conferenciaepiscopal.pt\/v1\/wp-content\/uploads\/2025\/06\/20250617-JornadasPastoraisEpiscopado-grupos-07-768x512.jpg 768w, https:\/\/www.conferenciaepiscopal.pt\/v1\/wp-content\/uploads\/2025\/06\/20250617-JornadasPastoraisEpiscopado-grupos-07-1536x1024.jpg 1536w, https:\/\/www.conferenciaepiscopal.pt\/v1\/wp-content\/uploads\/2025\/06\/20250617-JornadasPastoraisEpiscopado-grupos-07-2048x1365.jpg 2048w\" sizes=\"(max-width: 300px) 100vw, 300px\" \/><\/a>\n\t\t\t<\/div><\/figure><figure class='gallery-item'>\n\t\t\t<div class='gallery-icon landscape'>\n\t\t\t\t<a href='https:\/\/www.conferenciaepiscopal.pt\/v1\/uma-igreja-que-caminha-em-sinodalidade-reflexoes-das-jornadas-pastorais-do-episcopado-2025\/20250617-jornadaspastoraisepiscopado-grupos-09\/'><img loading=\"lazy\" decoding=\"async\" width=\"300\" height=\"200\" src=\"https:\/\/www.conferenciaepiscopal.pt\/v1\/wp-content\/uploads\/2025\/06\/20250617-JornadasPastoraisEpiscopado-grupos-09-300x200.jpg\" class=\"attachment-medium size-medium\" alt=\"\" srcset=\"https:\/\/www.conferenciaepiscopal.pt\/v1\/wp-content\/uploads\/2025\/06\/20250617-JornadasPastoraisEpiscopado-grupos-09-300x200.jpg 300w, https:\/\/www.conferenciaepiscopal.pt\/v1\/wp-content\/uploads\/2025\/06\/20250617-JornadasPastoraisEpiscopado-grupos-09-1024x683.jpg 1024w, https:\/\/www.conferenciaepiscopal.pt\/v1\/wp-content\/uploads\/2025\/06\/20250617-JornadasPastoraisEpiscopado-grupos-09-768x512.jpg 768w, https:\/\/www.conferenciaepiscopal.pt\/v1\/wp-content\/uploads\/2025\/06\/20250617-JornadasPastoraisEpiscopado-grupos-09-1536x1024.jpg 1536w, https:\/\/www.conferenciaepiscopal.pt\/v1\/wp-content\/uploads\/2025\/06\/20250617-JornadasPastoraisEpiscopado-grupos-09-2048x1365.jpg 2048w\" sizes=\"(max-width: 300px) 100vw, 300px\" \/><\/a>\n\t\t\t<\/div><\/figure><figure class='gallery-item'>\n\t\t\t<div class='gallery-icon landscape'>\n\t\t\t\t<a href='https:\/\/www.conferenciaepiscopal.pt\/v1\/uma-igreja-que-caminha-em-sinodalidade-reflexoes-das-jornadas-pastorais-do-episcopado-2025\/20250617-jornadaspastoraisepiscopado-grupos-11\/'><img loading=\"lazy\" decoding=\"async\" width=\"300\" height=\"200\" src=\"https:\/\/www.conferenciaepiscopal.pt\/v1\/wp-content\/uploads\/2025\/06\/20250617-JornadasPastoraisEpiscopado-grupos-11-300x200.jpg\" class=\"attachment-medium size-medium\" alt=\"\" srcset=\"https:\/\/www.conferenciaepiscopal.pt\/v1\/wp-content\/uploads\/2025\/06\/20250617-JornadasPastoraisEpiscopado-grupos-11-300x200.jpg 300w, https:\/\/www.conferenciaepiscopal.pt\/v1\/wp-content\/uploads\/2025\/06\/20250617-JornadasPastoraisEpiscopado-grupos-11-1024x683.jpg 1024w, https:\/\/www.conferenciaepiscopal.pt\/v1\/wp-content\/uploads\/2025\/06\/20250617-JornadasPastoraisEpiscopado-grupos-11-768x512.jpg 768w, https:\/\/www.conferenciaepiscopal.pt\/v1\/wp-content\/uploads\/2025\/06\/20250617-JornadasPastoraisEpiscopado-grupos-11-1536x1024.jpg 1536w, https:\/\/www.conferenciaepiscopal.pt\/v1\/wp-content\/uploads\/2025\/06\/20250617-JornadasPastoraisEpiscopado-grupos-11-2048x1365.jpg 2048w\" sizes=\"(max-width: 300px) 100vw, 300px\" \/><\/a>\n\t\t\t<\/div><\/figure><figure class='gallery-item'>\n\t\t\t<div class='gallery-icon landscape'>\n\t\t\t\t<a href='https:\/\/www.conferenciaepiscopal.pt\/v1\/uma-igreja-que-caminha-em-sinodalidade-reflexoes-das-jornadas-pastorais-do-episcopado-2025\/20250617-jornadaspastoraisepiscopado-grupos-13\/'><img loading=\"lazy\" decoding=\"async\" width=\"300\" height=\"200\" src=\"https:\/\/www.conferenciaepiscopal.pt\/v1\/wp-content\/uploads\/2025\/06\/20250617-JornadasPastoraisEpiscopado-grupos-13-300x200.jpg\" class=\"attachment-medium size-medium\" alt=\"\" srcset=\"https:\/\/www.conferenciaepiscopal.pt\/v1\/wp-content\/uploads\/2025\/06\/20250617-JornadasPastoraisEpiscopado-grupos-13-300x200.jpg 300w, https:\/\/www.conferenciaepiscopal.pt\/v1\/wp-content\/uploads\/2025\/06\/20250617-JornadasPastoraisEpiscopado-grupos-13-1024x683.jpg 1024w, https:\/\/www.conferenciaepiscopal.pt\/v1\/wp-content\/uploads\/2025\/06\/20250617-JornadasPastoraisEpiscopado-grupos-13-768x512.jpg 768w, https:\/\/www.conferenciaepiscopal.pt\/v1\/wp-content\/uploads\/2025\/06\/20250617-JornadasPastoraisEpiscopado-grupos-13-1536x1024.jpg 1536w, https:\/\/www.conferenciaepiscopal.pt\/v1\/wp-content\/uploads\/2025\/06\/20250617-JornadasPastoraisEpiscopado-grupos-13-2048x1365.jpg 2048w\" sizes=\"(max-width: 300px) 100vw, 300px\" \/><\/a>\n\t\t\t<\/div><\/figure><figure class='gallery-item'>\n\t\t\t<div class='gallery-icon landscape'>\n\t\t\t\t<a href='https:\/\/www.conferenciaepiscopal.pt\/v1\/uma-igreja-que-caminha-em-sinodalidade-reflexoes-das-jornadas-pastorais-do-episcopado-2025\/20250617-jornadaspastoraisepiscopado-grupos-15\/'><img loading=\"lazy\" decoding=\"async\" width=\"300\" height=\"200\" src=\"https:\/\/www.conferenciaepiscopal.pt\/v1\/wp-content\/uploads\/2025\/06\/20250617-JornadasPastoraisEpiscopado-grupos-15-300x200.jpg\" class=\"attachment-medium size-medium\" alt=\"\" srcset=\"https:\/\/www.conferenciaepiscopal.pt\/v1\/wp-content\/uploads\/2025\/06\/20250617-JornadasPastoraisEpiscopado-grupos-15-300x200.jpg 300w, https:\/\/www.conferenciaepiscopal.pt\/v1\/wp-content\/uploads\/2025\/06\/20250617-JornadasPastoraisEpiscopado-grupos-15-1024x683.jpg 1024w, https:\/\/www.conferenciaepiscopal.pt\/v1\/wp-content\/uploads\/2025\/06\/20250617-JornadasPastoraisEpiscopado-grupos-15-768x512.jpg 768w, https:\/\/www.conferenciaepiscopal.pt\/v1\/wp-content\/uploads\/2025\/06\/20250617-JornadasPastoraisEpiscopado-grupos-15-1536x1024.jpg 1536w, https:\/\/www.conferenciaepiscopal.pt\/v1\/wp-content\/uploads\/2025\/06\/20250617-JornadasPastoraisEpiscopado-grupos-15-2048x1365.jpg 2048w\" sizes=\"(max-width: 300px) 100vw, 300px\" \/><\/a>\n\t\t\t<\/div><\/figure><figure class='gallery-item'>\n\t\t\t<div class='gallery-icon landscape'>\n\t\t\t\t<a href='https:\/\/www.conferenciaepiscopal.pt\/v1\/uma-igreja-que-caminha-em-sinodalidade-reflexoes-das-jornadas-pastorais-do-episcopado-2025\/20250617-jornadaspastoraisepiscopado-grupos-17\/'><img loading=\"lazy\" decoding=\"async\" width=\"300\" height=\"200\" src=\"https:\/\/www.conferenciaepiscopal.pt\/v1\/wp-content\/uploads\/2025\/06\/20250617-JornadasPastoraisEpiscopado-grupos-17-300x200.jpg\" class=\"attachment-medium size-medium\" alt=\"\" srcset=\"https:\/\/www.conferenciaepiscopal.pt\/v1\/wp-content\/uploads\/2025\/06\/20250617-JornadasPastoraisEpiscopado-grupos-17-300x200.jpg 300w, https:\/\/www.conferenciaepiscopal.pt\/v1\/wp-content\/uploads\/2025\/06\/20250617-JornadasPastoraisEpiscopado-grupos-17-1024x683.jpg 1024w, https:\/\/www.conferenciaepiscopal.pt\/v1\/wp-content\/uploads\/2025\/06\/20250617-JornadasPastoraisEpiscopado-grupos-17-768x512.jpg 768w, https:\/\/www.conferenciaepiscopal.pt\/v1\/wp-content\/uploads\/2025\/06\/20250617-JornadasPastoraisEpiscopado-grupos-17-1536x1024.jpg 1536w, https:\/\/www.conferenciaepiscopal.pt\/v1\/wp-content\/uploads\/2025\/06\/20250617-JornadasPastoraisEpiscopado-grupos-17-2048x1365.jpg 2048w\" sizes=\"(max-width: 300px) 100vw, 300px\" \/><\/a>\n\t\t\t<\/div><\/figure><figure class='gallery-item'>\n\t\t\t<div class='gallery-icon landscape'>\n\t\t\t\t<a href='https:\/\/www.conferenciaepiscopal.pt\/v1\/uma-igreja-que-caminha-em-sinodalidade-reflexoes-das-jornadas-pastorais-do-episcopado-2025\/20250617-jornadaspastoraisepiscopado-grupos-19\/'><img loading=\"lazy\" decoding=\"async\" width=\"300\" height=\"200\" src=\"https:\/\/www.conferenciaepiscopal.pt\/v1\/wp-content\/uploads\/2025\/06\/20250617-JornadasPastoraisEpiscopado-grupos-19-300x200.jpg\" class=\"attachment-medium size-medium\" alt=\"\" srcset=\"https:\/\/www.conferenciaepiscopal.pt\/v1\/wp-content\/uploads\/2025\/06\/20250617-JornadasPastoraisEpiscopado-grupos-19-300x200.jpg 300w, https:\/\/www.conferenciaepiscopal.pt\/v1\/wp-content\/uploads\/2025\/06\/20250617-JornadasPastoraisEpiscopado-grupos-19-1024x683.jpg 1024w, https:\/\/www.conferenciaepiscopal.pt\/v1\/wp-content\/uploads\/2025\/06\/20250617-JornadasPastoraisEpiscopado-grupos-19-768x512.jpg 768w, https:\/\/www.conferenciaepiscopal.pt\/v1\/wp-content\/uploads\/2025\/06\/20250617-JornadasPastoraisEpiscopado-grupos-19-1536x1024.jpg 1536w, https:\/\/www.conferenciaepiscopal.pt\/v1\/wp-content\/uploads\/2025\/06\/20250617-JornadasPastoraisEpiscopado-grupos-19-2048x1365.jpg 2048w\" sizes=\"(max-width: 300px) 100vw, 300px\" \/><\/a>\n\t\t\t<\/div><\/figure><figure class='gallery-item'>\n\t\t\t<div class='gallery-icon landscape'>\n\t\t\t\t<a href='https:\/\/www.conferenciaepiscopal.pt\/v1\/uma-igreja-que-caminha-em-sinodalidade-reflexoes-das-jornadas-pastorais-do-episcopado-2025\/20250617-jornadaspastoraisepiscopado-grupos-20\/'><img loading=\"lazy\" decoding=\"async\" width=\"300\" height=\"200\" src=\"https:\/\/www.conferenciaepiscopal.pt\/v1\/wp-content\/uploads\/2025\/06\/20250617-JornadasPastoraisEpiscopado-grupos-20-300x200.jpg\" class=\"attachment-medium size-medium\" alt=\"\" srcset=\"https:\/\/www.conferenciaepiscopal.pt\/v1\/wp-content\/uploads\/2025\/06\/20250617-JornadasPastoraisEpiscopado-grupos-20-300x200.jpg 300w, https:\/\/www.conferenciaepiscopal.pt\/v1\/wp-content\/uploads\/2025\/06\/20250617-JornadasPastoraisEpiscopado-grupos-20-1024x683.jpg 1024w, https:\/\/www.conferenciaepiscopal.pt\/v1\/wp-content\/uploads\/2025\/06\/20250617-JornadasPastoraisEpiscopado-grupos-20-768x512.jpg 768w, https:\/\/www.conferenciaepiscopal.pt\/v1\/wp-content\/uploads\/2025\/06\/20250617-JornadasPastoraisEpiscopado-grupos-20-1536x1024.jpg 1536w, https:\/\/www.conferenciaepiscopal.pt\/v1\/wp-content\/uploads\/2025\/06\/20250617-JornadasPastoraisEpiscopado-grupos-20-2048x1365.jpg 2048w\" sizes=\"(max-width: 300px) 100vw, 300px\" \/><\/a>\n\t\t\t<\/div><\/figure><figure class='gallery-item'>\n\t\t\t<div class='gallery-icon landscape'>\n\t\t\t\t<a href='https:\/\/www.conferenciaepiscopal.pt\/v1\/uma-igreja-que-caminha-em-sinodalidade-reflexoes-das-jornadas-pastorais-do-episcopado-2025\/20250617-jornadaspastoraisepiscopado-grupos-21\/'><img loading=\"lazy\" decoding=\"async\" width=\"300\" height=\"200\" src=\"https:\/\/www.conferenciaepiscopal.pt\/v1\/wp-content\/uploads\/2025\/06\/20250617-JornadasPastoraisEpiscopado-grupos-21-300x200.jpg\" class=\"attachment-medium size-medium\" alt=\"\" srcset=\"https:\/\/www.conferenciaepiscopal.pt\/v1\/wp-content\/uploads\/2025\/06\/20250617-JornadasPastoraisEpiscopado-grupos-21-300x200.jpg 300w, https:\/\/www.conferenciaepiscopal.pt\/v1\/wp-content\/uploads\/2025\/06\/20250617-JornadasPastoraisEpiscopado-grupos-21-1024x683.jpg 1024w, https:\/\/www.conferenciaepiscopal.pt\/v1\/wp-content\/uploads\/2025\/06\/20250617-JornadasPastoraisEpiscopado-grupos-21-768x512.jpg 768w, https:\/\/www.conferenciaepiscopal.pt\/v1\/wp-content\/uploads\/2025\/06\/20250617-JornadasPastoraisEpiscopado-grupos-21-1536x1024.jpg 1536w, https:\/\/www.conferenciaepiscopal.pt\/v1\/wp-content\/uploads\/2025\/06\/20250617-JornadasPastoraisEpiscopado-grupos-21-2048x1365.jpg 2048w\" sizes=\"(max-width: 300px) 100vw, 300px\" \/><\/a>\n\t\t\t<\/div><\/figure><figure class='gallery-item'>\n\t\t\t<div class='gallery-icon landscape'>\n\t\t\t\t<a href='https:\/\/www.conferenciaepiscopal.pt\/v1\/uma-igreja-que-caminha-em-sinodalidade-reflexoes-das-jornadas-pastorais-do-episcopado-2025\/20250617-jornadaspastoraisepiscopado-grupos-23\/'><img loading=\"lazy\" decoding=\"async\" width=\"300\" height=\"200\" src=\"https:\/\/www.conferenciaepiscopal.pt\/v1\/wp-content\/uploads\/2025\/06\/20250617-JornadasPastoraisEpiscopado-grupos-23-300x200.jpg\" class=\"attachment-medium size-medium\" alt=\"\" srcset=\"https:\/\/www.conferenciaepiscopal.pt\/v1\/wp-content\/uploads\/2025\/06\/20250617-JornadasPastoraisEpiscopado-grupos-23-300x200.jpg 300w, https:\/\/www.conferenciaepiscopal.pt\/v1\/wp-content\/uploads\/2025\/06\/20250617-JornadasPastoraisEpiscopado-grupos-23-1024x683.jpg 1024w, https:\/\/www.conferenciaepiscopal.pt\/v1\/wp-content\/uploads\/2025\/06\/20250617-JornadasPastoraisEpiscopado-grupos-23-768x512.jpg 768w, https:\/\/www.conferenciaepiscopal.pt\/v1\/wp-content\/uploads\/2025\/06\/20250617-JornadasPastoraisEpiscopado-grupos-23-1536x1024.jpg 1536w, https:\/\/www.conferenciaepiscopal.pt\/v1\/wp-content\/uploads\/2025\/06\/20250617-JornadasPastoraisEpiscopado-grupos-23-2048x1365.jpg 2048w\" sizes=\"(max-width: 300px) 100vw, 300px\" \/><\/a>\n\t\t\t<\/div><\/figure><figure class='gallery-item'>\n\t\t\t<div class='gallery-icon landscape'>\n\t\t\t\t<a href='https:\/\/www.conferenciaepiscopal.pt\/v1\/uma-igreja-que-caminha-em-sinodalidade-reflexoes-das-jornadas-pastorais-do-episcopado-2025\/20250617-jornadaspastoraisepiscopado-grupos-26\/'><img loading=\"lazy\" decoding=\"async\" width=\"300\" height=\"200\" src=\"https:\/\/www.conferenciaepiscopal.pt\/v1\/wp-content\/uploads\/2025\/06\/20250617-JornadasPastoraisEpiscopado-grupos-26-300x200.jpg\" class=\"attachment-medium size-medium\" alt=\"\" srcset=\"https:\/\/www.conferenciaepiscopal.pt\/v1\/wp-content\/uploads\/2025\/06\/20250617-JornadasPastoraisEpiscopado-grupos-26-300x200.jpg 300w, https:\/\/www.conferenciaepiscopal.pt\/v1\/wp-content\/uploads\/2025\/06\/20250617-JornadasPastoraisEpiscopado-grupos-26-1024x683.jpg 1024w, https:\/\/www.conferenciaepiscopal.pt\/v1\/wp-content\/uploads\/2025\/06\/20250617-JornadasPastoraisEpiscopado-grupos-26-768x512.jpg 768w, https:\/\/www.conferenciaepiscopal.pt\/v1\/wp-content\/uploads\/2025\/06\/20250617-JornadasPastoraisEpiscopado-grupos-26-1536x1024.jpg 1536w, https:\/\/www.conferenciaepiscopal.pt\/v1\/wp-content\/uploads\/2025\/06\/20250617-JornadasPastoraisEpiscopado-grupos-26-2048x1365.jpg 2048w\" sizes=\"(max-width: 300px) 100vw, 300px\" \/><\/a>\n\t\t\t<\/div><\/figure><figure class='gallery-item'>\n\t\t\t<div class='gallery-icon landscape'>\n\t\t\t\t<a href='https:\/\/www.conferenciaepiscopal.pt\/v1\/uma-igreja-que-caminha-em-sinodalidade-reflexoes-das-jornadas-pastorais-do-episcopado-2025\/20250617-jornadaspastoraisepiscopado-grupos-25\/'><img loading=\"lazy\" decoding=\"async\" width=\"300\" height=\"200\" src=\"https:\/\/www.conferenciaepiscopal.pt\/v1\/wp-content\/uploads\/2025\/06\/20250617-JornadasPastoraisEpiscopado-grupos-25-300x200.jpg\" class=\"attachment-medium size-medium\" alt=\"\" srcset=\"https:\/\/www.conferenciaepiscopal.pt\/v1\/wp-content\/uploads\/2025\/06\/20250617-JornadasPastoraisEpiscopado-grupos-25-300x200.jpg 300w, https:\/\/www.conferenciaepiscopal.pt\/v1\/wp-content\/uploads\/2025\/06\/20250617-JornadasPastoraisEpiscopado-grupos-25-1024x683.jpg 1024w, https:\/\/www.conferenciaepiscopal.pt\/v1\/wp-content\/uploads\/2025\/06\/20250617-JornadasPastoraisEpiscopado-grupos-25-768x512.jpg 768w, https:\/\/www.conferenciaepiscopal.pt\/v1\/wp-content\/uploads\/2025\/06\/20250617-JornadasPastoraisEpiscopado-grupos-25-1536x1024.jpg 1536w, https:\/\/www.conferenciaepiscopal.pt\/v1\/wp-content\/uploads\/2025\/06\/20250617-JornadasPastoraisEpiscopado-grupos-25-2048x1365.jpg 2048w\" sizes=\"(max-width: 300px) 100vw, 300px\" \/><\/a>\n\t\t\t<\/div><\/figure><figure class='gallery-item'>\n\t\t\t<div class='gallery-icon landscape'>\n\t\t\t\t<a href='https:\/\/www.conferenciaepiscopal.pt\/v1\/uma-igreja-que-caminha-em-sinodalidade-reflexoes-das-jornadas-pastorais-do-episcopado-2025\/20250617-jornadaspastoraisepiscopado-grupos-27\/'><img loading=\"lazy\" decoding=\"async\" width=\"300\" height=\"200\" src=\"https:\/\/www.conferenciaepiscopal.pt\/v1\/wp-content\/uploads\/2025\/06\/20250617-JornadasPastoraisEpiscopado-grupos-27-300x200.jpg\" class=\"attachment-medium size-medium\" alt=\"\" srcset=\"https:\/\/www.conferenciaepiscopal.pt\/v1\/wp-content\/uploads\/2025\/06\/20250617-JornadasPastoraisEpiscopado-grupos-27-300x200.jpg 300w, https:\/\/www.conferenciaepiscopal.pt\/v1\/wp-content\/uploads\/2025\/06\/20250617-JornadasPastoraisEpiscopado-grupos-27-1024x683.jpg 1024w, https:\/\/www.conferenciaepiscopal.pt\/v1\/wp-content\/uploads\/2025\/06\/20250617-JornadasPastoraisEpiscopado-grupos-27-768x512.jpg 768w, https:\/\/www.conferenciaepiscopal.pt\/v1\/wp-content\/uploads\/2025\/06\/20250617-JornadasPastoraisEpiscopado-grupos-27-1536x1024.jpg 1536w, https:\/\/www.conferenciaepiscopal.pt\/v1\/wp-content\/uploads\/2025\/06\/20250617-JornadasPastoraisEpiscopado-grupos-27-2048x1365.jpg 2048w\" sizes=\"(max-width: 300px) 100vw, 300px\" \/><\/a>\n\t\t\t<\/div><\/figure>\n\t\t<\/div>\n\n","protected":false},"excerpt":{"rendered":"<p>Entre os dias 16 e 18 de junho de 2025, reuniram-se em F\u00e1tima, na Casa de Nossa Senhora das Dores, [&hellip;]<\/p>\n","protected":false},"author":2,"featured_media":8945,"comment_status":"closed","ping_status":"closed","sticky":false,"template":"","format":"standard","meta":{"site-sidebar-layout":"default","site-content-layout":"","ast-site-content-layout":"default","site-content-style":"default","site-sidebar-style":"default","ast-global-header-display":"","ast-banner-title-visibility":"","ast-main-header-display":"","ast-hfb-above-header-display":"","ast-hfb-below-header-display":"","ast-hfb-mobile-header-display":"","site-post-title":"","ast-breadcrumbs-content":"","ast-featured-img":"","footer-sml-layout":"","ast-disable-related-posts":"","theme-transparent-header-meta":"default","adv-header-id-meta":"","stick-header-meta":"default","header-above-stick-meta":"","header-main-stick-meta":"","header-below-stick-meta":"","astra-migrate-meta-layouts":"set","ast-page-background-enabled":"default","ast-page-background-meta":{"desktop":{"background-color":"var(--ast-global-color-4)","background-image":"","background-repeat":"repeat","background-position":"center center","background-size":"auto","background-attachment":"scroll","background-type":"","background-media":"","overlay-type":"","overlay-color":"","overlay-opacity":"","overlay-gradient":""},"tablet":{"background-color":"","background-image":"","background-repeat":"repeat","background-position":"center center","background-size":"auto","background-attachment":"scroll","background-type":"","background-media":"","overlay-type":"","overlay-color":"","overlay-opacity":"","overlay-gradient":""},"mobile":{"background-color":"","background-image":"","background-repeat":"repeat","background-position":"center center","background-size":"auto","background-attachment":"scroll","background-type":"","background-media":"","overlay-type":"","overlay-color":"","overlay-opacity":"","overlay-gradient":""}},"ast-content-background-meta":{"desktop":{"background-color":"var(--ast-global-color-5)","background-image":"","background-repeat":"repeat","background-position":"center center","background-size":"auto","background-attachment":"scroll","background-type":"","background-media":"","overlay-type":"","overlay-color":"","overlay-opacity":"","overlay-gradient":""},"tablet":{"background-color":"var(--ast-global-color-5)","background-image":"","background-repeat":"repeat","background-position":"center center","background-size":"auto","background-attachment":"scroll","background-type":"","background-media":"","overlay-type":"","overlay-color":"","overlay-opacity":"","overlay-gradient":""},"mobile":{"background-color":"var(--ast-global-color-5)","background-image":"","background-repeat":"repeat","background-position":"center center","background-size":"auto","background-attachment":"scroll","background-type":"","background-media":"","overlay-type":"","overlay-color":"","overlay-opacity":"","overlay-gradient":""}},"footnotes":""},"categories":[74,4,72],"tags":[],"class_list":["post-8943","post","type-post","status-publish","format-standard","has-post-thumbnail","hentry","category-entrada","category-documentos","category-noticias"],"yoast_head":"<!-- This site is optimized with the Yoast SEO plugin v27.5 - https:\/\/yoast.com\/product\/yoast-seo-wordpress\/ -->\n<title>Uma Igreja que caminha em sinodalidade - Reflex\u00f5es das Jornadas Pastorais do Episcopado 2025 - Confer\u00eancia Episcopal Portuguesa<\/title>\n<meta name=\"robots\" content=\"index, follow, max-snippet:-1, max-image-preview:large, max-video-preview:-1\" \/>\n<link rel=\"canonical\" href=\"https:\/\/www.conferenciaepiscopal.pt\/v1\/uma-igreja-que-caminha-em-sinodalidade-reflexoes-das-jornadas-pastorais-do-episcopado-2025\/\" \/>\n<meta property=\"og:locale\" content=\"pt_PT\" \/>\n<meta property=\"og:type\" content=\"article\" \/>\n<meta property=\"og:title\" content=\"Uma Igreja que caminha em sinodalidade - Reflex\u00f5es das Jornadas Pastorais do Episcopado 2025 - Confer\u00eancia Episcopal Portuguesa\" \/>\n<meta property=\"og:description\" content=\"Entre os dias 16 e 18 de junho de 2025, reuniram-se em F\u00e1tima, na Casa de Nossa Senhora das Dores, [&hellip;]\" \/>\n<meta property=\"og:url\" content=\"https:\/\/www.conferenciaepiscopal.pt\/v1\/uma-igreja-que-caminha-em-sinodalidade-reflexoes-das-jornadas-pastorais-do-episcopado-2025\/\" \/>\n<meta property=\"og:site_name\" content=\"Confer\u00eancia Episcopal Portuguesa\" \/>\n<meta property=\"article:published_time\" content=\"2025-06-18T13:56:15+00:00\" \/>\n<meta property=\"article:modified_time\" content=\"2025-06-25T13:50:40+00:00\" \/>\n<meta property=\"og:image\" content=\"https:\/\/www.conferenciaepiscopal.pt\/v1\/wp-content\/uploads\/2025\/06\/20250618-JornadasPastoraisEpiscopado-encerramento-03.jpg\" \/>\n\t<meta property=\"og:image:width\" content=\"1920\" \/>\n\t<meta property=\"og:image:height\" content=\"1280\" \/>\n\t<meta property=\"og:image:type\" content=\"image\/jpeg\" \/>\n<meta name=\"author\" content=\"Anabela Sousa\" \/>\n<meta name=\"twitter:card\" content=\"summary_large_image\" \/>\n<meta name=\"twitter:label1\" content=\"Escrito por\" \/>\n\t<meta name=\"twitter:data1\" content=\"Anabela Sousa\" \/>\n\t<meta name=\"twitter:label2\" content=\"Tempo estimado de leitura\" \/>\n\t<meta name=\"twitter:data2\" content=\"7 minutos\" \/>\n<script type=\"application\/ld+json\" class=\"yoast-schema-graph\">{\"@context\":\"https:\\\/\\\/schema.org\",\"@graph\":[{\"@type\":\"Article\",\"@id\":\"https:\\\/\\\/www.conferenciaepiscopal.pt\\\/v1\\\/uma-igreja-que-caminha-em-sinodalidade-reflexoes-das-jornadas-pastorais-do-episcopado-2025\\\/#article\",\"isPartOf\":{\"@id\":\"https:\\\/\\\/www.conferenciaepiscopal.pt\\\/v1\\\/uma-igreja-que-caminha-em-sinodalidade-reflexoes-das-jornadas-pastorais-do-episcopado-2025\\\/\"},\"author\":{\"name\":\"Anabela Sousa\",\"@id\":\"https:\\\/\\\/www.conferenciaepiscopal.pt\\\/v1\\\/#\\\/schema\\\/person\\\/276594037f41ab419d8b2ae02d84119f\"},\"headline\":\"Uma Igreja que caminha em sinodalidade &#8211; Reflex\u00f5es das Jornadas Pastorais do Episcopado 2025\",\"datePublished\":\"2025-06-18T13:56:15+00:00\",\"dateModified\":\"2025-06-25T13:50:40+00:00\",\"mainEntityOfPage\":{\"@id\":\"https:\\\/\\\/www.conferenciaepiscopal.pt\\\/v1\\\/uma-igreja-que-caminha-em-sinodalidade-reflexoes-das-jornadas-pastorais-do-episcopado-2025\\\/\"},\"wordCount\":1376,\"publisher\":{\"@id\":\"https:\\\/\\\/www.conferenciaepiscopal.pt\\\/v1\\\/#organization\"},\"image\":{\"@id\":\"https:\\\/\\\/www.conferenciaepiscopal.pt\\\/v1\\\/uma-igreja-que-caminha-em-sinodalidade-reflexoes-das-jornadas-pastorais-do-episcopado-2025\\\/#primaryimage\"},\"thumbnailUrl\":\"https:\\\/\\\/www.conferenciaepiscopal.pt\\\/v1\\\/wp-content\\\/uploads\\\/2025\\\/06\\\/20250618-JornadasPastoraisEpiscopado-encerramento-03.jpg\",\"articleSection\":[\"#entrada\",\"Documentos\",\"Not\u00edcias\"],\"inLanguage\":\"pt-PT\"},{\"@type\":\"WebPage\",\"@id\":\"https:\\\/\\\/www.conferenciaepiscopal.pt\\\/v1\\\/uma-igreja-que-caminha-em-sinodalidade-reflexoes-das-jornadas-pastorais-do-episcopado-2025\\\/\",\"url\":\"https:\\\/\\\/www.conferenciaepiscopal.pt\\\/v1\\\/uma-igreja-que-caminha-em-sinodalidade-reflexoes-das-jornadas-pastorais-do-episcopado-2025\\\/\",\"name\":\"Uma Igreja que caminha em sinodalidade - Reflex\u00f5es das Jornadas Pastorais do Episcopado 2025 - Confer\u00eancia Episcopal Portuguesa\",\"isPartOf\":{\"@id\":\"https:\\\/\\\/www.conferenciaepiscopal.pt\\\/v1\\\/#website\"},\"primaryImageOfPage\":{\"@id\":\"https:\\\/\\\/www.conferenciaepiscopal.pt\\\/v1\\\/uma-igreja-que-caminha-em-sinodalidade-reflexoes-das-jornadas-pastorais-do-episcopado-2025\\\/#primaryimage\"},\"image\":{\"@id\":\"https:\\\/\\\/www.conferenciaepiscopal.pt\\\/v1\\\/uma-igreja-que-caminha-em-sinodalidade-reflexoes-das-jornadas-pastorais-do-episcopado-2025\\\/#primaryimage\"},\"thumbnailUrl\":\"https:\\\/\\\/www.conferenciaepiscopal.pt\\\/v1\\\/wp-content\\\/uploads\\\/2025\\\/06\\\/20250618-JornadasPastoraisEpiscopado-encerramento-03.jpg\",\"datePublished\":\"2025-06-18T13:56:15+00:00\",\"dateModified\":\"2025-06-25T13:50:40+00:00\",\"breadcrumb\":{\"@id\":\"https:\\\/\\\/www.conferenciaepiscopal.pt\\\/v1\\\/uma-igreja-que-caminha-em-sinodalidade-reflexoes-das-jornadas-pastorais-do-episcopado-2025\\\/#breadcrumb\"},\"inLanguage\":\"pt-PT\",\"potentialAction\":[{\"@type\":\"ReadAction\",\"target\":[\"https:\\\/\\\/www.conferenciaepiscopal.pt\\\/v1\\\/uma-igreja-que-caminha-em-sinodalidade-reflexoes-das-jornadas-pastorais-do-episcopado-2025\\\/\"]}]},{\"@type\":\"ImageObject\",\"inLanguage\":\"pt-PT\",\"@id\":\"https:\\\/\\\/www.conferenciaepiscopal.pt\\\/v1\\\/uma-igreja-que-caminha-em-sinodalidade-reflexoes-das-jornadas-pastorais-do-episcopado-2025\\\/#primaryimage\",\"url\":\"https:\\\/\\\/www.conferenciaepiscopal.pt\\\/v1\\\/wp-content\\\/uploads\\\/2025\\\/06\\\/20250618-JornadasPastoraisEpiscopado-encerramento-03.jpg\",\"contentUrl\":\"https:\\\/\\\/www.conferenciaepiscopal.pt\\\/v1\\\/wp-content\\\/uploads\\\/2025\\\/06\\\/20250618-JornadasPastoraisEpiscopado-encerramento-03.jpg\",\"width\":1920,\"height\":1280},{\"@type\":\"BreadcrumbList\",\"@id\":\"https:\\\/\\\/www.conferenciaepiscopal.pt\\\/v1\\\/uma-igreja-que-caminha-em-sinodalidade-reflexoes-das-jornadas-pastorais-do-episcopado-2025\\\/#breadcrumb\",\"itemListElement\":[{\"@type\":\"ListItem\",\"position\":1,\"name\":\"In\u00edcio\",\"item\":\"https:\\\/\\\/www.conferenciaepiscopal.pt\\\/v1\\\/\"},{\"@type\":\"ListItem\",\"position\":2,\"name\":\"Uma Igreja que caminha em sinodalidade &#8211; Reflex\u00f5es das Jornadas Pastorais do Episcopado 2025\"}]},{\"@type\":\"WebSite\",\"@id\":\"https:\\\/\\\/www.conferenciaepiscopal.pt\\\/v1\\\/#website\",\"url\":\"https:\\\/\\\/www.conferenciaepiscopal.pt\\\/v1\\\/\",\"name\":\"Confer\u00eancia Episcopal Portuguesa\",\"description\":\"Igreja Cat\u00f3lica em Portugal\",\"publisher\":{\"@id\":\"https:\\\/\\\/www.conferenciaepiscopal.pt\\\/v1\\\/#organization\"},\"potentialAction\":[{\"@type\":\"SearchAction\",\"target\":{\"@type\":\"EntryPoint\",\"urlTemplate\":\"https:\\\/\\\/www.conferenciaepiscopal.pt\\\/v1\\\/?s={search_term_string}\"},\"query-input\":{\"@type\":\"PropertyValueSpecification\",\"valueRequired\":true,\"valueName\":\"search_term_string\"}}],\"inLanguage\":\"pt-PT\"},{\"@type\":\"Organization\",\"@id\":\"https:\\\/\\\/www.conferenciaepiscopal.pt\\\/v1\\\/#organization\",\"name\":\"Confer\u00eancia Episcopal Portuguesa\",\"url\":\"https:\\\/\\\/www.conferenciaepiscopal.pt\\\/v1\\\/\",\"logo\":{\"@type\":\"ImageObject\",\"inLanguage\":\"pt-PT\",\"@id\":\"https:\\\/\\\/www.conferenciaepiscopal.pt\\\/v1\\\/#\\\/schema\\\/logo\\\/image\\\/\",\"url\":\"https:\\\/\\\/www.conferenciaepiscopal.pt\\\/v1\\\/wp-content\\\/uploads\\\/cropped-logoTransparente.png\",\"contentUrl\":\"https:\\\/\\\/www.conferenciaepiscopal.pt\\\/v1\\\/wp-content\\\/uploads\\\/cropped-logoTransparente.png\",\"width\":512,\"height\":512,\"caption\":\"Confer\u00eancia Episcopal Portuguesa\"},\"image\":{\"@id\":\"https:\\\/\\\/www.conferenciaepiscopal.pt\\\/v1\\\/#\\\/schema\\\/logo\\\/image\\\/\"}},{\"@type\":\"Person\",\"@id\":\"https:\\\/\\\/www.conferenciaepiscopal.pt\\\/v1\\\/#\\\/schema\\\/person\\\/276594037f41ab419d8b2ae02d84119f\",\"name\":\"Anabela Sousa\",\"image\":{\"@type\":\"ImageObject\",\"inLanguage\":\"pt-PT\",\"@id\":\"https:\\\/\\\/secure.gravatar.com\\\/avatar\\\/49af3230c4da697d62cdb63582d49dbf63fca33e78d0f530ced88eec32b12ba5?s=96&d=mm&r=g\",\"url\":\"https:\\\/\\\/secure.gravatar.com\\\/avatar\\\/49af3230c4da697d62cdb63582d49dbf63fca33e78d0f530ced88eec32b12ba5?s=96&d=mm&r=g\",\"contentUrl\":\"https:\\\/\\\/secure.gravatar.com\\\/avatar\\\/49af3230c4da697d62cdb63582d49dbf63fca33e78d0f530ced88eec32b12ba5?s=96&d=mm&r=g\",\"caption\":\"Anabela Sousa\"}}]}<\/script>\n<!-- \/ Yoast SEO plugin. -->","yoast_head_json":{"title":"Uma Igreja que caminha em sinodalidade - Reflex\u00f5es das Jornadas Pastorais do Episcopado 2025 - Confer\u00eancia Episcopal Portuguesa","robots":{"index":"index","follow":"follow","max-snippet":"max-snippet:-1","max-image-preview":"max-image-preview:large","max-video-preview":"max-video-preview:-1"},"canonical":"https:\/\/www.conferenciaepiscopal.pt\/v1\/uma-igreja-que-caminha-em-sinodalidade-reflexoes-das-jornadas-pastorais-do-episcopado-2025\/","og_locale":"pt_PT","og_type":"article","og_title":"Uma Igreja que caminha em sinodalidade - Reflex\u00f5es das Jornadas Pastorais do Episcopado 2025 - Confer\u00eancia Episcopal Portuguesa","og_description":"Entre os dias 16 e 18 de junho de 2025, reuniram-se em F\u00e1tima, na Casa de Nossa Senhora das Dores, [&hellip;]","og_url":"https:\/\/www.conferenciaepiscopal.pt\/v1\/uma-igreja-que-caminha-em-sinodalidade-reflexoes-das-jornadas-pastorais-do-episcopado-2025\/","og_site_name":"Confer\u00eancia Episcopal Portuguesa","article_published_time":"2025-06-18T13:56:15+00:00","article_modified_time":"2025-06-25T13:50:40+00:00","og_image":[{"width":1920,"height":1280,"url":"https:\/\/www.conferenciaepiscopal.pt\/v1\/wp-content\/uploads\/2025\/06\/20250618-JornadasPastoraisEpiscopado-encerramento-03.jpg","type":"image\/jpeg"}],"author":"Anabela Sousa","twitter_card":"summary_large_image","twitter_misc":{"Escrito por":"Anabela Sousa","Tempo estimado de leitura":"7 minutos"},"schema":{"@context":"https:\/\/schema.org","@graph":[{"@type":"Article","@id":"https:\/\/www.conferenciaepiscopal.pt\/v1\/uma-igreja-que-caminha-em-sinodalidade-reflexoes-das-jornadas-pastorais-do-episcopado-2025\/#article","isPartOf":{"@id":"https:\/\/www.conferenciaepiscopal.pt\/v1\/uma-igreja-que-caminha-em-sinodalidade-reflexoes-das-jornadas-pastorais-do-episcopado-2025\/"},"author":{"name":"Anabela Sousa","@id":"https:\/\/www.conferenciaepiscopal.pt\/v1\/#\/schema\/person\/276594037f41ab419d8b2ae02d84119f"},"headline":"Uma Igreja que caminha em sinodalidade &#8211; Reflex\u00f5es das Jornadas Pastorais do Episcopado 2025","datePublished":"2025-06-18T13:56:15+00:00","dateModified":"2025-06-25T13:50:40+00:00","mainEntityOfPage":{"@id":"https:\/\/www.conferenciaepiscopal.pt\/v1\/uma-igreja-que-caminha-em-sinodalidade-reflexoes-das-jornadas-pastorais-do-episcopado-2025\/"},"wordCount":1376,"publisher":{"@id":"https:\/\/www.conferenciaepiscopal.pt\/v1\/#organization"},"image":{"@id":"https:\/\/www.conferenciaepiscopal.pt\/v1\/uma-igreja-que-caminha-em-sinodalidade-reflexoes-das-jornadas-pastorais-do-episcopado-2025\/#primaryimage"},"thumbnailUrl":"https:\/\/www.conferenciaepiscopal.pt\/v1\/wp-content\/uploads\/2025\/06\/20250618-JornadasPastoraisEpiscopado-encerramento-03.jpg","articleSection":["#entrada","Documentos","Not\u00edcias"],"inLanguage":"pt-PT"},{"@type":"WebPage","@id":"https:\/\/www.conferenciaepiscopal.pt\/v1\/uma-igreja-que-caminha-em-sinodalidade-reflexoes-das-jornadas-pastorais-do-episcopado-2025\/","url":"https:\/\/www.conferenciaepiscopal.pt\/v1\/uma-igreja-que-caminha-em-sinodalidade-reflexoes-das-jornadas-pastorais-do-episcopado-2025\/","name":"Uma Igreja que caminha em sinodalidade - Reflex\u00f5es das Jornadas Pastorais do Episcopado 2025 - Confer\u00eancia Episcopal Portuguesa","isPartOf":{"@id":"https:\/\/www.conferenciaepiscopal.pt\/v1\/#website"},"primaryImageOfPage":{"@id":"https:\/\/www.conferenciaepiscopal.pt\/v1\/uma-igreja-que-caminha-em-sinodalidade-reflexoes-das-jornadas-pastorais-do-episcopado-2025\/#primaryimage"},"image":{"@id":"https:\/\/www.conferenciaepiscopal.pt\/v1\/uma-igreja-que-caminha-em-sinodalidade-reflexoes-das-jornadas-pastorais-do-episcopado-2025\/#primaryimage"},"thumbnailUrl":"https:\/\/www.conferenciaepiscopal.pt\/v1\/wp-content\/uploads\/2025\/06\/20250618-JornadasPastoraisEpiscopado-encerramento-03.jpg","datePublished":"2025-06-18T13:56:15+00:00","dateModified":"2025-06-25T13:50:40+00:00","breadcrumb":{"@id":"https:\/\/www.conferenciaepiscopal.pt\/v1\/uma-igreja-que-caminha-em-sinodalidade-reflexoes-das-jornadas-pastorais-do-episcopado-2025\/#breadcrumb"},"inLanguage":"pt-PT","potentialAction":[{"@type":"ReadAction","target":["https:\/\/www.conferenciaepiscopal.pt\/v1\/uma-igreja-que-caminha-em-sinodalidade-reflexoes-das-jornadas-pastorais-do-episcopado-2025\/"]}]},{"@type":"ImageObject","inLanguage":"pt-PT","@id":"https:\/\/www.conferenciaepiscopal.pt\/v1\/uma-igreja-que-caminha-em-sinodalidade-reflexoes-das-jornadas-pastorais-do-episcopado-2025\/#primaryimage","url":"https:\/\/www.conferenciaepiscopal.pt\/v1\/wp-content\/uploads\/2025\/06\/20250618-JornadasPastoraisEpiscopado-encerramento-03.jpg","contentUrl":"https:\/\/www.conferenciaepiscopal.pt\/v1\/wp-content\/uploads\/2025\/06\/20250618-JornadasPastoraisEpiscopado-encerramento-03.jpg","width":1920,"height":1280},{"@type":"BreadcrumbList","@id":"https:\/\/www.conferenciaepiscopal.pt\/v1\/uma-igreja-que-caminha-em-sinodalidade-reflexoes-das-jornadas-pastorais-do-episcopado-2025\/#breadcrumb","itemListElement":[{"@type":"ListItem","position":1,"name":"In\u00edcio","item":"https:\/\/www.conferenciaepiscopal.pt\/v1\/"},{"@type":"ListItem","position":2,"name":"Uma Igreja que caminha em sinodalidade &#8211; Reflex\u00f5es das Jornadas Pastorais do Episcopado 2025"}]},{"@type":"WebSite","@id":"https:\/\/www.conferenciaepiscopal.pt\/v1\/#website","url":"https:\/\/www.conferenciaepiscopal.pt\/v1\/","name":"Confer\u00eancia Episcopal Portuguesa","description":"Igreja Cat\u00f3lica em Portugal","publisher":{"@id":"https:\/\/www.conferenciaepiscopal.pt\/v1\/#organization"},"potentialAction":[{"@type":"SearchAction","target":{"@type":"EntryPoint","urlTemplate":"https:\/\/www.conferenciaepiscopal.pt\/v1\/?s={search_term_string}"},"query-input":{"@type":"PropertyValueSpecification","valueRequired":true,"valueName":"search_term_string"}}],"inLanguage":"pt-PT"},{"@type":"Organization","@id":"https:\/\/www.conferenciaepiscopal.pt\/v1\/#organization","name":"Confer\u00eancia Episcopal Portuguesa","url":"https:\/\/www.conferenciaepiscopal.pt\/v1\/","logo":{"@type":"ImageObject","inLanguage":"pt-PT","@id":"https:\/\/www.conferenciaepiscopal.pt\/v1\/#\/schema\/logo\/image\/","url":"https:\/\/www.conferenciaepiscopal.pt\/v1\/wp-content\/uploads\/cropped-logoTransparente.png","contentUrl":"https:\/\/www.conferenciaepiscopal.pt\/v1\/wp-content\/uploads\/cropped-logoTransparente.png","width":512,"height":512,"caption":"Confer\u00eancia Episcopal Portuguesa"},"image":{"@id":"https:\/\/www.conferenciaepiscopal.pt\/v1\/#\/schema\/logo\/image\/"}},{"@type":"Person","@id":"https:\/\/www.conferenciaepiscopal.pt\/v1\/#\/schema\/person\/276594037f41ab419d8b2ae02d84119f","name":"Anabela Sousa","image":{"@type":"ImageObject","inLanguage":"pt-PT","@id":"https:\/\/secure.gravatar.com\/avatar\/49af3230c4da697d62cdb63582d49dbf63fca33e78d0f530ced88eec32b12ba5?s=96&d=mm&r=g","url":"https:\/\/secure.gravatar.com\/avatar\/49af3230c4da697d62cdb63582d49dbf63fca33e78d0f530ced88eec32b12ba5?s=96&d=mm&r=g","contentUrl":"https:\/\/secure.gravatar.com\/avatar\/49af3230c4da697d62cdb63582d49dbf63fca33e78d0f530ced88eec32b12ba5?s=96&d=mm&r=g","caption":"Anabela Sousa"}}]}},"_links":{"self":[{"href":"https:\/\/www.conferenciaepiscopal.pt\/v1\/wp-json\/wp\/v2\/posts\/8943","targetHints":{"allow":["GET"]}}],"collection":[{"href":"https:\/\/www.conferenciaepiscopal.pt\/v1\/wp-json\/wp\/v2\/posts"}],"about":[{"href":"https:\/\/www.conferenciaepiscopal.pt\/v1\/wp-json\/wp\/v2\/types\/post"}],"author":[{"embeddable":true,"href":"https:\/\/www.conferenciaepiscopal.pt\/v1\/wp-json\/wp\/v2\/users\/2"}],"replies":[{"embeddable":true,"href":"https:\/\/www.conferenciaepiscopal.pt\/v1\/wp-json\/wp\/v2\/comments?post=8943"}],"version-history":[{"count":1,"href":"https:\/\/www.conferenciaepiscopal.pt\/v1\/wp-json\/wp\/v2\/posts\/8943\/revisions"}],"predecessor-version":[{"id":8962,"href":"https:\/\/www.conferenciaepiscopal.pt\/v1\/wp-json\/wp\/v2\/posts\/8943\/revisions\/8962"}],"wp:featuredmedia":[{"embeddable":true,"href":"https:\/\/www.conferenciaepiscopal.pt\/v1\/wp-json\/wp\/v2\/media\/8945"}],"wp:attachment":[{"href":"https:\/\/www.conferenciaepiscopal.pt\/v1\/wp-json\/wp\/v2\/media?parent=8943"}],"wp:term":[{"taxonomy":"category","embeddable":true,"href":"https:\/\/www.conferenciaepiscopal.pt\/v1\/wp-json\/wp\/v2\/categories?post=8943"},{"taxonomy":"post_tag","embeddable":true,"href":"https:\/\/www.conferenciaepiscopal.pt\/v1\/wp-json\/wp\/v2\/tags?post=8943"}],"curies":[{"name":"wp","href":"https:\/\/api.w.org\/{rel}","templated":true}]}}