{"id":8934,"date":"2025-06-16T18:18:49","date_gmt":"2025-06-16T17:18:49","guid":{"rendered":"https:\/\/www.conferenciaepiscopal.pt\/v1\/?p=8934"},"modified":"2025-06-16T18:18:49","modified_gmt":"2025-06-16T17:18:49","slug":"jornadas-pastorais-do-episcopado-2025-palavras-de-abertura-do-presidente","status":"publish","type":"post","link":"https:\/\/www.conferenciaepiscopal.pt\/v1\/jornadas-pastorais-do-episcopado-2025-palavras-de-abertura-do-presidente\/","title":{"rendered":"Jornadas Pastorais do Episcopado 2025: Palavras de Abertura do Presidente"},"content":{"rendered":"<p>Desejo, antes de mais, endere\u00e7ar a cada um e a cada uma de v\u00f3s \u2013 batizados e ativamente presentes na Igreja \u2013 bispos, presb\u00edteros, di\u00e1conos, religiosos\/as, leigos\/as ativos nos diferentes minist\u00e9rios \u2013 <strong>uma palavra de boas-vindas<\/strong>, a estas \u201cJornadas Pastorais do Episcopado\u201d da Igreja em Portugal.<\/p>\n<p>Como o nome indica, <strong>estas jornadas s\u00e3o habitualmente preparadas para os bispos do nosso pa\u00eds<\/strong>. Esse objetivo n\u00e3o se perde, pois como se organizam sess\u00f5es de forma\u00e7\u00e3o para catequistas, jovens, l\u00edderes dos diversos minist\u00e9rios e o clero, \u00e9 tamb\u00e9m bom e necess\u00e1rio que aqueles que presidem \u00e0s Igrejas diocesanas sintam a necessidade e o desejo de caminhar juntos na reflex\u00e3o sobre o minist\u00e9rio, a responsabilidade, as quest\u00f5es e os desafios da miss\u00e3o que lhes est\u00e1 confiada.<\/p>\n<p><strong>No clima sinodal que estamos a viver<\/strong>, estas jornadas abriram-se a representantes de toda a Igreja, por vontade e decis\u00e3o dos bispos, seguindo o exemplo daquilo que se passou nas duas sess\u00f5es da \u00faltima Assembleia Sinodal dos Bispos de toda a Igreja, em Roma, em 2023 e 2024. Os bispos n\u00e3o perdem o seu papel nem o Papa o minist\u00e9rio de autoridade e servi\u00e7o \u00e0 comunh\u00e3o de toda a Igreja, mas querem exercer este minist\u00e9rio em comunh\u00e3o com a pr\u00f3pria Igreja, com os irm\u00e3os e irm\u00e3s que receberam, pelo batismo, o mesmo Esp\u00edrito que d\u00e1 origem e vivifica constantemente a Igreja.<\/p>\n<p><strong>Estas jornadas brotam tamb\u00e9m do Primeiro Encontro Sinodal Nacional<\/strong>\u00a0que se realizou aqui em F\u00e1tima, a 11-01-2025, como ato comum da Igreja em Portugal, exprimindo a rece\u00e7\u00e3o e interioriza\u00e7\u00e3o eclesial do Documento Final do S\u00ednodo dos Bispos de 2021-2024, ao qual presidiu o Papa Francisco, que o declarou \u201cMagist\u00e9rio para a Igreja\u201d e o entregou \u00e0 mesma Igreja, para que, acolhendo-o, o pusesse em pr\u00e1tica como instrumento de transforma\u00e7\u00e3o, atrav\u00e9s das atitudes de comunh\u00e3o, participa\u00e7\u00e3o ativa e miss\u00e3o, dirigido a todos os batizados\/as, comunidades e a todas as Igrejas que formam o Povo de Deus, peregrino da esperan\u00e7a nesta terra.<\/p>\n<p><strong>Nesse Encontro do m\u00eas de Janeiro<\/strong>, realizado em estilo sinodal, os participantes, na variedade dos carismas e minist\u00e9rios com que enriquecem a Igreja, apontaram algumas conclus\u00f5es e sugest\u00f5es para a implementa\u00e7\u00e3o da \u201cConvers\u00e3o Pastoral\u201d da Igreja em Portugal e recomendaram que se continuasse este estilo de reflex\u00e3o e avalia\u00e7\u00e3o da transforma\u00e7\u00e3o, para que todo este processo n\u00e3o se fique por uma lista de piedosas inten\u00e7\u00f5es sem aut\u00eantica convers\u00e3o do ser Igreja como resultado da escuta do Esp\u00edrito e dos irm\u00e3os\/\u00e3s.<\/p>\n<p><strong>\u00c9 a esta luz que vejo tamb\u00e9m estas \u201cJornadas de Forma\u00e7\u00e3o\u201d<\/strong>. \u00c9 bom revisitar esse documento do m\u00eas de Janeiro; partilhar aquilo que est\u00e1 em curso nas nossas Igrejas diocesanas e nas nossas comunidades consagradas e movimentos. \u00c9 necess\u00e1rio que a reflex\u00e3o n\u00e3o fique est\u00e9ril, mas d\u00ea origem a atitudes novas e rela\u00e7\u00f5es sinodais; que sejam revistos os processos de escuta, avalia\u00e7\u00e3o e decis\u00e3o, com a participa\u00e7\u00e3o de todos os implicados; que esse caminho conduza, na escuta do Esp\u00edrito e do Povo de Deus, \u00e0 necess\u00e1ria convers\u00e3o de estruturas renovadas para uma Igreja verdadeiramente sinodal, na comunh\u00e3o, na participa\u00e7\u00e3o ativa e na miss\u00e3o.<\/p>\n<p><strong>Desde esse encontro tivemos eventos muito significativos na Igreja<\/strong>:<\/p>\n<p>O Papa Francisco concluiu a sua miss\u00e3o como pastor e sucessor de Pedro, no servi\u00e7o corajoso, prof\u00e9tico e transformador, guiado pelo Esp\u00edrito do Senhor. Deixa-nos uma mem\u00f3ria amiga e desafiadora, com uma grande proje\u00e7\u00e3o e desafio, na Igreja e no mundo. E no centro dessa heran\u00e7a encontra-se a sinodalidade como modo de ser Igreja. Ele entregou esse caminho \u00e0 Igreja, confiando-o ao Esp\u00edrito Santo que a move.<\/p>\n<p>De modo, em larga medida, inesperado, o Conclave, guiado pelo Esp\u00edrito, elegeu um \u201cPapa improv\u00e1vel\u201d, como lhe chamou uma boa parte da comunica\u00e7\u00e3o social mundial: o Papa Le\u00e3o XIV. Acolhemo-lo com alegria, em comunh\u00e3o sinodal e na Esperan\u00e7a deste ano Santo, como \u201cPeregrinos agradecidos e ativos de Esperan\u00e7a\u201d.<\/p>\n<p>Em atitude de F\u00e9 em Deus Pai que nos torna todos irm\u00e3os e irm\u00e3s pelo batismo; pe\u00e7o-vos que, de p\u00e9, unidos a Maria, M\u00e3e de Jesus e M\u00e3e da Igreja \u2013 uma Igreja aberta a \u201ctodos, todos, todos\u201d, com proclamou, aqui em F\u00e1tima o Papa Francisco \u2013 iniciemos estas Jornadas cantando, com ela, a alegria no Senhor ressuscitado, que nos guia na miss\u00e3o de transforma\u00e7\u00e3o desta Sua Igreja, pela for\u00e7a e a luz do Seu Esp\u00edrito, para levar ao mundo a mensagem da Paz e da esperan\u00e7a.<\/p>\n<p>F\u00e1tima, 16 de junho de 2025<\/p>\n<p><em>+ Jos\u00e9 Ornelas Carvalho, Bispo de Leiria-F\u00e1tima e Presidente da CEP<\/em><\/p>\n<div id='gallery-1' class='gallery galleryid-8934 gallery-columns-3 gallery-size-medium'><figure class='gallery-item'>\n\t\t\t<div class='gallery-icon landscape'>\n\t\t\t\t<a href='https:\/\/www.conferenciaepiscopal.pt\/v1\/jornadas-pastorais-do-episcopado-2025-palavras-de-abertura-do-presidente\/20250616-jornadaspastoraisepiscopado-abertura-02\/'><img fetchpriority=\"high\" decoding=\"async\" width=\"300\" height=\"200\" src=\"https:\/\/www.conferenciaepiscopal.pt\/v1\/wp-content\/uploads\/2025\/06\/20250616-JornadasPastoraisEpiscopado-abertura-02-300x200.jpg\" class=\"attachment-medium size-medium\" alt=\"\" srcset=\"https:\/\/www.conferenciaepiscopal.pt\/v1\/wp-content\/uploads\/2025\/06\/20250616-JornadasPastoraisEpiscopado-abertura-02-300x200.jpg 300w, https:\/\/www.conferenciaepiscopal.pt\/v1\/wp-content\/uploads\/2025\/06\/20250616-JornadasPastoraisEpiscopado-abertura-02-1024x683.jpg 1024w, https:\/\/www.conferenciaepiscopal.pt\/v1\/wp-content\/uploads\/2025\/06\/20250616-JornadasPastoraisEpiscopado-abertura-02-768x512.jpg 768w, https:\/\/www.conferenciaepiscopal.pt\/v1\/wp-content\/uploads\/2025\/06\/20250616-JornadasPastoraisEpiscopado-abertura-02-1536x1024.jpg 1536w, https:\/\/www.conferenciaepiscopal.pt\/v1\/wp-content\/uploads\/2025\/06\/20250616-JornadasPastoraisEpiscopado-abertura-02-2048x1365.jpg 2048w\" sizes=\"(max-width: 300px) 100vw, 300px\" \/><\/a>\n\t\t\t<\/div><\/figure><figure class='gallery-item'>\n\t\t\t<div class='gallery-icon landscape'>\n\t\t\t\t<a href='https:\/\/www.conferenciaepiscopal.pt\/v1\/jornadas-pastorais-do-episcopado-2025-palavras-de-abertura-do-presidente\/20250616-jornadaspastoraisepiscopado-abertura-03\/'><img decoding=\"async\" width=\"300\" height=\"200\" src=\"https:\/\/www.conferenciaepiscopal.pt\/v1\/wp-content\/uploads\/2025\/06\/20250616-JornadasPastoraisEpiscopado-abertura-03-300x200.jpg\" class=\"attachment-medium size-medium\" alt=\"\" srcset=\"https:\/\/www.conferenciaepiscopal.pt\/v1\/wp-content\/uploads\/2025\/06\/20250616-JornadasPastoraisEpiscopado-abertura-03-300x200.jpg 300w, https:\/\/www.conferenciaepiscopal.pt\/v1\/wp-content\/uploads\/2025\/06\/20250616-JornadasPastoraisEpiscopado-abertura-03-1024x683.jpg 1024w, https:\/\/www.conferenciaepiscopal.pt\/v1\/wp-content\/uploads\/2025\/06\/20250616-JornadasPastoraisEpiscopado-abertura-03-768x512.jpg 768w, https:\/\/www.conferenciaepiscopal.pt\/v1\/wp-content\/uploads\/2025\/06\/20250616-JornadasPastoraisEpiscopado-abertura-03-1536x1024.jpg 1536w, https:\/\/www.conferenciaepiscopal.pt\/v1\/wp-content\/uploads\/2025\/06\/20250616-JornadasPastoraisEpiscopado-abertura-03-2048x1365.jpg 2048w\" sizes=\"(max-width: 300px) 100vw, 300px\" \/><\/a>\n\t\t\t<\/div><\/figure><figure class='gallery-item'>\n\t\t\t<div class='gallery-icon landscape'>\n\t\t\t\t<a href='https:\/\/www.conferenciaepiscopal.pt\/v1\/jornadas-pastorais-do-episcopado-2025-palavras-de-abertura-do-presidente\/20250616-jornadaspastoraisepiscopado-abertura-04\/'><img decoding=\"async\" width=\"300\" height=\"200\" src=\"https:\/\/www.conferenciaepiscopal.pt\/v1\/wp-content\/uploads\/2025\/06\/20250616-JornadasPastoraisEpiscopado-abertura-04-300x200.jpg\" class=\"attachment-medium size-medium\" alt=\"\" srcset=\"https:\/\/www.conferenciaepiscopal.pt\/v1\/wp-content\/uploads\/2025\/06\/20250616-JornadasPastoraisEpiscopado-abertura-04-300x200.jpg 300w, https:\/\/www.conferenciaepiscopal.pt\/v1\/wp-content\/uploads\/2025\/06\/20250616-JornadasPastoraisEpiscopado-abertura-04-1024x683.jpg 1024w, https:\/\/www.conferenciaepiscopal.pt\/v1\/wp-content\/uploads\/2025\/06\/20250616-JornadasPastoraisEpiscopado-abertura-04-768x512.jpg 768w, https:\/\/www.conferenciaepiscopal.pt\/v1\/wp-content\/uploads\/2025\/06\/20250616-JornadasPastoraisEpiscopado-abertura-04-1536x1024.jpg 1536w, https:\/\/www.conferenciaepiscopal.pt\/v1\/wp-content\/uploads\/2025\/06\/20250616-JornadasPastoraisEpiscopado-abertura-04-2048x1365.jpg 2048w\" sizes=\"(max-width: 300px) 100vw, 300px\" \/><\/a>\n\t\t\t<\/div><\/figure><figure class='gallery-item'>\n\t\t\t<div class='gallery-icon landscape'>\n\t\t\t\t<a href='https:\/\/www.conferenciaepiscopal.pt\/v1\/jornadas-pastorais-do-episcopado-2025-palavras-de-abertura-do-presidente\/20250616-jornadaspastoraisepiscopado-abertura-05\/'><img loading=\"lazy\" decoding=\"async\" width=\"300\" height=\"200\" src=\"https:\/\/www.conferenciaepiscopal.pt\/v1\/wp-content\/uploads\/2025\/06\/20250616-JornadasPastoraisEpiscopado-abertura-05-300x200.jpg\" class=\"attachment-medium size-medium\" alt=\"\" srcset=\"https:\/\/www.conferenciaepiscopal.pt\/v1\/wp-content\/uploads\/2025\/06\/20250616-JornadasPastoraisEpiscopado-abertura-05-300x200.jpg 300w, https:\/\/www.conferenciaepiscopal.pt\/v1\/wp-content\/uploads\/2025\/06\/20250616-JornadasPastoraisEpiscopado-abertura-05-1024x683.jpg 1024w, https:\/\/www.conferenciaepiscopal.pt\/v1\/wp-content\/uploads\/2025\/06\/20250616-JornadasPastoraisEpiscopado-abertura-05-768x512.jpg 768w, https:\/\/www.conferenciaepiscopal.pt\/v1\/wp-content\/uploads\/2025\/06\/20250616-JornadasPastoraisEpiscopado-abertura-05-1536x1024.jpg 1536w, https:\/\/www.conferenciaepiscopal.pt\/v1\/wp-content\/uploads\/2025\/06\/20250616-JornadasPastoraisEpiscopado-abertura-05-2048x1365.jpg 2048w\" sizes=\"(max-width: 300px) 100vw, 300px\" \/><\/a>\n\t\t\t<\/div><\/figure><figure class='gallery-item'>\n\t\t\t<div class='gallery-icon landscape'>\n\t\t\t\t<a href='https:\/\/www.conferenciaepiscopal.pt\/v1\/jornadas-pastorais-do-episcopado-2025-palavras-de-abertura-do-presidente\/20250616-jornadaspastoraisepiscopado-abertura-06\/'><img loading=\"lazy\" decoding=\"async\" width=\"300\" height=\"200\" src=\"https:\/\/www.conferenciaepiscopal.pt\/v1\/wp-content\/uploads\/2025\/06\/20250616-JornadasPastoraisEpiscopado-abertura-06-300x200.jpg\" class=\"attachment-medium size-medium\" alt=\"\" srcset=\"https:\/\/www.conferenciaepiscopal.pt\/v1\/wp-content\/uploads\/2025\/06\/20250616-JornadasPastoraisEpiscopado-abertura-06-300x200.jpg 300w, https:\/\/www.conferenciaepiscopal.pt\/v1\/wp-content\/uploads\/2025\/06\/20250616-JornadasPastoraisEpiscopado-abertura-06-1024x683.jpg 1024w, https:\/\/www.conferenciaepiscopal.pt\/v1\/wp-content\/uploads\/2025\/06\/20250616-JornadasPastoraisEpiscopado-abertura-06-768x512.jpg 768w, https:\/\/www.conferenciaepiscopal.pt\/v1\/wp-content\/uploads\/2025\/06\/20250616-JornadasPastoraisEpiscopado-abertura-06-1536x1024.jpg 1536w, https:\/\/www.conferenciaepiscopal.pt\/v1\/wp-content\/uploads\/2025\/06\/20250616-JornadasPastoraisEpiscopado-abertura-06-2048x1365.jpg 2048w\" sizes=\"(max-width: 300px) 100vw, 300px\" \/><\/a>\n\t\t\t<\/div><\/figure><figure class='gallery-item'>\n\t\t\t<div class='gallery-icon landscape'>\n\t\t\t\t<a href='https:\/\/www.conferenciaepiscopal.pt\/v1\/jornadas-pastorais-do-episcopado-2025-palavras-de-abertura-do-presidente\/20250616-jornadaspastoraisepiscopado-abertura-07\/'><img loading=\"lazy\" decoding=\"async\" width=\"300\" height=\"200\" src=\"https:\/\/www.conferenciaepiscopal.pt\/v1\/wp-content\/uploads\/2025\/06\/20250616-JornadasPastoraisEpiscopado-abertura-07-300x200.jpg\" class=\"attachment-medium size-medium\" alt=\"\" srcset=\"https:\/\/www.conferenciaepiscopal.pt\/v1\/wp-content\/uploads\/2025\/06\/20250616-JornadasPastoraisEpiscopado-abertura-07-300x200.jpg 300w, https:\/\/www.conferenciaepiscopal.pt\/v1\/wp-content\/uploads\/2025\/06\/20250616-JornadasPastoraisEpiscopado-abertura-07-1024x683.jpg 1024w, https:\/\/www.conferenciaepiscopal.pt\/v1\/wp-content\/uploads\/2025\/06\/20250616-JornadasPastoraisEpiscopado-abertura-07-768x512.jpg 768w, https:\/\/www.conferenciaepiscopal.pt\/v1\/wp-content\/uploads\/2025\/06\/20250616-JornadasPastoraisEpiscopado-abertura-07-1536x1024.jpg 1536w, https:\/\/www.conferenciaepiscopal.pt\/v1\/wp-content\/uploads\/2025\/06\/20250616-JornadasPastoraisEpiscopado-abertura-07-2048x1365.jpg 2048w\" sizes=\"(max-width: 300px) 100vw, 300px\" \/><\/a>\n\t\t\t<\/div><\/figure>\n\t\t<\/div>\n\n<p>Fotos: Ag\u00eancia Ecclesia<\/p>\n","protected":false},"excerpt":{"rendered":"<p>Desejo, antes de mais, endere\u00e7ar a cada um e a cada uma de v\u00f3s \u2013 batizados e ativamente presentes na [&hellip;]<\/p>\n","protected":false},"author":2,"featured_media":8935,"comment_status":"closed","ping_status":"closed","sticky":false,"template":"","format":"standard","meta":{"site-sidebar-layout":"default","site-content-layout":"","ast-site-content-layout":"default","site-content-style":"default","site-sidebar-style":"default","ast-global-header-display":"","ast-banner-title-visibility":"","ast-main-header-display":"","ast-hfb-above-header-display":"","ast-hfb-below-header-display":"","ast-hfb-mobile-header-display":"","site-post-title":"","ast-breadcrumbs-content":"","ast-featured-img":"","footer-sml-layout":"","ast-disable-related-posts":"","theme-transparent-header-meta":"default","adv-header-id-meta":"","stick-header-meta":"default","header-above-stick-meta":"","header-main-stick-meta":"","header-below-stick-meta":"","astra-migrate-meta-layouts":"set","ast-page-background-enabled":"default","ast-page-background-meta":{"desktop":{"background-color":"var(--ast-global-color-4)","background-image":"","background-repeat":"repeat","background-position":"center center","background-size":"auto","background-attachment":"scroll","background-type":"","background-media":"","overlay-type":"","overlay-color":"","overlay-opacity":"","overlay-gradient":""},"tablet":{"background-color":"","background-image":"","background-repeat":"repeat","background-position":"center center","background-size":"auto","background-attachment":"scroll","background-type":"","background-media":"","overlay-type":"","overlay-color":"","overlay-opacity":"","overlay-gradient":""},"mobile":{"background-color":"","background-image":"","background-repeat":"repeat","background-position":"center center","background-size":"auto","background-attachment":"scroll","background-type":"","background-media":"","overlay-type":"","overlay-color":"","overlay-opacity":"","overlay-gradient":""}},"ast-content-background-meta":{"desktop":{"background-color":"var(--ast-global-color-5)","background-image":"","background-repeat":"repeat","background-position":"center center","background-size":"auto","background-attachment":"scroll","background-type":"","background-media":"","overlay-type":"","overlay-color":"","overlay-opacity":"","overlay-gradient":""},"tablet":{"background-color":"var(--ast-global-color-5)","background-image":"","background-repeat":"repeat","background-position":"center center","background-size":"auto","background-attachment":"scroll","background-type":"","background-media":"","overlay-type":"","overlay-color":"","overlay-opacity":"","overlay-gradient":""},"mobile":{"background-color":"var(--ast-global-color-5)","background-image":"","background-repeat":"repeat","background-position":"center center","background-size":"auto","background-attachment":"scroll","background-type":"","background-media":"","overlay-type":"","overlay-color":"","overlay-opacity":"","overlay-gradient":""}},"footnotes":""},"categories":[74,72],"tags":[],"class_list":["post-8934","post","type-post","status-publish","format-standard","has-post-thumbnail","hentry","category-entrada","category-noticias"],"yoast_head":"<!-- This site is optimized with the Yoast SEO plugin v27.5 - https:\/\/yoast.com\/product\/yoast-seo-wordpress\/ -->\n<title>Jornadas Pastorais do Episcopado 2025: Palavras de Abertura do Presidente - Confer\u00eancia Episcopal Portuguesa<\/title>\n<meta name=\"robots\" content=\"index, follow, max-snippet:-1, max-image-preview:large, max-video-preview:-1\" \/>\n<link rel=\"canonical\" href=\"https:\/\/www.conferenciaepiscopal.pt\/v1\/jornadas-pastorais-do-episcopado-2025-palavras-de-abertura-do-presidente\/\" \/>\n<meta property=\"og:locale\" content=\"pt_PT\" \/>\n<meta property=\"og:type\" content=\"article\" \/>\n<meta property=\"og:title\" content=\"Jornadas Pastorais do Episcopado 2025: Palavras de Abertura do Presidente - Confer\u00eancia Episcopal Portuguesa\" \/>\n<meta property=\"og:description\" content=\"Desejo, antes de mais, endere\u00e7ar a cada um e a cada uma de v\u00f3s \u2013 batizados e ativamente presentes na [&hellip;]\" \/>\n<meta property=\"og:url\" content=\"https:\/\/www.conferenciaepiscopal.pt\/v1\/jornadas-pastorais-do-episcopado-2025-palavras-de-abertura-do-presidente\/\" \/>\n<meta property=\"og:site_name\" content=\"Confer\u00eancia Episcopal Portuguesa\" \/>\n<meta property=\"article:published_time\" content=\"2025-06-16T17:18:49+00:00\" \/>\n<meta property=\"og:image\" content=\"https:\/\/www.conferenciaepiscopal.pt\/v1\/wp-content\/uploads\/2025\/06\/20250616-JornadasPastoraisEpiscopado-abertura-01-scaled.jpg\" \/>\n\t<meta property=\"og:image:width\" content=\"2560\" \/>\n\t<meta property=\"og:image:height\" content=\"1707\" \/>\n\t<meta property=\"og:image:type\" content=\"image\/jpeg\" \/>\n<meta name=\"author\" content=\"Anabela Sousa\" \/>\n<meta name=\"twitter:card\" content=\"summary_large_image\" \/>\n<meta name=\"twitter:label1\" content=\"Escrito por\" \/>\n\t<meta name=\"twitter:data1\" content=\"Anabela Sousa\" \/>\n\t<meta name=\"twitter:label2\" content=\"Tempo estimado de leitura\" \/>\n\t<meta name=\"twitter:data2\" content=\"5 minutos\" \/>\n<script type=\"application\/ld+json\" class=\"yoast-schema-graph\">{\"@context\":\"https:\\\/\\\/schema.org\",\"@graph\":[{\"@type\":\"Article\",\"@id\":\"https:\\\/\\\/www.conferenciaepiscopal.pt\\\/v1\\\/jornadas-pastorais-do-episcopado-2025-palavras-de-abertura-do-presidente\\\/#article\",\"isPartOf\":{\"@id\":\"https:\\\/\\\/www.conferenciaepiscopal.pt\\\/v1\\\/jornadas-pastorais-do-episcopado-2025-palavras-de-abertura-do-presidente\\\/\"},\"author\":{\"name\":\"Anabela Sousa\",\"@id\":\"https:\\\/\\\/www.conferenciaepiscopal.pt\\\/v1\\\/#\\\/schema\\\/person\\\/276594037f41ab419d8b2ae02d84119f\"},\"headline\":\"Jornadas Pastorais do Episcopado 2025: Palavras de Abertura do Presidente\",\"datePublished\":\"2025-06-16T17:18:49+00:00\",\"mainEntityOfPage\":{\"@id\":\"https:\\\/\\\/www.conferenciaepiscopal.pt\\\/v1\\\/jornadas-pastorais-do-episcopado-2025-palavras-de-abertura-do-presidente\\\/\"},\"wordCount\":841,\"publisher\":{\"@id\":\"https:\\\/\\\/www.conferenciaepiscopal.pt\\\/v1\\\/#organization\"},\"image\":{\"@id\":\"https:\\\/\\\/www.conferenciaepiscopal.pt\\\/v1\\\/jornadas-pastorais-do-episcopado-2025-palavras-de-abertura-do-presidente\\\/#primaryimage\"},\"thumbnailUrl\":\"https:\\\/\\\/www.conferenciaepiscopal.pt\\\/v1\\\/wp-content\\\/uploads\\\/2025\\\/06\\\/20250616-JornadasPastoraisEpiscopado-abertura-01-scaled.jpg\",\"articleSection\":[\"#entrada\",\"Not\u00edcias\"],\"inLanguage\":\"pt-PT\"},{\"@type\":\"WebPage\",\"@id\":\"https:\\\/\\\/www.conferenciaepiscopal.pt\\\/v1\\\/jornadas-pastorais-do-episcopado-2025-palavras-de-abertura-do-presidente\\\/\",\"url\":\"https:\\\/\\\/www.conferenciaepiscopal.pt\\\/v1\\\/jornadas-pastorais-do-episcopado-2025-palavras-de-abertura-do-presidente\\\/\",\"name\":\"Jornadas Pastorais do Episcopado 2025: Palavras de Abertura do Presidente - Confer\u00eancia Episcopal Portuguesa\",\"isPartOf\":{\"@id\":\"https:\\\/\\\/www.conferenciaepiscopal.pt\\\/v1\\\/#website\"},\"primaryImageOfPage\":{\"@id\":\"https:\\\/\\\/www.conferenciaepiscopal.pt\\\/v1\\\/jornadas-pastorais-do-episcopado-2025-palavras-de-abertura-do-presidente\\\/#primaryimage\"},\"image\":{\"@id\":\"https:\\\/\\\/www.conferenciaepiscopal.pt\\\/v1\\\/jornadas-pastorais-do-episcopado-2025-palavras-de-abertura-do-presidente\\\/#primaryimage\"},\"thumbnailUrl\":\"https:\\\/\\\/www.conferenciaepiscopal.pt\\\/v1\\\/wp-content\\\/uploads\\\/2025\\\/06\\\/20250616-JornadasPastoraisEpiscopado-abertura-01-scaled.jpg\",\"datePublished\":\"2025-06-16T17:18:49+00:00\",\"breadcrumb\":{\"@id\":\"https:\\\/\\\/www.conferenciaepiscopal.pt\\\/v1\\\/jornadas-pastorais-do-episcopado-2025-palavras-de-abertura-do-presidente\\\/#breadcrumb\"},\"inLanguage\":\"pt-PT\",\"potentialAction\":[{\"@type\":\"ReadAction\",\"target\":[\"https:\\\/\\\/www.conferenciaepiscopal.pt\\\/v1\\\/jornadas-pastorais-do-episcopado-2025-palavras-de-abertura-do-presidente\\\/\"]}]},{\"@type\":\"ImageObject\",\"inLanguage\":\"pt-PT\",\"@id\":\"https:\\\/\\\/www.conferenciaepiscopal.pt\\\/v1\\\/jornadas-pastorais-do-episcopado-2025-palavras-de-abertura-do-presidente\\\/#primaryimage\",\"url\":\"https:\\\/\\\/www.conferenciaepiscopal.pt\\\/v1\\\/wp-content\\\/uploads\\\/2025\\\/06\\\/20250616-JornadasPastoraisEpiscopado-abertura-01-scaled.jpg\",\"contentUrl\":\"https:\\\/\\\/www.conferenciaepiscopal.pt\\\/v1\\\/wp-content\\\/uploads\\\/2025\\\/06\\\/20250616-JornadasPastoraisEpiscopado-abertura-01-scaled.jpg\",\"width\":2560,\"height\":1707},{\"@type\":\"BreadcrumbList\",\"@id\":\"https:\\\/\\\/www.conferenciaepiscopal.pt\\\/v1\\\/jornadas-pastorais-do-episcopado-2025-palavras-de-abertura-do-presidente\\\/#breadcrumb\",\"itemListElement\":[{\"@type\":\"ListItem\",\"position\":1,\"name\":\"In\u00edcio\",\"item\":\"https:\\\/\\\/www.conferenciaepiscopal.pt\\\/v1\\\/\"},{\"@type\":\"ListItem\",\"position\":2,\"name\":\"Jornadas Pastorais do Episcopado 2025: Palavras de Abertura do Presidente\"}]},{\"@type\":\"WebSite\",\"@id\":\"https:\\\/\\\/www.conferenciaepiscopal.pt\\\/v1\\\/#website\",\"url\":\"https:\\\/\\\/www.conferenciaepiscopal.pt\\\/v1\\\/\",\"name\":\"Confer\u00eancia Episcopal Portuguesa\",\"description\":\"Igreja Cat\u00f3lica em Portugal\",\"publisher\":{\"@id\":\"https:\\\/\\\/www.conferenciaepiscopal.pt\\\/v1\\\/#organization\"},\"potentialAction\":[{\"@type\":\"SearchAction\",\"target\":{\"@type\":\"EntryPoint\",\"urlTemplate\":\"https:\\\/\\\/www.conferenciaepiscopal.pt\\\/v1\\\/?s={search_term_string}\"},\"query-input\":{\"@type\":\"PropertyValueSpecification\",\"valueRequired\":true,\"valueName\":\"search_term_string\"}}],\"inLanguage\":\"pt-PT\"},{\"@type\":\"Organization\",\"@id\":\"https:\\\/\\\/www.conferenciaepiscopal.pt\\\/v1\\\/#organization\",\"name\":\"Confer\u00eancia Episcopal Portuguesa\",\"url\":\"https:\\\/\\\/www.conferenciaepiscopal.pt\\\/v1\\\/\",\"logo\":{\"@type\":\"ImageObject\",\"inLanguage\":\"pt-PT\",\"@id\":\"https:\\\/\\\/www.conferenciaepiscopal.pt\\\/v1\\\/#\\\/schema\\\/logo\\\/image\\\/\",\"url\":\"https:\\\/\\\/www.conferenciaepiscopal.pt\\\/v1\\\/wp-content\\\/uploads\\\/cropped-logoTransparente.png\",\"contentUrl\":\"https:\\\/\\\/www.conferenciaepiscopal.pt\\\/v1\\\/wp-content\\\/uploads\\\/cropped-logoTransparente.png\",\"width\":512,\"height\":512,\"caption\":\"Confer\u00eancia Episcopal Portuguesa\"},\"image\":{\"@id\":\"https:\\\/\\\/www.conferenciaepiscopal.pt\\\/v1\\\/#\\\/schema\\\/logo\\\/image\\\/\"}},{\"@type\":\"Person\",\"@id\":\"https:\\\/\\\/www.conferenciaepiscopal.pt\\\/v1\\\/#\\\/schema\\\/person\\\/276594037f41ab419d8b2ae02d84119f\",\"name\":\"Anabela Sousa\",\"image\":{\"@type\":\"ImageObject\",\"inLanguage\":\"pt-PT\",\"@id\":\"https:\\\/\\\/secure.gravatar.com\\\/avatar\\\/49af3230c4da697d62cdb63582d49dbf63fca33e78d0f530ced88eec32b12ba5?s=96&d=mm&r=g\",\"url\":\"https:\\\/\\\/secure.gravatar.com\\\/avatar\\\/49af3230c4da697d62cdb63582d49dbf63fca33e78d0f530ced88eec32b12ba5?s=96&d=mm&r=g\",\"contentUrl\":\"https:\\\/\\\/secure.gravatar.com\\\/avatar\\\/49af3230c4da697d62cdb63582d49dbf63fca33e78d0f530ced88eec32b12ba5?s=96&d=mm&r=g\",\"caption\":\"Anabela Sousa\"}}]}<\/script>\n<!-- \/ Yoast SEO plugin. -->","yoast_head_json":{"title":"Jornadas Pastorais do Episcopado 2025: Palavras de Abertura do Presidente - Confer\u00eancia Episcopal Portuguesa","robots":{"index":"index","follow":"follow","max-snippet":"max-snippet:-1","max-image-preview":"max-image-preview:large","max-video-preview":"max-video-preview:-1"},"canonical":"https:\/\/www.conferenciaepiscopal.pt\/v1\/jornadas-pastorais-do-episcopado-2025-palavras-de-abertura-do-presidente\/","og_locale":"pt_PT","og_type":"article","og_title":"Jornadas Pastorais do Episcopado 2025: Palavras de Abertura do Presidente - Confer\u00eancia Episcopal Portuguesa","og_description":"Desejo, antes de mais, endere\u00e7ar a cada um e a cada uma de v\u00f3s \u2013 batizados e ativamente presentes na [&hellip;]","og_url":"https:\/\/www.conferenciaepiscopal.pt\/v1\/jornadas-pastorais-do-episcopado-2025-palavras-de-abertura-do-presidente\/","og_site_name":"Confer\u00eancia Episcopal Portuguesa","article_published_time":"2025-06-16T17:18:49+00:00","og_image":[{"width":2560,"height":1707,"url":"https:\/\/www.conferenciaepiscopal.pt\/v1\/wp-content\/uploads\/2025\/06\/20250616-JornadasPastoraisEpiscopado-abertura-01-scaled.jpg","type":"image\/jpeg"}],"author":"Anabela Sousa","twitter_card":"summary_large_image","twitter_misc":{"Escrito por":"Anabela Sousa","Tempo estimado de leitura":"5 minutos"},"schema":{"@context":"https:\/\/schema.org","@graph":[{"@type":"Article","@id":"https:\/\/www.conferenciaepiscopal.pt\/v1\/jornadas-pastorais-do-episcopado-2025-palavras-de-abertura-do-presidente\/#article","isPartOf":{"@id":"https:\/\/www.conferenciaepiscopal.pt\/v1\/jornadas-pastorais-do-episcopado-2025-palavras-de-abertura-do-presidente\/"},"author":{"name":"Anabela Sousa","@id":"https:\/\/www.conferenciaepiscopal.pt\/v1\/#\/schema\/person\/276594037f41ab419d8b2ae02d84119f"},"headline":"Jornadas Pastorais do Episcopado 2025: Palavras de Abertura do Presidente","datePublished":"2025-06-16T17:18:49+00:00","mainEntityOfPage":{"@id":"https:\/\/www.conferenciaepiscopal.pt\/v1\/jornadas-pastorais-do-episcopado-2025-palavras-de-abertura-do-presidente\/"},"wordCount":841,"publisher":{"@id":"https:\/\/www.conferenciaepiscopal.pt\/v1\/#organization"},"image":{"@id":"https:\/\/www.conferenciaepiscopal.pt\/v1\/jornadas-pastorais-do-episcopado-2025-palavras-de-abertura-do-presidente\/#primaryimage"},"thumbnailUrl":"https:\/\/www.conferenciaepiscopal.pt\/v1\/wp-content\/uploads\/2025\/06\/20250616-JornadasPastoraisEpiscopado-abertura-01-scaled.jpg","articleSection":["#entrada","Not\u00edcias"],"inLanguage":"pt-PT"},{"@type":"WebPage","@id":"https:\/\/www.conferenciaepiscopal.pt\/v1\/jornadas-pastorais-do-episcopado-2025-palavras-de-abertura-do-presidente\/","url":"https:\/\/www.conferenciaepiscopal.pt\/v1\/jornadas-pastorais-do-episcopado-2025-palavras-de-abertura-do-presidente\/","name":"Jornadas Pastorais do Episcopado 2025: Palavras de Abertura do Presidente - Confer\u00eancia Episcopal Portuguesa","isPartOf":{"@id":"https:\/\/www.conferenciaepiscopal.pt\/v1\/#website"},"primaryImageOfPage":{"@id":"https:\/\/www.conferenciaepiscopal.pt\/v1\/jornadas-pastorais-do-episcopado-2025-palavras-de-abertura-do-presidente\/#primaryimage"},"image":{"@id":"https:\/\/www.conferenciaepiscopal.pt\/v1\/jornadas-pastorais-do-episcopado-2025-palavras-de-abertura-do-presidente\/#primaryimage"},"thumbnailUrl":"https:\/\/www.conferenciaepiscopal.pt\/v1\/wp-content\/uploads\/2025\/06\/20250616-JornadasPastoraisEpiscopado-abertura-01-scaled.jpg","datePublished":"2025-06-16T17:18:49+00:00","breadcrumb":{"@id":"https:\/\/www.conferenciaepiscopal.pt\/v1\/jornadas-pastorais-do-episcopado-2025-palavras-de-abertura-do-presidente\/#breadcrumb"},"inLanguage":"pt-PT","potentialAction":[{"@type":"ReadAction","target":["https:\/\/www.conferenciaepiscopal.pt\/v1\/jornadas-pastorais-do-episcopado-2025-palavras-de-abertura-do-presidente\/"]}]},{"@type":"ImageObject","inLanguage":"pt-PT","@id":"https:\/\/www.conferenciaepiscopal.pt\/v1\/jornadas-pastorais-do-episcopado-2025-palavras-de-abertura-do-presidente\/#primaryimage","url":"https:\/\/www.conferenciaepiscopal.pt\/v1\/wp-content\/uploads\/2025\/06\/20250616-JornadasPastoraisEpiscopado-abertura-01-scaled.jpg","contentUrl":"https:\/\/www.conferenciaepiscopal.pt\/v1\/wp-content\/uploads\/2025\/06\/20250616-JornadasPastoraisEpiscopado-abertura-01-scaled.jpg","width":2560,"height":1707},{"@type":"BreadcrumbList","@id":"https:\/\/www.conferenciaepiscopal.pt\/v1\/jornadas-pastorais-do-episcopado-2025-palavras-de-abertura-do-presidente\/#breadcrumb","itemListElement":[{"@type":"ListItem","position":1,"name":"In\u00edcio","item":"https:\/\/www.conferenciaepiscopal.pt\/v1\/"},{"@type":"ListItem","position":2,"name":"Jornadas Pastorais do Episcopado 2025: Palavras de Abertura do Presidente"}]},{"@type":"WebSite","@id":"https:\/\/www.conferenciaepiscopal.pt\/v1\/#website","url":"https:\/\/www.conferenciaepiscopal.pt\/v1\/","name":"Confer\u00eancia Episcopal Portuguesa","description":"Igreja Cat\u00f3lica em Portugal","publisher":{"@id":"https:\/\/www.conferenciaepiscopal.pt\/v1\/#organization"},"potentialAction":[{"@type":"SearchAction","target":{"@type":"EntryPoint","urlTemplate":"https:\/\/www.conferenciaepiscopal.pt\/v1\/?s={search_term_string}"},"query-input":{"@type":"PropertyValueSpecification","valueRequired":true,"valueName":"search_term_string"}}],"inLanguage":"pt-PT"},{"@type":"Organization","@id":"https:\/\/www.conferenciaepiscopal.pt\/v1\/#organization","name":"Confer\u00eancia Episcopal Portuguesa","url":"https:\/\/www.conferenciaepiscopal.pt\/v1\/","logo":{"@type":"ImageObject","inLanguage":"pt-PT","@id":"https:\/\/www.conferenciaepiscopal.pt\/v1\/#\/schema\/logo\/image\/","url":"https:\/\/www.conferenciaepiscopal.pt\/v1\/wp-content\/uploads\/cropped-logoTransparente.png","contentUrl":"https:\/\/www.conferenciaepiscopal.pt\/v1\/wp-content\/uploads\/cropped-logoTransparente.png","width":512,"height":512,"caption":"Confer\u00eancia Episcopal Portuguesa"},"image":{"@id":"https:\/\/www.conferenciaepiscopal.pt\/v1\/#\/schema\/logo\/image\/"}},{"@type":"Person","@id":"https:\/\/www.conferenciaepiscopal.pt\/v1\/#\/schema\/person\/276594037f41ab419d8b2ae02d84119f","name":"Anabela Sousa","image":{"@type":"ImageObject","inLanguage":"pt-PT","@id":"https:\/\/secure.gravatar.com\/avatar\/49af3230c4da697d62cdb63582d49dbf63fca33e78d0f530ced88eec32b12ba5?s=96&d=mm&r=g","url":"https:\/\/secure.gravatar.com\/avatar\/49af3230c4da697d62cdb63582d49dbf63fca33e78d0f530ced88eec32b12ba5?s=96&d=mm&r=g","contentUrl":"https:\/\/secure.gravatar.com\/avatar\/49af3230c4da697d62cdb63582d49dbf63fca33e78d0f530ced88eec32b12ba5?s=96&d=mm&r=g","caption":"Anabela Sousa"}}]}},"_links":{"self":[{"href":"https:\/\/www.conferenciaepiscopal.pt\/v1\/wp-json\/wp\/v2\/posts\/8934","targetHints":{"allow":["GET"]}}],"collection":[{"href":"https:\/\/www.conferenciaepiscopal.pt\/v1\/wp-json\/wp\/v2\/posts"}],"about":[{"href":"https:\/\/www.conferenciaepiscopal.pt\/v1\/wp-json\/wp\/v2\/types\/post"}],"author":[{"embeddable":true,"href":"https:\/\/www.conferenciaepiscopal.pt\/v1\/wp-json\/wp\/v2\/users\/2"}],"replies":[{"embeddable":true,"href":"https:\/\/www.conferenciaepiscopal.pt\/v1\/wp-json\/wp\/v2\/comments?post=8934"}],"version-history":[{"count":1,"href":"https:\/\/www.conferenciaepiscopal.pt\/v1\/wp-json\/wp\/v2\/posts\/8934\/revisions"}],"predecessor-version":[{"id":8942,"href":"https:\/\/www.conferenciaepiscopal.pt\/v1\/wp-json\/wp\/v2\/posts\/8934\/revisions\/8942"}],"wp:featuredmedia":[{"embeddable":true,"href":"https:\/\/www.conferenciaepiscopal.pt\/v1\/wp-json\/wp\/v2\/media\/8935"}],"wp:attachment":[{"href":"https:\/\/www.conferenciaepiscopal.pt\/v1\/wp-json\/wp\/v2\/media?parent=8934"}],"wp:term":[{"taxonomy":"category","embeddable":true,"href":"https:\/\/www.conferenciaepiscopal.pt\/v1\/wp-json\/wp\/v2\/categories?post=8934"},{"taxonomy":"post_tag","embeddable":true,"href":"https:\/\/www.conferenciaepiscopal.pt\/v1\/wp-json\/wp\/v2\/tags?post=8934"}],"curies":[{"name":"wp","href":"https:\/\/api.w.org\/{rel}","templated":true}]}}