{"id":8913,"date":"2025-05-13T19:42:03","date_gmt":"2025-05-13T18:42:03","guid":{"rendered":"https:\/\/www.conferenciaepiscopal.pt\/v1\/?p=8913"},"modified":"2025-05-13T19:56:45","modified_gmt":"2025-05-13T18:56:45","slug":"consagracao-a-nossa-senhora-de-fatima-do-ministerio-do-papa-leao-xiv","status":"publish","type":"post","link":"https:\/\/www.conferenciaepiscopal.pt\/v1\/consagracao-a-nossa-senhora-de-fatima-do-ministerio-do-papa-leao-xiv\/","title":{"rendered":"Consagra\u00e7\u00e3o a Nossa Senhora de F\u00e1tima do minist\u00e9rio do Papa Le\u00e3o XIV"},"content":{"rendered":"<p>Virgem Sant\u00edssima, Senhora do Ros\u00e1rio de F\u00e1tima<\/p>\n<p>1. Estamos a Vossos p\u00e9s, os Bispos de Portugal e esta multid\u00e3o de peregrinos, no 108.\u00ba anivers\u00e1rio da Vossa Apari\u00e7\u00e3o aos Pastorinhos, nesta Cova da Iria, para Vos consagrar o Minist\u00e9rio do atual sucessor de Pedro e Bispo de Roma, o Santo Padre Le\u00e3o XIV. Enchei o seu cora\u00e7\u00e3o da ternura de Deus, que V\u00f3s experimentastes como ningu\u00e9m, para que ele possa abra\u00e7ar todos os homens e mulheres deste tempo com o amor do Vosso Filho Jesus Cristo. Dai-lhe o dom do discernimento para saber identificar e continuar os caminhos da renova\u00e7\u00e3o da Igreja; dai-lhe coragem para n\u00e3o hesitar em seguir os caminhos sugeridos pelo Esp\u00edrito Santo; amparai-o nas horas duras de sofrimento e levai-o a vencer, na caridade, as prova\u00e7\u00f5es no caminho da renova\u00e7\u00e3o da Igreja. Estai sempre a seu lado, pronunciando com ele aquelas palavras que bem conheceis: \u201cEu sou a Serva do Senhor, cumpra-se em Mim a Tua Palavra\u201d.<\/p>\n<p>2. Na Vossa Mensagem aos Pastorinhos, aqui na Cova da Iria, pusestes em relevo o Minist\u00e9rio do Papa, \u201co bispo vestido de branco\u201d. Quatro dos \u00faltimos Papas fizeram-se peregrinos do Vosso Santu\u00e1rio. Est\u00e1 bem viva na nossa mem\u00f3ria a presen\u00e7a do Papa Francisco que aqui nos recordou que \u201cTemos M\u00e3e!\u201d.<\/p>\n<p>Enquanto esperamos a presen\u00e7a do novo sucessor de Pedro, para orar connosco em F\u00e1tima, pedimos-vos que o acolhais e acompanheis com solicitude materna, para que inspirado pela Vossa Mensagem aos Pastorinhos, possa continuar a lan\u00e7ar ao mundo o urgente grito da paz, com que se nos dirigiu no primeiro dia do seu minist\u00e9rio.<\/p>\n<p>Neste ano Santo, que estamos a viver como peregrinos de esperan\u00e7a, juntamente com todos os peregrinos aqui presentes ou que nos acompanham atrav\u00e9s dos meios de comunica\u00e7\u00e3o, dirigimos-vos agora a nossa ora\u00e7\u00e3o jubilar de consagra\u00e7\u00e3o:<\/p>\n<p>Salve, M\u00e3e do Senhor,<br \/>\nVirgem Maria, Rainha do Ros\u00e1rio de F\u00e1tima!<br \/>\nBendita entre todas as mulheres,<br \/>\n\u00e9s a imagem da Igreja vestida da luz pascal,<br \/>\n\u00e9s a honra do nosso povo,<br \/>\n\u00e9s o triunfo sobre a marca do mal.<br \/>\nProfecia do Amor misericordioso do Pai,<br \/>\nMestra do An\u00fancio da Boa-Nova do Filho,<br \/>\nSinal do Fogo ardente do Esp\u00edrito Santo,<br \/>\nensina-nos, neste vale de alegrias e dores,<br \/>\nas verdades eternas que o Pai revela aos pequeninos.<br \/>\nMostra-nos a for\u00e7a do teu manto protetor.<br \/>\nNo teu Imaculado Cora\u00e7\u00e3o,<br \/>\ns\u00ea o ref\u00fagio dos pecadores<br \/>\ne o caminho que conduz at\u00e9 Deus.<br \/>\nUnido\/a aos meus irm\u00e3os,<br \/>\nna F\u00e9, na Esperan\u00e7a e no Amor,<br \/>\na ti me entrego.<br \/>\nUnido\/a aos meus irm\u00e3os, por ti, a Deus me consagro,<br \/>\n\u00f3 Virgem do Ros\u00e1rio de F\u00e1tima.<br \/>\nE, enfim, envolvido\/a na Luz que das tuas m\u00e3os nos vem,<br \/>\ndarei gl\u00f3ria ao Senhor pelos s\u00e9culos dos s\u00e9culos.<br \/>\n\u00c1men.<\/p>\n<p>F\u00e1tima, 13 de maio de 2025<br \/>\nD. Jos\u00e9 Ornelas, Bispo de Leiria-F\u00e1tima e presidente da Confer\u00eancia Episcopal Portuguesa<\/p>\n","protected":false},"excerpt":{"rendered":"<p>Virgem Sant\u00edssima, Senhora do Ros\u00e1rio de F\u00e1tima 1. Estamos a Vossos p\u00e9s, os Bispos de Portugal e esta multid\u00e3o de [&hellip;]<\/p>\n","protected":false},"author":2,"featured_media":8918,"comment_status":"closed","ping_status":"closed","sticky":false,"template":"","format":"standard","meta":{"site-sidebar-layout":"default","site-content-layout":"","ast-site-content-layout":"default","site-content-style":"default","site-sidebar-style":"default","ast-global-header-display":"","ast-banner-title-visibility":"","ast-main-header-display":"","ast-hfb-above-header-display":"","ast-hfb-below-header-display":"","ast-hfb-mobile-header-display":"","site-post-title":"","ast-breadcrumbs-content":"","ast-featured-img":"","footer-sml-layout":"","ast-disable-related-posts":"","theme-transparent-header-meta":"default","adv-header-id-meta":"","stick-header-meta":"default","header-above-stick-meta":"","header-main-stick-meta":"","header-below-stick-meta":"","astra-migrate-meta-layouts":"set","ast-page-background-enabled":"default","ast-page-background-meta":{"desktop":{"background-color":"var(--ast-global-color-4)","background-image":"","background-repeat":"repeat","background-position":"center center","background-size":"auto","background-attachment":"scroll","background-type":"","background-media":"","overlay-type":"","overlay-color":"","overlay-opacity":"","overlay-gradient":""},"tablet":{"background-color":"","background-image":"","background-repeat":"repeat","background-position":"center center","background-size":"auto","background-attachment":"scroll","background-type":"","background-media":"","overlay-type":"","overlay-color":"","overlay-opacity":"","overlay-gradient":""},"mobile":{"background-color":"","background-image":"","background-repeat":"repeat","background-position":"center center","background-size":"auto","background-attachment":"scroll","background-type":"","background-media":"","overlay-type":"","overlay-color":"","overlay-opacity":"","overlay-gradient":""}},"ast-content-background-meta":{"desktop":{"background-color":"var(--ast-global-color-5)","background-image":"","background-repeat":"repeat","background-position":"center center","background-size":"auto","background-attachment":"scroll","background-type":"","background-media":"","overlay-type":"","overlay-color":"","overlay-opacity":"","overlay-gradient":""},"tablet":{"background-color":"var(--ast-global-color-5)","background-image":"","background-repeat":"repeat","background-position":"center center","background-size":"auto","background-attachment":"scroll","background-type":"","background-media":"","overlay-type":"","overlay-color":"","overlay-opacity":"","overlay-gradient":""},"mobile":{"background-color":"var(--ast-global-color-5)","background-image":"","background-repeat":"repeat","background-position":"center center","background-size":"auto","background-attachment":"scroll","background-type":"","background-media":"","overlay-type":"","overlay-color":"","overlay-opacity":"","overlay-gradient":""}},"footnotes":""},"categories":[74,4,72],"tags":[],"class_list":["post-8913","post","type-post","status-publish","format-standard","has-post-thumbnail","hentry","category-entrada","category-documentos","category-noticias"],"yoast_head":"<!-- This site is optimized with the Yoast SEO plugin v27.4 - https:\/\/yoast.com\/product\/yoast-seo-wordpress\/ -->\n<title>Consagra\u00e7\u00e3o a Nossa Senhora de F\u00e1tima do minist\u00e9rio do Papa Le\u00e3o XIV - Confer\u00eancia Episcopal Portuguesa<\/title>\n<meta name=\"robots\" content=\"index, follow, max-snippet:-1, max-image-preview:large, max-video-preview:-1\" \/>\n<link rel=\"canonical\" href=\"https:\/\/www.conferenciaepiscopal.pt\/v1\/consagracao-a-nossa-senhora-de-fatima-do-ministerio-do-papa-leao-xiv\/\" \/>\n<meta property=\"og:locale\" content=\"pt_PT\" \/>\n<meta property=\"og:type\" content=\"article\" \/>\n<meta property=\"og:title\" content=\"Consagra\u00e7\u00e3o a Nossa Senhora de F\u00e1tima do minist\u00e9rio do Papa Le\u00e3o XIV - Confer\u00eancia Episcopal Portuguesa\" \/>\n<meta property=\"og:description\" content=\"Virgem Sant\u00edssima, Senhora do Ros\u00e1rio de F\u00e1tima 1. Estamos a Vossos p\u00e9s, os Bispos de Portugal e esta multid\u00e3o de [&hellip;]\" \/>\n<meta property=\"og:url\" content=\"https:\/\/www.conferenciaepiscopal.pt\/v1\/consagracao-a-nossa-senhora-de-fatima-do-ministerio-do-papa-leao-xiv\/\" \/>\n<meta property=\"og:site_name\" content=\"Confer\u00eancia Episcopal Portuguesa\" \/>\n<meta property=\"article:published_time\" content=\"2025-05-13T18:42:03+00:00\" \/>\n<meta property=\"article:modified_time\" content=\"2025-05-13T18:56:45+00:00\" \/>\n<meta property=\"og:image\" content=\"https:\/\/www.conferenciaepiscopal.pt\/v1\/wp-content\/uploads\/2025\/05\/20250513-consagracao-papa-leaoxiv-fatima-ornelas-santuario-fatima.jpg\" \/>\n\t<meta property=\"og:image:width\" content=\"1920\" \/>\n\t<meta property=\"og:image:height\" content=\"1120\" \/>\n\t<meta property=\"og:image:type\" content=\"image\/jpeg\" \/>\n<meta name=\"author\" content=\"Anabela Sousa\" \/>\n<meta name=\"twitter:card\" content=\"summary_large_image\" \/>\n<meta name=\"twitter:label1\" content=\"Escrito por\" \/>\n\t<meta name=\"twitter:data1\" content=\"Anabela Sousa\" \/>\n\t<meta name=\"twitter:label2\" content=\"Tempo estimado de leitura\" \/>\n\t<meta name=\"twitter:data2\" content=\"3 minutos\" \/>\n<script type=\"application\/ld+json\" class=\"yoast-schema-graph\">{\"@context\":\"https:\\\/\\\/schema.org\",\"@graph\":[{\"@type\":\"Article\",\"@id\":\"https:\\\/\\\/www.conferenciaepiscopal.pt\\\/v1\\\/consagracao-a-nossa-senhora-de-fatima-do-ministerio-do-papa-leao-xiv\\\/#article\",\"isPartOf\":{\"@id\":\"https:\\\/\\\/www.conferenciaepiscopal.pt\\\/v1\\\/consagracao-a-nossa-senhora-de-fatima-do-ministerio-do-papa-leao-xiv\\\/\"},\"author\":{\"name\":\"Anabela Sousa\",\"@id\":\"https:\\\/\\\/www.conferenciaepiscopal.pt\\\/v1\\\/#\\\/schema\\\/person\\\/276594037f41ab419d8b2ae02d84119f\"},\"headline\":\"Consagra\u00e7\u00e3o a Nossa Senhora de F\u00e1tima do minist\u00e9rio do Papa Le\u00e3o XIV\",\"datePublished\":\"2025-05-13T18:42:03+00:00\",\"dateModified\":\"2025-05-13T18:56:45+00:00\",\"mainEntityOfPage\":{\"@id\":\"https:\\\/\\\/www.conferenciaepiscopal.pt\\\/v1\\\/consagracao-a-nossa-senhora-de-fatima-do-ministerio-do-papa-leao-xiv\\\/\"},\"wordCount\":529,\"publisher\":{\"@id\":\"https:\\\/\\\/www.conferenciaepiscopal.pt\\\/v1\\\/#organization\"},\"image\":{\"@id\":\"https:\\\/\\\/www.conferenciaepiscopal.pt\\\/v1\\\/consagracao-a-nossa-senhora-de-fatima-do-ministerio-do-papa-leao-xiv\\\/#primaryimage\"},\"thumbnailUrl\":\"https:\\\/\\\/www.conferenciaepiscopal.pt\\\/v1\\\/wp-content\\\/uploads\\\/2025\\\/05\\\/20250513-consagracao-papa-leaoxiv-fatima-ornelas-santuario-fatima.jpg\",\"articleSection\":[\"#entrada\",\"Documentos\",\"Not\u00edcias\"],\"inLanguage\":\"pt-PT\"},{\"@type\":\"WebPage\",\"@id\":\"https:\\\/\\\/www.conferenciaepiscopal.pt\\\/v1\\\/consagracao-a-nossa-senhora-de-fatima-do-ministerio-do-papa-leao-xiv\\\/\",\"url\":\"https:\\\/\\\/www.conferenciaepiscopal.pt\\\/v1\\\/consagracao-a-nossa-senhora-de-fatima-do-ministerio-do-papa-leao-xiv\\\/\",\"name\":\"Consagra\u00e7\u00e3o a Nossa Senhora de F\u00e1tima do minist\u00e9rio do Papa Le\u00e3o XIV - Confer\u00eancia Episcopal Portuguesa\",\"isPartOf\":{\"@id\":\"https:\\\/\\\/www.conferenciaepiscopal.pt\\\/v1\\\/#website\"},\"primaryImageOfPage\":{\"@id\":\"https:\\\/\\\/www.conferenciaepiscopal.pt\\\/v1\\\/consagracao-a-nossa-senhora-de-fatima-do-ministerio-do-papa-leao-xiv\\\/#primaryimage\"},\"image\":{\"@id\":\"https:\\\/\\\/www.conferenciaepiscopal.pt\\\/v1\\\/consagracao-a-nossa-senhora-de-fatima-do-ministerio-do-papa-leao-xiv\\\/#primaryimage\"},\"thumbnailUrl\":\"https:\\\/\\\/www.conferenciaepiscopal.pt\\\/v1\\\/wp-content\\\/uploads\\\/2025\\\/05\\\/20250513-consagracao-papa-leaoxiv-fatima-ornelas-santuario-fatima.jpg\",\"datePublished\":\"2025-05-13T18:42:03+00:00\",\"dateModified\":\"2025-05-13T18:56:45+00:00\",\"breadcrumb\":{\"@id\":\"https:\\\/\\\/www.conferenciaepiscopal.pt\\\/v1\\\/consagracao-a-nossa-senhora-de-fatima-do-ministerio-do-papa-leao-xiv\\\/#breadcrumb\"},\"inLanguage\":\"pt-PT\",\"potentialAction\":[{\"@type\":\"ReadAction\",\"target\":[\"https:\\\/\\\/www.conferenciaepiscopal.pt\\\/v1\\\/consagracao-a-nossa-senhora-de-fatima-do-ministerio-do-papa-leao-xiv\\\/\"]}]},{\"@type\":\"ImageObject\",\"inLanguage\":\"pt-PT\",\"@id\":\"https:\\\/\\\/www.conferenciaepiscopal.pt\\\/v1\\\/consagracao-a-nossa-senhora-de-fatima-do-ministerio-do-papa-leao-xiv\\\/#primaryimage\",\"url\":\"https:\\\/\\\/www.conferenciaepiscopal.pt\\\/v1\\\/wp-content\\\/uploads\\\/2025\\\/05\\\/20250513-consagracao-papa-leaoxiv-fatima-ornelas-santuario-fatima.jpg\",\"contentUrl\":\"https:\\\/\\\/www.conferenciaepiscopal.pt\\\/v1\\\/wp-content\\\/uploads\\\/2025\\\/05\\\/20250513-consagracao-papa-leaoxiv-fatima-ornelas-santuario-fatima.jpg\",\"width\":1920,\"height\":1120},{\"@type\":\"BreadcrumbList\",\"@id\":\"https:\\\/\\\/www.conferenciaepiscopal.pt\\\/v1\\\/consagracao-a-nossa-senhora-de-fatima-do-ministerio-do-papa-leao-xiv\\\/#breadcrumb\",\"itemListElement\":[{\"@type\":\"ListItem\",\"position\":1,\"name\":\"In\u00edcio\",\"item\":\"https:\\\/\\\/www.conferenciaepiscopal.pt\\\/v1\\\/\"},{\"@type\":\"ListItem\",\"position\":2,\"name\":\"Consagra\u00e7\u00e3o a Nossa Senhora de F\u00e1tima do minist\u00e9rio do Papa Le\u00e3o XIV\"}]},{\"@type\":\"WebSite\",\"@id\":\"https:\\\/\\\/www.conferenciaepiscopal.pt\\\/v1\\\/#website\",\"url\":\"https:\\\/\\\/www.conferenciaepiscopal.pt\\\/v1\\\/\",\"name\":\"Confer\u00eancia Episcopal Portuguesa\",\"description\":\"Igreja Cat\u00f3lica em Portugal\",\"publisher\":{\"@id\":\"https:\\\/\\\/www.conferenciaepiscopal.pt\\\/v1\\\/#organization\"},\"potentialAction\":[{\"@type\":\"SearchAction\",\"target\":{\"@type\":\"EntryPoint\",\"urlTemplate\":\"https:\\\/\\\/www.conferenciaepiscopal.pt\\\/v1\\\/?s={search_term_string}\"},\"query-input\":{\"@type\":\"PropertyValueSpecification\",\"valueRequired\":true,\"valueName\":\"search_term_string\"}}],\"inLanguage\":\"pt-PT\"},{\"@type\":\"Organization\",\"@id\":\"https:\\\/\\\/www.conferenciaepiscopal.pt\\\/v1\\\/#organization\",\"name\":\"Confer\u00eancia Episcopal Portuguesa\",\"url\":\"https:\\\/\\\/www.conferenciaepiscopal.pt\\\/v1\\\/\",\"logo\":{\"@type\":\"ImageObject\",\"inLanguage\":\"pt-PT\",\"@id\":\"https:\\\/\\\/www.conferenciaepiscopal.pt\\\/v1\\\/#\\\/schema\\\/logo\\\/image\\\/\",\"url\":\"https:\\\/\\\/www.conferenciaepiscopal.pt\\\/v1\\\/wp-content\\\/uploads\\\/cropped-logoTransparente.png\",\"contentUrl\":\"https:\\\/\\\/www.conferenciaepiscopal.pt\\\/v1\\\/wp-content\\\/uploads\\\/cropped-logoTransparente.png\",\"width\":512,\"height\":512,\"caption\":\"Confer\u00eancia Episcopal Portuguesa\"},\"image\":{\"@id\":\"https:\\\/\\\/www.conferenciaepiscopal.pt\\\/v1\\\/#\\\/schema\\\/logo\\\/image\\\/\"}},{\"@type\":\"Person\",\"@id\":\"https:\\\/\\\/www.conferenciaepiscopal.pt\\\/v1\\\/#\\\/schema\\\/person\\\/276594037f41ab419d8b2ae02d84119f\",\"name\":\"Anabela Sousa\",\"image\":{\"@type\":\"ImageObject\",\"inLanguage\":\"pt-PT\",\"@id\":\"https:\\\/\\\/secure.gravatar.com\\\/avatar\\\/49af3230c4da697d62cdb63582d49dbf63fca33e78d0f530ced88eec32b12ba5?s=96&d=mm&r=g\",\"url\":\"https:\\\/\\\/secure.gravatar.com\\\/avatar\\\/49af3230c4da697d62cdb63582d49dbf63fca33e78d0f530ced88eec32b12ba5?s=96&d=mm&r=g\",\"contentUrl\":\"https:\\\/\\\/secure.gravatar.com\\\/avatar\\\/49af3230c4da697d62cdb63582d49dbf63fca33e78d0f530ced88eec32b12ba5?s=96&d=mm&r=g\",\"caption\":\"Anabela Sousa\"}}]}<\/script>\n<!-- \/ Yoast SEO plugin. -->","yoast_head_json":{"title":"Consagra\u00e7\u00e3o a Nossa Senhora de F\u00e1tima do minist\u00e9rio do Papa Le\u00e3o XIV - Confer\u00eancia Episcopal Portuguesa","robots":{"index":"index","follow":"follow","max-snippet":"max-snippet:-1","max-image-preview":"max-image-preview:large","max-video-preview":"max-video-preview:-1"},"canonical":"https:\/\/www.conferenciaepiscopal.pt\/v1\/consagracao-a-nossa-senhora-de-fatima-do-ministerio-do-papa-leao-xiv\/","og_locale":"pt_PT","og_type":"article","og_title":"Consagra\u00e7\u00e3o a Nossa Senhora de F\u00e1tima do minist\u00e9rio do Papa Le\u00e3o XIV - Confer\u00eancia Episcopal Portuguesa","og_description":"Virgem Sant\u00edssima, Senhora do Ros\u00e1rio de F\u00e1tima 1. Estamos a Vossos p\u00e9s, os Bispos de Portugal e esta multid\u00e3o de [&hellip;]","og_url":"https:\/\/www.conferenciaepiscopal.pt\/v1\/consagracao-a-nossa-senhora-de-fatima-do-ministerio-do-papa-leao-xiv\/","og_site_name":"Confer\u00eancia Episcopal Portuguesa","article_published_time":"2025-05-13T18:42:03+00:00","article_modified_time":"2025-05-13T18:56:45+00:00","og_image":[{"width":1920,"height":1120,"url":"https:\/\/www.conferenciaepiscopal.pt\/v1\/wp-content\/uploads\/2025\/05\/20250513-consagracao-papa-leaoxiv-fatima-ornelas-santuario-fatima.jpg","type":"image\/jpeg"}],"author":"Anabela Sousa","twitter_card":"summary_large_image","twitter_misc":{"Escrito por":"Anabela Sousa","Tempo estimado de leitura":"3 minutos"},"schema":{"@context":"https:\/\/schema.org","@graph":[{"@type":"Article","@id":"https:\/\/www.conferenciaepiscopal.pt\/v1\/consagracao-a-nossa-senhora-de-fatima-do-ministerio-do-papa-leao-xiv\/#article","isPartOf":{"@id":"https:\/\/www.conferenciaepiscopal.pt\/v1\/consagracao-a-nossa-senhora-de-fatima-do-ministerio-do-papa-leao-xiv\/"},"author":{"name":"Anabela Sousa","@id":"https:\/\/www.conferenciaepiscopal.pt\/v1\/#\/schema\/person\/276594037f41ab419d8b2ae02d84119f"},"headline":"Consagra\u00e7\u00e3o a Nossa Senhora de F\u00e1tima do minist\u00e9rio do Papa Le\u00e3o XIV","datePublished":"2025-05-13T18:42:03+00:00","dateModified":"2025-05-13T18:56:45+00:00","mainEntityOfPage":{"@id":"https:\/\/www.conferenciaepiscopal.pt\/v1\/consagracao-a-nossa-senhora-de-fatima-do-ministerio-do-papa-leao-xiv\/"},"wordCount":529,"publisher":{"@id":"https:\/\/www.conferenciaepiscopal.pt\/v1\/#organization"},"image":{"@id":"https:\/\/www.conferenciaepiscopal.pt\/v1\/consagracao-a-nossa-senhora-de-fatima-do-ministerio-do-papa-leao-xiv\/#primaryimage"},"thumbnailUrl":"https:\/\/www.conferenciaepiscopal.pt\/v1\/wp-content\/uploads\/2025\/05\/20250513-consagracao-papa-leaoxiv-fatima-ornelas-santuario-fatima.jpg","articleSection":["#entrada","Documentos","Not\u00edcias"],"inLanguage":"pt-PT"},{"@type":"WebPage","@id":"https:\/\/www.conferenciaepiscopal.pt\/v1\/consagracao-a-nossa-senhora-de-fatima-do-ministerio-do-papa-leao-xiv\/","url":"https:\/\/www.conferenciaepiscopal.pt\/v1\/consagracao-a-nossa-senhora-de-fatima-do-ministerio-do-papa-leao-xiv\/","name":"Consagra\u00e7\u00e3o a Nossa Senhora de F\u00e1tima do minist\u00e9rio do Papa Le\u00e3o XIV - Confer\u00eancia Episcopal Portuguesa","isPartOf":{"@id":"https:\/\/www.conferenciaepiscopal.pt\/v1\/#website"},"primaryImageOfPage":{"@id":"https:\/\/www.conferenciaepiscopal.pt\/v1\/consagracao-a-nossa-senhora-de-fatima-do-ministerio-do-papa-leao-xiv\/#primaryimage"},"image":{"@id":"https:\/\/www.conferenciaepiscopal.pt\/v1\/consagracao-a-nossa-senhora-de-fatima-do-ministerio-do-papa-leao-xiv\/#primaryimage"},"thumbnailUrl":"https:\/\/www.conferenciaepiscopal.pt\/v1\/wp-content\/uploads\/2025\/05\/20250513-consagracao-papa-leaoxiv-fatima-ornelas-santuario-fatima.jpg","datePublished":"2025-05-13T18:42:03+00:00","dateModified":"2025-05-13T18:56:45+00:00","breadcrumb":{"@id":"https:\/\/www.conferenciaepiscopal.pt\/v1\/consagracao-a-nossa-senhora-de-fatima-do-ministerio-do-papa-leao-xiv\/#breadcrumb"},"inLanguage":"pt-PT","potentialAction":[{"@type":"ReadAction","target":["https:\/\/www.conferenciaepiscopal.pt\/v1\/consagracao-a-nossa-senhora-de-fatima-do-ministerio-do-papa-leao-xiv\/"]}]},{"@type":"ImageObject","inLanguage":"pt-PT","@id":"https:\/\/www.conferenciaepiscopal.pt\/v1\/consagracao-a-nossa-senhora-de-fatima-do-ministerio-do-papa-leao-xiv\/#primaryimage","url":"https:\/\/www.conferenciaepiscopal.pt\/v1\/wp-content\/uploads\/2025\/05\/20250513-consagracao-papa-leaoxiv-fatima-ornelas-santuario-fatima.jpg","contentUrl":"https:\/\/www.conferenciaepiscopal.pt\/v1\/wp-content\/uploads\/2025\/05\/20250513-consagracao-papa-leaoxiv-fatima-ornelas-santuario-fatima.jpg","width":1920,"height":1120},{"@type":"BreadcrumbList","@id":"https:\/\/www.conferenciaepiscopal.pt\/v1\/consagracao-a-nossa-senhora-de-fatima-do-ministerio-do-papa-leao-xiv\/#breadcrumb","itemListElement":[{"@type":"ListItem","position":1,"name":"In\u00edcio","item":"https:\/\/www.conferenciaepiscopal.pt\/v1\/"},{"@type":"ListItem","position":2,"name":"Consagra\u00e7\u00e3o a Nossa Senhora de F\u00e1tima do minist\u00e9rio do Papa Le\u00e3o XIV"}]},{"@type":"WebSite","@id":"https:\/\/www.conferenciaepiscopal.pt\/v1\/#website","url":"https:\/\/www.conferenciaepiscopal.pt\/v1\/","name":"Confer\u00eancia Episcopal Portuguesa","description":"Igreja Cat\u00f3lica em Portugal","publisher":{"@id":"https:\/\/www.conferenciaepiscopal.pt\/v1\/#organization"},"potentialAction":[{"@type":"SearchAction","target":{"@type":"EntryPoint","urlTemplate":"https:\/\/www.conferenciaepiscopal.pt\/v1\/?s={search_term_string}"},"query-input":{"@type":"PropertyValueSpecification","valueRequired":true,"valueName":"search_term_string"}}],"inLanguage":"pt-PT"},{"@type":"Organization","@id":"https:\/\/www.conferenciaepiscopal.pt\/v1\/#organization","name":"Confer\u00eancia Episcopal Portuguesa","url":"https:\/\/www.conferenciaepiscopal.pt\/v1\/","logo":{"@type":"ImageObject","inLanguage":"pt-PT","@id":"https:\/\/www.conferenciaepiscopal.pt\/v1\/#\/schema\/logo\/image\/","url":"https:\/\/www.conferenciaepiscopal.pt\/v1\/wp-content\/uploads\/cropped-logoTransparente.png","contentUrl":"https:\/\/www.conferenciaepiscopal.pt\/v1\/wp-content\/uploads\/cropped-logoTransparente.png","width":512,"height":512,"caption":"Confer\u00eancia Episcopal Portuguesa"},"image":{"@id":"https:\/\/www.conferenciaepiscopal.pt\/v1\/#\/schema\/logo\/image\/"}},{"@type":"Person","@id":"https:\/\/www.conferenciaepiscopal.pt\/v1\/#\/schema\/person\/276594037f41ab419d8b2ae02d84119f","name":"Anabela Sousa","image":{"@type":"ImageObject","inLanguage":"pt-PT","@id":"https:\/\/secure.gravatar.com\/avatar\/49af3230c4da697d62cdb63582d49dbf63fca33e78d0f530ced88eec32b12ba5?s=96&d=mm&r=g","url":"https:\/\/secure.gravatar.com\/avatar\/49af3230c4da697d62cdb63582d49dbf63fca33e78d0f530ced88eec32b12ba5?s=96&d=mm&r=g","contentUrl":"https:\/\/secure.gravatar.com\/avatar\/49af3230c4da697d62cdb63582d49dbf63fca33e78d0f530ced88eec32b12ba5?s=96&d=mm&r=g","caption":"Anabela Sousa"}}]}},"_links":{"self":[{"href":"https:\/\/www.conferenciaepiscopal.pt\/v1\/wp-json\/wp\/v2\/posts\/8913","targetHints":{"allow":["GET"]}}],"collection":[{"href":"https:\/\/www.conferenciaepiscopal.pt\/v1\/wp-json\/wp\/v2\/posts"}],"about":[{"href":"https:\/\/www.conferenciaepiscopal.pt\/v1\/wp-json\/wp\/v2\/types\/post"}],"author":[{"embeddable":true,"href":"https:\/\/www.conferenciaepiscopal.pt\/v1\/wp-json\/wp\/v2\/users\/2"}],"replies":[{"embeddable":true,"href":"https:\/\/www.conferenciaepiscopal.pt\/v1\/wp-json\/wp\/v2\/comments?post=8913"}],"version-history":[{"count":2,"href":"https:\/\/www.conferenciaepiscopal.pt\/v1\/wp-json\/wp\/v2\/posts\/8913\/revisions"}],"predecessor-version":[{"id":8915,"href":"https:\/\/www.conferenciaepiscopal.pt\/v1\/wp-json\/wp\/v2\/posts\/8913\/revisions\/8915"}],"wp:featuredmedia":[{"embeddable":true,"href":"https:\/\/www.conferenciaepiscopal.pt\/v1\/wp-json\/wp\/v2\/media\/8918"}],"wp:attachment":[{"href":"https:\/\/www.conferenciaepiscopal.pt\/v1\/wp-json\/wp\/v2\/media?parent=8913"}],"wp:term":[{"taxonomy":"category","embeddable":true,"href":"https:\/\/www.conferenciaepiscopal.pt\/v1\/wp-json\/wp\/v2\/categories?post=8913"},{"taxonomy":"post_tag","embeddable":true,"href":"https:\/\/www.conferenciaepiscopal.pt\/v1\/wp-json\/wp\/v2\/tags?post=8913"}],"curies":[{"name":"wp","href":"https:\/\/api.w.org\/{rel}","templated":true}]}}