{"id":8665,"date":"2024-06-02T15:35:27","date_gmt":"2024-06-02T14:35:27","guid":{"rendered":"https:\/\/www.conferenciaepiscopal.pt\/v1\/?p=8665"},"modified":"2024-06-12T12:36:39","modified_gmt":"2024-06-12T11:36:39","slug":"conclusoes-do-5-o-congresso-eucaristico-nacional","status":"publish","type":"post","link":"https:\/\/www.conferenciaepiscopal.pt\/v1\/conclusoes-do-5-o-congresso-eucaristico-nacional\/","title":{"rendered":"Conclus\u00f5es do 5.\u00ba Congresso Eucar\u00edstico Nacional"},"content":{"rendered":"<p>De 31 de maio a 2 de junho de 2024, realizou-se em Braga, nos dias seguintes \u00e0 Solenidade do Sant\u00edssimo Corpo e Sangue do Cristo, o 5.\u00ba Congresso Eucar\u00edstico Nacional (CEN) por ocasi\u00e3o dos 100 anos da sua primeira edi\u00e7\u00e3o. Com o tema \u201cPartilhar o P\u00e3o, alimentar a Esperan\u00e7a. \u00abReconheceram-n\u2019O ao partir o P\u00e3o\u00bb\u201d, o congresso reuniu cerca de 1400 participantes, 4 cardeais e 30 bispos, estando representadas todas as dioceses portuguesas.<\/p>\n<p>Ao longo de tr\u00eas dias, al\u00e9m de confer\u00eancias, pain\u00e9is com testemunhos e <em>workshops<\/em>, tiveram lugar relevantes momentos celebrativos e culturais: Eucaristia, adora\u00e7\u00e3o, laudes, v\u00e9speras, ora\u00e7\u00e3o do ter\u00e7o, cantata eucar\u00edstica, exposi\u00e7\u00e3o e uma peregrina\u00e7\u00e3o a p\u00e9 ao Santu\u00e1rio do Sameiro onde a Eucaristia de encerramento foi presidida pelo cardeal Jos\u00e9 Tolentino de Mendon\u00e7a, delegado do Papa Francisco ao 5.\u00ba CEN.<\/p>\n<p>Estes foram dias festivos em que a Igreja em Portugal se reuniu para refletir e rezar a centralidade da Eucaristia na vida dos crentes e a miss\u00e3o confiada a cada um que comunga o Corpo de Jesus, de ser esperan\u00e7a no mundo e para o mundo, numa \u00e9poca desafiante e de vertiginosas transforma\u00e7\u00f5es.<\/p>\n<p>Em ano de ora\u00e7\u00e3o convocado pelo Papa e em pleno processo sinodal, depois da JMJ Lisboa 2023 e antes do Jubileu de 2025 \u2013 \u201cPeregrinos de Esperan\u00e7a\u201d \u2013 saem deste congresso algumas linhas orientadoras para a Igreja em Portugal:<\/p>\n<ol>\n<li><strong>Redescobrir que a centralidade eucar\u00edstica vai para al\u00e9m do Domingo<\/strong>. A Eucaristia deve ser preparada e celebrada como verdadeiro encontro com Cristo Ressuscitado, evitando que seja apenas o cumprimento de um preceito. Para uma presen\u00e7a alegre, consciente, ativa e frutuosa da celebra\u00e7\u00e3o urge uma mais cuidada forma\u00e7\u00e3o lit\u00fargica.<\/li>\n<li><strong>Manter as igrejas abertas e revalorizar a adora\u00e7\u00e3o eucar\u00edstica<\/strong>. Os hor\u00e1rios de abertura das igrejas devem ser adequados ao ritmo do mundo de hoje, procurando estimular os momentos de ora\u00e7\u00e3o pessoal e envolver os leigos, confrarias do Sant\u00edssimo Sacramento, catequistas e demais agentes pastorais na dinamiza\u00e7\u00e3o dos momentos de adora\u00e7\u00e3o eucar\u00edstica comunit\u00e1ria.<\/li>\n<li><strong>Procurar o equil\u00edbrio entre a Tradi\u00e7\u00e3o e a necessidade de introduzir novas linguagens na liturgia<\/strong>, integrando os jovens nesse processo de renova\u00e7\u00e3o e adequando a espiritualidade crist\u00e3 aos ambientes digitais e ao mundo secularizado.<\/li>\n<li><strong>Refor\u00e7ar a Eucaristia como escola de fraternidade e sacramento de unidade.<\/strong> O encontro comunit\u00e1rio na celebra\u00e7\u00e3o do Domingo ultrapassa todas as fronteiras. Ao partilhar o p\u00e3o, na mesa do altar, tornamo-nos companheiros de caminho e somos chamados a criar comunh\u00e3o. A Eucaristia convoca todos, est\u00e1 aberta a todos e n\u00e3o afasta ningu\u00e9m.<\/li>\n<li><strong>Garantir a autenticidade e coer\u00eancia entre o que se vive e anuncia. <\/strong>Quem participa, celebra e comunga tem de se sentir comprometido e impelido \u00e0 miss\u00e3o. A Eucaristia celebrada na igreja tem de ser expressa para al\u00e9m das suas portas, atrav\u00e9s das respostas reais \u00e0s necessidades concretas das pessoas, estendendo o seu abra\u00e7o a todos, especialmente aos mais pobres, indefesos e os que est\u00e3o afastados.<\/li>\n<li><strong>Assumir a sinodalidade a partir da Eucaristia <\/strong>como lugar onde a Igreja se renova na comunh\u00e3o, na participa\u00e7\u00e3o e na miss\u00e3o.<\/li>\n<li><strong>Ser sinal de Esperan\u00e7a. <\/strong>O amor dos crentes \u00e0 Eucaristia acreditada, celebrada, adorada e vivida consolida a fraternidade, promove o perd\u00e3o e a paz, tornando-se fonte inesgot\u00e1vel de esperan\u00e7a para o mundo.<\/li>\n<\/ol>\n<p>Ao realizar o 5.\u00ba Congresso Eucar\u00edstico Nacional fica tamb\u00e9m patente o desejo de uma periodicidade mais regular na sua realiza\u00e7\u00e3o, esperando que seja um contributo para a constru\u00e7\u00e3o da paz, da esperan\u00e7a e um veemente apelo \u00e0 promo\u00e7\u00e3o de uma ecologia integral.<\/p>\n<p>Confiamos a Maria, M\u00e3e da Esperan\u00e7a, os bons frutos deste Congresso para que a Igreja em Portugal seja cada vez mais eucar\u00edstica, samaritana e mariana.<\/p>\n<p>Braga, 2 de junho de 2024<\/p>\n","protected":false},"excerpt":{"rendered":"<p>De 31 de maio a 2 de junho de 2024, realizou-se em Braga, nos dias seguintes \u00e0 Solenidade do Sant\u00edssimo [&hellip;]<\/p>\n","protected":false},"author":2,"featured_media":8623,"comment_status":"closed","ping_status":"closed","sticky":false,"template":"","format":"standard","meta":{"site-sidebar-layout":"default","site-content-layout":"","ast-site-content-layout":"default","site-content-style":"default","site-sidebar-style":"default","ast-global-header-display":"","ast-banner-title-visibility":"","ast-main-header-display":"","ast-hfb-above-header-display":"","ast-hfb-below-header-display":"","ast-hfb-mobile-header-display":"","site-post-title":"","ast-breadcrumbs-content":"","ast-featured-img":"","footer-sml-layout":"","ast-disable-related-posts":"","theme-transparent-header-meta":"default","adv-header-id-meta":"","stick-header-meta":"default","header-above-stick-meta":"","header-main-stick-meta":"","header-below-stick-meta":"","astra-migrate-meta-layouts":"set","ast-page-background-enabled":"default","ast-page-background-meta":{"desktop":{"background-color":"var(--ast-global-color-4)","background-image":"","background-repeat":"repeat","background-position":"center center","background-size":"auto","background-attachment":"scroll","background-type":"","background-media":"","overlay-type":"","overlay-color":"","overlay-opacity":"","overlay-gradient":""},"tablet":{"background-color":"","background-image":"","background-repeat":"repeat","background-position":"center center","background-size":"auto","background-attachment":"scroll","background-type":"","background-media":"","overlay-type":"","overlay-color":"","overlay-opacity":"","overlay-gradient":""},"mobile":{"background-color":"","background-image":"","background-repeat":"repeat","background-position":"center center","background-size":"auto","background-attachment":"scroll","background-type":"","background-media":"","overlay-type":"","overlay-color":"","overlay-opacity":"","overlay-gradient":""}},"ast-content-background-meta":{"desktop":{"background-color":"var(--ast-global-color-5)","background-image":"","background-repeat":"repeat","background-position":"center center","background-size":"auto","background-attachment":"scroll","background-type":"","background-media":"","overlay-type":"","overlay-color":"","overlay-opacity":"","overlay-gradient":""},"tablet":{"background-color":"var(--ast-global-color-5)","background-image":"","background-repeat":"repeat","background-position":"center center","background-size":"auto","background-attachment":"scroll","background-type":"","background-media":"","overlay-type":"","overlay-color":"","overlay-opacity":"","overlay-gradient":""},"mobile":{"background-color":"var(--ast-global-color-5)","background-image":"","background-repeat":"repeat","background-position":"center center","background-size":"auto","background-attachment":"scroll","background-type":"","background-media":"","overlay-type":"","overlay-color":"","overlay-opacity":"","overlay-gradient":""}},"footnotes":""},"categories":[74,4],"tags":[],"class_list":["post-8665","post","type-post","status-publish","format-standard","has-post-thumbnail","hentry","category-entrada","category-documentos"],"yoast_head":"<!-- This site is optimized with the Yoast SEO plugin v27.5 - https:\/\/yoast.com\/product\/yoast-seo-wordpress\/ -->\n<title>Conclus\u00f5es do 5.\u00ba Congresso Eucar\u00edstico Nacional - Confer\u00eancia Episcopal Portuguesa<\/title>\n<meta name=\"robots\" content=\"index, follow, max-snippet:-1, max-image-preview:large, max-video-preview:-1\" \/>\n<link rel=\"canonical\" href=\"https:\/\/www.conferenciaepiscopal.pt\/v1\/conclusoes-do-5-o-congresso-eucaristico-nacional\/\" \/>\n<meta property=\"og:locale\" content=\"pt_PT\" \/>\n<meta property=\"og:type\" content=\"article\" \/>\n<meta property=\"og:title\" content=\"Conclus\u00f5es do 5.\u00ba Congresso Eucar\u00edstico Nacional - Confer\u00eancia Episcopal Portuguesa\" \/>\n<meta property=\"og:description\" content=\"De 31 de maio a 2 de junho de 2024, realizou-se em Braga, nos dias seguintes \u00e0 Solenidade do Sant\u00edssimo [&hellip;]\" \/>\n<meta property=\"og:url\" content=\"https:\/\/www.conferenciaepiscopal.pt\/v1\/conclusoes-do-5-o-congresso-eucaristico-nacional\/\" \/>\n<meta property=\"og:site_name\" content=\"Confer\u00eancia Episcopal Portuguesa\" \/>\n<meta property=\"article:published_time\" content=\"2024-06-02T14:35:27+00:00\" \/>\n<meta property=\"article:modified_time\" content=\"2024-06-12T11:36:39+00:00\" \/>\n<meta property=\"og:image\" content=\"https:\/\/www.conferenciaepiscopal.pt\/v1\/wp-content\/uploads\/2024\/04\/congresso-eucaristico-manchete.jpg\" \/>\n\t<meta property=\"og:image:width\" content=\"1500\" \/>\n\t<meta property=\"og:image:height\" content=\"1000\" \/>\n\t<meta property=\"og:image:type\" content=\"image\/jpeg\" \/>\n<meta name=\"author\" content=\"Anabela Sousa\" \/>\n<meta name=\"twitter:card\" content=\"summary_large_image\" \/>\n<meta name=\"twitter:label1\" content=\"Escrito por\" \/>\n\t<meta name=\"twitter:data1\" content=\"Anabela Sousa\" \/>\n\t<meta name=\"twitter:label2\" content=\"Tempo estimado de leitura\" \/>\n\t<meta name=\"twitter:data2\" content=\"4 minutos\" \/>\n<script type=\"application\/ld+json\" class=\"yoast-schema-graph\">{\"@context\":\"https:\\\/\\\/schema.org\",\"@graph\":[{\"@type\":\"Article\",\"@id\":\"https:\\\/\\\/www.conferenciaepiscopal.pt\\\/v1\\\/conclusoes-do-5-o-congresso-eucaristico-nacional\\\/#article\",\"isPartOf\":{\"@id\":\"https:\\\/\\\/www.conferenciaepiscopal.pt\\\/v1\\\/conclusoes-do-5-o-congresso-eucaristico-nacional\\\/\"},\"author\":{\"name\":\"Anabela Sousa\",\"@id\":\"https:\\\/\\\/www.conferenciaepiscopal.pt\\\/v1\\\/#\\\/schema\\\/person\\\/276594037f41ab419d8b2ae02d84119f\"},\"headline\":\"Conclus\u00f5es do 5.\u00ba Congresso Eucar\u00edstico Nacional\",\"datePublished\":\"2024-06-02T14:35:27+00:00\",\"dateModified\":\"2024-06-12T11:36:39+00:00\",\"mainEntityOfPage\":{\"@id\":\"https:\\\/\\\/www.conferenciaepiscopal.pt\\\/v1\\\/conclusoes-do-5-o-congresso-eucaristico-nacional\\\/\"},\"wordCount\":660,\"publisher\":{\"@id\":\"https:\\\/\\\/www.conferenciaepiscopal.pt\\\/v1\\\/#organization\"},\"image\":{\"@id\":\"https:\\\/\\\/www.conferenciaepiscopal.pt\\\/v1\\\/conclusoes-do-5-o-congresso-eucaristico-nacional\\\/#primaryimage\"},\"thumbnailUrl\":\"https:\\\/\\\/www.conferenciaepiscopal.pt\\\/v1\\\/wp-content\\\/uploads\\\/2024\\\/04\\\/congresso-eucaristico-manchete.jpg\",\"articleSection\":[\"#entrada\",\"Documentos\"],\"inLanguage\":\"pt-PT\"},{\"@type\":\"WebPage\",\"@id\":\"https:\\\/\\\/www.conferenciaepiscopal.pt\\\/v1\\\/conclusoes-do-5-o-congresso-eucaristico-nacional\\\/\",\"url\":\"https:\\\/\\\/www.conferenciaepiscopal.pt\\\/v1\\\/conclusoes-do-5-o-congresso-eucaristico-nacional\\\/\",\"name\":\"Conclus\u00f5es do 5.\u00ba Congresso Eucar\u00edstico Nacional - Confer\u00eancia Episcopal Portuguesa\",\"isPartOf\":{\"@id\":\"https:\\\/\\\/www.conferenciaepiscopal.pt\\\/v1\\\/#website\"},\"primaryImageOfPage\":{\"@id\":\"https:\\\/\\\/www.conferenciaepiscopal.pt\\\/v1\\\/conclusoes-do-5-o-congresso-eucaristico-nacional\\\/#primaryimage\"},\"image\":{\"@id\":\"https:\\\/\\\/www.conferenciaepiscopal.pt\\\/v1\\\/conclusoes-do-5-o-congresso-eucaristico-nacional\\\/#primaryimage\"},\"thumbnailUrl\":\"https:\\\/\\\/www.conferenciaepiscopal.pt\\\/v1\\\/wp-content\\\/uploads\\\/2024\\\/04\\\/congresso-eucaristico-manchete.jpg\",\"datePublished\":\"2024-06-02T14:35:27+00:00\",\"dateModified\":\"2024-06-12T11:36:39+00:00\",\"breadcrumb\":{\"@id\":\"https:\\\/\\\/www.conferenciaepiscopal.pt\\\/v1\\\/conclusoes-do-5-o-congresso-eucaristico-nacional\\\/#breadcrumb\"},\"inLanguage\":\"pt-PT\",\"potentialAction\":[{\"@type\":\"ReadAction\",\"target\":[\"https:\\\/\\\/www.conferenciaepiscopal.pt\\\/v1\\\/conclusoes-do-5-o-congresso-eucaristico-nacional\\\/\"]}]},{\"@type\":\"ImageObject\",\"inLanguage\":\"pt-PT\",\"@id\":\"https:\\\/\\\/www.conferenciaepiscopal.pt\\\/v1\\\/conclusoes-do-5-o-congresso-eucaristico-nacional\\\/#primaryimage\",\"url\":\"https:\\\/\\\/www.conferenciaepiscopal.pt\\\/v1\\\/wp-content\\\/uploads\\\/2024\\\/04\\\/congresso-eucaristico-manchete.jpg\",\"contentUrl\":\"https:\\\/\\\/www.conferenciaepiscopal.pt\\\/v1\\\/wp-content\\\/uploads\\\/2024\\\/04\\\/congresso-eucaristico-manchete.jpg\",\"width\":1500,\"height\":1000},{\"@type\":\"BreadcrumbList\",\"@id\":\"https:\\\/\\\/www.conferenciaepiscopal.pt\\\/v1\\\/conclusoes-do-5-o-congresso-eucaristico-nacional\\\/#breadcrumb\",\"itemListElement\":[{\"@type\":\"ListItem\",\"position\":1,\"name\":\"In\u00edcio\",\"item\":\"https:\\\/\\\/www.conferenciaepiscopal.pt\\\/v1\\\/\"},{\"@type\":\"ListItem\",\"position\":2,\"name\":\"Conclus\u00f5es do 5.\u00ba Congresso Eucar\u00edstico Nacional\"}]},{\"@type\":\"WebSite\",\"@id\":\"https:\\\/\\\/www.conferenciaepiscopal.pt\\\/v1\\\/#website\",\"url\":\"https:\\\/\\\/www.conferenciaepiscopal.pt\\\/v1\\\/\",\"name\":\"Confer\u00eancia Episcopal Portuguesa\",\"description\":\"Igreja Cat\u00f3lica em Portugal\",\"publisher\":{\"@id\":\"https:\\\/\\\/www.conferenciaepiscopal.pt\\\/v1\\\/#organization\"},\"potentialAction\":[{\"@type\":\"SearchAction\",\"target\":{\"@type\":\"EntryPoint\",\"urlTemplate\":\"https:\\\/\\\/www.conferenciaepiscopal.pt\\\/v1\\\/?s={search_term_string}\"},\"query-input\":{\"@type\":\"PropertyValueSpecification\",\"valueRequired\":true,\"valueName\":\"search_term_string\"}}],\"inLanguage\":\"pt-PT\"},{\"@type\":\"Organization\",\"@id\":\"https:\\\/\\\/www.conferenciaepiscopal.pt\\\/v1\\\/#organization\",\"name\":\"Confer\u00eancia Episcopal Portuguesa\",\"url\":\"https:\\\/\\\/www.conferenciaepiscopal.pt\\\/v1\\\/\",\"logo\":{\"@type\":\"ImageObject\",\"inLanguage\":\"pt-PT\",\"@id\":\"https:\\\/\\\/www.conferenciaepiscopal.pt\\\/v1\\\/#\\\/schema\\\/logo\\\/image\\\/\",\"url\":\"https:\\\/\\\/www.conferenciaepiscopal.pt\\\/v1\\\/wp-content\\\/uploads\\\/cropped-logoTransparente.png\",\"contentUrl\":\"https:\\\/\\\/www.conferenciaepiscopal.pt\\\/v1\\\/wp-content\\\/uploads\\\/cropped-logoTransparente.png\",\"width\":512,\"height\":512,\"caption\":\"Confer\u00eancia Episcopal Portuguesa\"},\"image\":{\"@id\":\"https:\\\/\\\/www.conferenciaepiscopal.pt\\\/v1\\\/#\\\/schema\\\/logo\\\/image\\\/\"}},{\"@type\":\"Person\",\"@id\":\"https:\\\/\\\/www.conferenciaepiscopal.pt\\\/v1\\\/#\\\/schema\\\/person\\\/276594037f41ab419d8b2ae02d84119f\",\"name\":\"Anabela Sousa\",\"image\":{\"@type\":\"ImageObject\",\"inLanguage\":\"pt-PT\",\"@id\":\"https:\\\/\\\/secure.gravatar.com\\\/avatar\\\/49af3230c4da697d62cdb63582d49dbf63fca33e78d0f530ced88eec32b12ba5?s=96&d=mm&r=g\",\"url\":\"https:\\\/\\\/secure.gravatar.com\\\/avatar\\\/49af3230c4da697d62cdb63582d49dbf63fca33e78d0f530ced88eec32b12ba5?s=96&d=mm&r=g\",\"contentUrl\":\"https:\\\/\\\/secure.gravatar.com\\\/avatar\\\/49af3230c4da697d62cdb63582d49dbf63fca33e78d0f530ced88eec32b12ba5?s=96&d=mm&r=g\",\"caption\":\"Anabela Sousa\"}}]}<\/script>\n<!-- \/ Yoast SEO plugin. -->","yoast_head_json":{"title":"Conclus\u00f5es do 5.\u00ba Congresso Eucar\u00edstico Nacional - Confer\u00eancia Episcopal Portuguesa","robots":{"index":"index","follow":"follow","max-snippet":"max-snippet:-1","max-image-preview":"max-image-preview:large","max-video-preview":"max-video-preview:-1"},"canonical":"https:\/\/www.conferenciaepiscopal.pt\/v1\/conclusoes-do-5-o-congresso-eucaristico-nacional\/","og_locale":"pt_PT","og_type":"article","og_title":"Conclus\u00f5es do 5.\u00ba Congresso Eucar\u00edstico Nacional - Confer\u00eancia Episcopal Portuguesa","og_description":"De 31 de maio a 2 de junho de 2024, realizou-se em Braga, nos dias seguintes \u00e0 Solenidade do Sant\u00edssimo [&hellip;]","og_url":"https:\/\/www.conferenciaepiscopal.pt\/v1\/conclusoes-do-5-o-congresso-eucaristico-nacional\/","og_site_name":"Confer\u00eancia Episcopal Portuguesa","article_published_time":"2024-06-02T14:35:27+00:00","article_modified_time":"2024-06-12T11:36:39+00:00","og_image":[{"width":1500,"height":1000,"url":"https:\/\/www.conferenciaepiscopal.pt\/v1\/wp-content\/uploads\/2024\/04\/congresso-eucaristico-manchete.jpg","type":"image\/jpeg"}],"author":"Anabela Sousa","twitter_card":"summary_large_image","twitter_misc":{"Escrito por":"Anabela Sousa","Tempo estimado de leitura":"4 minutos"},"schema":{"@context":"https:\/\/schema.org","@graph":[{"@type":"Article","@id":"https:\/\/www.conferenciaepiscopal.pt\/v1\/conclusoes-do-5-o-congresso-eucaristico-nacional\/#article","isPartOf":{"@id":"https:\/\/www.conferenciaepiscopal.pt\/v1\/conclusoes-do-5-o-congresso-eucaristico-nacional\/"},"author":{"name":"Anabela Sousa","@id":"https:\/\/www.conferenciaepiscopal.pt\/v1\/#\/schema\/person\/276594037f41ab419d8b2ae02d84119f"},"headline":"Conclus\u00f5es do 5.\u00ba Congresso Eucar\u00edstico Nacional","datePublished":"2024-06-02T14:35:27+00:00","dateModified":"2024-06-12T11:36:39+00:00","mainEntityOfPage":{"@id":"https:\/\/www.conferenciaepiscopal.pt\/v1\/conclusoes-do-5-o-congresso-eucaristico-nacional\/"},"wordCount":660,"publisher":{"@id":"https:\/\/www.conferenciaepiscopal.pt\/v1\/#organization"},"image":{"@id":"https:\/\/www.conferenciaepiscopal.pt\/v1\/conclusoes-do-5-o-congresso-eucaristico-nacional\/#primaryimage"},"thumbnailUrl":"https:\/\/www.conferenciaepiscopal.pt\/v1\/wp-content\/uploads\/2024\/04\/congresso-eucaristico-manchete.jpg","articleSection":["#entrada","Documentos"],"inLanguage":"pt-PT"},{"@type":"WebPage","@id":"https:\/\/www.conferenciaepiscopal.pt\/v1\/conclusoes-do-5-o-congresso-eucaristico-nacional\/","url":"https:\/\/www.conferenciaepiscopal.pt\/v1\/conclusoes-do-5-o-congresso-eucaristico-nacional\/","name":"Conclus\u00f5es do 5.\u00ba Congresso Eucar\u00edstico Nacional - Confer\u00eancia Episcopal Portuguesa","isPartOf":{"@id":"https:\/\/www.conferenciaepiscopal.pt\/v1\/#website"},"primaryImageOfPage":{"@id":"https:\/\/www.conferenciaepiscopal.pt\/v1\/conclusoes-do-5-o-congresso-eucaristico-nacional\/#primaryimage"},"image":{"@id":"https:\/\/www.conferenciaepiscopal.pt\/v1\/conclusoes-do-5-o-congresso-eucaristico-nacional\/#primaryimage"},"thumbnailUrl":"https:\/\/www.conferenciaepiscopal.pt\/v1\/wp-content\/uploads\/2024\/04\/congresso-eucaristico-manchete.jpg","datePublished":"2024-06-02T14:35:27+00:00","dateModified":"2024-06-12T11:36:39+00:00","breadcrumb":{"@id":"https:\/\/www.conferenciaepiscopal.pt\/v1\/conclusoes-do-5-o-congresso-eucaristico-nacional\/#breadcrumb"},"inLanguage":"pt-PT","potentialAction":[{"@type":"ReadAction","target":["https:\/\/www.conferenciaepiscopal.pt\/v1\/conclusoes-do-5-o-congresso-eucaristico-nacional\/"]}]},{"@type":"ImageObject","inLanguage":"pt-PT","@id":"https:\/\/www.conferenciaepiscopal.pt\/v1\/conclusoes-do-5-o-congresso-eucaristico-nacional\/#primaryimage","url":"https:\/\/www.conferenciaepiscopal.pt\/v1\/wp-content\/uploads\/2024\/04\/congresso-eucaristico-manchete.jpg","contentUrl":"https:\/\/www.conferenciaepiscopal.pt\/v1\/wp-content\/uploads\/2024\/04\/congresso-eucaristico-manchete.jpg","width":1500,"height":1000},{"@type":"BreadcrumbList","@id":"https:\/\/www.conferenciaepiscopal.pt\/v1\/conclusoes-do-5-o-congresso-eucaristico-nacional\/#breadcrumb","itemListElement":[{"@type":"ListItem","position":1,"name":"In\u00edcio","item":"https:\/\/www.conferenciaepiscopal.pt\/v1\/"},{"@type":"ListItem","position":2,"name":"Conclus\u00f5es do 5.\u00ba Congresso Eucar\u00edstico Nacional"}]},{"@type":"WebSite","@id":"https:\/\/www.conferenciaepiscopal.pt\/v1\/#website","url":"https:\/\/www.conferenciaepiscopal.pt\/v1\/","name":"Confer\u00eancia Episcopal Portuguesa","description":"Igreja Cat\u00f3lica em Portugal","publisher":{"@id":"https:\/\/www.conferenciaepiscopal.pt\/v1\/#organization"},"potentialAction":[{"@type":"SearchAction","target":{"@type":"EntryPoint","urlTemplate":"https:\/\/www.conferenciaepiscopal.pt\/v1\/?s={search_term_string}"},"query-input":{"@type":"PropertyValueSpecification","valueRequired":true,"valueName":"search_term_string"}}],"inLanguage":"pt-PT"},{"@type":"Organization","@id":"https:\/\/www.conferenciaepiscopal.pt\/v1\/#organization","name":"Confer\u00eancia Episcopal Portuguesa","url":"https:\/\/www.conferenciaepiscopal.pt\/v1\/","logo":{"@type":"ImageObject","inLanguage":"pt-PT","@id":"https:\/\/www.conferenciaepiscopal.pt\/v1\/#\/schema\/logo\/image\/","url":"https:\/\/www.conferenciaepiscopal.pt\/v1\/wp-content\/uploads\/cropped-logoTransparente.png","contentUrl":"https:\/\/www.conferenciaepiscopal.pt\/v1\/wp-content\/uploads\/cropped-logoTransparente.png","width":512,"height":512,"caption":"Confer\u00eancia Episcopal Portuguesa"},"image":{"@id":"https:\/\/www.conferenciaepiscopal.pt\/v1\/#\/schema\/logo\/image\/"}},{"@type":"Person","@id":"https:\/\/www.conferenciaepiscopal.pt\/v1\/#\/schema\/person\/276594037f41ab419d8b2ae02d84119f","name":"Anabela Sousa","image":{"@type":"ImageObject","inLanguage":"pt-PT","@id":"https:\/\/secure.gravatar.com\/avatar\/49af3230c4da697d62cdb63582d49dbf63fca33e78d0f530ced88eec32b12ba5?s=96&d=mm&r=g","url":"https:\/\/secure.gravatar.com\/avatar\/49af3230c4da697d62cdb63582d49dbf63fca33e78d0f530ced88eec32b12ba5?s=96&d=mm&r=g","contentUrl":"https:\/\/secure.gravatar.com\/avatar\/49af3230c4da697d62cdb63582d49dbf63fca33e78d0f530ced88eec32b12ba5?s=96&d=mm&r=g","caption":"Anabela Sousa"}}]}},"_links":{"self":[{"href":"https:\/\/www.conferenciaepiscopal.pt\/v1\/wp-json\/wp\/v2\/posts\/8665","targetHints":{"allow":["GET"]}}],"collection":[{"href":"https:\/\/www.conferenciaepiscopal.pt\/v1\/wp-json\/wp\/v2\/posts"}],"about":[{"href":"https:\/\/www.conferenciaepiscopal.pt\/v1\/wp-json\/wp\/v2\/types\/post"}],"author":[{"embeddable":true,"href":"https:\/\/www.conferenciaepiscopal.pt\/v1\/wp-json\/wp\/v2\/users\/2"}],"replies":[{"embeddable":true,"href":"https:\/\/www.conferenciaepiscopal.pt\/v1\/wp-json\/wp\/v2\/comments?post=8665"}],"version-history":[{"count":2,"href":"https:\/\/www.conferenciaepiscopal.pt\/v1\/wp-json\/wp\/v2\/posts\/8665\/revisions"}],"predecessor-version":[{"id":8670,"href":"https:\/\/www.conferenciaepiscopal.pt\/v1\/wp-json\/wp\/v2\/posts\/8665\/revisions\/8670"}],"wp:featuredmedia":[{"embeddable":true,"href":"https:\/\/www.conferenciaepiscopal.pt\/v1\/wp-json\/wp\/v2\/media\/8623"}],"wp:attachment":[{"href":"https:\/\/www.conferenciaepiscopal.pt\/v1\/wp-json\/wp\/v2\/media?parent=8665"}],"wp:term":[{"taxonomy":"category","embeddable":true,"href":"https:\/\/www.conferenciaepiscopal.pt\/v1\/wp-json\/wp\/v2\/categories?post=8665"},{"taxonomy":"post_tag","embeddable":true,"href":"https:\/\/www.conferenciaepiscopal.pt\/v1\/wp-json\/wp\/v2\/tags?post=8665"}],"curies":[{"name":"wp","href":"https:\/\/api.w.org\/{rel}","templated":true}]}}