{"id":8619,"date":"2024-04-11T15:16:36","date_gmt":"2024-04-11T14:16:36","guid":{"rendered":"https:\/\/www.conferenciaepiscopal.pt\/v1\/?p=8619"},"modified":"2024-04-11T15:17:18","modified_gmt":"2024-04-11T14:17:18","slug":"nota-pastoral-na-comemoracao-dos-cinquenta-anos-do-25-de-abril","status":"publish","type":"post","link":"https:\/\/www.conferenciaepiscopal.pt\/v1\/nota-pastoral-na-comemoracao-dos-cinquenta-anos-do-25-de-abril\/","title":{"rendered":"Nota Pastoral na comemora\u00e7\u00e3o dos cinquenta anos do \u201c25 de Abril\u201d"},"content":{"rendered":"<p><!--more--><\/p>\n<p>1. Na comemora\u00e7\u00e3o do cinquenten\u00e1rio da Revolu\u00e7\u00e3o de 25 de Abril de 1974 cabe aos Bispos de Portugal uma palavra que, sendo de congratula\u00e7\u00e3o, tamb\u00e9m seja de reflex\u00e3o e revis\u00e3o do caminho percorrido pela sociedade portuguesa, de que a Igreja faz parte.<\/p>\n<p>Saudando todos quantos bem serviram e servem o pa\u00eds no sustento da democracia pol\u00edtica e no desenvolvimento social e solid\u00e1rio, ser\u00e1 tamb\u00e9m oportuno lembrar o que a Confer\u00eancia Episcopal Portuguesa publicou em duas cartas pastorais de antes e depois da data que comemoramos. \u00c9 o que fazemos aqui com brevidade, por ser um m\u00e9todo simples e concreto de revermos o que se prop\u00f4s, o que se conseguiu e o que falta.<\/p>\n<p>&nbsp;<\/p>\n<p>2. Primeiramente a <em>Carta Pastoral no d\u00e9cimo anivers\u00e1rio da \u201cPacem in Terris\u201d<\/em>, de 4 de maio de 1973, aplicando a Portugal os t\u00f3picos fundamentais da enc\u00edclica que S. Jo\u00e3o XXIII dedicara ao tema dos direitos humanos e da reta organiza\u00e7\u00e3o da vida social.<\/p>\n<p>N\u00e3o ignorando o que se fizera para dotar o pa\u00eds de mais riqueza, cultura, previd\u00eancia e assist\u00eancia, os Bispos acrescentavam palavras que cabe reproduzir, dada a precis\u00e3o do diagn\u00f3stico, quase um ano antes do \u201c25 de Abril\u201d: \u00abN\u00e3o podemos descansar enquanto a expans\u00e3o econ\u00f3mica favorecer desmedidamente alguns, sem proporcionar a todos os cidad\u00e3os a parte equitativa que lhes cabe na produ\u00e7\u00e3o e distribui\u00e7\u00e3o dos bens. N\u00e3o poderemos deter-nos, no caminho do progresso, enquanto a agricultura continuar a ser um setor deprimido no confronto com a ind\u00fastria e os servi\u00e7os, enquanto as possibilidades de acesso \u00e0 educa\u00e7\u00e3o e \u00e0 cultura n\u00e3o estiverem generalizadas a todos os portugueses, enquanto houver quem se sinta indefeso perante a doen\u00e7a e a velhice, enquanto os verdadeiros padr\u00f5es de vida moral e c\u00edvica n\u00e3o impregnarem a sociedade inteira e lhe constitu\u00edrem a aut\u00eantica armadura defensiva\u00bb.<\/p>\n<p>Uma \u201carmadura defensiva\u201d que requeria, segundo os Bispos, a maior participa\u00e7\u00e3o de todos, incluindo pluralismo pol\u00edtico, elei\u00e7\u00f5es livres, meios de comunica\u00e7\u00e3o igualmente livres e respons\u00e1veis e processos \u00e9tica e juridicamente irrepreens\u00edveis de manter a seguran\u00e7a.<\/p>\n<p>Diretrizes assim prepararam certamente quem as recebeu para a situa\u00e7\u00e3o que adviria um ano depois gra\u00e7as ao Movimento das For\u00e7as Armadas, cujo programa coincidia em boa parte com os referidos pontos da Carta Pastoral. Ali\u00e1s, o \u201c25 de Abril\u201d traduzia tamb\u00e9m a vontade de terminar com a guerra ultramarina, cada vez mais insuport\u00e1vel para a popula\u00e7\u00e3o em geral e contestada por muitos cat\u00f3licos politicamente ativos.<\/p>\n<p>&nbsp;<\/p>\n<p>3. Mais desenvolvida foi a <em>Carta Pastoral sobre o contributo dos crist\u00e3os para a vida social e pol\u00edtica, <\/em>de 16 de julho de 1974, na qual os Bispos respondiam aos apelos entretanto recebidos para darem uma palavra de orienta\u00e7\u00e3o naquele \u00abmomento de profundas muta\u00e7\u00f5es na vida do Povo portugu\u00eas\u00bb.<\/p>\n<p>Assim fizeram, aludindo ao fim de dois per\u00edodos hist\u00f3ricos, a saber, o do anterior regime e o do imp\u00e9rio ultramarino, com o que tal exigia de redefini\u00e7\u00e3o nacional. Referiam depois \u201cclaros e escuros\u201d no que se passara desde abril, com a exalta\u00e7\u00e3o das liberdades c\u00edvicas e o fim do ostracismo internacional que sofr\u00edamos; e tamb\u00e9m com excessos que os Bispos reprovavam, mas n\u00e3o queriam sobrevalorizar por surgirem em fases de grande muta\u00e7\u00e3o social, a superar depois.<\/p>\n<p>O documento episcopal apresentava igualmente o \u201cconceito crist\u00e3o de democracia\u201d, que \u00abparte da ideia do homem como pessoa, livre e respons\u00e1vel com destino pr\u00f3prio e transcendente, mas essencialmente solid\u00e1rio com os outros homens\u00bb. Daqui que devesse ser respeitado nas suas agrega\u00e7\u00f5es naturais ou solid\u00e1rias, a come\u00e7ar pela fam\u00edlia, sendo apoiado e n\u00e3o substitu\u00eddo pelo Estado, servidor do bem comum de todos.<\/p>\n<p>Prosseguindo com as op\u00e7\u00f5es partid\u00e1rias e esclarecendo as diferentes ideias que as suportavam, os Bispos conclu\u00edam com um apelo veemente \u00e0 participa\u00e7\u00e3o dos cat\u00f3licos na vida nacional a refazer: \u00abApelamos, pois, para a presen\u00e7a ativa dos cat\u00f3licos, ao lado de todos os homens de boa vontade, nas primeiras linhas da luta pelo Portugal de amanh\u00e3: nos partidos, sim, mas tamb\u00e9m nos sindicatos, nos meios de comunica\u00e7\u00e3o social, nos centros de cultura, etc.\u00bb.<\/p>\n<p>&nbsp;<\/p>\n<p>4. Passado meio s\u00e9culo, podemos e devemos reconhecer tudo quanto se conseguiu de positivo no Portugal democr\u00e1tico, a come\u00e7ar pela liberdade pol\u00edtica, o fim da guerra em \u00c1frica e a dedica\u00e7\u00e3o c\u00edvica de tantos, das autarquias ao Estado, da vida nacional \u00e0 integra\u00e7\u00e3o europeia. Estabilizada a situa\u00e7\u00e3o no novo quadro constitucional, muito se conseguiu para responder a v\u00e1rias necessidades da altura ou depois surgidas \u2013 e muita participa\u00e7\u00e3o houve tamb\u00e9m por parte de cat\u00f3licos politicamente comprometidos e de institui\u00e7\u00f5es de solidariedade social ligadas \u00e0 Igreja.<\/p>\n<p>Este mesmo impulso solid\u00e1rio, que ganh\u00e1mos em cinquenta anos de vida democr\u00e1tica, \u00e9 o que nos levar\u00e1 a todos, cidad\u00e3os dum pa\u00eds entretanto enriquecido com popula\u00e7\u00f5es advindas doutros espa\u00e7os e culturas, a atingir novas metas nos campos da fam\u00edlia, da habita\u00e7\u00e3o e do trabalho, da educa\u00e7\u00e3o e da sa\u00fade e de tudo o que garanta uma vida digna a quantos somos hoje e seremos amanh\u00e3. Vida devidamente respeitada e acompanhada em todas as suas fases e circunst\u00e2ncias, da conce\u00e7\u00e3o \u00e0 morte natural.<\/p>\n<p>Retomemos as inten\u00e7\u00f5es dos autores do \u201c25 de Abril\u201d, no sentido da democratiza\u00e7\u00e3o do pa\u00eds, do fim da guerra e do desenvolvimento geral. Inten\u00e7\u00f5es que nos continuam a reclamar nos dias de hoje.<\/p>\n<p>No que \u00e0 democracia diz respeito, necess\u00e1rio \u00e9 que ela conte com a liberdade e a responsabilidade dos cidad\u00e3os, devidamente respeitados e estimulados para o incremento do bem comum. Tal apenas se consegue quando da fam\u00edlia \u00e0 escola e \u00e0 vida social aprendamos a concertar a leg\u00edtima diversidade de opini\u00f5es com a finalidade comum do bem de todos.<\/p>\n<p>No que \u00e0 paz diz respeito, lembremos que ela \u00e9 fruto da justi\u00e7a, dando a cada um o que lhe \u00e9 devido para viver e conviver dignamente. Isto mesmo a n\u00edvel pessoal e tamb\u00e9m de grupos sociais, \u00e9tnicos ou povos, todos com direito \u00e0 respetiva identidade e autonomia.<\/p>\n<p>Quanto ao desenvolvimento, lembremos que ele se ativa em cada pessoa, respeitada e atendida no que requer para ser livre, criativa e respons\u00e1vel nas diversas proje\u00e7\u00f5es do seu ser. Esta finalidade do desenvolvimento de todos e de cada um constitui o verdadeiro objetivo da a\u00e7\u00e3o pol\u00edtica e n\u00e3o pode garantir-se quando ela encubra ambi\u00e7\u00f5es de entidades ou grupos, econ\u00f3micos ou ideol\u00f3gicos, nacionais ou internacionais que sejam.<\/p>\n<p>Neste momento comemorativo do \u201c25 de Abril\u201d tamb\u00e9m os quatro princ\u00edpios permanentes da Doutrina Social da Igreja \u2013 dignidade da pessoa humana, bem comum, subsidiariedade e solidariedade \u2013 nos levar\u00e3o a prosseguir na senda ent\u00e3o aberta.<\/p>\n<p>F\u00e1tima, 11 de abril de 2024<\/p>\n<p>&nbsp;<\/p>\n","protected":false},"excerpt":{"rendered":"","protected":false},"author":1,"featured_media":5628,"comment_status":"closed","ping_status":"closed","sticky":false,"template":"","format":"standard","meta":{"site-sidebar-layout":"default","site-content-layout":"","ast-site-content-layout":"default","site-content-style":"default","site-sidebar-style":"default","ast-global-header-display":"","ast-banner-title-visibility":"","ast-main-header-display":"","ast-hfb-above-header-display":"","ast-hfb-below-header-display":"","ast-hfb-mobile-header-display":"","site-post-title":"","ast-breadcrumbs-content":"","ast-featured-img":"","footer-sml-layout":"","ast-disable-related-posts":"","theme-transparent-header-meta":"default","adv-header-id-meta":"","stick-header-meta":"default","header-above-stick-meta":"","header-main-stick-meta":"","header-below-stick-meta":"","astra-migrate-meta-layouts":"set","ast-page-background-enabled":"default","ast-page-background-meta":{"desktop":{"background-color":"var(--ast-global-color-4)","background-image":"","background-repeat":"repeat","background-position":"center center","background-size":"auto","background-attachment":"scroll","background-type":"","background-media":"","overlay-type":"","overlay-color":"","overlay-opacity":"","overlay-gradient":""},"tablet":{"background-color":"","background-image":"","background-repeat":"repeat","background-position":"center center","background-size":"auto","background-attachment":"scroll","background-type":"","background-media":"","overlay-type":"","overlay-color":"","overlay-opacity":"","overlay-gradient":""},"mobile":{"background-color":"","background-image":"","background-repeat":"repeat","background-position":"center center","background-size":"auto","background-attachment":"scroll","background-type":"","background-media":"","overlay-type":"","overlay-color":"","overlay-opacity":"","overlay-gradient":""}},"ast-content-background-meta":{"desktop":{"background-color":"var(--ast-global-color-5)","background-image":"","background-repeat":"repeat","background-position":"center center","background-size":"auto","background-attachment":"scroll","background-type":"","background-media":"","overlay-type":"","overlay-color":"","overlay-opacity":"","overlay-gradient":""},"tablet":{"background-color":"var(--ast-global-color-5)","background-image":"","background-repeat":"repeat","background-position":"center center","background-size":"auto","background-attachment":"scroll","background-type":"","background-media":"","overlay-type":"","overlay-color":"","overlay-opacity":"","overlay-gradient":""},"mobile":{"background-color":"var(--ast-global-color-5)","background-image":"","background-repeat":"repeat","background-position":"center center","background-size":"auto","background-attachment":"scroll","background-type":"","background-media":"","overlay-type":"","overlay-color":"","overlay-opacity":"","overlay-gradient":""}},"footnotes":""},"categories":[74,4],"tags":[],"class_list":["post-8619","post","type-post","status-publish","format-standard","has-post-thumbnail","hentry","category-entrada","category-documentos"],"yoast_head":"<!-- This site is optimized with the Yoast SEO plugin v27.4 - https:\/\/yoast.com\/product\/yoast-seo-wordpress\/ -->\n<title>Nota Pastoral na comemora\u00e7\u00e3o dos cinquenta anos do \u201c25 de Abril\u201d - Confer\u00eancia Episcopal Portuguesa<\/title>\n<meta name=\"robots\" content=\"index, follow, max-snippet:-1, max-image-preview:large, max-video-preview:-1\" \/>\n<link rel=\"canonical\" href=\"https:\/\/www.conferenciaepiscopal.pt\/v1\/nota-pastoral-na-comemoracao-dos-cinquenta-anos-do-25-de-abril\/\" \/>\n<meta property=\"og:locale\" content=\"pt_PT\" \/>\n<meta property=\"og:type\" content=\"article\" \/>\n<meta property=\"og:title\" content=\"Nota Pastoral na comemora\u00e7\u00e3o dos cinquenta anos do \u201c25 de Abril\u201d - Confer\u00eancia Episcopal Portuguesa\" \/>\n<meta property=\"og:url\" content=\"https:\/\/www.conferenciaepiscopal.pt\/v1\/nota-pastoral-na-comemoracao-dos-cinquenta-anos-do-25-de-abril\/\" \/>\n<meta property=\"og:site_name\" content=\"Confer\u00eancia Episcopal Portuguesa\" \/>\n<meta property=\"article:published_time\" content=\"2024-04-11T14:16:36+00:00\" \/>\n<meta property=\"article:modified_time\" content=\"2024-04-11T14:17:18+00:00\" \/>\n<meta property=\"og:image\" content=\"https:\/\/www.conferenciaepiscopal.pt\/v1\/wp-content\/uploads\/cep.jpg\" \/>\n\t<meta property=\"og:image:width\" content=\"925\" \/>\n\t<meta property=\"og:image:height\" content=\"630\" \/>\n\t<meta property=\"og:image:type\" content=\"image\/jpeg\" \/>\n<meta name=\"author\" content=\"Manuel Costa\" \/>\n<meta name=\"twitter:card\" content=\"summary_large_image\" \/>\n<meta name=\"twitter:label1\" content=\"Escrito por\" \/>\n\t<meta name=\"twitter:data1\" content=\"Manuel Costa\" \/>\n\t<meta name=\"twitter:label2\" content=\"Tempo estimado de leitura\" \/>\n\t<meta name=\"twitter:data2\" content=\"7 minutos\" \/>\n<script type=\"application\/ld+json\" class=\"yoast-schema-graph\">{\"@context\":\"https:\\\/\\\/schema.org\",\"@graph\":[{\"@type\":\"Article\",\"@id\":\"https:\\\/\\\/www.conferenciaepiscopal.pt\\\/v1\\\/nota-pastoral-na-comemoracao-dos-cinquenta-anos-do-25-de-abril\\\/#article\",\"isPartOf\":{\"@id\":\"https:\\\/\\\/www.conferenciaepiscopal.pt\\\/v1\\\/nota-pastoral-na-comemoracao-dos-cinquenta-anos-do-25-de-abril\\\/\"},\"author\":{\"name\":\"Manuel Costa\",\"@id\":\"https:\\\/\\\/www.conferenciaepiscopal.pt\\\/v1\\\/#\\\/schema\\\/person\\\/ab696457f75fe8e22b00183bfacb4cb2\"},\"headline\":\"Nota Pastoral na comemora\u00e7\u00e3o dos cinquenta anos do \u201c25 de Abril\u201d\",\"datePublished\":\"2024-04-11T14:16:36+00:00\",\"dateModified\":\"2024-04-11T14:17:18+00:00\",\"mainEntityOfPage\":{\"@id\":\"https:\\\/\\\/www.conferenciaepiscopal.pt\\\/v1\\\/nota-pastoral-na-comemoracao-dos-cinquenta-anos-do-25-de-abril\\\/\"},\"wordCount\":1190,\"publisher\":{\"@id\":\"https:\\\/\\\/www.conferenciaepiscopal.pt\\\/v1\\\/#organization\"},\"image\":{\"@id\":\"https:\\\/\\\/www.conferenciaepiscopal.pt\\\/v1\\\/nota-pastoral-na-comemoracao-dos-cinquenta-anos-do-25-de-abril\\\/#primaryimage\"},\"thumbnailUrl\":\"https:\\\/\\\/www.conferenciaepiscopal.pt\\\/v1\\\/wp-content\\\/uploads\\\/cep.jpg\",\"articleSection\":[\"#entrada\",\"Documentos\"],\"inLanguage\":\"pt-PT\"},{\"@type\":\"WebPage\",\"@id\":\"https:\\\/\\\/www.conferenciaepiscopal.pt\\\/v1\\\/nota-pastoral-na-comemoracao-dos-cinquenta-anos-do-25-de-abril\\\/\",\"url\":\"https:\\\/\\\/www.conferenciaepiscopal.pt\\\/v1\\\/nota-pastoral-na-comemoracao-dos-cinquenta-anos-do-25-de-abril\\\/\",\"name\":\"Nota Pastoral na comemora\u00e7\u00e3o dos cinquenta anos do \u201c25 de Abril\u201d - Confer\u00eancia Episcopal Portuguesa\",\"isPartOf\":{\"@id\":\"https:\\\/\\\/www.conferenciaepiscopal.pt\\\/v1\\\/#website\"},\"primaryImageOfPage\":{\"@id\":\"https:\\\/\\\/www.conferenciaepiscopal.pt\\\/v1\\\/nota-pastoral-na-comemoracao-dos-cinquenta-anos-do-25-de-abril\\\/#primaryimage\"},\"image\":{\"@id\":\"https:\\\/\\\/www.conferenciaepiscopal.pt\\\/v1\\\/nota-pastoral-na-comemoracao-dos-cinquenta-anos-do-25-de-abril\\\/#primaryimage\"},\"thumbnailUrl\":\"https:\\\/\\\/www.conferenciaepiscopal.pt\\\/v1\\\/wp-content\\\/uploads\\\/cep.jpg\",\"datePublished\":\"2024-04-11T14:16:36+00:00\",\"dateModified\":\"2024-04-11T14:17:18+00:00\",\"breadcrumb\":{\"@id\":\"https:\\\/\\\/www.conferenciaepiscopal.pt\\\/v1\\\/nota-pastoral-na-comemoracao-dos-cinquenta-anos-do-25-de-abril\\\/#breadcrumb\"},\"inLanguage\":\"pt-PT\",\"potentialAction\":[{\"@type\":\"ReadAction\",\"target\":[\"https:\\\/\\\/www.conferenciaepiscopal.pt\\\/v1\\\/nota-pastoral-na-comemoracao-dos-cinquenta-anos-do-25-de-abril\\\/\"]}]},{\"@type\":\"ImageObject\",\"inLanguage\":\"pt-PT\",\"@id\":\"https:\\\/\\\/www.conferenciaepiscopal.pt\\\/v1\\\/nota-pastoral-na-comemoracao-dos-cinquenta-anos-do-25-de-abril\\\/#primaryimage\",\"url\":\"https:\\\/\\\/www.conferenciaepiscopal.pt\\\/v1\\\/wp-content\\\/uploads\\\/cep.jpg\",\"contentUrl\":\"https:\\\/\\\/www.conferenciaepiscopal.pt\\\/v1\\\/wp-content\\\/uploads\\\/cep.jpg\",\"width\":925,\"height\":630},{\"@type\":\"BreadcrumbList\",\"@id\":\"https:\\\/\\\/www.conferenciaepiscopal.pt\\\/v1\\\/nota-pastoral-na-comemoracao-dos-cinquenta-anos-do-25-de-abril\\\/#breadcrumb\",\"itemListElement\":[{\"@type\":\"ListItem\",\"position\":1,\"name\":\"In\u00edcio\",\"item\":\"https:\\\/\\\/www.conferenciaepiscopal.pt\\\/v1\\\/\"},{\"@type\":\"ListItem\",\"position\":2,\"name\":\"Nota Pastoral na comemora\u00e7\u00e3o dos cinquenta anos do \u201c25 de Abril\u201d\"}]},{\"@type\":\"WebSite\",\"@id\":\"https:\\\/\\\/www.conferenciaepiscopal.pt\\\/v1\\\/#website\",\"url\":\"https:\\\/\\\/www.conferenciaepiscopal.pt\\\/v1\\\/\",\"name\":\"Confer\u00eancia Episcopal Portuguesa\",\"description\":\"Igreja Cat\u00f3lica em Portugal\",\"publisher\":{\"@id\":\"https:\\\/\\\/www.conferenciaepiscopal.pt\\\/v1\\\/#organization\"},\"potentialAction\":[{\"@type\":\"SearchAction\",\"target\":{\"@type\":\"EntryPoint\",\"urlTemplate\":\"https:\\\/\\\/www.conferenciaepiscopal.pt\\\/v1\\\/?s={search_term_string}\"},\"query-input\":{\"@type\":\"PropertyValueSpecification\",\"valueRequired\":true,\"valueName\":\"search_term_string\"}}],\"inLanguage\":\"pt-PT\"},{\"@type\":\"Organization\",\"@id\":\"https:\\\/\\\/www.conferenciaepiscopal.pt\\\/v1\\\/#organization\",\"name\":\"Confer\u00eancia Episcopal Portuguesa\",\"url\":\"https:\\\/\\\/www.conferenciaepiscopal.pt\\\/v1\\\/\",\"logo\":{\"@type\":\"ImageObject\",\"inLanguage\":\"pt-PT\",\"@id\":\"https:\\\/\\\/www.conferenciaepiscopal.pt\\\/v1\\\/#\\\/schema\\\/logo\\\/image\\\/\",\"url\":\"https:\\\/\\\/www.conferenciaepiscopal.pt\\\/v1\\\/wp-content\\\/uploads\\\/cropped-logoTransparente.png\",\"contentUrl\":\"https:\\\/\\\/www.conferenciaepiscopal.pt\\\/v1\\\/wp-content\\\/uploads\\\/cropped-logoTransparente.png\",\"width\":512,\"height\":512,\"caption\":\"Confer\u00eancia Episcopal Portuguesa\"},\"image\":{\"@id\":\"https:\\\/\\\/www.conferenciaepiscopal.pt\\\/v1\\\/#\\\/schema\\\/logo\\\/image\\\/\"}},{\"@type\":\"Person\",\"@id\":\"https:\\\/\\\/www.conferenciaepiscopal.pt\\\/v1\\\/#\\\/schema\\\/person\\\/ab696457f75fe8e22b00183bfacb4cb2\",\"name\":\"Manuel Costa\",\"image\":{\"@type\":\"ImageObject\",\"inLanguage\":\"pt-PT\",\"@id\":\"https:\\\/\\\/secure.gravatar.com\\\/avatar\\\/5054571ff5d2454cd50657fc4e61d0c32d7a5d0d3b36ef6c0f6e269276d13618?s=96&d=mm&r=g\",\"url\":\"https:\\\/\\\/secure.gravatar.com\\\/avatar\\\/5054571ff5d2454cd50657fc4e61d0c32d7a5d0d3b36ef6c0f6e269276d13618?s=96&d=mm&r=g\",\"contentUrl\":\"https:\\\/\\\/secure.gravatar.com\\\/avatar\\\/5054571ff5d2454cd50657fc4e61d0c32d7a5d0d3b36ef6c0f6e269276d13618?s=96&d=mm&r=g\",\"caption\":\"Manuel Costa\"}}]}<\/script>\n<!-- \/ Yoast SEO plugin. -->","yoast_head_json":{"title":"Nota Pastoral na comemora\u00e7\u00e3o dos cinquenta anos do \u201c25 de Abril\u201d - Confer\u00eancia Episcopal Portuguesa","robots":{"index":"index","follow":"follow","max-snippet":"max-snippet:-1","max-image-preview":"max-image-preview:large","max-video-preview":"max-video-preview:-1"},"canonical":"https:\/\/www.conferenciaepiscopal.pt\/v1\/nota-pastoral-na-comemoracao-dos-cinquenta-anos-do-25-de-abril\/","og_locale":"pt_PT","og_type":"article","og_title":"Nota Pastoral na comemora\u00e7\u00e3o dos cinquenta anos do \u201c25 de Abril\u201d - Confer\u00eancia Episcopal Portuguesa","og_url":"https:\/\/www.conferenciaepiscopal.pt\/v1\/nota-pastoral-na-comemoracao-dos-cinquenta-anos-do-25-de-abril\/","og_site_name":"Confer\u00eancia Episcopal Portuguesa","article_published_time":"2024-04-11T14:16:36+00:00","article_modified_time":"2024-04-11T14:17:18+00:00","og_image":[{"width":925,"height":630,"url":"https:\/\/www.conferenciaepiscopal.pt\/v1\/wp-content\/uploads\/cep.jpg","type":"image\/jpeg"}],"author":"Manuel Costa","twitter_card":"summary_large_image","twitter_misc":{"Escrito por":"Manuel Costa","Tempo estimado de leitura":"7 minutos"},"schema":{"@context":"https:\/\/schema.org","@graph":[{"@type":"Article","@id":"https:\/\/www.conferenciaepiscopal.pt\/v1\/nota-pastoral-na-comemoracao-dos-cinquenta-anos-do-25-de-abril\/#article","isPartOf":{"@id":"https:\/\/www.conferenciaepiscopal.pt\/v1\/nota-pastoral-na-comemoracao-dos-cinquenta-anos-do-25-de-abril\/"},"author":{"name":"Manuel Costa","@id":"https:\/\/www.conferenciaepiscopal.pt\/v1\/#\/schema\/person\/ab696457f75fe8e22b00183bfacb4cb2"},"headline":"Nota Pastoral na comemora\u00e7\u00e3o dos cinquenta anos do \u201c25 de Abril\u201d","datePublished":"2024-04-11T14:16:36+00:00","dateModified":"2024-04-11T14:17:18+00:00","mainEntityOfPage":{"@id":"https:\/\/www.conferenciaepiscopal.pt\/v1\/nota-pastoral-na-comemoracao-dos-cinquenta-anos-do-25-de-abril\/"},"wordCount":1190,"publisher":{"@id":"https:\/\/www.conferenciaepiscopal.pt\/v1\/#organization"},"image":{"@id":"https:\/\/www.conferenciaepiscopal.pt\/v1\/nota-pastoral-na-comemoracao-dos-cinquenta-anos-do-25-de-abril\/#primaryimage"},"thumbnailUrl":"https:\/\/www.conferenciaepiscopal.pt\/v1\/wp-content\/uploads\/cep.jpg","articleSection":["#entrada","Documentos"],"inLanguage":"pt-PT"},{"@type":"WebPage","@id":"https:\/\/www.conferenciaepiscopal.pt\/v1\/nota-pastoral-na-comemoracao-dos-cinquenta-anos-do-25-de-abril\/","url":"https:\/\/www.conferenciaepiscopal.pt\/v1\/nota-pastoral-na-comemoracao-dos-cinquenta-anos-do-25-de-abril\/","name":"Nota Pastoral na comemora\u00e7\u00e3o dos cinquenta anos do \u201c25 de Abril\u201d - Confer\u00eancia Episcopal Portuguesa","isPartOf":{"@id":"https:\/\/www.conferenciaepiscopal.pt\/v1\/#website"},"primaryImageOfPage":{"@id":"https:\/\/www.conferenciaepiscopal.pt\/v1\/nota-pastoral-na-comemoracao-dos-cinquenta-anos-do-25-de-abril\/#primaryimage"},"image":{"@id":"https:\/\/www.conferenciaepiscopal.pt\/v1\/nota-pastoral-na-comemoracao-dos-cinquenta-anos-do-25-de-abril\/#primaryimage"},"thumbnailUrl":"https:\/\/www.conferenciaepiscopal.pt\/v1\/wp-content\/uploads\/cep.jpg","datePublished":"2024-04-11T14:16:36+00:00","dateModified":"2024-04-11T14:17:18+00:00","breadcrumb":{"@id":"https:\/\/www.conferenciaepiscopal.pt\/v1\/nota-pastoral-na-comemoracao-dos-cinquenta-anos-do-25-de-abril\/#breadcrumb"},"inLanguage":"pt-PT","potentialAction":[{"@type":"ReadAction","target":["https:\/\/www.conferenciaepiscopal.pt\/v1\/nota-pastoral-na-comemoracao-dos-cinquenta-anos-do-25-de-abril\/"]}]},{"@type":"ImageObject","inLanguage":"pt-PT","@id":"https:\/\/www.conferenciaepiscopal.pt\/v1\/nota-pastoral-na-comemoracao-dos-cinquenta-anos-do-25-de-abril\/#primaryimage","url":"https:\/\/www.conferenciaepiscopal.pt\/v1\/wp-content\/uploads\/cep.jpg","contentUrl":"https:\/\/www.conferenciaepiscopal.pt\/v1\/wp-content\/uploads\/cep.jpg","width":925,"height":630},{"@type":"BreadcrumbList","@id":"https:\/\/www.conferenciaepiscopal.pt\/v1\/nota-pastoral-na-comemoracao-dos-cinquenta-anos-do-25-de-abril\/#breadcrumb","itemListElement":[{"@type":"ListItem","position":1,"name":"In\u00edcio","item":"https:\/\/www.conferenciaepiscopal.pt\/v1\/"},{"@type":"ListItem","position":2,"name":"Nota Pastoral na comemora\u00e7\u00e3o dos cinquenta anos do \u201c25 de Abril\u201d"}]},{"@type":"WebSite","@id":"https:\/\/www.conferenciaepiscopal.pt\/v1\/#website","url":"https:\/\/www.conferenciaepiscopal.pt\/v1\/","name":"Confer\u00eancia Episcopal Portuguesa","description":"Igreja Cat\u00f3lica em Portugal","publisher":{"@id":"https:\/\/www.conferenciaepiscopal.pt\/v1\/#organization"},"potentialAction":[{"@type":"SearchAction","target":{"@type":"EntryPoint","urlTemplate":"https:\/\/www.conferenciaepiscopal.pt\/v1\/?s={search_term_string}"},"query-input":{"@type":"PropertyValueSpecification","valueRequired":true,"valueName":"search_term_string"}}],"inLanguage":"pt-PT"},{"@type":"Organization","@id":"https:\/\/www.conferenciaepiscopal.pt\/v1\/#organization","name":"Confer\u00eancia Episcopal Portuguesa","url":"https:\/\/www.conferenciaepiscopal.pt\/v1\/","logo":{"@type":"ImageObject","inLanguage":"pt-PT","@id":"https:\/\/www.conferenciaepiscopal.pt\/v1\/#\/schema\/logo\/image\/","url":"https:\/\/www.conferenciaepiscopal.pt\/v1\/wp-content\/uploads\/cropped-logoTransparente.png","contentUrl":"https:\/\/www.conferenciaepiscopal.pt\/v1\/wp-content\/uploads\/cropped-logoTransparente.png","width":512,"height":512,"caption":"Confer\u00eancia Episcopal Portuguesa"},"image":{"@id":"https:\/\/www.conferenciaepiscopal.pt\/v1\/#\/schema\/logo\/image\/"}},{"@type":"Person","@id":"https:\/\/www.conferenciaepiscopal.pt\/v1\/#\/schema\/person\/ab696457f75fe8e22b00183bfacb4cb2","name":"Manuel Costa","image":{"@type":"ImageObject","inLanguage":"pt-PT","@id":"https:\/\/secure.gravatar.com\/avatar\/5054571ff5d2454cd50657fc4e61d0c32d7a5d0d3b36ef6c0f6e269276d13618?s=96&d=mm&r=g","url":"https:\/\/secure.gravatar.com\/avatar\/5054571ff5d2454cd50657fc4e61d0c32d7a5d0d3b36ef6c0f6e269276d13618?s=96&d=mm&r=g","contentUrl":"https:\/\/secure.gravatar.com\/avatar\/5054571ff5d2454cd50657fc4e61d0c32d7a5d0d3b36ef6c0f6e269276d13618?s=96&d=mm&r=g","caption":"Manuel Costa"}}]}},"_links":{"self":[{"href":"https:\/\/www.conferenciaepiscopal.pt\/v1\/wp-json\/wp\/v2\/posts\/8619","targetHints":{"allow":["GET"]}}],"collection":[{"href":"https:\/\/www.conferenciaepiscopal.pt\/v1\/wp-json\/wp\/v2\/posts"}],"about":[{"href":"https:\/\/www.conferenciaepiscopal.pt\/v1\/wp-json\/wp\/v2\/types\/post"}],"author":[{"embeddable":true,"href":"https:\/\/www.conferenciaepiscopal.pt\/v1\/wp-json\/wp\/v2\/users\/1"}],"replies":[{"embeddable":true,"href":"https:\/\/www.conferenciaepiscopal.pt\/v1\/wp-json\/wp\/v2\/comments?post=8619"}],"version-history":[{"count":2,"href":"https:\/\/www.conferenciaepiscopal.pt\/v1\/wp-json\/wp\/v2\/posts\/8619\/revisions"}],"predecessor-version":[{"id":8621,"href":"https:\/\/www.conferenciaepiscopal.pt\/v1\/wp-json\/wp\/v2\/posts\/8619\/revisions\/8621"}],"wp:featuredmedia":[{"embeddable":true,"href":"https:\/\/www.conferenciaepiscopal.pt\/v1\/wp-json\/wp\/v2\/media\/5628"}],"wp:attachment":[{"href":"https:\/\/www.conferenciaepiscopal.pt\/v1\/wp-json\/wp\/v2\/media?parent=8619"}],"wp:term":[{"taxonomy":"category","embeddable":true,"href":"https:\/\/www.conferenciaepiscopal.pt\/v1\/wp-json\/wp\/v2\/categories?post=8619"},{"taxonomy":"post_tag","embeddable":true,"href":"https:\/\/www.conferenciaepiscopal.pt\/v1\/wp-json\/wp\/v2\/tags?post=8619"}],"curies":[{"name":"wp","href":"https:\/\/api.w.org\/{rel}","templated":true}]}}