{"id":7825,"date":"2023-08-10T13:46:04","date_gmt":"2023-08-10T12:46:04","guid":{"rendered":"https:\/\/www.conferenciaepiscopal.pt\/v1\/?p=7825"},"modified":"2023-08-12T13:49:20","modified_gmt":"2023-08-12T12:49:20","slug":"nota-da-cep-d-rui-valerio-patriarca-de-lisboa","status":"publish","type":"post","link":"https:\/\/www.conferenciaepiscopal.pt\/v1\/nota-da-cep-d-rui-valerio-patriarca-de-lisboa\/","title":{"rendered":"Nota da CEP: D. Rui Val\u00e9rio, Patriarca de Lisboa"},"content":{"rendered":"<p><!--more--><\/p>\n<p><img fetchpriority=\"high\" decoding=\"async\" class=\"alignnone size-full wp-image-7826\" src=\"https:\/\/www.conferenciaepiscopal.pt\/v1\/wp-content\/uploads\/D.Rui4_.jpg\" alt=\"\" width=\"1500\" height=\"1000\" srcset=\"https:\/\/www.conferenciaepiscopal.pt\/v1\/wp-content\/uploads\/D.Rui4_.jpg 1500w, https:\/\/www.conferenciaepiscopal.pt\/v1\/wp-content\/uploads\/D.Rui4_-300x200.jpg 300w, https:\/\/www.conferenciaepiscopal.pt\/v1\/wp-content\/uploads\/D.Rui4_-1024x683.jpg 1024w, https:\/\/www.conferenciaepiscopal.pt\/v1\/wp-content\/uploads\/D.Rui4_-768x512.jpg 768w, https:\/\/www.conferenciaepiscopal.pt\/v1\/wp-content\/uploads\/D.Rui4_-1080x720.jpg 1080w, https:\/\/www.conferenciaepiscopal.pt\/v1\/wp-content\/uploads\/D.Rui4_-1280x853.jpg 1280w, https:\/\/www.conferenciaepiscopal.pt\/v1\/wp-content\/uploads\/D.Rui4_-980x653.jpg 980w, https:\/\/www.conferenciaepiscopal.pt\/v1\/wp-content\/uploads\/D.Rui4_-480x320.jpg 480w\" sizes=\"(max-width: 1500px) 100vw, 1500px\" \/>O Papa Francisco nomeou D. Rui Manuel Sousa Val\u00e9rio, SMM, at\u00e9 agora Bispo das For\u00e7as Armadas e For\u00e7as de Seguran\u00e7a, como Patriarca de Lisboa, em substitui\u00e7\u00e3o do Cardeal D. Manuel Clemente, que ser\u00e1 Administrador Apost\u00f3lico at\u00e9 \u00e0 tomada de posse can\u00f3nica do novo Patriarca.<\/p>\n<p>A Confer\u00eancia Episcopal Portuguesa congratula-se com esta nomea\u00e7\u00e3o e sa\u00fada D. Rui Val\u00e9rio como Patriarca de Lisboa, Diocese que acaba de viver um dos momentos mais altos da sua hist\u00f3ria com a realiza\u00e7\u00e3o da Jornada Mundial da Juventude presidida pelo Papa Francisco.<\/p>\n<p>Que D. Rui Val\u00e9rio seja aben\u00e7oado pela for\u00e7a do Esp\u00edrito no servi\u00e7o pastoral a que \u00e9 chamado como pastor no Patriarcado de Lisboa e que os dinamismos pastorais e espirituais celebrados na JMJ continuem presentes na renova\u00e7\u00e3o da Igreja em Lisboa, para que seja cada vez mais sinodal, mission\u00e1ria, evangelizadora e acolhedora de todos.<\/p>\n<p>A Confer\u00eancia Episcopal manifesta todo o seu agradecimento a D. Manuel Clemente pelo contributo not\u00e1vel que teve ao longo destes anos ao servi\u00e7o do Patriarcado de Lisboa e da Igreja em Portugal.<\/p>\n<p>Lisboa, 10 de agosto de 2023<\/p>\n<p>&#8212;&#8211;<\/p>\n<h4><strong><em>Curriculum Vitae de <\/em><\/strong><strong>D. Rui Manuel Sousa Val\u00e9rio<\/strong><\/h4>\n<p>D. Rui Manuel Sousa Val\u00e9rio nasceu a 24 de dezembro de 1964, na Freguesia de Urqueira, Concelho de Our\u00e9m, na ent\u00e3o Diocese de Leiria.<\/p>\n<p>Ap\u00f3s frequ\u00eancia da Escola Prim\u00e1ria entrou, em 1976, no Semin\u00e1rio Monfortino para realizar os estudos liceais no Centro de Estudos de F\u00e1tima, onde permaneceu at\u00e9 completar o ensino secund\u00e1rio. Em 1984 foi enviado para o Noviciado na It\u00e1lia, em <em>Santeramo in Colle <\/em>(Bari).<\/p>\n<p>Um ano depois foi para Roma a fim de frequentar o curso de Filosofia na Pontif\u00edcia Universidade Lateranense, onde obt\u00e9m o Bacharelato.<\/p>\n<p>Continuou os estudos de Teologia na Pontif\u00edcia Universidade Gregoriana, concluindo esta fase acad\u00e9mica com a Licenciatura em Teologia Dogm\u00e1tica.<\/p>\n<p>De 1995 a 1996 em Lovaina, na B\u00e9lgica, frequentou no CIM (<em>Centre International Montfortain<\/em>) uma p\u00f3s-gradua\u00e7\u00e3o em Espiritualidade Mission\u00e1ria.<\/p>\n<p>Em 1996, de regresso a Portugal, frequentou a Faculdade de Teologia da UCP (Universidade Cat\u00f3lica Portuguesa), em Lisboa, para o Doutoramento em Teologia, com a tese <em>\u201cCristologia Sapiencial e Sabedoria Cristol\u00f3gica em S. Lu\u00eds de Montfort\u201d<\/em>, que por motivos pastorais n\u00e3o p\u00f4de concluir.<\/p>\n<p>Fez a profiss\u00e3o perp\u00e9tua em outubro de 1990 e recebeu a ordena\u00e7\u00e3o sacerdotal a 23 de mar\u00e7o de 1991.<\/p>\n<p>Regressado a Portugal, foi de 1992 a 1993 Capel\u00e3o Militar no Hospital da Marinha. Mais tarde, entre 2008 e 2011 foi Capel\u00e3o Militar na Escola Naval.<\/p>\n<p>De 1996 a 2001 foi Respons\u00e1vel do Postulantado Monfortino de Portugal.<\/p>\n<p>Durante dois per\u00edodos (2000-2008 e 2012-2018) foi membro do Conselho da Delega\u00e7\u00e3o Portuguesa dos Mission\u00e1rios Monfortinos.<\/p>\n<p>Do ponto de vista pastoral, exerceu o minist\u00e9rio, primeiro como Coadjutor (1993-1995) e depois como P\u00e1roco (2001-2007), nas par\u00f3quias do Concelho de Castro Verde, Diocese de Beja, dedicando-se particularmente aos jovens e \u00e0 leciona\u00e7\u00e3o da disciplina de Educa\u00e7\u00e3o Moral Religiosa Cat\u00f3lica nas Escolas do Primeiro Ciclo.<\/p>\n<p>De 1996 a 2001 foi Vig\u00e1rio Paroquial da Par\u00f3quia da P\u00f3voa de Santo Adri\u00e3o, Concelho de Odivelas, Patriarcado de Lisboa; de 2011 a 2018 foi tamb\u00e9m P\u00e1roco da mesma Par\u00f3quia.<\/p>\n<p>De 2004 a 2007 tamb\u00e9m foi o Arcipreste do Arciprestado de Almod\u00f4var.<\/p>\n<p>De 2014 a 2018 foi Vig\u00e1rio da Vara, da Vigararia de Loures \u2013 Odivelas.<\/p>\n<p>Em 2016, Ano da Miseric\u00f3rdia, foi em Portugal um dos 1071 sacerdotes que o Papa Francisco enviou como \u201cMission\u00e1rio da Miseric\u00f3rdia\u201d durante o Jubileu Extraordin\u00e1rio.<\/p>\n<p>Em 27 de outubro de 2018 o Papa Francisco nomeou-o Bispo das For\u00e7as Armadas e For\u00e7as de Seguran\u00e7a de Portugal.<\/p>\n<p>Recebeu a Ordena\u00e7\u00e3o Episcopal a 25 de novembro de 2018 no Mosteiro dos Jer\u00f3nimos, em Lisboa, juntamente com o saudoso D. Daniel Batalha Henriques, em cerim\u00f3nia presidida pelo Eminent\u00edssimo Cardeal-Patriarca de Lisboa, D. Manuel Clemente.<\/p>\n<p>No dia 3 de dezembro de 2018, tomou posse como Capel\u00e3o-Chefe da Igreja Cat\u00f3lica, no Sal\u00e3o Nobre do Minist\u00e9rio da Defesa Nacional, e a 11 de dezembro na S\u00e9 Catedral do Ordinariato Castrense.<\/p>\n<p>Atualmente \u00e9 Delegado da Confer\u00eancia Episcopal Portuguesa para as Rela\u00e7\u00f5es Bispos\/Vida Consagrada e membro da Comiss\u00e3o Episcopal Miss\u00e3o e Nova Evangeliza\u00e7\u00e3o.<\/p>\n","protected":false},"excerpt":{"rendered":"","protected":false},"author":1,"featured_media":7826,"comment_status":"closed","ping_status":"closed","sticky":false,"template":"","format":"standard","meta":{"site-sidebar-layout":"default","site-content-layout":"","ast-site-content-layout":"default","site-content-style":"default","site-sidebar-style":"default","ast-global-header-display":"","ast-banner-title-visibility":"","ast-main-header-display":"","ast-hfb-above-header-display":"","ast-hfb-below-header-display":"","ast-hfb-mobile-header-display":"","site-post-title":"","ast-breadcrumbs-content":"","ast-featured-img":"","footer-sml-layout":"","ast-disable-related-posts":"","theme-transparent-header-meta":"","adv-header-id-meta":"","stick-header-meta":"","header-above-stick-meta":"","header-main-stick-meta":"","header-below-stick-meta":"","astra-migrate-meta-layouts":"default","ast-page-background-enabled":"default","ast-page-background-meta":{"desktop":{"background-color":"var(--ast-global-color-4)","background-image":"","background-repeat":"repeat","background-position":"center center","background-size":"auto","background-attachment":"scroll","background-type":"","background-media":"","overlay-type":"","overlay-color":"","overlay-opacity":"","overlay-gradient":""},"tablet":{"background-color":"","background-image":"","background-repeat":"repeat","background-position":"center center","background-size":"auto","background-attachment":"scroll","background-type":"","background-media":"","overlay-type":"","overlay-color":"","overlay-opacity":"","overlay-gradient":""},"mobile":{"background-color":"","background-image":"","background-repeat":"repeat","background-position":"center center","background-size":"auto","background-attachment":"scroll","background-type":"","background-media":"","overlay-type":"","overlay-color":"","overlay-opacity":"","overlay-gradient":""}},"ast-content-background-meta":{"desktop":{"background-color":"var(--ast-global-color-5)","background-image":"","background-repeat":"repeat","background-position":"center center","background-size":"auto","background-attachment":"scroll","background-type":"","background-media":"","overlay-type":"","overlay-color":"","overlay-opacity":"","overlay-gradient":""},"tablet":{"background-color":"var(--ast-global-color-5)","background-image":"","background-repeat":"repeat","background-position":"center center","background-size":"auto","background-attachment":"scroll","background-type":"","background-media":"","overlay-type":"","overlay-color":"","overlay-opacity":"","overlay-gradient":""},"mobile":{"background-color":"var(--ast-global-color-5)","background-image":"","background-repeat":"repeat","background-position":"center center","background-size":"auto","background-attachment":"scroll","background-type":"","background-media":"","overlay-type":"","overlay-color":"","overlay-opacity":"","overlay-gradient":""}},"footnotes":""},"categories":[74,4,72],"tags":[],"class_list":["post-7825","post","type-post","status-publish","format-standard","has-post-thumbnail","hentry","category-entrada","category-documentos","category-noticias"],"yoast_head":"<!-- This site is optimized with the Yoast SEO plugin v27.5 - https:\/\/yoast.com\/product\/yoast-seo-wordpress\/ -->\n<title>Nota da CEP: D. Rui Val\u00e9rio, Patriarca de Lisboa - Confer\u00eancia Episcopal Portuguesa<\/title>\n<meta name=\"robots\" content=\"index, follow, max-snippet:-1, max-image-preview:large, max-video-preview:-1\" \/>\n<link rel=\"canonical\" href=\"https:\/\/www.conferenciaepiscopal.pt\/v1\/nota-da-cep-d-rui-valerio-patriarca-de-lisboa\/\" \/>\n<meta property=\"og:locale\" content=\"pt_PT\" \/>\n<meta property=\"og:type\" content=\"article\" \/>\n<meta property=\"og:title\" content=\"Nota da CEP: D. Rui Val\u00e9rio, Patriarca de Lisboa - Confer\u00eancia Episcopal Portuguesa\" \/>\n<meta property=\"og:url\" content=\"https:\/\/www.conferenciaepiscopal.pt\/v1\/nota-da-cep-d-rui-valerio-patriarca-de-lisboa\/\" \/>\n<meta property=\"og:site_name\" content=\"Confer\u00eancia Episcopal Portuguesa\" \/>\n<meta property=\"article:published_time\" content=\"2023-08-10T12:46:04+00:00\" \/>\n<meta property=\"article:modified_time\" content=\"2023-08-12T12:49:20+00:00\" \/>\n<meta property=\"og:image\" content=\"https:\/\/www.conferenciaepiscopal.pt\/v1\/wp-content\/uploads\/D.Rui4_.jpg\" \/>\n\t<meta property=\"og:image:width\" content=\"1500\" \/>\n\t<meta property=\"og:image:height\" content=\"1000\" \/>\n\t<meta property=\"og:image:type\" content=\"image\/jpeg\" \/>\n<meta name=\"author\" content=\"Manuel Costa\" \/>\n<meta name=\"twitter:card\" content=\"summary_large_image\" \/>\n<meta name=\"twitter:label1\" content=\"Escrito por\" \/>\n\t<meta name=\"twitter:data1\" content=\"Manuel Costa\" \/>\n\t<meta name=\"twitter:label2\" content=\"Tempo estimado de leitura\" \/>\n\t<meta name=\"twitter:data2\" content=\"4 minutos\" \/>\n<script type=\"application\/ld+json\" class=\"yoast-schema-graph\">{\"@context\":\"https:\\\/\\\/schema.org\",\"@graph\":[{\"@type\":\"Article\",\"@id\":\"https:\\\/\\\/www.conferenciaepiscopal.pt\\\/v1\\\/nota-da-cep-d-rui-valerio-patriarca-de-lisboa\\\/#article\",\"isPartOf\":{\"@id\":\"https:\\\/\\\/www.conferenciaepiscopal.pt\\\/v1\\\/nota-da-cep-d-rui-valerio-patriarca-de-lisboa\\\/\"},\"author\":{\"name\":\"Manuel Costa\",\"@id\":\"https:\\\/\\\/www.conferenciaepiscopal.pt\\\/v1\\\/#\\\/schema\\\/person\\\/ab696457f75fe8e22b00183bfacb4cb2\"},\"headline\":\"Nota da CEP: D. Rui Val\u00e9rio, Patriarca de Lisboa\",\"datePublished\":\"2023-08-10T12:46:04+00:00\",\"dateModified\":\"2023-08-12T12:49:20+00:00\",\"mainEntityOfPage\":{\"@id\":\"https:\\\/\\\/www.conferenciaepiscopal.pt\\\/v1\\\/nota-da-cep-d-rui-valerio-patriarca-de-lisboa\\\/\"},\"wordCount\":730,\"publisher\":{\"@id\":\"https:\\\/\\\/www.conferenciaepiscopal.pt\\\/v1\\\/#organization\"},\"image\":{\"@id\":\"https:\\\/\\\/www.conferenciaepiscopal.pt\\\/v1\\\/nota-da-cep-d-rui-valerio-patriarca-de-lisboa\\\/#primaryimage\"},\"thumbnailUrl\":\"https:\\\/\\\/www.conferenciaepiscopal.pt\\\/v1\\\/wp-content\\\/uploads\\\/D.Rui4_.jpg\",\"articleSection\":[\"#entrada\",\"Documentos\",\"Not\u00edcias\"],\"inLanguage\":\"pt-PT\"},{\"@type\":\"WebPage\",\"@id\":\"https:\\\/\\\/www.conferenciaepiscopal.pt\\\/v1\\\/nota-da-cep-d-rui-valerio-patriarca-de-lisboa\\\/\",\"url\":\"https:\\\/\\\/www.conferenciaepiscopal.pt\\\/v1\\\/nota-da-cep-d-rui-valerio-patriarca-de-lisboa\\\/\",\"name\":\"Nota da CEP: D. Rui Val\u00e9rio, Patriarca de Lisboa - Confer\u00eancia Episcopal Portuguesa\",\"isPartOf\":{\"@id\":\"https:\\\/\\\/www.conferenciaepiscopal.pt\\\/v1\\\/#website\"},\"primaryImageOfPage\":{\"@id\":\"https:\\\/\\\/www.conferenciaepiscopal.pt\\\/v1\\\/nota-da-cep-d-rui-valerio-patriarca-de-lisboa\\\/#primaryimage\"},\"image\":{\"@id\":\"https:\\\/\\\/www.conferenciaepiscopal.pt\\\/v1\\\/nota-da-cep-d-rui-valerio-patriarca-de-lisboa\\\/#primaryimage\"},\"thumbnailUrl\":\"https:\\\/\\\/www.conferenciaepiscopal.pt\\\/v1\\\/wp-content\\\/uploads\\\/D.Rui4_.jpg\",\"datePublished\":\"2023-08-10T12:46:04+00:00\",\"dateModified\":\"2023-08-12T12:49:20+00:00\",\"breadcrumb\":{\"@id\":\"https:\\\/\\\/www.conferenciaepiscopal.pt\\\/v1\\\/nota-da-cep-d-rui-valerio-patriarca-de-lisboa\\\/#breadcrumb\"},\"inLanguage\":\"pt-PT\",\"potentialAction\":[{\"@type\":\"ReadAction\",\"target\":[\"https:\\\/\\\/www.conferenciaepiscopal.pt\\\/v1\\\/nota-da-cep-d-rui-valerio-patriarca-de-lisboa\\\/\"]}]},{\"@type\":\"ImageObject\",\"inLanguage\":\"pt-PT\",\"@id\":\"https:\\\/\\\/www.conferenciaepiscopal.pt\\\/v1\\\/nota-da-cep-d-rui-valerio-patriarca-de-lisboa\\\/#primaryimage\",\"url\":\"https:\\\/\\\/www.conferenciaepiscopal.pt\\\/v1\\\/wp-content\\\/uploads\\\/D.Rui4_.jpg\",\"contentUrl\":\"https:\\\/\\\/www.conferenciaepiscopal.pt\\\/v1\\\/wp-content\\\/uploads\\\/D.Rui4_.jpg\",\"width\":1500,\"height\":1000},{\"@type\":\"BreadcrumbList\",\"@id\":\"https:\\\/\\\/www.conferenciaepiscopal.pt\\\/v1\\\/nota-da-cep-d-rui-valerio-patriarca-de-lisboa\\\/#breadcrumb\",\"itemListElement\":[{\"@type\":\"ListItem\",\"position\":1,\"name\":\"In\u00edcio\",\"item\":\"https:\\\/\\\/www.conferenciaepiscopal.pt\\\/v1\\\/\"},{\"@type\":\"ListItem\",\"position\":2,\"name\":\"Nota da CEP: D. Rui Val\u00e9rio, Patriarca de Lisboa\"}]},{\"@type\":\"WebSite\",\"@id\":\"https:\\\/\\\/www.conferenciaepiscopal.pt\\\/v1\\\/#website\",\"url\":\"https:\\\/\\\/www.conferenciaepiscopal.pt\\\/v1\\\/\",\"name\":\"Confer\u00eancia Episcopal Portuguesa\",\"description\":\"Igreja Cat\u00f3lica em Portugal\",\"publisher\":{\"@id\":\"https:\\\/\\\/www.conferenciaepiscopal.pt\\\/v1\\\/#organization\"},\"potentialAction\":[{\"@type\":\"SearchAction\",\"target\":{\"@type\":\"EntryPoint\",\"urlTemplate\":\"https:\\\/\\\/www.conferenciaepiscopal.pt\\\/v1\\\/?s={search_term_string}\"},\"query-input\":{\"@type\":\"PropertyValueSpecification\",\"valueRequired\":true,\"valueName\":\"search_term_string\"}}],\"inLanguage\":\"pt-PT\"},{\"@type\":\"Organization\",\"@id\":\"https:\\\/\\\/www.conferenciaepiscopal.pt\\\/v1\\\/#organization\",\"name\":\"Confer\u00eancia Episcopal Portuguesa\",\"url\":\"https:\\\/\\\/www.conferenciaepiscopal.pt\\\/v1\\\/\",\"logo\":{\"@type\":\"ImageObject\",\"inLanguage\":\"pt-PT\",\"@id\":\"https:\\\/\\\/www.conferenciaepiscopal.pt\\\/v1\\\/#\\\/schema\\\/logo\\\/image\\\/\",\"url\":\"https:\\\/\\\/www.conferenciaepiscopal.pt\\\/v1\\\/wp-content\\\/uploads\\\/cropped-logoTransparente.png\",\"contentUrl\":\"https:\\\/\\\/www.conferenciaepiscopal.pt\\\/v1\\\/wp-content\\\/uploads\\\/cropped-logoTransparente.png\",\"width\":512,\"height\":512,\"caption\":\"Confer\u00eancia Episcopal Portuguesa\"},\"image\":{\"@id\":\"https:\\\/\\\/www.conferenciaepiscopal.pt\\\/v1\\\/#\\\/schema\\\/logo\\\/image\\\/\"}},{\"@type\":\"Person\",\"@id\":\"https:\\\/\\\/www.conferenciaepiscopal.pt\\\/v1\\\/#\\\/schema\\\/person\\\/ab696457f75fe8e22b00183bfacb4cb2\",\"name\":\"Manuel Costa\",\"image\":{\"@type\":\"ImageObject\",\"inLanguage\":\"pt-PT\",\"@id\":\"https:\\\/\\\/secure.gravatar.com\\\/avatar\\\/5054571ff5d2454cd50657fc4e61d0c32d7a5d0d3b36ef6c0f6e269276d13618?s=96&d=mm&r=g\",\"url\":\"https:\\\/\\\/secure.gravatar.com\\\/avatar\\\/5054571ff5d2454cd50657fc4e61d0c32d7a5d0d3b36ef6c0f6e269276d13618?s=96&d=mm&r=g\",\"contentUrl\":\"https:\\\/\\\/secure.gravatar.com\\\/avatar\\\/5054571ff5d2454cd50657fc4e61d0c32d7a5d0d3b36ef6c0f6e269276d13618?s=96&d=mm&r=g\",\"caption\":\"Manuel Costa\"}}]}<\/script>\n<!-- \/ Yoast SEO plugin. -->","yoast_head_json":{"title":"Nota da CEP: D. Rui Val\u00e9rio, Patriarca de Lisboa - Confer\u00eancia Episcopal Portuguesa","robots":{"index":"index","follow":"follow","max-snippet":"max-snippet:-1","max-image-preview":"max-image-preview:large","max-video-preview":"max-video-preview:-1"},"canonical":"https:\/\/www.conferenciaepiscopal.pt\/v1\/nota-da-cep-d-rui-valerio-patriarca-de-lisboa\/","og_locale":"pt_PT","og_type":"article","og_title":"Nota da CEP: D. Rui Val\u00e9rio, Patriarca de Lisboa - Confer\u00eancia Episcopal Portuguesa","og_url":"https:\/\/www.conferenciaepiscopal.pt\/v1\/nota-da-cep-d-rui-valerio-patriarca-de-lisboa\/","og_site_name":"Confer\u00eancia Episcopal Portuguesa","article_published_time":"2023-08-10T12:46:04+00:00","article_modified_time":"2023-08-12T12:49:20+00:00","og_image":[{"width":1500,"height":1000,"url":"https:\/\/www.conferenciaepiscopal.pt\/v1\/wp-content\/uploads\/D.Rui4_.jpg","type":"image\/jpeg"}],"author":"Manuel Costa","twitter_card":"summary_large_image","twitter_misc":{"Escrito por":"Manuel Costa","Tempo estimado de leitura":"4 minutos"},"schema":{"@context":"https:\/\/schema.org","@graph":[{"@type":"Article","@id":"https:\/\/www.conferenciaepiscopal.pt\/v1\/nota-da-cep-d-rui-valerio-patriarca-de-lisboa\/#article","isPartOf":{"@id":"https:\/\/www.conferenciaepiscopal.pt\/v1\/nota-da-cep-d-rui-valerio-patriarca-de-lisboa\/"},"author":{"name":"Manuel Costa","@id":"https:\/\/www.conferenciaepiscopal.pt\/v1\/#\/schema\/person\/ab696457f75fe8e22b00183bfacb4cb2"},"headline":"Nota da CEP: D. Rui Val\u00e9rio, Patriarca de Lisboa","datePublished":"2023-08-10T12:46:04+00:00","dateModified":"2023-08-12T12:49:20+00:00","mainEntityOfPage":{"@id":"https:\/\/www.conferenciaepiscopal.pt\/v1\/nota-da-cep-d-rui-valerio-patriarca-de-lisboa\/"},"wordCount":730,"publisher":{"@id":"https:\/\/www.conferenciaepiscopal.pt\/v1\/#organization"},"image":{"@id":"https:\/\/www.conferenciaepiscopal.pt\/v1\/nota-da-cep-d-rui-valerio-patriarca-de-lisboa\/#primaryimage"},"thumbnailUrl":"https:\/\/www.conferenciaepiscopal.pt\/v1\/wp-content\/uploads\/D.Rui4_.jpg","articleSection":["#entrada","Documentos","Not\u00edcias"],"inLanguage":"pt-PT"},{"@type":"WebPage","@id":"https:\/\/www.conferenciaepiscopal.pt\/v1\/nota-da-cep-d-rui-valerio-patriarca-de-lisboa\/","url":"https:\/\/www.conferenciaepiscopal.pt\/v1\/nota-da-cep-d-rui-valerio-patriarca-de-lisboa\/","name":"Nota da CEP: D. Rui Val\u00e9rio, Patriarca de Lisboa - Confer\u00eancia Episcopal Portuguesa","isPartOf":{"@id":"https:\/\/www.conferenciaepiscopal.pt\/v1\/#website"},"primaryImageOfPage":{"@id":"https:\/\/www.conferenciaepiscopal.pt\/v1\/nota-da-cep-d-rui-valerio-patriarca-de-lisboa\/#primaryimage"},"image":{"@id":"https:\/\/www.conferenciaepiscopal.pt\/v1\/nota-da-cep-d-rui-valerio-patriarca-de-lisboa\/#primaryimage"},"thumbnailUrl":"https:\/\/www.conferenciaepiscopal.pt\/v1\/wp-content\/uploads\/D.Rui4_.jpg","datePublished":"2023-08-10T12:46:04+00:00","dateModified":"2023-08-12T12:49:20+00:00","breadcrumb":{"@id":"https:\/\/www.conferenciaepiscopal.pt\/v1\/nota-da-cep-d-rui-valerio-patriarca-de-lisboa\/#breadcrumb"},"inLanguage":"pt-PT","potentialAction":[{"@type":"ReadAction","target":["https:\/\/www.conferenciaepiscopal.pt\/v1\/nota-da-cep-d-rui-valerio-patriarca-de-lisboa\/"]}]},{"@type":"ImageObject","inLanguage":"pt-PT","@id":"https:\/\/www.conferenciaepiscopal.pt\/v1\/nota-da-cep-d-rui-valerio-patriarca-de-lisboa\/#primaryimage","url":"https:\/\/www.conferenciaepiscopal.pt\/v1\/wp-content\/uploads\/D.Rui4_.jpg","contentUrl":"https:\/\/www.conferenciaepiscopal.pt\/v1\/wp-content\/uploads\/D.Rui4_.jpg","width":1500,"height":1000},{"@type":"BreadcrumbList","@id":"https:\/\/www.conferenciaepiscopal.pt\/v1\/nota-da-cep-d-rui-valerio-patriarca-de-lisboa\/#breadcrumb","itemListElement":[{"@type":"ListItem","position":1,"name":"In\u00edcio","item":"https:\/\/www.conferenciaepiscopal.pt\/v1\/"},{"@type":"ListItem","position":2,"name":"Nota da CEP: D. Rui Val\u00e9rio, Patriarca de Lisboa"}]},{"@type":"WebSite","@id":"https:\/\/www.conferenciaepiscopal.pt\/v1\/#website","url":"https:\/\/www.conferenciaepiscopal.pt\/v1\/","name":"Confer\u00eancia Episcopal Portuguesa","description":"Igreja Cat\u00f3lica em Portugal","publisher":{"@id":"https:\/\/www.conferenciaepiscopal.pt\/v1\/#organization"},"potentialAction":[{"@type":"SearchAction","target":{"@type":"EntryPoint","urlTemplate":"https:\/\/www.conferenciaepiscopal.pt\/v1\/?s={search_term_string}"},"query-input":{"@type":"PropertyValueSpecification","valueRequired":true,"valueName":"search_term_string"}}],"inLanguage":"pt-PT"},{"@type":"Organization","@id":"https:\/\/www.conferenciaepiscopal.pt\/v1\/#organization","name":"Confer\u00eancia Episcopal Portuguesa","url":"https:\/\/www.conferenciaepiscopal.pt\/v1\/","logo":{"@type":"ImageObject","inLanguage":"pt-PT","@id":"https:\/\/www.conferenciaepiscopal.pt\/v1\/#\/schema\/logo\/image\/","url":"https:\/\/www.conferenciaepiscopal.pt\/v1\/wp-content\/uploads\/cropped-logoTransparente.png","contentUrl":"https:\/\/www.conferenciaepiscopal.pt\/v1\/wp-content\/uploads\/cropped-logoTransparente.png","width":512,"height":512,"caption":"Confer\u00eancia Episcopal Portuguesa"},"image":{"@id":"https:\/\/www.conferenciaepiscopal.pt\/v1\/#\/schema\/logo\/image\/"}},{"@type":"Person","@id":"https:\/\/www.conferenciaepiscopal.pt\/v1\/#\/schema\/person\/ab696457f75fe8e22b00183bfacb4cb2","name":"Manuel Costa","image":{"@type":"ImageObject","inLanguage":"pt-PT","@id":"https:\/\/secure.gravatar.com\/avatar\/5054571ff5d2454cd50657fc4e61d0c32d7a5d0d3b36ef6c0f6e269276d13618?s=96&d=mm&r=g","url":"https:\/\/secure.gravatar.com\/avatar\/5054571ff5d2454cd50657fc4e61d0c32d7a5d0d3b36ef6c0f6e269276d13618?s=96&d=mm&r=g","contentUrl":"https:\/\/secure.gravatar.com\/avatar\/5054571ff5d2454cd50657fc4e61d0c32d7a5d0d3b36ef6c0f6e269276d13618?s=96&d=mm&r=g","caption":"Manuel Costa"}}]}},"_links":{"self":[{"href":"https:\/\/www.conferenciaepiscopal.pt\/v1\/wp-json\/wp\/v2\/posts\/7825","targetHints":{"allow":["GET"]}}],"collection":[{"href":"https:\/\/www.conferenciaepiscopal.pt\/v1\/wp-json\/wp\/v2\/posts"}],"about":[{"href":"https:\/\/www.conferenciaepiscopal.pt\/v1\/wp-json\/wp\/v2\/types\/post"}],"author":[{"embeddable":true,"href":"https:\/\/www.conferenciaepiscopal.pt\/v1\/wp-json\/wp\/v2\/users\/1"}],"replies":[{"embeddable":true,"href":"https:\/\/www.conferenciaepiscopal.pt\/v1\/wp-json\/wp\/v2\/comments?post=7825"}],"version-history":[{"count":3,"href":"https:\/\/www.conferenciaepiscopal.pt\/v1\/wp-json\/wp\/v2\/posts\/7825\/revisions"}],"predecessor-version":[{"id":7829,"href":"https:\/\/www.conferenciaepiscopal.pt\/v1\/wp-json\/wp\/v2\/posts\/7825\/revisions\/7829"}],"wp:featuredmedia":[{"embeddable":true,"href":"https:\/\/www.conferenciaepiscopal.pt\/v1\/wp-json\/wp\/v2\/media\/7826"}],"wp:attachment":[{"href":"https:\/\/www.conferenciaepiscopal.pt\/v1\/wp-json\/wp\/v2\/media?parent=7825"}],"wp:term":[{"taxonomy":"category","embeddable":true,"href":"https:\/\/www.conferenciaepiscopal.pt\/v1\/wp-json\/wp\/v2\/categories?post=7825"},{"taxonomy":"post_tag","embeddable":true,"href":"https:\/\/www.conferenciaepiscopal.pt\/v1\/wp-json\/wp\/v2\/tags?post=7825"}],"curies":[{"name":"wp","href":"https:\/\/api.w.org\/{rel}","templated":true}]}}