{"id":7810,"date":"2023-08-08T19:27:57","date_gmt":"2023-08-08T18:27:57","guid":{"rendered":"https:\/\/www.conferenciaepiscopal.pt\/v1\/?p=7810"},"modified":"2023-08-08T19:27:57","modified_gmt":"2023-08-08T18:27:57","slug":"mensagem-da-cep-jornada-mundial-da-juventude-lisboa-2023","status":"publish","type":"post","link":"https:\/\/www.conferenciaepiscopal.pt\/v1\/mensagem-da-cep-jornada-mundial-da-juventude-lisboa-2023\/","title":{"rendered":"Mensagem da CEP &#8211; Jornada Mundial da Juventude Lisboa 2023"},"content":{"rendered":"<p><!--more--><\/p>\n<figure id=\"attachment_7811\" aria-describedby=\"caption-attachment-7811\" style=\"width: 1500px\" class=\"wp-caption alignnone\"><img fetchpriority=\"high\" decoding=\"async\" class=\"size-full wp-image-7811\" src=\"https:\/\/www.conferenciaepiscopal.pt\/v1\/wp-content\/uploads\/Papa-Despedida-Aeroporto.jpg\" alt=\"\" width=\"1500\" height=\"1000\" srcset=\"https:\/\/www.conferenciaepiscopal.pt\/v1\/wp-content\/uploads\/Papa-Despedida-Aeroporto.jpg 1500w, https:\/\/www.conferenciaepiscopal.pt\/v1\/wp-content\/uploads\/Papa-Despedida-Aeroporto-300x200.jpg 300w, https:\/\/www.conferenciaepiscopal.pt\/v1\/wp-content\/uploads\/Papa-Despedida-Aeroporto-1024x683.jpg 1024w, https:\/\/www.conferenciaepiscopal.pt\/v1\/wp-content\/uploads\/Papa-Despedida-Aeroporto-768x512.jpg 768w, https:\/\/www.conferenciaepiscopal.pt\/v1\/wp-content\/uploads\/Papa-Despedida-Aeroporto-1080x720.jpg 1080w, https:\/\/www.conferenciaepiscopal.pt\/v1\/wp-content\/uploads\/Papa-Despedida-Aeroporto-1280x853.jpg 1280w, https:\/\/www.conferenciaepiscopal.pt\/v1\/wp-content\/uploads\/Papa-Despedida-Aeroporto-980x653.jpg 980w, https:\/\/www.conferenciaepiscopal.pt\/v1\/wp-content\/uploads\/Papa-Despedida-Aeroporto-480x320.jpg 480w\" sizes=\"(max-width: 1500px) 100vw, 1500px\" \/><figcaption id=\"caption-attachment-7811\" class=\"wp-caption-text\">Foto: Tiago Petinga\/Lusa<\/figcaption><\/figure>\n<p>No final desta semana de Jornada Mundial da Juventude 2023 vivida em Lisboa, que trouxe a Portugal um milh\u00e3o e meio de peregrinos oriundos dos quatro cantos do mundo, a Confer\u00eancia Episcopal Portuguesa agradece a presen\u00e7a do Santo Padre e as palavras que a todos dirigiu. Um tempo de gra\u00e7a que renovou os cora\u00e7\u00f5es e encorajou, especialmente os jovens, a dar testemunho de Cristo Vivo.<\/p>\n<p>A presen\u00e7a do Papa Francisco e as palavras que nos deixou reafirmam a validade e profundidade da mensagem crist\u00e3, seja para os jovens, seja para a sociedade, e alentam-nos a sonhar um mundo mais justo, humano e fraterno onde todos somos chamados a colaborar. Al\u00e9m das palavras, marcam-nos tamb\u00e9m os gestos de proximidade e ternura do Santo Padre para com todos aqueles com quem se cruzou em Lisboa e no Santu\u00e1rio de F\u00e1tima, particularmente crian\u00e7as, pessoas em situa\u00e7\u00e3o de fragilidade e v\u00edtimas de abuso sexual por membros da Igreja.<\/p>\n<p>Nesta ocasi\u00e3o, damos gra\u00e7as a Deus pelos jovens da Igreja em Portugal e por todo o empenho que, ao longo dos \u00faltimos quatro anos, colocaram na prepara\u00e7\u00e3o da Jornada Mundial da Juventude. A JMJ em Lisboa e os Dias nas Dioceses que antecederam a semana dos eventos centrais n\u00e3o significam o ponto final de uma caminhada, mas antes a continua\u00e7\u00e3o de um processo que envolveu milhares e milhares de jovens. A partir do Comit\u00e9 Organizador Local, criou-se uma rede de comunh\u00e3o entre os Comit\u00e9s Organizadores Paroquiais, Vicariais e Diocesanos que s\u00e3o uma heran\u00e7a fundamental para o futuro que desejamos construir.<\/p>\n<p>Uma palavra de gratid\u00e3o, tamb\u00e9m, a todas as entidades civis que se mobilizaram e que, no di\u00e1logo e na converg\u00eancia de objetivos comuns, contribu\u00edram para que a Jornada Mundial da Juventude realizada em Portugal fosse um aut\u00eantico sinal de acolhimento.<\/p>\n<p>Valorizando o nosso passado e tradi\u00e7\u00e3o, fi\u00e9is \u00e0s ra\u00edzes do Evangelho de Jesus Cristo, queremos continuar a ser ativamente construtores de uma Igreja mission\u00e1ria e sinodal, ao encontro de todos e acolhendo a todos, como nos pediu o Papa Francisco. Levantemo-nos e partamos, apressadamente, como Nossa Senhora, e sejamos \u201cPeregrinos da Esperan\u00e7a\u201d rumo ao Jubileu de 2025.<\/p>\n<p>Lisboa, 8 de agosto de 2023<\/p>\n","protected":false},"excerpt":{"rendered":"","protected":false},"author":1,"featured_media":7811,"comment_status":"closed","ping_status":"closed","sticky":false,"template":"","format":"standard","meta":{"site-sidebar-layout":"default","site-content-layout":"","ast-site-content-layout":"default","site-content-style":"default","site-sidebar-style":"default","ast-global-header-display":"","ast-banner-title-visibility":"","ast-main-header-display":"","ast-hfb-above-header-display":"","ast-hfb-below-header-display":"","ast-hfb-mobile-header-display":"","site-post-title":"","ast-breadcrumbs-content":"","ast-featured-img":"","footer-sml-layout":"","ast-disable-related-posts":"","theme-transparent-header-meta":"","adv-header-id-meta":"","stick-header-meta":"","header-above-stick-meta":"","header-main-stick-meta":"","header-below-stick-meta":"","astra-migrate-meta-layouts":"default","ast-page-background-enabled":"default","ast-page-background-meta":{"desktop":{"background-color":"var(--ast-global-color-4)","background-image":"","background-repeat":"repeat","background-position":"center center","background-size":"auto","background-attachment":"scroll","background-type":"","background-media":"","overlay-type":"","overlay-color":"","overlay-opacity":"","overlay-gradient":""},"tablet":{"background-color":"","background-image":"","background-repeat":"repeat","background-position":"center center","background-size":"auto","background-attachment":"scroll","background-type":"","background-media":"","overlay-type":"","overlay-color":"","overlay-opacity":"","overlay-gradient":""},"mobile":{"background-color":"","background-image":"","background-repeat":"repeat","background-position":"center center","background-size":"auto","background-attachment":"scroll","background-type":"","background-media":"","overlay-type":"","overlay-color":"","overlay-opacity":"","overlay-gradient":""}},"ast-content-background-meta":{"desktop":{"background-color":"var(--ast-global-color-5)","background-image":"","background-repeat":"repeat","background-position":"center center","background-size":"auto","background-attachment":"scroll","background-type":"","background-media":"","overlay-type":"","overlay-color":"","overlay-opacity":"","overlay-gradient":""},"tablet":{"background-color":"var(--ast-global-color-5)","background-image":"","background-repeat":"repeat","background-position":"center center","background-size":"auto","background-attachment":"scroll","background-type":"","background-media":"","overlay-type":"","overlay-color":"","overlay-opacity":"","overlay-gradient":""},"mobile":{"background-color":"var(--ast-global-color-5)","background-image":"","background-repeat":"repeat","background-position":"center center","background-size":"auto","background-attachment":"scroll","background-type":"","background-media":"","overlay-type":"","overlay-color":"","overlay-opacity":"","overlay-gradient":""}},"footnotes":""},"categories":[74,4],"tags":[],"class_list":["post-7810","post","type-post","status-publish","format-standard","has-post-thumbnail","hentry","category-entrada","category-documentos"],"yoast_head":"<!-- This site is optimized with the Yoast SEO plugin v27.5 - https:\/\/yoast.com\/product\/yoast-seo-wordpress\/ -->\n<title>Mensagem da CEP - Jornada Mundial da Juventude Lisboa 2023 - Confer\u00eancia Episcopal Portuguesa<\/title>\n<meta name=\"robots\" content=\"index, follow, max-snippet:-1, max-image-preview:large, max-video-preview:-1\" \/>\n<link rel=\"canonical\" href=\"https:\/\/www.conferenciaepiscopal.pt\/v1\/mensagem-da-cep-jornada-mundial-da-juventude-lisboa-2023\/\" \/>\n<meta property=\"og:locale\" content=\"pt_PT\" \/>\n<meta property=\"og:type\" content=\"article\" \/>\n<meta property=\"og:title\" content=\"Mensagem da CEP - Jornada Mundial da Juventude Lisboa 2023 - Confer\u00eancia Episcopal Portuguesa\" \/>\n<meta property=\"og:url\" content=\"https:\/\/www.conferenciaepiscopal.pt\/v1\/mensagem-da-cep-jornada-mundial-da-juventude-lisboa-2023\/\" \/>\n<meta property=\"og:site_name\" content=\"Confer\u00eancia Episcopal Portuguesa\" \/>\n<meta property=\"article:published_time\" content=\"2023-08-08T18:27:57+00:00\" \/>\n<meta property=\"og:image\" content=\"https:\/\/www.conferenciaepiscopal.pt\/v1\/wp-content\/uploads\/Papa-Despedida-Aeroporto.jpg\" \/>\n\t<meta property=\"og:image:width\" content=\"1500\" \/>\n\t<meta property=\"og:image:height\" content=\"1000\" \/>\n\t<meta property=\"og:image:type\" content=\"image\/jpeg\" \/>\n<meta name=\"author\" content=\"Manuel Costa\" \/>\n<meta name=\"twitter:card\" content=\"summary_large_image\" \/>\n<meta name=\"twitter:label1\" content=\"Escrito por\" \/>\n\t<meta name=\"twitter:data1\" content=\"Manuel Costa\" \/>\n\t<meta name=\"twitter:label2\" content=\"Tempo estimado de leitura\" \/>\n\t<meta name=\"twitter:data2\" content=\"3 minutos\" \/>\n<script type=\"application\/ld+json\" class=\"yoast-schema-graph\">{\"@context\":\"https:\\\/\\\/schema.org\",\"@graph\":[{\"@type\":\"Article\",\"@id\":\"https:\\\/\\\/www.conferenciaepiscopal.pt\\\/v1\\\/mensagem-da-cep-jornada-mundial-da-juventude-lisboa-2023\\\/#article\",\"isPartOf\":{\"@id\":\"https:\\\/\\\/www.conferenciaepiscopal.pt\\\/v1\\\/mensagem-da-cep-jornada-mundial-da-juventude-lisboa-2023\\\/\"},\"author\":{\"name\":\"Manuel Costa\",\"@id\":\"https:\\\/\\\/www.conferenciaepiscopal.pt\\\/v1\\\/#\\\/schema\\\/person\\\/ab696457f75fe8e22b00183bfacb4cb2\"},\"headline\":\"Mensagem da CEP &#8211; Jornada Mundial da Juventude Lisboa 2023\",\"datePublished\":\"2023-08-08T18:27:57+00:00\",\"mainEntityOfPage\":{\"@id\":\"https:\\\/\\\/www.conferenciaepiscopal.pt\\\/v1\\\/mensagem-da-cep-jornada-mundial-da-juventude-lisboa-2023\\\/\"},\"wordCount\":406,\"publisher\":{\"@id\":\"https:\\\/\\\/www.conferenciaepiscopal.pt\\\/v1\\\/#organization\"},\"image\":{\"@id\":\"https:\\\/\\\/www.conferenciaepiscopal.pt\\\/v1\\\/mensagem-da-cep-jornada-mundial-da-juventude-lisboa-2023\\\/#primaryimage\"},\"thumbnailUrl\":\"https:\\\/\\\/www.conferenciaepiscopal.pt\\\/v1\\\/wp-content\\\/uploads\\\/Papa-Despedida-Aeroporto.jpg\",\"articleSection\":[\"#entrada\",\"Documentos\"],\"inLanguage\":\"pt-PT\"},{\"@type\":\"WebPage\",\"@id\":\"https:\\\/\\\/www.conferenciaepiscopal.pt\\\/v1\\\/mensagem-da-cep-jornada-mundial-da-juventude-lisboa-2023\\\/\",\"url\":\"https:\\\/\\\/www.conferenciaepiscopal.pt\\\/v1\\\/mensagem-da-cep-jornada-mundial-da-juventude-lisboa-2023\\\/\",\"name\":\"Mensagem da CEP - Jornada Mundial da Juventude Lisboa 2023 - Confer\u00eancia Episcopal Portuguesa\",\"isPartOf\":{\"@id\":\"https:\\\/\\\/www.conferenciaepiscopal.pt\\\/v1\\\/#website\"},\"primaryImageOfPage\":{\"@id\":\"https:\\\/\\\/www.conferenciaepiscopal.pt\\\/v1\\\/mensagem-da-cep-jornada-mundial-da-juventude-lisboa-2023\\\/#primaryimage\"},\"image\":{\"@id\":\"https:\\\/\\\/www.conferenciaepiscopal.pt\\\/v1\\\/mensagem-da-cep-jornada-mundial-da-juventude-lisboa-2023\\\/#primaryimage\"},\"thumbnailUrl\":\"https:\\\/\\\/www.conferenciaepiscopal.pt\\\/v1\\\/wp-content\\\/uploads\\\/Papa-Despedida-Aeroporto.jpg\",\"datePublished\":\"2023-08-08T18:27:57+00:00\",\"breadcrumb\":{\"@id\":\"https:\\\/\\\/www.conferenciaepiscopal.pt\\\/v1\\\/mensagem-da-cep-jornada-mundial-da-juventude-lisboa-2023\\\/#breadcrumb\"},\"inLanguage\":\"pt-PT\",\"potentialAction\":[{\"@type\":\"ReadAction\",\"target\":[\"https:\\\/\\\/www.conferenciaepiscopal.pt\\\/v1\\\/mensagem-da-cep-jornada-mundial-da-juventude-lisboa-2023\\\/\"]}]},{\"@type\":\"ImageObject\",\"inLanguage\":\"pt-PT\",\"@id\":\"https:\\\/\\\/www.conferenciaepiscopal.pt\\\/v1\\\/mensagem-da-cep-jornada-mundial-da-juventude-lisboa-2023\\\/#primaryimage\",\"url\":\"https:\\\/\\\/www.conferenciaepiscopal.pt\\\/v1\\\/wp-content\\\/uploads\\\/Papa-Despedida-Aeroporto.jpg\",\"contentUrl\":\"https:\\\/\\\/www.conferenciaepiscopal.pt\\\/v1\\\/wp-content\\\/uploads\\\/Papa-Despedida-Aeroporto.jpg\",\"width\":1500,\"height\":1000,\"caption\":\"Foto: Tiago Petinga\\\/Lusa\"},{\"@type\":\"BreadcrumbList\",\"@id\":\"https:\\\/\\\/www.conferenciaepiscopal.pt\\\/v1\\\/mensagem-da-cep-jornada-mundial-da-juventude-lisboa-2023\\\/#breadcrumb\",\"itemListElement\":[{\"@type\":\"ListItem\",\"position\":1,\"name\":\"In\u00edcio\",\"item\":\"https:\\\/\\\/www.conferenciaepiscopal.pt\\\/v1\\\/\"},{\"@type\":\"ListItem\",\"position\":2,\"name\":\"Mensagem da CEP &#8211; Jornada Mundial da Juventude Lisboa 2023\"}]},{\"@type\":\"WebSite\",\"@id\":\"https:\\\/\\\/www.conferenciaepiscopal.pt\\\/v1\\\/#website\",\"url\":\"https:\\\/\\\/www.conferenciaepiscopal.pt\\\/v1\\\/\",\"name\":\"Confer\u00eancia Episcopal Portuguesa\",\"description\":\"Igreja Cat\u00f3lica em Portugal\",\"publisher\":{\"@id\":\"https:\\\/\\\/www.conferenciaepiscopal.pt\\\/v1\\\/#organization\"},\"potentialAction\":[{\"@type\":\"SearchAction\",\"target\":{\"@type\":\"EntryPoint\",\"urlTemplate\":\"https:\\\/\\\/www.conferenciaepiscopal.pt\\\/v1\\\/?s={search_term_string}\"},\"query-input\":{\"@type\":\"PropertyValueSpecification\",\"valueRequired\":true,\"valueName\":\"search_term_string\"}}],\"inLanguage\":\"pt-PT\"},{\"@type\":\"Organization\",\"@id\":\"https:\\\/\\\/www.conferenciaepiscopal.pt\\\/v1\\\/#organization\",\"name\":\"Confer\u00eancia Episcopal Portuguesa\",\"url\":\"https:\\\/\\\/www.conferenciaepiscopal.pt\\\/v1\\\/\",\"logo\":{\"@type\":\"ImageObject\",\"inLanguage\":\"pt-PT\",\"@id\":\"https:\\\/\\\/www.conferenciaepiscopal.pt\\\/v1\\\/#\\\/schema\\\/logo\\\/image\\\/\",\"url\":\"https:\\\/\\\/www.conferenciaepiscopal.pt\\\/v1\\\/wp-content\\\/uploads\\\/cropped-logoTransparente.png\",\"contentUrl\":\"https:\\\/\\\/www.conferenciaepiscopal.pt\\\/v1\\\/wp-content\\\/uploads\\\/cropped-logoTransparente.png\",\"width\":512,\"height\":512,\"caption\":\"Confer\u00eancia Episcopal Portuguesa\"},\"image\":{\"@id\":\"https:\\\/\\\/www.conferenciaepiscopal.pt\\\/v1\\\/#\\\/schema\\\/logo\\\/image\\\/\"}},{\"@type\":\"Person\",\"@id\":\"https:\\\/\\\/www.conferenciaepiscopal.pt\\\/v1\\\/#\\\/schema\\\/person\\\/ab696457f75fe8e22b00183bfacb4cb2\",\"name\":\"Manuel Costa\",\"image\":{\"@type\":\"ImageObject\",\"inLanguage\":\"pt-PT\",\"@id\":\"https:\\\/\\\/secure.gravatar.com\\\/avatar\\\/5054571ff5d2454cd50657fc4e61d0c32d7a5d0d3b36ef6c0f6e269276d13618?s=96&d=mm&r=g\",\"url\":\"https:\\\/\\\/secure.gravatar.com\\\/avatar\\\/5054571ff5d2454cd50657fc4e61d0c32d7a5d0d3b36ef6c0f6e269276d13618?s=96&d=mm&r=g\",\"contentUrl\":\"https:\\\/\\\/secure.gravatar.com\\\/avatar\\\/5054571ff5d2454cd50657fc4e61d0c32d7a5d0d3b36ef6c0f6e269276d13618?s=96&d=mm&r=g\",\"caption\":\"Manuel Costa\"}}]}<\/script>\n<!-- \/ Yoast SEO plugin. -->","yoast_head_json":{"title":"Mensagem da CEP - Jornada Mundial da Juventude Lisboa 2023 - Confer\u00eancia Episcopal Portuguesa","robots":{"index":"index","follow":"follow","max-snippet":"max-snippet:-1","max-image-preview":"max-image-preview:large","max-video-preview":"max-video-preview:-1"},"canonical":"https:\/\/www.conferenciaepiscopal.pt\/v1\/mensagem-da-cep-jornada-mundial-da-juventude-lisboa-2023\/","og_locale":"pt_PT","og_type":"article","og_title":"Mensagem da CEP - Jornada Mundial da Juventude Lisboa 2023 - Confer\u00eancia Episcopal Portuguesa","og_url":"https:\/\/www.conferenciaepiscopal.pt\/v1\/mensagem-da-cep-jornada-mundial-da-juventude-lisboa-2023\/","og_site_name":"Confer\u00eancia Episcopal Portuguesa","article_published_time":"2023-08-08T18:27:57+00:00","og_image":[{"width":1500,"height":1000,"url":"https:\/\/www.conferenciaepiscopal.pt\/v1\/wp-content\/uploads\/Papa-Despedida-Aeroporto.jpg","type":"image\/jpeg"}],"author":"Manuel Costa","twitter_card":"summary_large_image","twitter_misc":{"Escrito por":"Manuel Costa","Tempo estimado de leitura":"3 minutos"},"schema":{"@context":"https:\/\/schema.org","@graph":[{"@type":"Article","@id":"https:\/\/www.conferenciaepiscopal.pt\/v1\/mensagem-da-cep-jornada-mundial-da-juventude-lisboa-2023\/#article","isPartOf":{"@id":"https:\/\/www.conferenciaepiscopal.pt\/v1\/mensagem-da-cep-jornada-mundial-da-juventude-lisboa-2023\/"},"author":{"name":"Manuel Costa","@id":"https:\/\/www.conferenciaepiscopal.pt\/v1\/#\/schema\/person\/ab696457f75fe8e22b00183bfacb4cb2"},"headline":"Mensagem da CEP &#8211; Jornada Mundial da Juventude Lisboa 2023","datePublished":"2023-08-08T18:27:57+00:00","mainEntityOfPage":{"@id":"https:\/\/www.conferenciaepiscopal.pt\/v1\/mensagem-da-cep-jornada-mundial-da-juventude-lisboa-2023\/"},"wordCount":406,"publisher":{"@id":"https:\/\/www.conferenciaepiscopal.pt\/v1\/#organization"},"image":{"@id":"https:\/\/www.conferenciaepiscopal.pt\/v1\/mensagem-da-cep-jornada-mundial-da-juventude-lisboa-2023\/#primaryimage"},"thumbnailUrl":"https:\/\/www.conferenciaepiscopal.pt\/v1\/wp-content\/uploads\/Papa-Despedida-Aeroporto.jpg","articleSection":["#entrada","Documentos"],"inLanguage":"pt-PT"},{"@type":"WebPage","@id":"https:\/\/www.conferenciaepiscopal.pt\/v1\/mensagem-da-cep-jornada-mundial-da-juventude-lisboa-2023\/","url":"https:\/\/www.conferenciaepiscopal.pt\/v1\/mensagem-da-cep-jornada-mundial-da-juventude-lisboa-2023\/","name":"Mensagem da CEP - Jornada Mundial da Juventude Lisboa 2023 - Confer\u00eancia Episcopal Portuguesa","isPartOf":{"@id":"https:\/\/www.conferenciaepiscopal.pt\/v1\/#website"},"primaryImageOfPage":{"@id":"https:\/\/www.conferenciaepiscopal.pt\/v1\/mensagem-da-cep-jornada-mundial-da-juventude-lisboa-2023\/#primaryimage"},"image":{"@id":"https:\/\/www.conferenciaepiscopal.pt\/v1\/mensagem-da-cep-jornada-mundial-da-juventude-lisboa-2023\/#primaryimage"},"thumbnailUrl":"https:\/\/www.conferenciaepiscopal.pt\/v1\/wp-content\/uploads\/Papa-Despedida-Aeroporto.jpg","datePublished":"2023-08-08T18:27:57+00:00","breadcrumb":{"@id":"https:\/\/www.conferenciaepiscopal.pt\/v1\/mensagem-da-cep-jornada-mundial-da-juventude-lisboa-2023\/#breadcrumb"},"inLanguage":"pt-PT","potentialAction":[{"@type":"ReadAction","target":["https:\/\/www.conferenciaepiscopal.pt\/v1\/mensagem-da-cep-jornada-mundial-da-juventude-lisboa-2023\/"]}]},{"@type":"ImageObject","inLanguage":"pt-PT","@id":"https:\/\/www.conferenciaepiscopal.pt\/v1\/mensagem-da-cep-jornada-mundial-da-juventude-lisboa-2023\/#primaryimage","url":"https:\/\/www.conferenciaepiscopal.pt\/v1\/wp-content\/uploads\/Papa-Despedida-Aeroporto.jpg","contentUrl":"https:\/\/www.conferenciaepiscopal.pt\/v1\/wp-content\/uploads\/Papa-Despedida-Aeroporto.jpg","width":1500,"height":1000,"caption":"Foto: Tiago Petinga\/Lusa"},{"@type":"BreadcrumbList","@id":"https:\/\/www.conferenciaepiscopal.pt\/v1\/mensagem-da-cep-jornada-mundial-da-juventude-lisboa-2023\/#breadcrumb","itemListElement":[{"@type":"ListItem","position":1,"name":"In\u00edcio","item":"https:\/\/www.conferenciaepiscopal.pt\/v1\/"},{"@type":"ListItem","position":2,"name":"Mensagem da CEP &#8211; Jornada Mundial da Juventude Lisboa 2023"}]},{"@type":"WebSite","@id":"https:\/\/www.conferenciaepiscopal.pt\/v1\/#website","url":"https:\/\/www.conferenciaepiscopal.pt\/v1\/","name":"Confer\u00eancia Episcopal Portuguesa","description":"Igreja Cat\u00f3lica em Portugal","publisher":{"@id":"https:\/\/www.conferenciaepiscopal.pt\/v1\/#organization"},"potentialAction":[{"@type":"SearchAction","target":{"@type":"EntryPoint","urlTemplate":"https:\/\/www.conferenciaepiscopal.pt\/v1\/?s={search_term_string}"},"query-input":{"@type":"PropertyValueSpecification","valueRequired":true,"valueName":"search_term_string"}}],"inLanguage":"pt-PT"},{"@type":"Organization","@id":"https:\/\/www.conferenciaepiscopal.pt\/v1\/#organization","name":"Confer\u00eancia Episcopal Portuguesa","url":"https:\/\/www.conferenciaepiscopal.pt\/v1\/","logo":{"@type":"ImageObject","inLanguage":"pt-PT","@id":"https:\/\/www.conferenciaepiscopal.pt\/v1\/#\/schema\/logo\/image\/","url":"https:\/\/www.conferenciaepiscopal.pt\/v1\/wp-content\/uploads\/cropped-logoTransparente.png","contentUrl":"https:\/\/www.conferenciaepiscopal.pt\/v1\/wp-content\/uploads\/cropped-logoTransparente.png","width":512,"height":512,"caption":"Confer\u00eancia Episcopal Portuguesa"},"image":{"@id":"https:\/\/www.conferenciaepiscopal.pt\/v1\/#\/schema\/logo\/image\/"}},{"@type":"Person","@id":"https:\/\/www.conferenciaepiscopal.pt\/v1\/#\/schema\/person\/ab696457f75fe8e22b00183bfacb4cb2","name":"Manuel Costa","image":{"@type":"ImageObject","inLanguage":"pt-PT","@id":"https:\/\/secure.gravatar.com\/avatar\/5054571ff5d2454cd50657fc4e61d0c32d7a5d0d3b36ef6c0f6e269276d13618?s=96&d=mm&r=g","url":"https:\/\/secure.gravatar.com\/avatar\/5054571ff5d2454cd50657fc4e61d0c32d7a5d0d3b36ef6c0f6e269276d13618?s=96&d=mm&r=g","contentUrl":"https:\/\/secure.gravatar.com\/avatar\/5054571ff5d2454cd50657fc4e61d0c32d7a5d0d3b36ef6c0f6e269276d13618?s=96&d=mm&r=g","caption":"Manuel Costa"}}]}},"_links":{"self":[{"href":"https:\/\/www.conferenciaepiscopal.pt\/v1\/wp-json\/wp\/v2\/posts\/7810","targetHints":{"allow":["GET"]}}],"collection":[{"href":"https:\/\/www.conferenciaepiscopal.pt\/v1\/wp-json\/wp\/v2\/posts"}],"about":[{"href":"https:\/\/www.conferenciaepiscopal.pt\/v1\/wp-json\/wp\/v2\/types\/post"}],"author":[{"embeddable":true,"href":"https:\/\/www.conferenciaepiscopal.pt\/v1\/wp-json\/wp\/v2\/users\/1"}],"replies":[{"embeddable":true,"href":"https:\/\/www.conferenciaepiscopal.pt\/v1\/wp-json\/wp\/v2\/comments?post=7810"}],"version-history":[{"count":1,"href":"https:\/\/www.conferenciaepiscopal.pt\/v1\/wp-json\/wp\/v2\/posts\/7810\/revisions"}],"predecessor-version":[{"id":7812,"href":"https:\/\/www.conferenciaepiscopal.pt\/v1\/wp-json\/wp\/v2\/posts\/7810\/revisions\/7812"}],"wp:featuredmedia":[{"embeddable":true,"href":"https:\/\/www.conferenciaepiscopal.pt\/v1\/wp-json\/wp\/v2\/media\/7811"}],"wp:attachment":[{"href":"https:\/\/www.conferenciaepiscopal.pt\/v1\/wp-json\/wp\/v2\/media?parent=7810"}],"wp:term":[{"taxonomy":"category","embeddable":true,"href":"https:\/\/www.conferenciaepiscopal.pt\/v1\/wp-json\/wp\/v2\/categories?post=7810"},{"taxonomy":"post_tag","embeddable":true,"href":"https:\/\/www.conferenciaepiscopal.pt\/v1\/wp-json\/wp\/v2\/tags?post=7810"}],"curies":[{"name":"wp","href":"https:\/\/api.w.org\/{rel}","templated":true}]}}