{"id":7750,"date":"2023-05-26T11:00:41","date_gmt":"2023-05-26T10:00:41","guid":{"rendered":"https:\/\/www.conferenciaepiscopal.pt\/v1\/?p=7750"},"modified":"2023-05-26T11:30:41","modified_gmt":"2023-05-26T10:30:41","slug":"nota-da-cep-sobre-a-nomeacao-episcopal-do-conego-roberto-mariz-e-do-padre-joaquim-dionisio-para-bispos-auxiliares-do-porto","status":"publish","type":"post","link":"https:\/\/www.conferenciaepiscopal.pt\/v1\/nota-da-cep-sobre-a-nomeacao-episcopal-do-conego-roberto-mariz-e-do-padre-joaquim-dionisio-para-bispos-auxiliares-do-porto\/","title":{"rendered":"Nota da CEP sobre a nomea\u00e7\u00e3o episcopal do C\u00f3nego Roberto Mariz e do Padre Joaquim Dion\u00edsio para Bispos Auxiliares do Porto"},"content":{"rendered":"<p><!--more--><\/p>\n<p>\u00c9 com alegria que a Confer\u00eancia Episcopal Portuguesa acolhe a nomea\u00e7\u00e3o pelo Papa Francisco de dois novos Bispos Auxiliares para o Porto: C\u00f3nego <strong>Roberto Rosmaninho Mariz, da arquidiocese de Braga, <\/strong>atual Ec\u00f3nomo Diocesano e P\u00e1roco de S\u00e3o Jos\u00e9 de S\u00e3o L\u00e1zaro<strong>; Padre Joaquim Proen\u00e7a Dion\u00edsio, diocese de Lamego, <\/strong>atual Reitor do Santu\u00e1rio de Nossa Senhora da Lapa e P\u00e1roco de Nossa Senhora das Neves do Granjal,\u00a0de Nossa Senhora da Concei\u00e7\u00e3o de Lamosa e de S\u00e3o\u00a0Jo\u00e3o Baptista de Quintela da Lapa.<\/p>\n<p>Que o Senhor aben\u00e7oe D. Roberto Mariz e D. Joaquim Dion\u00edsio no minist\u00e9rio episcopal que s\u00e3o chamados a exercer na diocese do Porto, em comunh\u00e3o com o seu Bispo Diocesano e na proximidade pastoral ao Povo de Deus. Que a sua atividade pastoral nesta diocese e no \u00e2mbito da Confer\u00eancia Episcopal contribua para a renova\u00e7\u00e3o da Igreja em Portugal, particularmente neste processo sinodal que estamos a viver em toda Igreja.<\/p>\n<p>Lisboa, 26 de maio de 2023<\/p>\n<p>[Anexo: <em>Curriculum Vitae<\/em> de <a href=\"https:\/\/www.conferenciaepiscopal.pt\/v1\/wp-content\/uploads\/20230526_BisposAuxiliaresPorto_CV_RobertoMariz.pdf\" target=\"_blank\" rel=\"noopener\">D. Roberto Mariz<\/a> e de <a href=\"https:\/\/www.conferenciaepiscopal.pt\/v1\/wp-content\/uploads\/20230526_BisposAuxiliaresPorto_CV_JoaquimDionisioP.pdf\" target=\"_blank\" rel=\"noopener\">D. Joaquim Dion\u00edsio<\/a>]<\/p>\n<table style=\"border-collapse: collapse; width: 71.2472%;\">\n<tbody>\n<tr>\n<td style=\"width: 37.0799%;\">\n<p><figure id=\"attachment_7758\" aria-describedby=\"caption-attachment-7758\" style=\"width: 433px\" class=\"wp-caption alignnone\"><img fetchpriority=\"high\" decoding=\"async\" class=\"wp-image-7758 \" src=\"https:\/\/www.conferenciaepiscopal.pt\/v1\/wp-content\/uploads\/roberto-braga4-1024x683.jpg\" alt=\"\" width=\"433\" height=\"289\" srcset=\"https:\/\/www.conferenciaepiscopal.pt\/v1\/wp-content\/uploads\/roberto-braga4-1024x683.jpg 1024w, https:\/\/www.conferenciaepiscopal.pt\/v1\/wp-content\/uploads\/roberto-braga4-300x200.jpg 300w, https:\/\/www.conferenciaepiscopal.pt\/v1\/wp-content\/uploads\/roberto-braga4-768x512.jpg 768w, https:\/\/www.conferenciaepiscopal.pt\/v1\/wp-content\/uploads\/roberto-braga4-1080x720.jpg 1080w, https:\/\/www.conferenciaepiscopal.pt\/v1\/wp-content\/uploads\/roberto-braga4-980x653.jpg 980w, https:\/\/www.conferenciaepiscopal.pt\/v1\/wp-content\/uploads\/roberto-braga4-480x320.jpg 480w, https:\/\/www.conferenciaepiscopal.pt\/v1\/wp-content\/uploads\/roberto-braga4.jpg 1200w\" sizes=\"(max-width: 433px) 100vw, 433px\" \/><figcaption id=\"caption-attachment-7758\" class=\"wp-caption-text\">C\u00f3nego Roberto Rosmaninho Mariz, da arquidiocese de Braga<\/figcaption><\/figure><\/td>\n<td style=\"width: 34.1673%;\">\n<p><figure id=\"attachment_7756\" aria-describedby=\"caption-attachment-7756\" style=\"width: 433px\" class=\"wp-caption alignnone\"><img decoding=\"async\" class=\"wp-image-7756 \" src=\"https:\/\/www.conferenciaepiscopal.pt\/v1\/wp-content\/uploads\/joaquim-dionisio-lamego-1024x683.jpg\" alt=\"\" width=\"433\" height=\"288\" srcset=\"https:\/\/www.conferenciaepiscopal.pt\/v1\/wp-content\/uploads\/joaquim-dionisio-lamego-1024x683.jpg 1024w, https:\/\/www.conferenciaepiscopal.pt\/v1\/wp-content\/uploads\/joaquim-dionisio-lamego-300x200.jpg 300w, https:\/\/www.conferenciaepiscopal.pt\/v1\/wp-content\/uploads\/joaquim-dionisio-lamego-768x512.jpg 768w, https:\/\/www.conferenciaepiscopal.pt\/v1\/wp-content\/uploads\/joaquim-dionisio-lamego-1080x720.jpg 1080w, https:\/\/www.conferenciaepiscopal.pt\/v1\/wp-content\/uploads\/joaquim-dionisio-lamego-980x653.jpg 980w, https:\/\/www.conferenciaepiscopal.pt\/v1\/wp-content\/uploads\/joaquim-dionisio-lamego-480x320.jpg 480w, https:\/\/www.conferenciaepiscopal.pt\/v1\/wp-content\/uploads\/joaquim-dionisio-lamego.jpg 1200w\" sizes=\"(max-width: 433px) 100vw, 433px\" \/><figcaption id=\"caption-attachment-7756\" class=\"wp-caption-text\">Padre Joaquim Proen\u00e7a Dion\u00edsio, diocese de Lamego<\/figcaption><\/figure><\/td>\n<\/tr>\n<\/tbody>\n<\/table>\n","protected":false},"excerpt":{"rendered":"","protected":false},"author":1,"featured_media":5628,"comment_status":"closed","ping_status":"closed","sticky":false,"template":"","format":"standard","meta":{"site-sidebar-layout":"default","site-content-layout":"","ast-site-content-layout":"default","site-content-style":"default","site-sidebar-style":"default","ast-global-header-display":"","ast-banner-title-visibility":"","ast-main-header-display":"","ast-hfb-above-header-display":"","ast-hfb-below-header-display":"","ast-hfb-mobile-header-display":"","site-post-title":"","ast-breadcrumbs-content":"","ast-featured-img":"","footer-sml-layout":"","ast-disable-related-posts":"","theme-transparent-header-meta":"","adv-header-id-meta":"","stick-header-meta":"","header-above-stick-meta":"","header-main-stick-meta":"","header-below-stick-meta":"","astra-migrate-meta-layouts":"default","ast-page-background-enabled":"default","ast-page-background-meta":{"desktop":{"background-color":"var(--ast-global-color-4)","background-image":"","background-repeat":"repeat","background-position":"center center","background-size":"auto","background-attachment":"scroll","background-type":"","background-media":"","overlay-type":"","overlay-color":"","overlay-opacity":"","overlay-gradient":""},"tablet":{"background-color":"","background-image":"","background-repeat":"repeat","background-position":"center center","background-size":"auto","background-attachment":"scroll","background-type":"","background-media":"","overlay-type":"","overlay-color":"","overlay-opacity":"","overlay-gradient":""},"mobile":{"background-color":"","background-image":"","background-repeat":"repeat","background-position":"center center","background-size":"auto","background-attachment":"scroll","background-type":"","background-media":"","overlay-type":"","overlay-color":"","overlay-opacity":"","overlay-gradient":""}},"ast-content-background-meta":{"desktop":{"background-color":"var(--ast-global-color-5)","background-image":"","background-repeat":"repeat","background-position":"center center","background-size":"auto","background-attachment":"scroll","background-type":"","background-media":"","overlay-type":"","overlay-color":"","overlay-opacity":"","overlay-gradient":""},"tablet":{"background-color":"var(--ast-global-color-5)","background-image":"","background-repeat":"repeat","background-position":"center center","background-size":"auto","background-attachment":"scroll","background-type":"","background-media":"","overlay-type":"","overlay-color":"","overlay-opacity":"","overlay-gradient":""},"mobile":{"background-color":"var(--ast-global-color-5)","background-image":"","background-repeat":"repeat","background-position":"center center","background-size":"auto","background-attachment":"scroll","background-type":"","background-media":"","overlay-type":"","overlay-color":"","overlay-opacity":"","overlay-gradient":""}},"footnotes":""},"categories":[74,4],"tags":[],"class_list":["post-7750","post","type-post","status-publish","format-standard","has-post-thumbnail","hentry","category-entrada","category-documentos"],"yoast_head":"<!-- This site is optimized with the Yoast SEO plugin v27.5 - https:\/\/yoast.com\/product\/yoast-seo-wordpress\/ -->\n<title>Nota da CEP sobre a nomea\u00e7\u00e3o episcopal do C\u00f3nego Roberto Mariz e do Padre Joaquim Dion\u00edsio para Bispos Auxiliares do Porto - Confer\u00eancia Episcopal Portuguesa<\/title>\n<meta name=\"robots\" content=\"index, follow, max-snippet:-1, max-image-preview:large, max-video-preview:-1\" \/>\n<link rel=\"canonical\" href=\"https:\/\/www.conferenciaepiscopal.pt\/v1\/nota-da-cep-sobre-a-nomeacao-episcopal-do-conego-roberto-mariz-e-do-padre-joaquim-dionisio-para-bispos-auxiliares-do-porto\/\" \/>\n<meta property=\"og:locale\" content=\"pt_PT\" \/>\n<meta property=\"og:type\" content=\"article\" \/>\n<meta property=\"og:title\" content=\"Nota da CEP sobre a nomea\u00e7\u00e3o episcopal do C\u00f3nego Roberto Mariz e do Padre Joaquim Dion\u00edsio para Bispos Auxiliares do Porto - Confer\u00eancia Episcopal Portuguesa\" \/>\n<meta property=\"og:url\" content=\"https:\/\/www.conferenciaepiscopal.pt\/v1\/nota-da-cep-sobre-a-nomeacao-episcopal-do-conego-roberto-mariz-e-do-padre-joaquim-dionisio-para-bispos-auxiliares-do-porto\/\" \/>\n<meta property=\"og:site_name\" content=\"Confer\u00eancia Episcopal Portuguesa\" \/>\n<meta property=\"article:published_time\" content=\"2023-05-26T10:00:41+00:00\" \/>\n<meta property=\"article:modified_time\" content=\"2023-05-26T10:30:41+00:00\" \/>\n<meta property=\"og:image\" content=\"https:\/\/www.conferenciaepiscopal.pt\/v1\/wp-content\/uploads\/cep.jpg\" \/>\n\t<meta property=\"og:image:width\" content=\"925\" \/>\n\t<meta property=\"og:image:height\" content=\"630\" \/>\n\t<meta property=\"og:image:type\" content=\"image\/jpeg\" \/>\n<meta name=\"author\" content=\"Manuel Costa\" \/>\n<meta name=\"twitter:card\" content=\"summary_large_image\" \/>\n<meta name=\"twitter:label1\" content=\"Escrito por\" \/>\n\t<meta name=\"twitter:data1\" content=\"Manuel Costa\" \/>\n\t<meta name=\"twitter:label2\" content=\"Tempo estimado de leitura\" \/>\n\t<meta name=\"twitter:data2\" content=\"2 minutos\" \/>\n<script type=\"application\/ld+json\" class=\"yoast-schema-graph\">{\"@context\":\"https:\\\/\\\/schema.org\",\"@graph\":[{\"@type\":\"Article\",\"@id\":\"https:\\\/\\\/www.conferenciaepiscopal.pt\\\/v1\\\/nota-da-cep-sobre-a-nomeacao-episcopal-do-conego-roberto-mariz-e-do-padre-joaquim-dionisio-para-bispos-auxiliares-do-porto\\\/#article\",\"isPartOf\":{\"@id\":\"https:\\\/\\\/www.conferenciaepiscopal.pt\\\/v1\\\/nota-da-cep-sobre-a-nomeacao-episcopal-do-conego-roberto-mariz-e-do-padre-joaquim-dionisio-para-bispos-auxiliares-do-porto\\\/\"},\"author\":{\"name\":\"Manuel Costa\",\"@id\":\"https:\\\/\\\/www.conferenciaepiscopal.pt\\\/v1\\\/#\\\/schema\\\/person\\\/ab696457f75fe8e22b00183bfacb4cb2\"},\"headline\":\"Nota da CEP sobre a nomea\u00e7\u00e3o episcopal do C\u00f3nego Roberto Mariz e do Padre Joaquim Dion\u00edsio para Bispos Auxiliares do Porto\",\"datePublished\":\"2023-05-26T10:00:41+00:00\",\"dateModified\":\"2023-05-26T10:30:41+00:00\",\"mainEntityOfPage\":{\"@id\":\"https:\\\/\\\/www.conferenciaepiscopal.pt\\\/v1\\\/nota-da-cep-sobre-a-nomeacao-episcopal-do-conego-roberto-mariz-e-do-padre-joaquim-dionisio-para-bispos-auxiliares-do-porto\\\/\"},\"wordCount\":246,\"publisher\":{\"@id\":\"https:\\\/\\\/www.conferenciaepiscopal.pt\\\/v1\\\/#organization\"},\"image\":{\"@id\":\"https:\\\/\\\/www.conferenciaepiscopal.pt\\\/v1\\\/nota-da-cep-sobre-a-nomeacao-episcopal-do-conego-roberto-mariz-e-do-padre-joaquim-dionisio-para-bispos-auxiliares-do-porto\\\/#primaryimage\"},\"thumbnailUrl\":\"https:\\\/\\\/www.conferenciaepiscopal.pt\\\/v1\\\/wp-content\\\/uploads\\\/cep.jpg\",\"articleSection\":[\"#entrada\",\"Documentos\"],\"inLanguage\":\"pt-PT\"},{\"@type\":\"WebPage\",\"@id\":\"https:\\\/\\\/www.conferenciaepiscopal.pt\\\/v1\\\/nota-da-cep-sobre-a-nomeacao-episcopal-do-conego-roberto-mariz-e-do-padre-joaquim-dionisio-para-bispos-auxiliares-do-porto\\\/\",\"url\":\"https:\\\/\\\/www.conferenciaepiscopal.pt\\\/v1\\\/nota-da-cep-sobre-a-nomeacao-episcopal-do-conego-roberto-mariz-e-do-padre-joaquim-dionisio-para-bispos-auxiliares-do-porto\\\/\",\"name\":\"Nota da CEP sobre a nomea\u00e7\u00e3o episcopal do C\u00f3nego Roberto Mariz e do Padre Joaquim Dion\u00edsio para Bispos Auxiliares do Porto - Confer\u00eancia Episcopal Portuguesa\",\"isPartOf\":{\"@id\":\"https:\\\/\\\/www.conferenciaepiscopal.pt\\\/v1\\\/#website\"},\"primaryImageOfPage\":{\"@id\":\"https:\\\/\\\/www.conferenciaepiscopal.pt\\\/v1\\\/nota-da-cep-sobre-a-nomeacao-episcopal-do-conego-roberto-mariz-e-do-padre-joaquim-dionisio-para-bispos-auxiliares-do-porto\\\/#primaryimage\"},\"image\":{\"@id\":\"https:\\\/\\\/www.conferenciaepiscopal.pt\\\/v1\\\/nota-da-cep-sobre-a-nomeacao-episcopal-do-conego-roberto-mariz-e-do-padre-joaquim-dionisio-para-bispos-auxiliares-do-porto\\\/#primaryimage\"},\"thumbnailUrl\":\"https:\\\/\\\/www.conferenciaepiscopal.pt\\\/v1\\\/wp-content\\\/uploads\\\/cep.jpg\",\"datePublished\":\"2023-05-26T10:00:41+00:00\",\"dateModified\":\"2023-05-26T10:30:41+00:00\",\"breadcrumb\":{\"@id\":\"https:\\\/\\\/www.conferenciaepiscopal.pt\\\/v1\\\/nota-da-cep-sobre-a-nomeacao-episcopal-do-conego-roberto-mariz-e-do-padre-joaquim-dionisio-para-bispos-auxiliares-do-porto\\\/#breadcrumb\"},\"inLanguage\":\"pt-PT\",\"potentialAction\":[{\"@type\":\"ReadAction\",\"target\":[\"https:\\\/\\\/www.conferenciaepiscopal.pt\\\/v1\\\/nota-da-cep-sobre-a-nomeacao-episcopal-do-conego-roberto-mariz-e-do-padre-joaquim-dionisio-para-bispos-auxiliares-do-porto\\\/\"]}]},{\"@type\":\"ImageObject\",\"inLanguage\":\"pt-PT\",\"@id\":\"https:\\\/\\\/www.conferenciaepiscopal.pt\\\/v1\\\/nota-da-cep-sobre-a-nomeacao-episcopal-do-conego-roberto-mariz-e-do-padre-joaquim-dionisio-para-bispos-auxiliares-do-porto\\\/#primaryimage\",\"url\":\"https:\\\/\\\/www.conferenciaepiscopal.pt\\\/v1\\\/wp-content\\\/uploads\\\/cep.jpg\",\"contentUrl\":\"https:\\\/\\\/www.conferenciaepiscopal.pt\\\/v1\\\/wp-content\\\/uploads\\\/cep.jpg\",\"width\":925,\"height\":630},{\"@type\":\"BreadcrumbList\",\"@id\":\"https:\\\/\\\/www.conferenciaepiscopal.pt\\\/v1\\\/nota-da-cep-sobre-a-nomeacao-episcopal-do-conego-roberto-mariz-e-do-padre-joaquim-dionisio-para-bispos-auxiliares-do-porto\\\/#breadcrumb\",\"itemListElement\":[{\"@type\":\"ListItem\",\"position\":1,\"name\":\"In\u00edcio\",\"item\":\"https:\\\/\\\/www.conferenciaepiscopal.pt\\\/v1\\\/\"},{\"@type\":\"ListItem\",\"position\":2,\"name\":\"Nota da CEP sobre a nomea\u00e7\u00e3o episcopal do C\u00f3nego Roberto Mariz e do Padre Joaquim Dion\u00edsio para Bispos Auxiliares do Porto\"}]},{\"@type\":\"WebSite\",\"@id\":\"https:\\\/\\\/www.conferenciaepiscopal.pt\\\/v1\\\/#website\",\"url\":\"https:\\\/\\\/www.conferenciaepiscopal.pt\\\/v1\\\/\",\"name\":\"Confer\u00eancia Episcopal Portuguesa\",\"description\":\"Igreja Cat\u00f3lica em Portugal\",\"publisher\":{\"@id\":\"https:\\\/\\\/www.conferenciaepiscopal.pt\\\/v1\\\/#organization\"},\"potentialAction\":[{\"@type\":\"SearchAction\",\"target\":{\"@type\":\"EntryPoint\",\"urlTemplate\":\"https:\\\/\\\/www.conferenciaepiscopal.pt\\\/v1\\\/?s={search_term_string}\"},\"query-input\":{\"@type\":\"PropertyValueSpecification\",\"valueRequired\":true,\"valueName\":\"search_term_string\"}}],\"inLanguage\":\"pt-PT\"},{\"@type\":\"Organization\",\"@id\":\"https:\\\/\\\/www.conferenciaepiscopal.pt\\\/v1\\\/#organization\",\"name\":\"Confer\u00eancia Episcopal Portuguesa\",\"url\":\"https:\\\/\\\/www.conferenciaepiscopal.pt\\\/v1\\\/\",\"logo\":{\"@type\":\"ImageObject\",\"inLanguage\":\"pt-PT\",\"@id\":\"https:\\\/\\\/www.conferenciaepiscopal.pt\\\/v1\\\/#\\\/schema\\\/logo\\\/image\\\/\",\"url\":\"https:\\\/\\\/www.conferenciaepiscopal.pt\\\/v1\\\/wp-content\\\/uploads\\\/cropped-logoTransparente.png\",\"contentUrl\":\"https:\\\/\\\/www.conferenciaepiscopal.pt\\\/v1\\\/wp-content\\\/uploads\\\/cropped-logoTransparente.png\",\"width\":512,\"height\":512,\"caption\":\"Confer\u00eancia Episcopal Portuguesa\"},\"image\":{\"@id\":\"https:\\\/\\\/www.conferenciaepiscopal.pt\\\/v1\\\/#\\\/schema\\\/logo\\\/image\\\/\"}},{\"@type\":\"Person\",\"@id\":\"https:\\\/\\\/www.conferenciaepiscopal.pt\\\/v1\\\/#\\\/schema\\\/person\\\/ab696457f75fe8e22b00183bfacb4cb2\",\"name\":\"Manuel Costa\",\"image\":{\"@type\":\"ImageObject\",\"inLanguage\":\"pt-PT\",\"@id\":\"https:\\\/\\\/secure.gravatar.com\\\/avatar\\\/5054571ff5d2454cd50657fc4e61d0c32d7a5d0d3b36ef6c0f6e269276d13618?s=96&d=mm&r=g\",\"url\":\"https:\\\/\\\/secure.gravatar.com\\\/avatar\\\/5054571ff5d2454cd50657fc4e61d0c32d7a5d0d3b36ef6c0f6e269276d13618?s=96&d=mm&r=g\",\"contentUrl\":\"https:\\\/\\\/secure.gravatar.com\\\/avatar\\\/5054571ff5d2454cd50657fc4e61d0c32d7a5d0d3b36ef6c0f6e269276d13618?s=96&d=mm&r=g\",\"caption\":\"Manuel Costa\"}}]}<\/script>\n<!-- \/ Yoast SEO plugin. -->","yoast_head_json":{"title":"Nota da CEP sobre a nomea\u00e7\u00e3o episcopal do C\u00f3nego Roberto Mariz e do Padre Joaquim Dion\u00edsio para Bispos Auxiliares do Porto - Confer\u00eancia Episcopal Portuguesa","robots":{"index":"index","follow":"follow","max-snippet":"max-snippet:-1","max-image-preview":"max-image-preview:large","max-video-preview":"max-video-preview:-1"},"canonical":"https:\/\/www.conferenciaepiscopal.pt\/v1\/nota-da-cep-sobre-a-nomeacao-episcopal-do-conego-roberto-mariz-e-do-padre-joaquim-dionisio-para-bispos-auxiliares-do-porto\/","og_locale":"pt_PT","og_type":"article","og_title":"Nota da CEP sobre a nomea\u00e7\u00e3o episcopal do C\u00f3nego Roberto Mariz e do Padre Joaquim Dion\u00edsio para Bispos Auxiliares do Porto - Confer\u00eancia Episcopal Portuguesa","og_url":"https:\/\/www.conferenciaepiscopal.pt\/v1\/nota-da-cep-sobre-a-nomeacao-episcopal-do-conego-roberto-mariz-e-do-padre-joaquim-dionisio-para-bispos-auxiliares-do-porto\/","og_site_name":"Confer\u00eancia Episcopal Portuguesa","article_published_time":"2023-05-26T10:00:41+00:00","article_modified_time":"2023-05-26T10:30:41+00:00","og_image":[{"width":925,"height":630,"url":"https:\/\/www.conferenciaepiscopal.pt\/v1\/wp-content\/uploads\/cep.jpg","type":"image\/jpeg"}],"author":"Manuel Costa","twitter_card":"summary_large_image","twitter_misc":{"Escrito por":"Manuel Costa","Tempo estimado de leitura":"2 minutos"},"schema":{"@context":"https:\/\/schema.org","@graph":[{"@type":"Article","@id":"https:\/\/www.conferenciaepiscopal.pt\/v1\/nota-da-cep-sobre-a-nomeacao-episcopal-do-conego-roberto-mariz-e-do-padre-joaquim-dionisio-para-bispos-auxiliares-do-porto\/#article","isPartOf":{"@id":"https:\/\/www.conferenciaepiscopal.pt\/v1\/nota-da-cep-sobre-a-nomeacao-episcopal-do-conego-roberto-mariz-e-do-padre-joaquim-dionisio-para-bispos-auxiliares-do-porto\/"},"author":{"name":"Manuel Costa","@id":"https:\/\/www.conferenciaepiscopal.pt\/v1\/#\/schema\/person\/ab696457f75fe8e22b00183bfacb4cb2"},"headline":"Nota da CEP sobre a nomea\u00e7\u00e3o episcopal do C\u00f3nego Roberto Mariz e do Padre Joaquim Dion\u00edsio para Bispos Auxiliares do Porto","datePublished":"2023-05-26T10:00:41+00:00","dateModified":"2023-05-26T10:30:41+00:00","mainEntityOfPage":{"@id":"https:\/\/www.conferenciaepiscopal.pt\/v1\/nota-da-cep-sobre-a-nomeacao-episcopal-do-conego-roberto-mariz-e-do-padre-joaquim-dionisio-para-bispos-auxiliares-do-porto\/"},"wordCount":246,"publisher":{"@id":"https:\/\/www.conferenciaepiscopal.pt\/v1\/#organization"},"image":{"@id":"https:\/\/www.conferenciaepiscopal.pt\/v1\/nota-da-cep-sobre-a-nomeacao-episcopal-do-conego-roberto-mariz-e-do-padre-joaquim-dionisio-para-bispos-auxiliares-do-porto\/#primaryimage"},"thumbnailUrl":"https:\/\/www.conferenciaepiscopal.pt\/v1\/wp-content\/uploads\/cep.jpg","articleSection":["#entrada","Documentos"],"inLanguage":"pt-PT"},{"@type":"WebPage","@id":"https:\/\/www.conferenciaepiscopal.pt\/v1\/nota-da-cep-sobre-a-nomeacao-episcopal-do-conego-roberto-mariz-e-do-padre-joaquim-dionisio-para-bispos-auxiliares-do-porto\/","url":"https:\/\/www.conferenciaepiscopal.pt\/v1\/nota-da-cep-sobre-a-nomeacao-episcopal-do-conego-roberto-mariz-e-do-padre-joaquim-dionisio-para-bispos-auxiliares-do-porto\/","name":"Nota da CEP sobre a nomea\u00e7\u00e3o episcopal do C\u00f3nego Roberto Mariz e do Padre Joaquim Dion\u00edsio para Bispos Auxiliares do Porto - Confer\u00eancia Episcopal Portuguesa","isPartOf":{"@id":"https:\/\/www.conferenciaepiscopal.pt\/v1\/#website"},"primaryImageOfPage":{"@id":"https:\/\/www.conferenciaepiscopal.pt\/v1\/nota-da-cep-sobre-a-nomeacao-episcopal-do-conego-roberto-mariz-e-do-padre-joaquim-dionisio-para-bispos-auxiliares-do-porto\/#primaryimage"},"image":{"@id":"https:\/\/www.conferenciaepiscopal.pt\/v1\/nota-da-cep-sobre-a-nomeacao-episcopal-do-conego-roberto-mariz-e-do-padre-joaquim-dionisio-para-bispos-auxiliares-do-porto\/#primaryimage"},"thumbnailUrl":"https:\/\/www.conferenciaepiscopal.pt\/v1\/wp-content\/uploads\/cep.jpg","datePublished":"2023-05-26T10:00:41+00:00","dateModified":"2023-05-26T10:30:41+00:00","breadcrumb":{"@id":"https:\/\/www.conferenciaepiscopal.pt\/v1\/nota-da-cep-sobre-a-nomeacao-episcopal-do-conego-roberto-mariz-e-do-padre-joaquim-dionisio-para-bispos-auxiliares-do-porto\/#breadcrumb"},"inLanguage":"pt-PT","potentialAction":[{"@type":"ReadAction","target":["https:\/\/www.conferenciaepiscopal.pt\/v1\/nota-da-cep-sobre-a-nomeacao-episcopal-do-conego-roberto-mariz-e-do-padre-joaquim-dionisio-para-bispos-auxiliares-do-porto\/"]}]},{"@type":"ImageObject","inLanguage":"pt-PT","@id":"https:\/\/www.conferenciaepiscopal.pt\/v1\/nota-da-cep-sobre-a-nomeacao-episcopal-do-conego-roberto-mariz-e-do-padre-joaquim-dionisio-para-bispos-auxiliares-do-porto\/#primaryimage","url":"https:\/\/www.conferenciaepiscopal.pt\/v1\/wp-content\/uploads\/cep.jpg","contentUrl":"https:\/\/www.conferenciaepiscopal.pt\/v1\/wp-content\/uploads\/cep.jpg","width":925,"height":630},{"@type":"BreadcrumbList","@id":"https:\/\/www.conferenciaepiscopal.pt\/v1\/nota-da-cep-sobre-a-nomeacao-episcopal-do-conego-roberto-mariz-e-do-padre-joaquim-dionisio-para-bispos-auxiliares-do-porto\/#breadcrumb","itemListElement":[{"@type":"ListItem","position":1,"name":"In\u00edcio","item":"https:\/\/www.conferenciaepiscopal.pt\/v1\/"},{"@type":"ListItem","position":2,"name":"Nota da CEP sobre a nomea\u00e7\u00e3o episcopal do C\u00f3nego Roberto Mariz e do Padre Joaquim Dion\u00edsio para Bispos Auxiliares do Porto"}]},{"@type":"WebSite","@id":"https:\/\/www.conferenciaepiscopal.pt\/v1\/#website","url":"https:\/\/www.conferenciaepiscopal.pt\/v1\/","name":"Confer\u00eancia Episcopal Portuguesa","description":"Igreja Cat\u00f3lica em Portugal","publisher":{"@id":"https:\/\/www.conferenciaepiscopal.pt\/v1\/#organization"},"potentialAction":[{"@type":"SearchAction","target":{"@type":"EntryPoint","urlTemplate":"https:\/\/www.conferenciaepiscopal.pt\/v1\/?s={search_term_string}"},"query-input":{"@type":"PropertyValueSpecification","valueRequired":true,"valueName":"search_term_string"}}],"inLanguage":"pt-PT"},{"@type":"Organization","@id":"https:\/\/www.conferenciaepiscopal.pt\/v1\/#organization","name":"Confer\u00eancia Episcopal Portuguesa","url":"https:\/\/www.conferenciaepiscopal.pt\/v1\/","logo":{"@type":"ImageObject","inLanguage":"pt-PT","@id":"https:\/\/www.conferenciaepiscopal.pt\/v1\/#\/schema\/logo\/image\/","url":"https:\/\/www.conferenciaepiscopal.pt\/v1\/wp-content\/uploads\/cropped-logoTransparente.png","contentUrl":"https:\/\/www.conferenciaepiscopal.pt\/v1\/wp-content\/uploads\/cropped-logoTransparente.png","width":512,"height":512,"caption":"Confer\u00eancia Episcopal Portuguesa"},"image":{"@id":"https:\/\/www.conferenciaepiscopal.pt\/v1\/#\/schema\/logo\/image\/"}},{"@type":"Person","@id":"https:\/\/www.conferenciaepiscopal.pt\/v1\/#\/schema\/person\/ab696457f75fe8e22b00183bfacb4cb2","name":"Manuel Costa","image":{"@type":"ImageObject","inLanguage":"pt-PT","@id":"https:\/\/secure.gravatar.com\/avatar\/5054571ff5d2454cd50657fc4e61d0c32d7a5d0d3b36ef6c0f6e269276d13618?s=96&d=mm&r=g","url":"https:\/\/secure.gravatar.com\/avatar\/5054571ff5d2454cd50657fc4e61d0c32d7a5d0d3b36ef6c0f6e269276d13618?s=96&d=mm&r=g","contentUrl":"https:\/\/secure.gravatar.com\/avatar\/5054571ff5d2454cd50657fc4e61d0c32d7a5d0d3b36ef6c0f6e269276d13618?s=96&d=mm&r=g","caption":"Manuel Costa"}}]}},"_links":{"self":[{"href":"https:\/\/www.conferenciaepiscopal.pt\/v1\/wp-json\/wp\/v2\/posts\/7750","targetHints":{"allow":["GET"]}}],"collection":[{"href":"https:\/\/www.conferenciaepiscopal.pt\/v1\/wp-json\/wp\/v2\/posts"}],"about":[{"href":"https:\/\/www.conferenciaepiscopal.pt\/v1\/wp-json\/wp\/v2\/types\/post"}],"author":[{"embeddable":true,"href":"https:\/\/www.conferenciaepiscopal.pt\/v1\/wp-json\/wp\/v2\/users\/1"}],"replies":[{"embeddable":true,"href":"https:\/\/www.conferenciaepiscopal.pt\/v1\/wp-json\/wp\/v2\/comments?post=7750"}],"version-history":[{"count":5,"href":"https:\/\/www.conferenciaepiscopal.pt\/v1\/wp-json\/wp\/v2\/posts\/7750\/revisions"}],"predecessor-version":[{"id":7760,"href":"https:\/\/www.conferenciaepiscopal.pt\/v1\/wp-json\/wp\/v2\/posts\/7750\/revisions\/7760"}],"wp:featuredmedia":[{"embeddable":true,"href":"https:\/\/www.conferenciaepiscopal.pt\/v1\/wp-json\/wp\/v2\/media\/5628"}],"wp:attachment":[{"href":"https:\/\/www.conferenciaepiscopal.pt\/v1\/wp-json\/wp\/v2\/media?parent=7750"}],"wp:term":[{"taxonomy":"category","embeddable":true,"href":"https:\/\/www.conferenciaepiscopal.pt\/v1\/wp-json\/wp\/v2\/categories?post=7750"},{"taxonomy":"post_tag","embeddable":true,"href":"https:\/\/www.conferenciaepiscopal.pt\/v1\/wp-json\/wp\/v2\/tags?post=7750"}],"curies":[{"name":"wp","href":"https:\/\/api.w.org\/{rel}","templated":true}]}}