{"id":7726,"date":"2023-04-20T15:10:45","date_gmt":"2023-04-20T14:10:45","guid":{"rendered":"https:\/\/www.conferenciaepiscopal.pt\/v1\/?p=7726"},"modified":"2023-04-21T10:26:23","modified_gmt":"2023-04-21T09:26:23","slug":"comunicado-final-da-206-a-assembleia-plenaria-da-cep","status":"publish","type":"post","link":"https:\/\/www.conferenciaepiscopal.pt\/v1\/comunicado-final-da-206-a-assembleia-plenaria-da-cep\/","title":{"rendered":"Comunicado final da 206.\u00aa Assembleia Plen\u00e1ria da CEP"},"content":{"rendered":"<p>F\u00e1tima, 17-20 de abril de 2023<\/p>\n<p><!--more--><\/p>\n<p>1. De 17 a 20 de abril de 2023, decorreu em F\u00e1tima a 206.\u00aa Assembleia Plen\u00e1ria da Confer\u00eancia Episcopal Portuguesa. Al\u00e9m dos membros da Confer\u00eancia, estiveram presentes o Senhor N\u00fancio Apost\u00f3lico, a Presidente e o Vice-Presidente da Confer\u00eancia dos Institutos Religiosos de Portugal (CIRP) e a Presidente da Confer\u00eancia Nacional dos Institutos Seculares de Portugal (CNISP).<\/p>\n<p>2. A Assembleia manifestou preocupa\u00e7\u00f5es sociais quanto \u00e0s graves dificuldades por que passam os cidad\u00e3os, fam\u00edlias e institui\u00e7\u00f5es: as medidas adotadas para atenuar as car\u00eancias de rendimentos das pessoas e fam\u00edlias, que n\u00e3o s\u00e3o estruturantes, deveriam seguir o crit\u00e9rio da proximidade para assegurar a justi\u00e7a; o aumento das taxas de juro e o cumprimento das obriga\u00e7\u00f5es junto dos bancos fizeram aumentar o n\u00famero de fam\u00edlias em dificuldade; a perturba\u00e7\u00e3o social tem desestabilizado o normal funcionamento da vida das pessoas; \u00e9 desej\u00e1vel que seja encontrada a solu\u00e7\u00e3o para os problemas relativos \u00e0 escola (professores), \u00e0 sa\u00fade (m\u00e9dicos, enfermeiros e gest\u00e3o dos hospitais) e aos transportes p\u00fablicos, em prol do bem comum; os centros sociais paroquiais e institui\u00e7\u00f5es afins, em paralelo com as fam\u00edlias, n\u00e3o conseguem os recursos econ\u00f3micos necess\u00e1rios para assegurar os servi\u00e7os que prestam \u00e0 sociedade.<\/p>\n<p>3. A Assembleia analisou e debateu o tema dos abusos de menores e adultos vulner\u00e1veis na Igreja Cat\u00f3lica em Portugal. Depois da conclus\u00e3o do estudo da Comiss\u00e3o Independente, entramos agora numa nova fase. Estamos empenhados em prosseguir um caminho de repara\u00e7\u00e3o e preven\u00e7\u00e3o para que seja poss\u00edvel garantir o devido apoio \u00e0s v\u00edtimas e implementar uma cultura de cuidado e prote\u00e7\u00e3o dos menores e adultos vulner\u00e1veis nos nossos ambientes, contribuindo para erradicar este drama da sociedade.<\/p>\n<p>4. Nesse \u00e2mbito, a Assembleia contou com a presen\u00e7a da Dr.\u00aa Rute Agulhas, psic\u00f3loga que at\u00e9 agora integrava a Comiss\u00e3o Diocesana de Lisboa e que coordenar\u00e1 o grupo espec\u00edfico de acompanhamento decidido na Assembleia Plen\u00e1ria extraordin\u00e1ria do passado dia 3 de mar\u00e7o, acompanhada pelo Dr. Jos\u00e9 Souto de Moura, Presidente da Equipa de Coordena\u00e7\u00e3o Nacional das Comiss\u00f5es Diocesanas de Prote\u00e7\u00e3o de Menores e Adultos Vulner\u00e1veis.<\/p>\n<p>5. A Dr.\u00aa Rute Agulhas apresentou o projeto que ser\u00e1 denominado \u201cGrupo VITA \u2013 Grupo de Acompanhamento das situa\u00e7\u00f5es de abuso sexual de crian\u00e7as e adultos vulner\u00e1veis no contexto da Igreja Cat\u00f3lica em Portugal\u201d, com a sua miss\u00e3o e a\u00e7\u00f5es, que dever\u00e1 ter um horizonte temporal de tr\u00eas anos. Ser\u00e1 constitu\u00eddo por uma equipa de profissionais tecnicamente competentes e ter\u00e1 a miss\u00e3o de acolher, escutar, acompanhar e prevenir as situa\u00e7\u00f5es de abuso sexual de crian\u00e7as e adultos vulner\u00e1veis no contexto da Igreja em Portugal, dando aten\u00e7\u00e3o \u00e0s v\u00edtimas e aos agressores.<\/p>\n<p>6. O Grupo VITA, que far\u00e1 a sua apresenta\u00e7\u00e3o p\u00fablica a 26 de abril em hora e local a determinar, ter\u00e1 a seguinte constitui\u00e7\u00e3o:<\/p>\n<ul>\n<li>Coordenadora: Rute Agulhas (Psic\u00f3loga especialista em Psicologia Cl\u00ednica e da Sa\u00fade com especialidades avan\u00e7adas em Psicoterapia e Psicologia da Justi\u00e7a).<\/li>\n<li>Grupo Executivo: Alexandra Anci\u00e3es (Psic\u00f3loga, experi\u00eancia de avalia\u00e7\u00e3o e interven\u00e7\u00e3o com v\u00edtimas adultas); Joana Alexandre (Psic\u00f3loga, docente universit\u00e1ria e investigadora na \u00e1rea da preven\u00e7\u00e3o prim\u00e1ria dos abusos sexuais); Jorge Neo Costa (Assistente Social, interven\u00e7\u00e3o com crian\u00e7as e jovens em perigo); M\u00e1rcia Mota (Psiquiatra, especialista em Sexologia Cl\u00ednica e interven\u00e7\u00e3o com v\u00edtimas e agressores sexuais); Ricardo Barroso (Psic\u00f3logo, docente universit\u00e1rio e especialista em interven\u00e7\u00e3o com agressores sexuais).<\/li>\n<li>Grupo Consultivo: Padre Jo\u00e3o Vergamota (especialista em Direito Can\u00f3nico); Helena Carvalho (docente universit\u00e1ria especialista em an\u00e1lise estat\u00edstica); advogado\/jurista especialista em crimes de natureza sexual (a definir).<\/li>\n<\/ul>\n<p>7. O Grupo VITA ter\u00e1 a necess\u00e1ria autonomia para, em articula\u00e7\u00e3o com a Equipa de Coordena\u00e7\u00e3o Nacional, desenvolver uma a\u00e7\u00e3o que contribuir\u00e1 para capacitar, ainda mais, o valioso trabalho que tem vindo a ser desenvolvido pelas Comiss\u00f5es Diocesanas no acolhimento e acompanhamento das v\u00edtimas, bem como na forma\u00e7\u00e3o preventiva dos agentes pastorais. Entre outras a\u00e7\u00f5es, est\u00e1 prevista a elabora\u00e7\u00e3o de um Manual de Preven\u00e7\u00e3o que ser\u00e1 comum a toda a Igreja em Portugal, quer nas Dioceses quer nos Institutos de Vida Consagrada.<\/p>\n<p>8. Os Bispos deixam, nesta ocasi\u00e3o, uma palavra de grande proximidade a todos os fi\u00e9is leigos e consagrados, mas especialmente aos sacerdotes, reconhecendo o seu inestim\u00e1vel servi\u00e7o \u00e0s pessoas e comunidades. Caminhamos unidos na dor, mas tamb\u00e9m na esperan\u00e7a de que todos estes processos nos conduzam a uma Igreja purificada e renovada, fiel ao Evangelho do Senhor Jesus.<\/p>\n<p>9. A Assembleia escolheu dois delegados e um substituto \u00e0 XVI Assembleia Geral do S\u00ednodo dos Bispos sobre a sinodalidade, que vai decorrer em Roma de 29 de setembro a 29 de outubro de 2023, cujos nomes ser\u00e3o divulgados ap\u00f3s confirma\u00e7\u00e3o do Papa Francisco.<\/p>\n<p>10. Foi aprovada a nova vers\u00e3o da <em>Ratio Nationalis Institutionis Sacerdotalis<\/em> \u201cO Dom da Voca\u00e7\u00e3o Presbiteral\u201d, que inclui um cap\u00edtulo sobre \u201co semin\u00e1rio e a cultura de preven\u00e7\u00e3o e vigil\u00e2ncia no que respeita aos abusos\u201d. O documento entrar\u00e1 em vigor ap\u00f3s devido reconhecimento do Dicast\u00e9rio para o Clero.<\/p>\n<p>11. A Assembleia aprovou a Nota Pastoral \u201c100 anos a cumprir a Promessa\u201d sobre o \u201cCorpo Nacional de Escutas \u2013 Escutismo Cat\u00f3lico Portugu\u00eas\u201d (CNE), que completa 100 anos de exist\u00eancia a 27 de maio de 2023. A Nota ser\u00e1 proximamente divulgada.<\/p>\n<p>12. A Assembleia foi informada sobre o andamento da prepara\u00e7\u00e3o da JMJ Lisboa 2023 e decidiu dedicar as pr\u00f3ximas Jornadas Pastorais do Episcopado (19-20 de junho de 2023) ao tema da Jornada Mundial da Juventude, particularmente aos desafios pastorais que se colocam ap\u00f3s a sua realiza\u00e7\u00e3o.<\/p>\n<p>13. A Assembleia procedeu \u00e0s seguintes nomea\u00e7\u00f5es para o tri\u00e9nio 2023-2026: Padre Ad\u00e9lio da Cunha Fonte, Espiritano, como Assistente do Movimento Esperan\u00e7a e Vida (MEV); Padre Peter Damian Francis Stilwell, do Patriarcado de Lisboa, como Assistente Nacional da Vida Ascendente \u2013 Movimento Crist\u00e3o de Reformados (VA-MCR); Frei Jos\u00e9 Filipe Rodrigues, Dominicano, como Assistente Nacional do Movimento Por um Lar Crist\u00e3o (MLC).<\/p>\n<p>14. A Assembleia aprovou o Calend\u00e1rio de Atividades da CEP para 2023-2024 e o Relat\u00f3rio de Contas do Secretariado Geral da CEP de 2022.<\/p>\n<p>15. A Assembleia Plen\u00e1ria procedeu \u00e0 elei\u00e7\u00e3o dos seus \u00d3rg\u00e3os para o tri\u00e9nio 2023-2026 [Anexo 1].<\/p>\n<p>16. A Assembleia acolheu informa\u00e7\u00f5es, comunica\u00e7\u00f5es e programa\u00e7\u00f5es da Presid\u00eancia, das Comiss\u00f5es Episcopais e dos Delegados da CEP, assim como de outros organismos eclesiais (Anexo 2).<\/p>\n<p>F\u00e1tima, 20 de abril de 2023<\/p>\n<p><strong>\u00a0<\/strong><\/p>\n<p><strong>ANEXO 1 \u2013 Ponto 15 do Comunicado final<\/strong><\/p>\n<p>A Assembleia Plen\u00e1ria da CEP procedeu \u00e0 elei\u00e7\u00e3o dos seus \u00d3rg\u00e3os para o tri\u00e9nio 2023-2026:<\/p>\n<ul>\n<li>Presidente: D. Jos\u00e9 Ornelas Carvalho, Bispo de Leiria-F\u00e1tima<\/li>\n<li>Vice-Presidente: D. Virg\u00edlio do Nascimento Antunes, Bispo de Coimbra.<\/li>\n<li>Secret\u00e1rio: P. Manuel Joaquim Gomes Barbosa.<\/li>\n<li>Vogais do Conselho Permanente: D. Manuel da Silva Rodrigues Linda, Bispo do Porto; D. Francisco Jos\u00e9 Senra Coelho, Arcebispo de \u00c9vora; D. Jos\u00e9 Augusto Traquina Maria, Bispo de Santar\u00e9m; D. Ant\u00f3nio Manuel Moiteiro Ramos, Bispo de Aveiro. D. Manuel Jos\u00e9 Mac\u00e1rio do Nascimento Clemente, Cardeal-Patriarca de Lisboa, \u00e9 membro nato do Conselho Permanente na qualidade de Patriarca de Lisboa.<\/li>\n<li>Presidente da Comiss\u00e3o Episcopal da Educa\u00e7\u00e3o Crist\u00e3 e da Doutrina da F\u00e9: D. Ant\u00f3nio Augusto de Oliveira Azevedo, Bispo de Vila Real.<\/li>\n<li>Presidente da Comiss\u00e3o Episcopal da Pastoral Social e Mobilidade Humana: D. Jos\u00e9 Augusto Traquina Maria, Bispo de Santar\u00e9m.<\/li>\n<li>Presidente da Comiss\u00e3o do Laicado e Fam\u00edlia: D. Nuno Manuel dos Santos Almeida, Bispo Auxiliar de Braga.<\/li>\n<li>Presidente da Comiss\u00e3o Episcopal das Voca\u00e7\u00f5es e Minist\u00e9rios: D. Vitorino Jos\u00e9 Pereira Soares, Bispo Auxiliar do Porto.<\/li>\n<li>Presidente da Comiss\u00e3o Episcopal da Cultura, Bens Culturais e Comunica\u00e7\u00f5es Sociais: D. Nuno Br\u00e1s da Silva Martins, Bispo do Funchal.<\/li>\n<li>Presidente da Comiss\u00e3o Episcopal da Liturgia e Espiritualidade: D. Jos\u00e9 Manuel Garcia Cordeiro, Arcebispo Primaz de Braga.<\/li>\n<li>Presidente da Comiss\u00e3o Episcopal da Miss\u00e3o e Nova Evangeliza\u00e7\u00e3o: D. Armando Esteves Domingues, Bispo de Angra.<\/li>\n<li>Delegado para as Rela\u00e7\u00f5es Bispos\/Vida Consagrada: D. Rui Manuel Sousa Val\u00e9rio, Bispo das For\u00e7as Armadas e de Seguran\u00e7a.<\/li>\n<li>Delegado para a Comiss\u00e3o dos Episcopados da Comunidade Europeia (COMECE): D. Nuno Br\u00e1s da Silva Martins, Bispo do Funchal.<\/li>\n<\/ul>\n<p>Por iner\u00eancia do cargo, s\u00e3o Delegados da CEP nos seguintes organismos: D. Manuel Clemente, enquanto Patriarca de Lisboa e Magno Chanceler da UCP, no Conselho Superior da Universidade Cat\u00f3lica Portuguesa; D. Jos\u00e9 Ornelas Carvalho, enquanto Presidente da CEP, no Pontif\u00edcio Col\u00e9gio Portugu\u00eas e no Conselho das Confer\u00eancias Episcopais da Europa (CCEE).<\/p>\n<p>As Comiss\u00f5es Episcopais entrar\u00e3o em fun\u00e7\u00f5es depois de ser confirmada a sua constitui\u00e7\u00e3o na Assembleia Plen\u00e1ria Extraordin\u00e1ria marcada para 21 de junho de 2023.<\/p>\n<p>&nbsp;<\/p>\n<p><strong>Anexo 2 \u2013 Ponto 16 do Comunicado final<\/strong><\/p>\n<p>A Assembleia acolheu informa\u00e7\u00f5es, comunica\u00e7\u00f5es e programa\u00e7\u00f5es da Presid\u00eancia, das Comiss\u00f5es Episcopais e dos Delegados da CEP, assim como de outros organismos eclesiais.<\/p>\n<p>\u2013 D. Ant\u00f3nio Moiteiro, Presidente da Comiss\u00e3o Episcopal da Educa\u00e7\u00e3o Crist\u00e3 e da Doutrina da F\u00e9, deu algumas informa\u00e7\u00f5es sobre v\u00e1rias atividades.<\/p>\n<p>No \u00e2mbito da Catequese, e na sequ\u00eancia da aprova\u00e7\u00e3o do Itiner\u00e1rio de Inicia\u00e7\u00e3o \u00e0 Vida Crist\u00e3 das Crian\u00e7as e dos Adolescentes com as Fam\u00edlias, \u00e9 urgente dotar a din\u00e2mica catequ\u00e9tica de novos recursos (\u201ccatecismos\u201d), cujos trabalhos est\u00e3o em fase de concretiza\u00e7\u00e3o num processo sinodal, particularmente com os Secretariados Diocesanos, ao longo de tr\u00eas ou quatro anos, e envolver\u00e3o muitos recursos humanos e financeiros.\u00a0O \u201cSer Catequista\u201d \u00e9 um v\u00e1lido instrumento formativo que est\u00e1 a ser levado \u00e0 pr\u00e1tica em quase todas as dioceses; at\u00e9 ao momento, o SNEC entregou gratuitamente cerca de 10.000 exemplares para potenciar e favorecer a forma\u00e7\u00e3o dos catequistas.<\/p>\n<p>No \u00e2mbito da disciplina de Educa\u00e7\u00e3o Moral e Religiosa Cat\u00f3lica (EMRC), prossegue a elabora\u00e7\u00e3o de recursos did\u00e1ticos para esta disciplina em suporte f\u00edsico e digital, de acordo com os procedimentos comuns \u00e0s demais disciplinas escolares. Efetuou-se um protocolo de coopera\u00e7\u00e3o entre o SNEC e o grupo Porto Editora, com a finalidade de se disponibilizarem, nas plataformas desta editora, os manuais e os recursos digitais da disciplina, sendo os seus conte\u00fados da responsabilidade exclusiva da Igreja. Salienta-se ainda o verdadeiro esp\u00edrito sinodal, concretizado no envolvimento de muitos professores das v\u00e1rias dioceses neste trabalho, bem como nos encontros nacionais de alunos e professores de EMRC.<\/p>\n<p>No \u00e2mbito da Escola Cat\u00f3lica, foi significativo o lan\u00e7amento da obra \u201cAnt\u00f3nio de Sousa Franco e a liberdade de educa\u00e7\u00e3o\u201d, numa parceria SNEC\/APEC, bem como a constitui\u00e7\u00e3o do fundo \u201cD. Ant\u00f3nio Marcelino\u201d, que apoia a forma\u00e7\u00e3o de professores e\/ou projetos de forma\u00e7\u00e3o p\u00f3s-graduada na antropologia crist\u00e3, na gest\u00e3o escolar e na avalia\u00e7\u00e3o das aprendizagens. O SNEC est\u00e1 a organizar um Question\u00e1rio Estat\u00edstico das Escolas Cat\u00f3licas com o objetivo de conhecer melhor esta realidade educativa crist\u00e3.<\/p>\n<p>A forma\u00e7\u00e3o inicial e cont\u00ednua, relevante instrumento para o an\u00fancio do Evangelho, contribui para que os educadores crist\u00e3os (catequistas, docentes de EMRC, educadores das escolas cat\u00f3licas) sejam int\u00e9rpretes fi\u00e9is das realidades e das pessoas que servem.<\/p>\n<p>\u2013 D. Jos\u00e9 Traquina, Presidente da Comiss\u00e3o Episcopal da Pastoral Social e Mobilidade Humana, apresentou relat\u00f3rios dos seus organismos e destacou:\u00a0 a aten\u00e7\u00e3o do Servi\u00e7o de Pastoral a Pessoas com Defici\u00eancia no cuidado da participa\u00e7\u00e3o dos jovens com necessidades especiais na JMJ Lisboa 2023; a a\u00e7\u00e3o da Pastoral do Turismo-Portugal na realiza\u00e7\u00e3o com \u00eaxito das V Jornadas da Pastoral do Turismo; o acompanhamento e anima\u00e7\u00e3o do\u00a0 Apostolado do Mar nas par\u00f3quias mar\u00edtimas do movimento <em>Stella Maris<\/em>; a Obra da Pastoral dos Ciganos na expectativa de nova dire\u00e7\u00e3o e na dedica\u00e7\u00e3o e apoio que desenvolve; a aten\u00e7\u00e3o permanente da Comiss\u00e3o Nacional Justi\u00e7a e Paz \u00e0 realidade social, a sua interven\u00e7\u00e3o nos meios de comunica\u00e7\u00e3o, as mensagens que publicou e a realiza\u00e7\u00e3o da Confer\u00eancia anual com a tem\u00e1tica \u201csal\u00e1rios justos contra a pobreza\u201d.<\/p>\n<p>De salientar a Obra Cat\u00f3lica Portuguesa das Migra\u00e7\u00f5es e os muitos desafios com o acolhimento, defesa e integra\u00e7\u00e3o de pessoas estrangeiras em Portugal. H\u00e1 organismos da Igreja a procurar corresponder \u00e0s necessidades, mas sempre em coopera\u00e7\u00e3o com a organiza\u00e7\u00e3o do Estado na identifica\u00e7\u00e3o, coordena\u00e7\u00e3o e orienta\u00e7\u00e3o das pessoas migrantes estrangeiras que chegam a Portugal, sobretudo as que chegam fora do quadro legal das migra\u00e7\u00f5es. Por outro lado, h\u00e1 estrangeiros residentes em Portugal que entram em ansiedade e ilegalidade por os servi\u00e7os n\u00e3o atualizarem a tempo o seu requerimento de \u201cvisto\u201d de perman\u00eancia. Outro aspeto preocupante \u00e9 a falta de habita\u00e7\u00e3o que, nalgumas situa\u00e7\u00f5es, volta a surgir a solu\u00e7\u00e3o do \u201cbairro de lata\u201d. Em permanente correspond\u00eancia com os respons\u00e1veis locais, a OCPM presta tamb\u00e9m aten\u00e7\u00e3o \u00e0s comunidades dos portugueses emigrados no estrangeiro, colaborando na procura das solu\u00e7\u00f5es para as suas car\u00eancias de apoio pastoral.<\/p>\n<p>De salientar tamb\u00e9m o largo trabalho da rede C\u00e1ritas em Portugal e as informa\u00e7\u00f5es da C\u00e1ritas Portuguesa. Pelo efeito da guerra, o apoio dado aos ucranianos com a coordena\u00e7\u00e3o da C\u00e1ritas Internacional foi de 54 milh\u00f5es de euros. Deste montante, 400 mil foram disponibilizados pela C\u00e1ritas Portuguesa, gra\u00e7as aos donativos que recebeu. Em 2022, a rede C\u00e1ritas registou ainda o apoio a fam\u00edlias pobres em Portugal, que superou os 850 mil euros (apoio em bens essenciais). Entre outros apoios, foram enviados para Mo\u00e7ambique (Cabo Delgado) 760 mil euros.<\/p>\n<p>\u2013 D. Joaquim Mendes, Presidente da Comiss\u00e3o Episcopal do\u00a0Laicado e Fam\u00edlia\u00a0(CELF), sublinhou o X Encontro Mundial das Fam\u00edlias (Roma, 22-26 de junho de 2022) e a rece\u00e7\u00e3o do documento \u201cItiner\u00e1rios Catecumenais para a Vida Matrimonial\u201d, da Pastoral Familiar; as atividades do CPM; a Peregrina\u00e7\u00e3o Europeia de Jovens (agosto de 2022), o IV Encontro Nacional de Forma\u00e7\u00e3o dos Agentes Pastorais (setembro de 2022) e os Conselhos Nacionais, pela Pastoral Juvenil; os Conselhos Nacionais e o Encontro Nacional de Docentes, Investigadores e Colaboradores do Ensino Superior (mar\u00e7o de 2023), da Pastoral do Ensino Superior; as atividades do Corpo Nacional de Escutas; os Conselhos Nacionais, da Confer\u00eancia Nacional do Apostolado dos Leigos; a Confer\u00eancia Internacional \u201cPastores e fi\u00e9is leigos chamados a caminhar juntos\u201d (fevereiro de 2023), promovida pelo Dicast\u00e9rio para os Leigos, a Fam\u00edlia e a Vida; o encontro no \u00e2mbito da Fam\u00edlia e Vida (em maio de 2022) e o Simp\u00f3sio dos Jovens (outubro de 2022), a n\u00edvel do CCEE; e o acompanhamento das atividades dos diversos organismos.<\/p>\n<p>\u2013 A Assembleia acolheu outras informa\u00e7\u00f5es: das restantes Comiss\u00f5es Episcopais (Cultura, Bens Culturais e Comunica\u00e7\u00f5es Sociais; Voca\u00e7\u00f5es e Minist\u00e9rios; Liturgia e Espiritualidade; Miss\u00e3o e Nova Evangeliza\u00e7\u00e3o); dos delegados da CEP no CCEE (Conselho das Confer\u00eancias Episcopais da Europa), na COMECE (Comiss\u00e3o dos Episcopados da Comunidade Europeia) e na Comiss\u00e3o Bilateral da Concordata para o Desenvolvimento da Coopera\u00e7\u00e3o quanto a Bens da Igreja; da Confer\u00eancia dos Institutos Religiosos de Portugal (CIRP) e da Confer\u00eancia Nacional dos Institutos Seculares de Portugal (CNISP); do Presidente do Grupo Renascen\u00e7a Multim\u00e9dia.<\/p>\n<p>\u2013 O Secretariado Geral da CEP, atrav\u00e9s da sua Assessoria de Comunica\u00e7\u00e3o, ir\u00e1 divulgando as v\u00e1rias iniciativas dos organismos da CEP.<\/p>\n<p>&nbsp;<\/p>\n","protected":false},"excerpt":{"rendered":"<p>F\u00e1tima, 17-20 de abril de 2023<\/p>\n","protected":false},"author":1,"featured_media":5628,"comment_status":"closed","ping_status":"closed","sticky":false,"template":"","format":"standard","meta":{"site-sidebar-layout":"default","site-content-layout":"","ast-site-content-layout":"default","site-content-style":"default","site-sidebar-style":"default","ast-global-header-display":"","ast-banner-title-visibility":"","ast-main-header-display":"","ast-hfb-above-header-display":"","ast-hfb-below-header-display":"","ast-hfb-mobile-header-display":"","site-post-title":"","ast-breadcrumbs-content":"","ast-featured-img":"","footer-sml-layout":"","ast-disable-related-posts":"","theme-transparent-header-meta":"","adv-header-id-meta":"","stick-header-meta":"","header-above-stick-meta":"","header-main-stick-meta":"","header-below-stick-meta":"","astra-migrate-meta-layouts":"default","ast-page-background-enabled":"default","ast-page-background-meta":{"desktop":{"background-color":"var(--ast-global-color-4)","background-image":"","background-repeat":"repeat","background-position":"center center","background-size":"auto","background-attachment":"scroll","background-type":"","background-media":"","overlay-type":"","overlay-color":"","overlay-opacity":"","overlay-gradient":""},"tablet":{"background-color":"","background-image":"","background-repeat":"repeat","background-position":"center center","background-size":"auto","background-attachment":"scroll","background-type":"","background-media":"","overlay-type":"","overlay-color":"","overlay-opacity":"","overlay-gradient":""},"mobile":{"background-color":"","background-image":"","background-repeat":"repeat","background-position":"center center","background-size":"auto","background-attachment":"scroll","background-type":"","background-media":"","overlay-type":"","overlay-color":"","overlay-opacity":"","overlay-gradient":""}},"ast-content-background-meta":{"desktop":{"background-color":"var(--ast-global-color-5)","background-image":"","background-repeat":"repeat","background-position":"center center","background-size":"auto","background-attachment":"scroll","background-type":"","background-media":"","overlay-type":"","overlay-color":"","overlay-opacity":"","overlay-gradient":""},"tablet":{"background-color":"var(--ast-global-color-5)","background-image":"","background-repeat":"repeat","background-position":"center center","background-size":"auto","background-attachment":"scroll","background-type":"","background-media":"","overlay-type":"","overlay-color":"","overlay-opacity":"","overlay-gradient":""},"mobile":{"background-color":"var(--ast-global-color-5)","background-image":"","background-repeat":"repeat","background-position":"center center","background-size":"auto","background-attachment":"scroll","background-type":"","background-media":"","overlay-type":"","overlay-color":"","overlay-opacity":"","overlay-gradient":""}},"footnotes":""},"categories":[74,4],"tags":[],"class_list":["post-7726","post","type-post","status-publish","format-standard","has-post-thumbnail","hentry","category-entrada","category-documentos"],"yoast_head":"<!-- This site is optimized with the Yoast SEO plugin v27.4 - https:\/\/yoast.com\/product\/yoast-seo-wordpress\/ -->\n<title>Comunicado final da 206.\u00aa Assembleia Plen\u00e1ria da CEP - Confer\u00eancia Episcopal Portuguesa<\/title>\n<meta name=\"robots\" content=\"index, follow, max-snippet:-1, max-image-preview:large, max-video-preview:-1\" \/>\n<link rel=\"canonical\" href=\"https:\/\/www.conferenciaepiscopal.pt\/v1\/comunicado-final-da-206-a-assembleia-plenaria-da-cep\/\" \/>\n<meta property=\"og:locale\" content=\"pt_PT\" \/>\n<meta property=\"og:type\" content=\"article\" \/>\n<meta property=\"og:title\" content=\"Comunicado final da 206.\u00aa Assembleia Plen\u00e1ria da CEP - Confer\u00eancia Episcopal Portuguesa\" \/>\n<meta property=\"og:description\" content=\"F\u00e1tima, 17-20 de abril de 2023\" \/>\n<meta property=\"og:url\" content=\"https:\/\/www.conferenciaepiscopal.pt\/v1\/comunicado-final-da-206-a-assembleia-plenaria-da-cep\/\" \/>\n<meta property=\"og:site_name\" content=\"Confer\u00eancia Episcopal Portuguesa\" \/>\n<meta property=\"article:published_time\" content=\"2023-04-20T14:10:45+00:00\" \/>\n<meta property=\"article:modified_time\" content=\"2023-04-21T09:26:23+00:00\" \/>\n<meta property=\"og:image\" content=\"https:\/\/www.conferenciaepiscopal.pt\/v1\/wp-content\/uploads\/cep.jpg\" \/>\n\t<meta property=\"og:image:width\" content=\"925\" \/>\n\t<meta property=\"og:image:height\" content=\"630\" \/>\n\t<meta property=\"og:image:type\" content=\"image\/jpeg\" \/>\n<meta name=\"author\" content=\"Manuel Costa\" \/>\n<meta name=\"twitter:card\" content=\"summary_large_image\" \/>\n<meta name=\"twitter:label1\" content=\"Escrito por\" \/>\n\t<meta name=\"twitter:data1\" content=\"Manuel Costa\" \/>\n\t<meta name=\"twitter:label2\" content=\"Tempo estimado de leitura\" \/>\n\t<meta name=\"twitter:data2\" content=\"14 minutos\" \/>\n<script type=\"application\/ld+json\" class=\"yoast-schema-graph\">{\"@context\":\"https:\\\/\\\/schema.org\",\"@graph\":[{\"@type\":\"Article\",\"@id\":\"https:\\\/\\\/www.conferenciaepiscopal.pt\\\/v1\\\/comunicado-final-da-206-a-assembleia-plenaria-da-cep\\\/#article\",\"isPartOf\":{\"@id\":\"https:\\\/\\\/www.conferenciaepiscopal.pt\\\/v1\\\/comunicado-final-da-206-a-assembleia-plenaria-da-cep\\\/\"},\"author\":{\"name\":\"Manuel Costa\",\"@id\":\"https:\\\/\\\/www.conferenciaepiscopal.pt\\\/v1\\\/#\\\/schema\\\/person\\\/ab696457f75fe8e22b00183bfacb4cb2\"},\"headline\":\"Comunicado final da 206.\u00aa Assembleia Plen\u00e1ria da CEP\",\"datePublished\":\"2023-04-20T14:10:45+00:00\",\"dateModified\":\"2023-04-21T09:26:23+00:00\",\"mainEntityOfPage\":{\"@id\":\"https:\\\/\\\/www.conferenciaepiscopal.pt\\\/v1\\\/comunicado-final-da-206-a-assembleia-plenaria-da-cep\\\/\"},\"wordCount\":2647,\"publisher\":{\"@id\":\"https:\\\/\\\/www.conferenciaepiscopal.pt\\\/v1\\\/#organization\"},\"image\":{\"@id\":\"https:\\\/\\\/www.conferenciaepiscopal.pt\\\/v1\\\/comunicado-final-da-206-a-assembleia-plenaria-da-cep\\\/#primaryimage\"},\"thumbnailUrl\":\"https:\\\/\\\/www.conferenciaepiscopal.pt\\\/v1\\\/wp-content\\\/uploads\\\/cep.jpg\",\"articleSection\":[\"#entrada\",\"Documentos\"],\"inLanguage\":\"pt-PT\"},{\"@type\":\"WebPage\",\"@id\":\"https:\\\/\\\/www.conferenciaepiscopal.pt\\\/v1\\\/comunicado-final-da-206-a-assembleia-plenaria-da-cep\\\/\",\"url\":\"https:\\\/\\\/www.conferenciaepiscopal.pt\\\/v1\\\/comunicado-final-da-206-a-assembleia-plenaria-da-cep\\\/\",\"name\":\"Comunicado final da 206.\u00aa Assembleia Plen\u00e1ria da CEP - Confer\u00eancia Episcopal Portuguesa\",\"isPartOf\":{\"@id\":\"https:\\\/\\\/www.conferenciaepiscopal.pt\\\/v1\\\/#website\"},\"primaryImageOfPage\":{\"@id\":\"https:\\\/\\\/www.conferenciaepiscopal.pt\\\/v1\\\/comunicado-final-da-206-a-assembleia-plenaria-da-cep\\\/#primaryimage\"},\"image\":{\"@id\":\"https:\\\/\\\/www.conferenciaepiscopal.pt\\\/v1\\\/comunicado-final-da-206-a-assembleia-plenaria-da-cep\\\/#primaryimage\"},\"thumbnailUrl\":\"https:\\\/\\\/www.conferenciaepiscopal.pt\\\/v1\\\/wp-content\\\/uploads\\\/cep.jpg\",\"datePublished\":\"2023-04-20T14:10:45+00:00\",\"dateModified\":\"2023-04-21T09:26:23+00:00\",\"breadcrumb\":{\"@id\":\"https:\\\/\\\/www.conferenciaepiscopal.pt\\\/v1\\\/comunicado-final-da-206-a-assembleia-plenaria-da-cep\\\/#breadcrumb\"},\"inLanguage\":\"pt-PT\",\"potentialAction\":[{\"@type\":\"ReadAction\",\"target\":[\"https:\\\/\\\/www.conferenciaepiscopal.pt\\\/v1\\\/comunicado-final-da-206-a-assembleia-plenaria-da-cep\\\/\"]}]},{\"@type\":\"ImageObject\",\"inLanguage\":\"pt-PT\",\"@id\":\"https:\\\/\\\/www.conferenciaepiscopal.pt\\\/v1\\\/comunicado-final-da-206-a-assembleia-plenaria-da-cep\\\/#primaryimage\",\"url\":\"https:\\\/\\\/www.conferenciaepiscopal.pt\\\/v1\\\/wp-content\\\/uploads\\\/cep.jpg\",\"contentUrl\":\"https:\\\/\\\/www.conferenciaepiscopal.pt\\\/v1\\\/wp-content\\\/uploads\\\/cep.jpg\",\"width\":925,\"height\":630},{\"@type\":\"BreadcrumbList\",\"@id\":\"https:\\\/\\\/www.conferenciaepiscopal.pt\\\/v1\\\/comunicado-final-da-206-a-assembleia-plenaria-da-cep\\\/#breadcrumb\",\"itemListElement\":[{\"@type\":\"ListItem\",\"position\":1,\"name\":\"In\u00edcio\",\"item\":\"https:\\\/\\\/www.conferenciaepiscopal.pt\\\/v1\\\/\"},{\"@type\":\"ListItem\",\"position\":2,\"name\":\"Comunicado final da 206.\u00aa Assembleia Plen\u00e1ria da CEP\"}]},{\"@type\":\"WebSite\",\"@id\":\"https:\\\/\\\/www.conferenciaepiscopal.pt\\\/v1\\\/#website\",\"url\":\"https:\\\/\\\/www.conferenciaepiscopal.pt\\\/v1\\\/\",\"name\":\"Confer\u00eancia Episcopal Portuguesa\",\"description\":\"Igreja Cat\u00f3lica em Portugal\",\"publisher\":{\"@id\":\"https:\\\/\\\/www.conferenciaepiscopal.pt\\\/v1\\\/#organization\"},\"potentialAction\":[{\"@type\":\"SearchAction\",\"target\":{\"@type\":\"EntryPoint\",\"urlTemplate\":\"https:\\\/\\\/www.conferenciaepiscopal.pt\\\/v1\\\/?s={search_term_string}\"},\"query-input\":{\"@type\":\"PropertyValueSpecification\",\"valueRequired\":true,\"valueName\":\"search_term_string\"}}],\"inLanguage\":\"pt-PT\"},{\"@type\":\"Organization\",\"@id\":\"https:\\\/\\\/www.conferenciaepiscopal.pt\\\/v1\\\/#organization\",\"name\":\"Confer\u00eancia Episcopal Portuguesa\",\"url\":\"https:\\\/\\\/www.conferenciaepiscopal.pt\\\/v1\\\/\",\"logo\":{\"@type\":\"ImageObject\",\"inLanguage\":\"pt-PT\",\"@id\":\"https:\\\/\\\/www.conferenciaepiscopal.pt\\\/v1\\\/#\\\/schema\\\/logo\\\/image\\\/\",\"url\":\"https:\\\/\\\/www.conferenciaepiscopal.pt\\\/v1\\\/wp-content\\\/uploads\\\/cropped-logoTransparente.png\",\"contentUrl\":\"https:\\\/\\\/www.conferenciaepiscopal.pt\\\/v1\\\/wp-content\\\/uploads\\\/cropped-logoTransparente.png\",\"width\":512,\"height\":512,\"caption\":\"Confer\u00eancia Episcopal Portuguesa\"},\"image\":{\"@id\":\"https:\\\/\\\/www.conferenciaepiscopal.pt\\\/v1\\\/#\\\/schema\\\/logo\\\/image\\\/\"}},{\"@type\":\"Person\",\"@id\":\"https:\\\/\\\/www.conferenciaepiscopal.pt\\\/v1\\\/#\\\/schema\\\/person\\\/ab696457f75fe8e22b00183bfacb4cb2\",\"name\":\"Manuel Costa\",\"image\":{\"@type\":\"ImageObject\",\"inLanguage\":\"pt-PT\",\"@id\":\"https:\\\/\\\/secure.gravatar.com\\\/avatar\\\/5054571ff5d2454cd50657fc4e61d0c32d7a5d0d3b36ef6c0f6e269276d13618?s=96&d=mm&r=g\",\"url\":\"https:\\\/\\\/secure.gravatar.com\\\/avatar\\\/5054571ff5d2454cd50657fc4e61d0c32d7a5d0d3b36ef6c0f6e269276d13618?s=96&d=mm&r=g\",\"contentUrl\":\"https:\\\/\\\/secure.gravatar.com\\\/avatar\\\/5054571ff5d2454cd50657fc4e61d0c32d7a5d0d3b36ef6c0f6e269276d13618?s=96&d=mm&r=g\",\"caption\":\"Manuel Costa\"}}]}<\/script>\n<!-- \/ Yoast SEO plugin. -->","yoast_head_json":{"title":"Comunicado final da 206.\u00aa Assembleia Plen\u00e1ria da CEP - Confer\u00eancia Episcopal Portuguesa","robots":{"index":"index","follow":"follow","max-snippet":"max-snippet:-1","max-image-preview":"max-image-preview:large","max-video-preview":"max-video-preview:-1"},"canonical":"https:\/\/www.conferenciaepiscopal.pt\/v1\/comunicado-final-da-206-a-assembleia-plenaria-da-cep\/","og_locale":"pt_PT","og_type":"article","og_title":"Comunicado final da 206.\u00aa Assembleia Plen\u00e1ria da CEP - Confer\u00eancia Episcopal Portuguesa","og_description":"F\u00e1tima, 17-20 de abril de 2023","og_url":"https:\/\/www.conferenciaepiscopal.pt\/v1\/comunicado-final-da-206-a-assembleia-plenaria-da-cep\/","og_site_name":"Confer\u00eancia Episcopal Portuguesa","article_published_time":"2023-04-20T14:10:45+00:00","article_modified_time":"2023-04-21T09:26:23+00:00","og_image":[{"width":925,"height":630,"url":"https:\/\/www.conferenciaepiscopal.pt\/v1\/wp-content\/uploads\/cep.jpg","type":"image\/jpeg"}],"author":"Manuel Costa","twitter_card":"summary_large_image","twitter_misc":{"Escrito por":"Manuel Costa","Tempo estimado de leitura":"14 minutos"},"schema":{"@context":"https:\/\/schema.org","@graph":[{"@type":"Article","@id":"https:\/\/www.conferenciaepiscopal.pt\/v1\/comunicado-final-da-206-a-assembleia-plenaria-da-cep\/#article","isPartOf":{"@id":"https:\/\/www.conferenciaepiscopal.pt\/v1\/comunicado-final-da-206-a-assembleia-plenaria-da-cep\/"},"author":{"name":"Manuel Costa","@id":"https:\/\/www.conferenciaepiscopal.pt\/v1\/#\/schema\/person\/ab696457f75fe8e22b00183bfacb4cb2"},"headline":"Comunicado final da 206.\u00aa Assembleia Plen\u00e1ria da CEP","datePublished":"2023-04-20T14:10:45+00:00","dateModified":"2023-04-21T09:26:23+00:00","mainEntityOfPage":{"@id":"https:\/\/www.conferenciaepiscopal.pt\/v1\/comunicado-final-da-206-a-assembleia-plenaria-da-cep\/"},"wordCount":2647,"publisher":{"@id":"https:\/\/www.conferenciaepiscopal.pt\/v1\/#organization"},"image":{"@id":"https:\/\/www.conferenciaepiscopal.pt\/v1\/comunicado-final-da-206-a-assembleia-plenaria-da-cep\/#primaryimage"},"thumbnailUrl":"https:\/\/www.conferenciaepiscopal.pt\/v1\/wp-content\/uploads\/cep.jpg","articleSection":["#entrada","Documentos"],"inLanguage":"pt-PT"},{"@type":"WebPage","@id":"https:\/\/www.conferenciaepiscopal.pt\/v1\/comunicado-final-da-206-a-assembleia-plenaria-da-cep\/","url":"https:\/\/www.conferenciaepiscopal.pt\/v1\/comunicado-final-da-206-a-assembleia-plenaria-da-cep\/","name":"Comunicado final da 206.\u00aa Assembleia Plen\u00e1ria da CEP - Confer\u00eancia Episcopal Portuguesa","isPartOf":{"@id":"https:\/\/www.conferenciaepiscopal.pt\/v1\/#website"},"primaryImageOfPage":{"@id":"https:\/\/www.conferenciaepiscopal.pt\/v1\/comunicado-final-da-206-a-assembleia-plenaria-da-cep\/#primaryimage"},"image":{"@id":"https:\/\/www.conferenciaepiscopal.pt\/v1\/comunicado-final-da-206-a-assembleia-plenaria-da-cep\/#primaryimage"},"thumbnailUrl":"https:\/\/www.conferenciaepiscopal.pt\/v1\/wp-content\/uploads\/cep.jpg","datePublished":"2023-04-20T14:10:45+00:00","dateModified":"2023-04-21T09:26:23+00:00","breadcrumb":{"@id":"https:\/\/www.conferenciaepiscopal.pt\/v1\/comunicado-final-da-206-a-assembleia-plenaria-da-cep\/#breadcrumb"},"inLanguage":"pt-PT","potentialAction":[{"@type":"ReadAction","target":["https:\/\/www.conferenciaepiscopal.pt\/v1\/comunicado-final-da-206-a-assembleia-plenaria-da-cep\/"]}]},{"@type":"ImageObject","inLanguage":"pt-PT","@id":"https:\/\/www.conferenciaepiscopal.pt\/v1\/comunicado-final-da-206-a-assembleia-plenaria-da-cep\/#primaryimage","url":"https:\/\/www.conferenciaepiscopal.pt\/v1\/wp-content\/uploads\/cep.jpg","contentUrl":"https:\/\/www.conferenciaepiscopal.pt\/v1\/wp-content\/uploads\/cep.jpg","width":925,"height":630},{"@type":"BreadcrumbList","@id":"https:\/\/www.conferenciaepiscopal.pt\/v1\/comunicado-final-da-206-a-assembleia-plenaria-da-cep\/#breadcrumb","itemListElement":[{"@type":"ListItem","position":1,"name":"In\u00edcio","item":"https:\/\/www.conferenciaepiscopal.pt\/v1\/"},{"@type":"ListItem","position":2,"name":"Comunicado final da 206.\u00aa Assembleia Plen\u00e1ria da CEP"}]},{"@type":"WebSite","@id":"https:\/\/www.conferenciaepiscopal.pt\/v1\/#website","url":"https:\/\/www.conferenciaepiscopal.pt\/v1\/","name":"Confer\u00eancia Episcopal Portuguesa","description":"Igreja Cat\u00f3lica em Portugal","publisher":{"@id":"https:\/\/www.conferenciaepiscopal.pt\/v1\/#organization"},"potentialAction":[{"@type":"SearchAction","target":{"@type":"EntryPoint","urlTemplate":"https:\/\/www.conferenciaepiscopal.pt\/v1\/?s={search_term_string}"},"query-input":{"@type":"PropertyValueSpecification","valueRequired":true,"valueName":"search_term_string"}}],"inLanguage":"pt-PT"},{"@type":"Organization","@id":"https:\/\/www.conferenciaepiscopal.pt\/v1\/#organization","name":"Confer\u00eancia Episcopal Portuguesa","url":"https:\/\/www.conferenciaepiscopal.pt\/v1\/","logo":{"@type":"ImageObject","inLanguage":"pt-PT","@id":"https:\/\/www.conferenciaepiscopal.pt\/v1\/#\/schema\/logo\/image\/","url":"https:\/\/www.conferenciaepiscopal.pt\/v1\/wp-content\/uploads\/cropped-logoTransparente.png","contentUrl":"https:\/\/www.conferenciaepiscopal.pt\/v1\/wp-content\/uploads\/cropped-logoTransparente.png","width":512,"height":512,"caption":"Confer\u00eancia Episcopal Portuguesa"},"image":{"@id":"https:\/\/www.conferenciaepiscopal.pt\/v1\/#\/schema\/logo\/image\/"}},{"@type":"Person","@id":"https:\/\/www.conferenciaepiscopal.pt\/v1\/#\/schema\/person\/ab696457f75fe8e22b00183bfacb4cb2","name":"Manuel Costa","image":{"@type":"ImageObject","inLanguage":"pt-PT","@id":"https:\/\/secure.gravatar.com\/avatar\/5054571ff5d2454cd50657fc4e61d0c32d7a5d0d3b36ef6c0f6e269276d13618?s=96&d=mm&r=g","url":"https:\/\/secure.gravatar.com\/avatar\/5054571ff5d2454cd50657fc4e61d0c32d7a5d0d3b36ef6c0f6e269276d13618?s=96&d=mm&r=g","contentUrl":"https:\/\/secure.gravatar.com\/avatar\/5054571ff5d2454cd50657fc4e61d0c32d7a5d0d3b36ef6c0f6e269276d13618?s=96&d=mm&r=g","caption":"Manuel Costa"}}]}},"_links":{"self":[{"href":"https:\/\/www.conferenciaepiscopal.pt\/v1\/wp-json\/wp\/v2\/posts\/7726","targetHints":{"allow":["GET"]}}],"collection":[{"href":"https:\/\/www.conferenciaepiscopal.pt\/v1\/wp-json\/wp\/v2\/posts"}],"about":[{"href":"https:\/\/www.conferenciaepiscopal.pt\/v1\/wp-json\/wp\/v2\/types\/post"}],"author":[{"embeddable":true,"href":"https:\/\/www.conferenciaepiscopal.pt\/v1\/wp-json\/wp\/v2\/users\/1"}],"replies":[{"embeddable":true,"href":"https:\/\/www.conferenciaepiscopal.pt\/v1\/wp-json\/wp\/v2\/comments?post=7726"}],"version-history":[{"count":2,"href":"https:\/\/www.conferenciaepiscopal.pt\/v1\/wp-json\/wp\/v2\/posts\/7726\/revisions"}],"predecessor-version":[{"id":7728,"href":"https:\/\/www.conferenciaepiscopal.pt\/v1\/wp-json\/wp\/v2\/posts\/7726\/revisions\/7728"}],"wp:featuredmedia":[{"embeddable":true,"href":"https:\/\/www.conferenciaepiscopal.pt\/v1\/wp-json\/wp\/v2\/media\/5628"}],"wp:attachment":[{"href":"https:\/\/www.conferenciaepiscopal.pt\/v1\/wp-json\/wp\/v2\/media?parent=7726"}],"wp:term":[{"taxonomy":"category","embeddable":true,"href":"https:\/\/www.conferenciaepiscopal.pt\/v1\/wp-json\/wp\/v2\/categories?post=7726"},{"taxonomy":"post_tag","embeddable":true,"href":"https:\/\/www.conferenciaepiscopal.pt\/v1\/wp-json\/wp\/v2\/tags?post=7726"}],"curies":[{"name":"wp","href":"https:\/\/api.w.org\/{rel}","templated":true}]}}