{"id":7629,"date":"2023-02-10T16:42:22","date_gmt":"2023-02-10T16:42:22","guid":{"rendered":"https:\/\/www.conferenciaepiscopal.pt\/v1\/?p=7629"},"modified":"2023-02-24T15:40:15","modified_gmt":"2023-02-24T15:40:15","slug":"nota-de-imprensa-sobre-a-assembleia-continental-europeia-do-sinodo-2021-2024","status":"publish","type":"post","link":"https:\/\/www.conferenciaepiscopal.pt\/v1\/nota-de-imprensa-sobre-a-assembleia-continental-europeia-do-sinodo-2021-2024\/","title":{"rendered":"Nota de Imprensa sobre a Assembleia Continental Europeia do S\u00ednodo 2021-2024"},"content":{"rendered":"<p><!--more--><\/p>\n<div class=\"ast-oembed-container \" style=\"height: 100%;\"><iframe title=\"D  Jose\u0301 Ornelas - Assembleia Continental Europeia do S\u00ednodo 2021-2024\" width=\"500\" height=\"281\" src=\"https:\/\/www.youtube.com\/embed\/2H3hPSwrbDo?feature=oembed\" frameborder=\"0\" allow=\"accelerometer; autoplay; clipboard-write; encrypted-media; gyroscope; picture-in-picture; web-share\" referrerpolicy=\"strict-origin-when-cross-origin\" allowfullscreen><\/iframe><\/div>\n<p>Terminou, ao final da manh\u00e3 de hoje, em Praga, a primeira parte da Assembleia Continental Europeia do S\u00ednodo 2021-2024, com o tema \u201cPara uma Igreja sinodal: comunh\u00e3o, participa\u00e7\u00e3o e miss\u00e3o\u201d, que contou com a participa\u00e7\u00e3o, presencial e online, da delega\u00e7\u00e3o da Confer\u00eancia Episcopal Portuguesa (CEP).<\/p>\n<p>Ao terminar este encontro, o Presidente da CEP, D. Jos\u00e9 Ornelas, afirmou que esta foi uma \u201coportunidade extraordin\u00e1ria\u201d para \u201cescutar a Igreja da Europa nas suas dificuldades, nas tens\u00f5es que existem, mas na vontade de ultrapass\u00e1-las e de viver em comum o ser Igreja\u201d.<\/p>\n<p>\u201cUma das palavras que mais se ouviu aqui, foi \u2018unidade na diversidade\u2019, a converg\u00eancia na diversidade daquilo que somos, n\u00e3o querendo ser uniformes, mas ser verdadeiramente irm\u00e3os e irm\u00e3s na mesma Igreja\u201d, disse.<\/p>\n<p>Destacando que os dias de escuta e discernimento, em Praga, foram de uma \u201cdiscuss\u00e3o muito clara e transparente\u201d, aludiu \u00e0 import\u00e2ncia de a Igreja refletir sobre \u201cas dificuldades da guerra, das desigualdades, das migra\u00e7\u00f5es, da integra\u00e7\u00e3o e de compreens\u00e3o dentro da Igreja\u201d.<\/p>\n<p>\u201cEste n\u00e3o \u00e9 o fim do processo sinodal na Europa. Na transpar\u00eancia das nossas discuss\u00f5es, da nossa capacidade de escutarmos e de falarmos \u2013 disse D. Jos\u00e9 Ornelas \u2013 estamos a caminho de um S\u00ednodo da Igreja toda e queremos, como Europa, dar o sentido daquilo que somos, nas dificuldades mas na esperan\u00e7a do caminho que percorremos juntos\u201d.<\/p>\n<p>Complementando a s\u00edntese nacional que tinha sido apresentada na ter\u00e7a-feira, Carmo Rodeia, em nome da delega\u00e7\u00e3o portuguesa, alertou, ontem, para a aus\u00eancia dos jovens no processo sinodal em curso, apontando a realiza\u00e7\u00e3o da Jornada Mundial da Juventude em Portugal, em agosto deste ano, como oportunidade para a sua integra\u00e7\u00e3o (<em>ver transcri\u00e7\u00e3o da interven\u00e7\u00e3o na p\u00e1gina 2<\/em>).<\/p>\n<p>A Assembleia Continental prossegue, de 10 a 12 de fevereiro, apenas com a presen\u00e7a dos Bispos que presidem \u00e0s 39 Confer\u00eancias Episcopais da Europa.<\/p>\n<p>Praga, 9 de fevereiro de 2022<\/p>\n","protected":false},"excerpt":{"rendered":"","protected":false},"author":1,"featured_media":7631,"comment_status":"closed","ping_status":"closed","sticky":false,"template":"","format":"standard","meta":{"site-sidebar-layout":"default","site-content-layout":"","ast-site-content-layout":"default","site-content-style":"default","site-sidebar-style":"default","ast-global-header-display":"","ast-banner-title-visibility":"","ast-main-header-display":"","ast-hfb-above-header-display":"","ast-hfb-below-header-display":"","ast-hfb-mobile-header-display":"","site-post-title":"","ast-breadcrumbs-content":"","ast-featured-img":"","footer-sml-layout":"","ast-disable-related-posts":"","theme-transparent-header-meta":"","adv-header-id-meta":"","stick-header-meta":"","header-above-stick-meta":"","header-main-stick-meta":"","header-below-stick-meta":"","astra-migrate-meta-layouts":"default","ast-page-background-enabled":"default","ast-page-background-meta":{"desktop":{"background-color":"var(--ast-global-color-4)","background-image":"","background-repeat":"repeat","background-position":"center center","background-size":"auto","background-attachment":"scroll","background-type":"","background-media":"","overlay-type":"","overlay-color":"","overlay-opacity":"","overlay-gradient":""},"tablet":{"background-color":"","background-image":"","background-repeat":"repeat","background-position":"center center","background-size":"auto","background-attachment":"scroll","background-type":"","background-media":"","overlay-type":"","overlay-color":"","overlay-opacity":"","overlay-gradient":""},"mobile":{"background-color":"","background-image":"","background-repeat":"repeat","background-position":"center center","background-size":"auto","background-attachment":"scroll","background-type":"","background-media":"","overlay-type":"","overlay-color":"","overlay-opacity":"","overlay-gradient":""}},"ast-content-background-meta":{"desktop":{"background-color":"var(--ast-global-color-5)","background-image":"","background-repeat":"repeat","background-position":"center center","background-size":"auto","background-attachment":"scroll","background-type":"","background-media":"","overlay-type":"","overlay-color":"","overlay-opacity":"","overlay-gradient":""},"tablet":{"background-color":"var(--ast-global-color-5)","background-image":"","background-repeat":"repeat","background-position":"center center","background-size":"auto","background-attachment":"scroll","background-type":"","background-media":"","overlay-type":"","overlay-color":"","overlay-opacity":"","overlay-gradient":""},"mobile":{"background-color":"var(--ast-global-color-5)","background-image":"","background-repeat":"repeat","background-position":"center center","background-size":"auto","background-attachment":"scroll","background-type":"","background-media":"","overlay-type":"","overlay-color":"","overlay-opacity":"","overlay-gradient":""}},"footnotes":""},"categories":[74,72],"tags":[],"class_list":["post-7629","post","type-post","status-publish","format-standard","has-post-thumbnail","hentry","category-entrada","category-noticias"],"yoast_head":"<!-- This site is optimized with the Yoast SEO plugin v27.5 - https:\/\/yoast.com\/product\/yoast-seo-wordpress\/ -->\n<title>Nota de Imprensa sobre a Assembleia Continental Europeia do S\u00ednodo 2021-2024 - Confer\u00eancia Episcopal Portuguesa<\/title>\n<meta name=\"robots\" content=\"index, follow, max-snippet:-1, max-image-preview:large, max-video-preview:-1\" \/>\n<link rel=\"canonical\" href=\"https:\/\/www.conferenciaepiscopal.pt\/v1\/nota-de-imprensa-sobre-a-assembleia-continental-europeia-do-sinodo-2021-2024\/\" \/>\n<meta property=\"og:locale\" content=\"pt_PT\" \/>\n<meta property=\"og:type\" content=\"article\" \/>\n<meta property=\"og:title\" content=\"Nota de Imprensa sobre a Assembleia Continental Europeia do S\u00ednodo 2021-2024 - Confer\u00eancia Episcopal Portuguesa\" \/>\n<meta property=\"og:url\" content=\"https:\/\/www.conferenciaepiscopal.pt\/v1\/nota-de-imprensa-sobre-a-assembleia-continental-europeia-do-sinodo-2021-2024\/\" \/>\n<meta property=\"og:site_name\" content=\"Confer\u00eancia Episcopal Portuguesa\" \/>\n<meta property=\"article:published_time\" content=\"2023-02-10T16:42:22+00:00\" \/>\n<meta property=\"article:modified_time\" content=\"2023-02-24T15:40:15+00:00\" \/>\n<meta property=\"og:image\" content=\"https:\/\/www.conferenciaepiscopal.pt\/v1\/wp-content\/uploads\/328946312_737104977807556_3162662946736346570_n.jpg\" \/>\n\t<meta property=\"og:image:width\" content=\"1919\" \/>\n\t<meta property=\"og:image:height\" content=\"1079\" \/>\n\t<meta property=\"og:image:type\" content=\"image\/jpeg\" \/>\n<meta name=\"author\" content=\"Manuel Costa\" \/>\n<meta name=\"twitter:card\" content=\"summary_large_image\" \/>\n<meta name=\"twitter:label1\" content=\"Escrito por\" \/>\n\t<meta name=\"twitter:data1\" content=\"Manuel Costa\" \/>\n\t<meta name=\"twitter:label2\" content=\"Tempo estimado de leitura\" \/>\n\t<meta name=\"twitter:data2\" content=\"2 minutos\" \/>\n<script type=\"application\/ld+json\" class=\"yoast-schema-graph\">{\"@context\":\"https:\\\/\\\/schema.org\",\"@graph\":[{\"@type\":\"Article\",\"@id\":\"https:\\\/\\\/www.conferenciaepiscopal.pt\\\/v1\\\/nota-de-imprensa-sobre-a-assembleia-continental-europeia-do-sinodo-2021-2024\\\/#article\",\"isPartOf\":{\"@id\":\"https:\\\/\\\/www.conferenciaepiscopal.pt\\\/v1\\\/nota-de-imprensa-sobre-a-assembleia-continental-europeia-do-sinodo-2021-2024\\\/\"},\"author\":{\"name\":\"Manuel Costa\",\"@id\":\"https:\\\/\\\/www.conferenciaepiscopal.pt\\\/v1\\\/#\\\/schema\\\/person\\\/ab696457f75fe8e22b00183bfacb4cb2\"},\"headline\":\"Nota de Imprensa sobre a Assembleia Continental Europeia do S\u00ednodo 2021-2024\",\"datePublished\":\"2023-02-10T16:42:22+00:00\",\"dateModified\":\"2023-02-24T15:40:15+00:00\",\"mainEntityOfPage\":{\"@id\":\"https:\\\/\\\/www.conferenciaepiscopal.pt\\\/v1\\\/nota-de-imprensa-sobre-a-assembleia-continental-europeia-do-sinodo-2021-2024\\\/\"},\"wordCount\":350,\"publisher\":{\"@id\":\"https:\\\/\\\/www.conferenciaepiscopal.pt\\\/v1\\\/#organization\"},\"image\":{\"@id\":\"https:\\\/\\\/www.conferenciaepiscopal.pt\\\/v1\\\/nota-de-imprensa-sobre-a-assembleia-continental-europeia-do-sinodo-2021-2024\\\/#primaryimage\"},\"thumbnailUrl\":\"https:\\\/\\\/www.conferenciaepiscopal.pt\\\/v1\\\/wp-content\\\/uploads\\\/328946312_737104977807556_3162662946736346570_n.jpg\",\"articleSection\":[\"#entrada\",\"Not\u00edcias\"],\"inLanguage\":\"pt-PT\"},{\"@type\":\"WebPage\",\"@id\":\"https:\\\/\\\/www.conferenciaepiscopal.pt\\\/v1\\\/nota-de-imprensa-sobre-a-assembleia-continental-europeia-do-sinodo-2021-2024\\\/\",\"url\":\"https:\\\/\\\/www.conferenciaepiscopal.pt\\\/v1\\\/nota-de-imprensa-sobre-a-assembleia-continental-europeia-do-sinodo-2021-2024\\\/\",\"name\":\"Nota de Imprensa sobre a Assembleia Continental Europeia do S\u00ednodo 2021-2024 - Confer\u00eancia Episcopal Portuguesa\",\"isPartOf\":{\"@id\":\"https:\\\/\\\/www.conferenciaepiscopal.pt\\\/v1\\\/#website\"},\"primaryImageOfPage\":{\"@id\":\"https:\\\/\\\/www.conferenciaepiscopal.pt\\\/v1\\\/nota-de-imprensa-sobre-a-assembleia-continental-europeia-do-sinodo-2021-2024\\\/#primaryimage\"},\"image\":{\"@id\":\"https:\\\/\\\/www.conferenciaepiscopal.pt\\\/v1\\\/nota-de-imprensa-sobre-a-assembleia-continental-europeia-do-sinodo-2021-2024\\\/#primaryimage\"},\"thumbnailUrl\":\"https:\\\/\\\/www.conferenciaepiscopal.pt\\\/v1\\\/wp-content\\\/uploads\\\/328946312_737104977807556_3162662946736346570_n.jpg\",\"datePublished\":\"2023-02-10T16:42:22+00:00\",\"dateModified\":\"2023-02-24T15:40:15+00:00\",\"breadcrumb\":{\"@id\":\"https:\\\/\\\/www.conferenciaepiscopal.pt\\\/v1\\\/nota-de-imprensa-sobre-a-assembleia-continental-europeia-do-sinodo-2021-2024\\\/#breadcrumb\"},\"inLanguage\":\"pt-PT\",\"potentialAction\":[{\"@type\":\"ReadAction\",\"target\":[\"https:\\\/\\\/www.conferenciaepiscopal.pt\\\/v1\\\/nota-de-imprensa-sobre-a-assembleia-continental-europeia-do-sinodo-2021-2024\\\/\"]}]},{\"@type\":\"ImageObject\",\"inLanguage\":\"pt-PT\",\"@id\":\"https:\\\/\\\/www.conferenciaepiscopal.pt\\\/v1\\\/nota-de-imprensa-sobre-a-assembleia-continental-europeia-do-sinodo-2021-2024\\\/#primaryimage\",\"url\":\"https:\\\/\\\/www.conferenciaepiscopal.pt\\\/v1\\\/wp-content\\\/uploads\\\/328946312_737104977807556_3162662946736346570_n.jpg\",\"contentUrl\":\"https:\\\/\\\/www.conferenciaepiscopal.pt\\\/v1\\\/wp-content\\\/uploads\\\/328946312_737104977807556_3162662946736346570_n.jpg\",\"width\":1919,\"height\":1079},{\"@type\":\"BreadcrumbList\",\"@id\":\"https:\\\/\\\/www.conferenciaepiscopal.pt\\\/v1\\\/nota-de-imprensa-sobre-a-assembleia-continental-europeia-do-sinodo-2021-2024\\\/#breadcrumb\",\"itemListElement\":[{\"@type\":\"ListItem\",\"position\":1,\"name\":\"In\u00edcio\",\"item\":\"https:\\\/\\\/www.conferenciaepiscopal.pt\\\/v1\\\/\"},{\"@type\":\"ListItem\",\"position\":2,\"name\":\"Nota de Imprensa sobre a Assembleia Continental Europeia do S\u00ednodo 2021-2024\"}]},{\"@type\":\"WebSite\",\"@id\":\"https:\\\/\\\/www.conferenciaepiscopal.pt\\\/v1\\\/#website\",\"url\":\"https:\\\/\\\/www.conferenciaepiscopal.pt\\\/v1\\\/\",\"name\":\"Confer\u00eancia Episcopal Portuguesa\",\"description\":\"Igreja Cat\u00f3lica em Portugal\",\"publisher\":{\"@id\":\"https:\\\/\\\/www.conferenciaepiscopal.pt\\\/v1\\\/#organization\"},\"potentialAction\":[{\"@type\":\"SearchAction\",\"target\":{\"@type\":\"EntryPoint\",\"urlTemplate\":\"https:\\\/\\\/www.conferenciaepiscopal.pt\\\/v1\\\/?s={search_term_string}\"},\"query-input\":{\"@type\":\"PropertyValueSpecification\",\"valueRequired\":true,\"valueName\":\"search_term_string\"}}],\"inLanguage\":\"pt-PT\"},{\"@type\":\"Organization\",\"@id\":\"https:\\\/\\\/www.conferenciaepiscopal.pt\\\/v1\\\/#organization\",\"name\":\"Confer\u00eancia Episcopal Portuguesa\",\"url\":\"https:\\\/\\\/www.conferenciaepiscopal.pt\\\/v1\\\/\",\"logo\":{\"@type\":\"ImageObject\",\"inLanguage\":\"pt-PT\",\"@id\":\"https:\\\/\\\/www.conferenciaepiscopal.pt\\\/v1\\\/#\\\/schema\\\/logo\\\/image\\\/\",\"url\":\"https:\\\/\\\/www.conferenciaepiscopal.pt\\\/v1\\\/wp-content\\\/uploads\\\/cropped-logoTransparente.png\",\"contentUrl\":\"https:\\\/\\\/www.conferenciaepiscopal.pt\\\/v1\\\/wp-content\\\/uploads\\\/cropped-logoTransparente.png\",\"width\":512,\"height\":512,\"caption\":\"Confer\u00eancia Episcopal Portuguesa\"},\"image\":{\"@id\":\"https:\\\/\\\/www.conferenciaepiscopal.pt\\\/v1\\\/#\\\/schema\\\/logo\\\/image\\\/\"}},{\"@type\":\"Person\",\"@id\":\"https:\\\/\\\/www.conferenciaepiscopal.pt\\\/v1\\\/#\\\/schema\\\/person\\\/ab696457f75fe8e22b00183bfacb4cb2\",\"name\":\"Manuel Costa\",\"image\":{\"@type\":\"ImageObject\",\"inLanguage\":\"pt-PT\",\"@id\":\"https:\\\/\\\/secure.gravatar.com\\\/avatar\\\/5054571ff5d2454cd50657fc4e61d0c32d7a5d0d3b36ef6c0f6e269276d13618?s=96&d=mm&r=g\",\"url\":\"https:\\\/\\\/secure.gravatar.com\\\/avatar\\\/5054571ff5d2454cd50657fc4e61d0c32d7a5d0d3b36ef6c0f6e269276d13618?s=96&d=mm&r=g\",\"contentUrl\":\"https:\\\/\\\/secure.gravatar.com\\\/avatar\\\/5054571ff5d2454cd50657fc4e61d0c32d7a5d0d3b36ef6c0f6e269276d13618?s=96&d=mm&r=g\",\"caption\":\"Manuel Costa\"}}]}<\/script>\n<!-- \/ Yoast SEO plugin. -->","yoast_head_json":{"title":"Nota de Imprensa sobre a Assembleia Continental Europeia do S\u00ednodo 2021-2024 - Confer\u00eancia Episcopal Portuguesa","robots":{"index":"index","follow":"follow","max-snippet":"max-snippet:-1","max-image-preview":"max-image-preview:large","max-video-preview":"max-video-preview:-1"},"canonical":"https:\/\/www.conferenciaepiscopal.pt\/v1\/nota-de-imprensa-sobre-a-assembleia-continental-europeia-do-sinodo-2021-2024\/","og_locale":"pt_PT","og_type":"article","og_title":"Nota de Imprensa sobre a Assembleia Continental Europeia do S\u00ednodo 2021-2024 - Confer\u00eancia Episcopal Portuguesa","og_url":"https:\/\/www.conferenciaepiscopal.pt\/v1\/nota-de-imprensa-sobre-a-assembleia-continental-europeia-do-sinodo-2021-2024\/","og_site_name":"Confer\u00eancia Episcopal Portuguesa","article_published_time":"2023-02-10T16:42:22+00:00","article_modified_time":"2023-02-24T15:40:15+00:00","og_image":[{"width":1919,"height":1079,"url":"https:\/\/www.conferenciaepiscopal.pt\/v1\/wp-content\/uploads\/328946312_737104977807556_3162662946736346570_n.jpg","type":"image\/jpeg"}],"author":"Manuel Costa","twitter_card":"summary_large_image","twitter_misc":{"Escrito por":"Manuel Costa","Tempo estimado de leitura":"2 minutos"},"schema":{"@context":"https:\/\/schema.org","@graph":[{"@type":"Article","@id":"https:\/\/www.conferenciaepiscopal.pt\/v1\/nota-de-imprensa-sobre-a-assembleia-continental-europeia-do-sinodo-2021-2024\/#article","isPartOf":{"@id":"https:\/\/www.conferenciaepiscopal.pt\/v1\/nota-de-imprensa-sobre-a-assembleia-continental-europeia-do-sinodo-2021-2024\/"},"author":{"name":"Manuel Costa","@id":"https:\/\/www.conferenciaepiscopal.pt\/v1\/#\/schema\/person\/ab696457f75fe8e22b00183bfacb4cb2"},"headline":"Nota de Imprensa sobre a Assembleia Continental Europeia do S\u00ednodo 2021-2024","datePublished":"2023-02-10T16:42:22+00:00","dateModified":"2023-02-24T15:40:15+00:00","mainEntityOfPage":{"@id":"https:\/\/www.conferenciaepiscopal.pt\/v1\/nota-de-imprensa-sobre-a-assembleia-continental-europeia-do-sinodo-2021-2024\/"},"wordCount":350,"publisher":{"@id":"https:\/\/www.conferenciaepiscopal.pt\/v1\/#organization"},"image":{"@id":"https:\/\/www.conferenciaepiscopal.pt\/v1\/nota-de-imprensa-sobre-a-assembleia-continental-europeia-do-sinodo-2021-2024\/#primaryimage"},"thumbnailUrl":"https:\/\/www.conferenciaepiscopal.pt\/v1\/wp-content\/uploads\/328946312_737104977807556_3162662946736346570_n.jpg","articleSection":["#entrada","Not\u00edcias"],"inLanguage":"pt-PT"},{"@type":"WebPage","@id":"https:\/\/www.conferenciaepiscopal.pt\/v1\/nota-de-imprensa-sobre-a-assembleia-continental-europeia-do-sinodo-2021-2024\/","url":"https:\/\/www.conferenciaepiscopal.pt\/v1\/nota-de-imprensa-sobre-a-assembleia-continental-europeia-do-sinodo-2021-2024\/","name":"Nota de Imprensa sobre a Assembleia Continental Europeia do S\u00ednodo 2021-2024 - Confer\u00eancia Episcopal Portuguesa","isPartOf":{"@id":"https:\/\/www.conferenciaepiscopal.pt\/v1\/#website"},"primaryImageOfPage":{"@id":"https:\/\/www.conferenciaepiscopal.pt\/v1\/nota-de-imprensa-sobre-a-assembleia-continental-europeia-do-sinodo-2021-2024\/#primaryimage"},"image":{"@id":"https:\/\/www.conferenciaepiscopal.pt\/v1\/nota-de-imprensa-sobre-a-assembleia-continental-europeia-do-sinodo-2021-2024\/#primaryimage"},"thumbnailUrl":"https:\/\/www.conferenciaepiscopal.pt\/v1\/wp-content\/uploads\/328946312_737104977807556_3162662946736346570_n.jpg","datePublished":"2023-02-10T16:42:22+00:00","dateModified":"2023-02-24T15:40:15+00:00","breadcrumb":{"@id":"https:\/\/www.conferenciaepiscopal.pt\/v1\/nota-de-imprensa-sobre-a-assembleia-continental-europeia-do-sinodo-2021-2024\/#breadcrumb"},"inLanguage":"pt-PT","potentialAction":[{"@type":"ReadAction","target":["https:\/\/www.conferenciaepiscopal.pt\/v1\/nota-de-imprensa-sobre-a-assembleia-continental-europeia-do-sinodo-2021-2024\/"]}]},{"@type":"ImageObject","inLanguage":"pt-PT","@id":"https:\/\/www.conferenciaepiscopal.pt\/v1\/nota-de-imprensa-sobre-a-assembleia-continental-europeia-do-sinodo-2021-2024\/#primaryimage","url":"https:\/\/www.conferenciaepiscopal.pt\/v1\/wp-content\/uploads\/328946312_737104977807556_3162662946736346570_n.jpg","contentUrl":"https:\/\/www.conferenciaepiscopal.pt\/v1\/wp-content\/uploads\/328946312_737104977807556_3162662946736346570_n.jpg","width":1919,"height":1079},{"@type":"BreadcrumbList","@id":"https:\/\/www.conferenciaepiscopal.pt\/v1\/nota-de-imprensa-sobre-a-assembleia-continental-europeia-do-sinodo-2021-2024\/#breadcrumb","itemListElement":[{"@type":"ListItem","position":1,"name":"In\u00edcio","item":"https:\/\/www.conferenciaepiscopal.pt\/v1\/"},{"@type":"ListItem","position":2,"name":"Nota de Imprensa sobre a Assembleia Continental Europeia do S\u00ednodo 2021-2024"}]},{"@type":"WebSite","@id":"https:\/\/www.conferenciaepiscopal.pt\/v1\/#website","url":"https:\/\/www.conferenciaepiscopal.pt\/v1\/","name":"Confer\u00eancia Episcopal Portuguesa","description":"Igreja Cat\u00f3lica em Portugal","publisher":{"@id":"https:\/\/www.conferenciaepiscopal.pt\/v1\/#organization"},"potentialAction":[{"@type":"SearchAction","target":{"@type":"EntryPoint","urlTemplate":"https:\/\/www.conferenciaepiscopal.pt\/v1\/?s={search_term_string}"},"query-input":{"@type":"PropertyValueSpecification","valueRequired":true,"valueName":"search_term_string"}}],"inLanguage":"pt-PT"},{"@type":"Organization","@id":"https:\/\/www.conferenciaepiscopal.pt\/v1\/#organization","name":"Confer\u00eancia Episcopal Portuguesa","url":"https:\/\/www.conferenciaepiscopal.pt\/v1\/","logo":{"@type":"ImageObject","inLanguage":"pt-PT","@id":"https:\/\/www.conferenciaepiscopal.pt\/v1\/#\/schema\/logo\/image\/","url":"https:\/\/www.conferenciaepiscopal.pt\/v1\/wp-content\/uploads\/cropped-logoTransparente.png","contentUrl":"https:\/\/www.conferenciaepiscopal.pt\/v1\/wp-content\/uploads\/cropped-logoTransparente.png","width":512,"height":512,"caption":"Confer\u00eancia Episcopal Portuguesa"},"image":{"@id":"https:\/\/www.conferenciaepiscopal.pt\/v1\/#\/schema\/logo\/image\/"}},{"@type":"Person","@id":"https:\/\/www.conferenciaepiscopal.pt\/v1\/#\/schema\/person\/ab696457f75fe8e22b00183bfacb4cb2","name":"Manuel Costa","image":{"@type":"ImageObject","inLanguage":"pt-PT","@id":"https:\/\/secure.gravatar.com\/avatar\/5054571ff5d2454cd50657fc4e61d0c32d7a5d0d3b36ef6c0f6e269276d13618?s=96&d=mm&r=g","url":"https:\/\/secure.gravatar.com\/avatar\/5054571ff5d2454cd50657fc4e61d0c32d7a5d0d3b36ef6c0f6e269276d13618?s=96&d=mm&r=g","contentUrl":"https:\/\/secure.gravatar.com\/avatar\/5054571ff5d2454cd50657fc4e61d0c32d7a5d0d3b36ef6c0f6e269276d13618?s=96&d=mm&r=g","caption":"Manuel Costa"}}]}},"_links":{"self":[{"href":"https:\/\/www.conferenciaepiscopal.pt\/v1\/wp-json\/wp\/v2\/posts\/7629","targetHints":{"allow":["GET"]}}],"collection":[{"href":"https:\/\/www.conferenciaepiscopal.pt\/v1\/wp-json\/wp\/v2\/posts"}],"about":[{"href":"https:\/\/www.conferenciaepiscopal.pt\/v1\/wp-json\/wp\/v2\/types\/post"}],"author":[{"embeddable":true,"href":"https:\/\/www.conferenciaepiscopal.pt\/v1\/wp-json\/wp\/v2\/users\/1"}],"replies":[{"embeddable":true,"href":"https:\/\/www.conferenciaepiscopal.pt\/v1\/wp-json\/wp\/v2\/comments?post=7629"}],"version-history":[{"count":2,"href":"https:\/\/www.conferenciaepiscopal.pt\/v1\/wp-json\/wp\/v2\/posts\/7629\/revisions"}],"predecessor-version":[{"id":7640,"href":"https:\/\/www.conferenciaepiscopal.pt\/v1\/wp-json\/wp\/v2\/posts\/7629\/revisions\/7640"}],"wp:featuredmedia":[{"embeddable":true,"href":"https:\/\/www.conferenciaepiscopal.pt\/v1\/wp-json\/wp\/v2\/media\/7631"}],"wp:attachment":[{"href":"https:\/\/www.conferenciaepiscopal.pt\/v1\/wp-json\/wp\/v2\/media?parent=7629"}],"wp:term":[{"taxonomy":"category","embeddable":true,"href":"https:\/\/www.conferenciaepiscopal.pt\/v1\/wp-json\/wp\/v2\/categories?post=7629"},{"taxonomy":"post_tag","embeddable":true,"href":"https:\/\/www.conferenciaepiscopal.pt\/v1\/wp-json\/wp\/v2\/tags?post=7629"}],"curies":[{"name":"wp","href":"https:\/\/api.w.org\/{rel}","templated":true}]}}