{"id":7625,"date":"2023-02-07T13:25:54","date_gmt":"2023-02-07T13:25:54","guid":{"rendered":"https:\/\/www.conferenciaepiscopal.pt\/v1\/?p=7625"},"modified":"2023-10-01T16:54:39","modified_gmt":"2023-10-01T15:54:39","slug":"sinodo-2021-2024-sintese-da-cep-para-assembleia-continental-em-praga","status":"publish","type":"post","link":"https:\/\/www.conferenciaepiscopal.pt\/v1\/sinodo-2021-2024-sintese-da-cep-para-assembleia-continental-em-praga\/","title":{"rendered":"S\u00ednodo 2021-2024: S\u00edntese da CEP para Assembleia Continental em Praga"},"content":{"rendered":"<p><em> (5-12 fevereiro 2023)<\/em><\/p>\n<p><!--more--><\/p>\n<p><img fetchpriority=\"high\" decoding=\"async\" class=\"alignright wp-image-7627 \" src=\"https:\/\/www.conferenciaepiscopal.pt\/v1\/wp-content\/uploads\/sinodo-praga.jpg\" alt=\"\" width=\"395\" height=\"263\" srcset=\"https:\/\/www.conferenciaepiscopal.pt\/v1\/wp-content\/uploads\/sinodo-praga.jpg 900w, https:\/\/www.conferenciaepiscopal.pt\/v1\/wp-content\/uploads\/sinodo-praga-300x200.jpg 300w, https:\/\/www.conferenciaepiscopal.pt\/v1\/wp-content\/uploads\/sinodo-praga-768x512.jpg 768w, https:\/\/www.conferenciaepiscopal.pt\/v1\/wp-content\/uploads\/sinodo-praga-480x320.jpg 480w\" sizes=\"(max-width: 395px) 100vw, 395px\" \/>1. Seguindo as orienta\u00e7\u00f5es do Documento para a Etapa Continental (DEC) do S\u00ednodo dos Bispos 2021-2024, as Dioceses de Portugal foram convidadas a prosseguir o processo sinodal em torno de tr\u00eas quest\u00f5es a\u00ed propostas (n.\u00ba 106). Apesar da menor participa\u00e7\u00e3o, esta fase comprova o prop\u00f3sito de recuperar a identidade sinodal da Igreja e de transformar as etapas de um S\u00ednodo num processo consecutivo.<\/p>\n<p>2. Na maioria das dioceses a reflex\u00e3o das quest\u00f5es propostas no DEC foi feita pelas equipas sinodais diocesanas, mas noutras devolveu-se a consulta aos grupos sinodais nas comunidades locais e ampliou-se a escuta e o discernimento a todos, evidenciando j\u00e1 alguns resultados do processo sinodal.<\/p>\n<p><strong>I \u2013 Quais as intui\u00e7\u00f5es que ecoam, de modo mais intenso, com as experi\u00eancias e as realidades concretas da Igreja? Quais as experi\u00eancias que aparecem como novas ou iluminadoras?<\/strong><\/p>\n<p>3. \u00c9 transversal o reconhecimento da validade do processo sinodal, visto como uma experi\u00eancia rica e iluminadora, que proporcionou a alegria do encontro com o outro, a escuta atenta e profunda, e um maior e melhor di\u00e1logo, o que contribuiu para a renova\u00e7\u00e3o da consci\u00eancia de que somos Corpo de Cristo.<\/p>\n<p>4. De forma positiva, compreende-se que as alegrias, dores, dificuldades e \u00eaxitos sentidos na Igreja s\u00e3o similares entre as diferentes dioceses e pa\u00edses, o que \u00e9 revelador de comunh\u00e3o, mas tamb\u00e9m sinal de que os dilemas da Igreja s\u00e3o quest\u00f5es candentes da pr\u00f3pria humanidade.<\/p>\n<p>5. H\u00e1 uma perce\u00e7\u00e3o de que os temas abordados neste processo sinodal n\u00e3o s\u00e3o in\u00e9ditos, mas com a escuta alargada a todo o Povo de Deus ganham uma for\u00e7a e uma universalidade novas.<\/p>\n<p>6. A imagem b\u00edblica apresentada no DEC, \u201calargar o espa\u00e7o da tenda\u201d, \u00e9 entendida como um sinal de esperan\u00e7a que revela a import\u00e2ncia de a Igreja dar voz e vez a todos, indo \u00e0s periferias, manifestando a necessidade de acolher a todos independentemente das suas circunst\u00e2ncias, incluindo os que moral e canonicamente possam estar numa situa\u00e7\u00e3o irregular. A Igreja que se intui \u00e9 aquela que est\u00e1 em sa\u00edda porque se assume plenamente mission\u00e1ria e capaz de oferecer \u00e0 Humanidade luzes de esperan\u00e7a.<\/p>\n<p>7. Revela-se, tamb\u00e9m, necess\u00e1rio o acolhimento da pluralidade e diversidade de carismas da Igreja, sem que se perca a identidade e o reconhecimento da igualdade e dignidade de todos os batizados, admitindo que \u00e9 necess\u00e1ria uma igreja ministerial que n\u00e3o esteja centrada no minist\u00e9rio ordenado.<\/p>\n<p>8. Finalmente, ressoa a necessidade de sermos uma Igreja com maior transpar\u00eancia nos processos de decis\u00e3o e na sua comunica\u00e7\u00e3o, que dialoga com o mundo a partir da cultura numa perspetiva de \u201crasgar caminhos\u201d, trazendo o Evangelho e a espiritualidade para o centro do debate p\u00fablico, numa Europa cada vez mais descristianizada, onde a dimens\u00e3o institucional da Igreja tem uma relev\u00e2ncia cada vez menor. Sublinha-se mesmo a necessidade de readquirir \u201crelev\u00e2ncia social\u201d.<\/p>\n<p><strong>II \u2013 Quais as tens\u00f5es ou diverg\u00eancias substanciais que surgem como particularmente importantes? Quais s\u00e3o as quest\u00f5es ou interroga\u00e7\u00f5es que deveriam ser enfrentadas e tomadas em considera\u00e7\u00e3o nas pr\u00f3ximas fases do processo?<\/strong><\/p>\n<p>9. Na liturgia h\u00e1 uma tens\u00e3o crescente entre sensibilidades pr\u00e9 e p\u00f3s-conciliares, sendo necess\u00e1rio procurar ultrapassar as quest\u00f5es relacionadas com os grupos que se op\u00f5em \u00e0 mudan\u00e7a. Denotam-se diverg\u00eancias entre a fidelidade aos fundamentos da f\u00e9 e a maleabilidade face a premissas externas, e configura-se a necessidade de adaptar a linguagem lit\u00fargica aos tempos de hoje.<\/p>\n<p>10. Na a\u00e7\u00e3o pastoral \u00e9 necess\u00e1rio ultrapassar a tens\u00e3o entre fidelidade doutrinal e acolhimento acr\u00edtico e indiscriminado de tudo o que o outro proponha. Por outro lado, diante de modelos de pastoral gastos e distantes de um novo impulso evangelizador, o clericalismo obstaculiza a mudan\u00e7a, o legalismo arbitr\u00e1rio afasta os fi\u00e9is e o rosto burocr\u00e1tico de muitas comunidades s\u00e3o geradores de tens\u00e3o e muitas vezes de abandono.<\/p>\n<p>11. H\u00e1 alguma dificuldade em acolher todos de igual forma e em aceitar a diversidade no seio da Igreja (casais em segunda uni\u00e3o, pessoas com atra\u00e7\u00e3o pelo mesmo sexo ou em uni\u00f5es homossexuais) em valorizar a fragilidade, nomeadamente das pessoas com defici\u00eancia, e em compreender o que se entende por \u201cacolhimento\u201d.<\/p>\n<p>12. Importa, tamb\u00e9m, explicar o que significa promover uma igreja ministerial, clarificando o papel de leigos e sacerdotes, refletindo sobre a aus\u00eancia dos jovens e do clero neste processo sinodal.<\/p>\n<p>13. H\u00e1, ainda, tens\u00f5es diversas em temas ditos fraturantes, tais como: o acesso das mulheres ao sacramento da ordem; a ordena\u00e7\u00e3o de homens casados; a identidade sexual e de g\u00e9nero; a educa\u00e7\u00e3o para a afetividade e sexualidade; e o celibato dos padres.<\/p>\n<p>14. Devem ser consideradas, igualmente, outras quest\u00f5es: a forma como s\u00e3o geridas as situa\u00e7\u00f5es de abusos sexuais; a comunica\u00e7\u00e3o herm\u00e9tica que dificulta, n\u00e3o s\u00f3 o di\u00e1logo interno, mas o di\u00e1logo com a sociedade em geral e, especialmente, com outras confiss\u00f5es crist\u00e3s e religiosas.<\/p>\n<p><strong>III \u2013 Quais s\u00e3o as prioridades, os temas recorrentes e os apelos \u00e0 a\u00e7\u00e3o que podem ser partilhados com outras Igrejas locais no mundo e discutidos durante a Primeira Sess\u00e3o da Assembleia sinodal em outubro de 2023?<\/strong><\/p>\n<p>15. Depois de indicadas as intui\u00e7\u00f5es que mais ecoaram e as tens\u00f5es e quest\u00f5es a enfrentar, elencamos as prioridades:<\/p>\n<ul>\n<li>dar <strong>prioridade aos<\/strong> <strong>jovens<\/strong>, defendendo a import\u00e2ncia de lhes dar voz e lugar na vida da Igreja e encontrar verdadeiros projetos de renova\u00e7\u00e3o que os incluam;<\/li>\n<li>facilitar e promover a <strong>participa\u00e7\u00e3o da mulher<\/strong> na Igreja, em igualdade de oportunidades;<\/li>\n<li>dinamizar a <strong>forma\u00e7\u00e3o<\/strong> de leigos e cl\u00e9rigos na sinodalidade, revendo a forma\u00e7\u00e3o proporcionada pelos semin\u00e1rios para a miss\u00e3o no mundo atual, promovendo um acompanhamento do clero;<\/li>\n<li>refletir sobre o <strong>minist\u00e9rio ordenado<\/strong>, considerando a possibilidade de ordenar presb\u00edteros homens casados;<\/li>\n<li>ter uma aten\u00e7\u00e3o permanente aos <strong>pobres<\/strong> e dar centralidade \u00e0s diferentes quest\u00f5es de cariz <strong>social<\/strong>, bem como \u00e0s quest\u00f5es relacionadas com a <strong>ecologia<\/strong> face aos crescentes problemas ambientais;<\/li>\n<li>tornar as <strong>par\u00f3quias um lugar de verdadeira \u201ccultura sinodal\u201d<\/strong>, onde todos s\u00e3o convidados a participar, a manifestar-se, a dar o contributo para a a\u00e7\u00e3o pastoral, em conselhos ou assembleias, assumindo efetiva <strong>corresponsabilidade<\/strong>. Prop\u00f5e-se, neste \u00e2mbito, a revis\u00e3o do C\u00f3digo de Direito Can\u00f3nico;<\/li>\n<li>dar resposta \u00e0s novas realidades sociais e afetivas, fortalecendo os v\u00ednculos nas <strong>Igrejas dom\u00e9sticas<\/strong> com um acompanhamento personalizado das fam\u00edlias, e acolhendo os <strong>novos modelos familiares<\/strong> (fam\u00edlias monoparentais, fam\u00edlias reconstru\u00eddas a partir de outras, divorciados recasados, fam\u00edlias com pais\/m\u00e3es do mesmo sexo e com filhos biol\u00f3gicos ou adotados);<\/li>\n<li>incentivar o <strong>di\u00e1logo ecum\u00e9nico e inter-religioso<\/strong>, com iniciativas que possam ir al\u00e9m da semana de ora\u00e7\u00e3o pela unidade dos crist\u00e3os;<\/li>\n<li><strong>dialogar com a cultura<\/strong> e com o pensamento contempor\u00e2neo, em temas como a intelig\u00eancia artificial, a rob\u00f3tica ou as quest\u00f5es de identidade de g\u00e9nero (LGBTQIA+);<\/li>\n<li>rever a <strong>comunica\u00e7\u00e3o e linguagem<\/strong> da Igreja (para dentro e para fora) e a ocupa\u00e7\u00e3o do espa\u00e7o p\u00fablico como uma voz cred\u00edvel e de servi\u00e7o.<\/li>\n<\/ul>\n<p>&nbsp;<\/p>\n<p>16. Sendo o processo sinodal e a din\u00e2mica a ele impl\u00edcita considerados como uma das experi\u00eancias mais ricas e iluminadoras, \u00e9 necess\u00e1rio permanecer em esp\u00edrito de discernimento cont\u00ednuo para que a Igreja possa ser sempre lugar de encontro pessoal e comunit\u00e1rio com Jesus e o seu Evangelho, e lugar de partida para a miss\u00e3o.<\/p>\n<p>17. A pergunta principal a que conduzem todas estas intui\u00e7\u00f5es, experi\u00eancias, interroga\u00e7\u00f5es e apelos, acima da importante pergunta do que querem a Igreja e os fi\u00e9is, \u00e9 esta outra: o que quer Jesus Cristo da sua Igreja hoje? A resposta \u00e9 necess\u00e1ria e passa sempre pelo discernimento a fazer pelos ap\u00f3stolos que o pr\u00f3prio Cristo deixou \u00e0 sua Igreja, \u201c<em>cum et sub Petro<\/em>\u201d.<\/p>\n<p>&nbsp;<\/p>\n","protected":false},"excerpt":{"rendered":"<p>(5-12 fevereiro 2023)<\/p>\n","protected":false},"author":1,"featured_media":7627,"comment_status":"closed","ping_status":"closed","sticky":false,"template":"","format":"standard","meta":{"site-sidebar-layout":"default","site-content-layout":"","ast-site-content-layout":"default","site-content-style":"default","site-sidebar-style":"default","ast-global-header-display":"","ast-banner-title-visibility":"","ast-main-header-display":"","ast-hfb-above-header-display":"","ast-hfb-below-header-display":"","ast-hfb-mobile-header-display":"","site-post-title":"","ast-breadcrumbs-content":"","ast-featured-img":"","footer-sml-layout":"","ast-disable-related-posts":"","theme-transparent-header-meta":"","adv-header-id-meta":"","stick-header-meta":"","header-above-stick-meta":"","header-main-stick-meta":"","header-below-stick-meta":"","astra-migrate-meta-layouts":"default","ast-page-background-enabled":"default","ast-page-background-meta":{"desktop":{"background-color":"var(--ast-global-color-4)","background-image":"","background-repeat":"repeat","background-position":"center center","background-size":"auto","background-attachment":"scroll","background-type":"","background-media":"","overlay-type":"","overlay-color":"","overlay-opacity":"","overlay-gradient":""},"tablet":{"background-color":"","background-image":"","background-repeat":"repeat","background-position":"center center","background-size":"auto","background-attachment":"scroll","background-type":"","background-media":"","overlay-type":"","overlay-color":"","overlay-opacity":"","overlay-gradient":""},"mobile":{"background-color":"","background-image":"","background-repeat":"repeat","background-position":"center center","background-size":"auto","background-attachment":"scroll","background-type":"","background-media":"","overlay-type":"","overlay-color":"","overlay-opacity":"","overlay-gradient":""}},"ast-content-background-meta":{"desktop":{"background-color":"var(--ast-global-color-5)","background-image":"","background-repeat":"repeat","background-position":"center center","background-size":"auto","background-attachment":"scroll","background-type":"","background-media":"","overlay-type":"","overlay-color":"","overlay-opacity":"","overlay-gradient":""},"tablet":{"background-color":"var(--ast-global-color-5)","background-image":"","background-repeat":"repeat","background-position":"center center","background-size":"auto","background-attachment":"scroll","background-type":"","background-media":"","overlay-type":"","overlay-color":"","overlay-opacity":"","overlay-gradient":""},"mobile":{"background-color":"var(--ast-global-color-5)","background-image":"","background-repeat":"repeat","background-position":"center center","background-size":"auto","background-attachment":"scroll","background-type":"","background-media":"","overlay-type":"","overlay-color":"","overlay-opacity":"","overlay-gradient":""}},"footnotes":""},"categories":[74,4],"tags":[],"class_list":["post-7625","post","type-post","status-publish","format-standard","has-post-thumbnail","hentry","category-entrada","category-documentos"],"yoast_head":"<!-- This site is optimized with the Yoast SEO plugin v27.5 - https:\/\/yoast.com\/product\/yoast-seo-wordpress\/ -->\n<title>S\u00ednodo 2021-2024: S\u00edntese da CEP para Assembleia Continental em Praga - Confer\u00eancia Episcopal Portuguesa<\/title>\n<meta name=\"robots\" content=\"index, follow, max-snippet:-1, max-image-preview:large, max-video-preview:-1\" \/>\n<link rel=\"canonical\" href=\"https:\/\/www.conferenciaepiscopal.pt\/v1\/sinodo-2021-2024-sintese-da-cep-para-assembleia-continental-em-praga\/\" \/>\n<meta property=\"og:locale\" content=\"pt_PT\" \/>\n<meta property=\"og:type\" content=\"article\" \/>\n<meta property=\"og:title\" content=\"S\u00ednodo 2021-2024: S\u00edntese da CEP para Assembleia Continental em Praga - Confer\u00eancia Episcopal Portuguesa\" \/>\n<meta property=\"og:description\" content=\"(5-12 fevereiro 2023)\" \/>\n<meta property=\"og:url\" content=\"https:\/\/www.conferenciaepiscopal.pt\/v1\/sinodo-2021-2024-sintese-da-cep-para-assembleia-continental-em-praga\/\" \/>\n<meta property=\"og:site_name\" content=\"Confer\u00eancia Episcopal Portuguesa\" \/>\n<meta property=\"article:published_time\" content=\"2023-02-07T13:25:54+00:00\" \/>\n<meta property=\"article:modified_time\" content=\"2023-10-01T15:54:39+00:00\" \/>\n<meta property=\"og:image\" content=\"https:\/\/www.conferenciaepiscopal.pt\/v1\/wp-content\/uploads\/sinodo-praga.jpg\" \/>\n\t<meta property=\"og:image:width\" content=\"900\" \/>\n\t<meta property=\"og:image:height\" content=\"600\" \/>\n\t<meta property=\"og:image:type\" content=\"image\/jpeg\" \/>\n<meta name=\"author\" content=\"Manuel Costa\" \/>\n<meta name=\"twitter:card\" content=\"summary_large_image\" \/>\n<meta name=\"twitter:label1\" content=\"Escrito por\" \/>\n\t<meta name=\"twitter:data1\" content=\"Manuel Costa\" \/>\n\t<meta name=\"twitter:label2\" content=\"Tempo estimado de leitura\" \/>\n\t<meta name=\"twitter:data2\" content=\"7 minutos\" \/>\n<script type=\"application\/ld+json\" class=\"yoast-schema-graph\">{\"@context\":\"https:\\\/\\\/schema.org\",\"@graph\":[{\"@type\":\"Article\",\"@id\":\"https:\\\/\\\/www.conferenciaepiscopal.pt\\\/v1\\\/sinodo-2021-2024-sintese-da-cep-para-assembleia-continental-em-praga\\\/#article\",\"isPartOf\":{\"@id\":\"https:\\\/\\\/www.conferenciaepiscopal.pt\\\/v1\\\/sinodo-2021-2024-sintese-da-cep-para-assembleia-continental-em-praga\\\/\"},\"author\":{\"name\":\"Manuel Costa\",\"@id\":\"https:\\\/\\\/www.conferenciaepiscopal.pt\\\/v1\\\/#\\\/schema\\\/person\\\/ab696457f75fe8e22b00183bfacb4cb2\"},\"headline\":\"S\u00ednodo 2021-2024: S\u00edntese da CEP para Assembleia Continental em Praga\",\"datePublished\":\"2023-02-07T13:25:54+00:00\",\"dateModified\":\"2023-10-01T15:54:39+00:00\",\"mainEntityOfPage\":{\"@id\":\"https:\\\/\\\/www.conferenciaepiscopal.pt\\\/v1\\\/sinodo-2021-2024-sintese-da-cep-para-assembleia-continental-em-praga\\\/\"},\"wordCount\":1366,\"publisher\":{\"@id\":\"https:\\\/\\\/www.conferenciaepiscopal.pt\\\/v1\\\/#organization\"},\"image\":{\"@id\":\"https:\\\/\\\/www.conferenciaepiscopal.pt\\\/v1\\\/sinodo-2021-2024-sintese-da-cep-para-assembleia-continental-em-praga\\\/#primaryimage\"},\"thumbnailUrl\":\"https:\\\/\\\/www.conferenciaepiscopal.pt\\\/v1\\\/wp-content\\\/uploads\\\/sinodo-praga.jpg\",\"articleSection\":[\"#entrada\",\"Documentos\"],\"inLanguage\":\"pt-PT\"},{\"@type\":\"WebPage\",\"@id\":\"https:\\\/\\\/www.conferenciaepiscopal.pt\\\/v1\\\/sinodo-2021-2024-sintese-da-cep-para-assembleia-continental-em-praga\\\/\",\"url\":\"https:\\\/\\\/www.conferenciaepiscopal.pt\\\/v1\\\/sinodo-2021-2024-sintese-da-cep-para-assembleia-continental-em-praga\\\/\",\"name\":\"S\u00ednodo 2021-2024: S\u00edntese da CEP para Assembleia Continental em Praga - Confer\u00eancia Episcopal Portuguesa\",\"isPartOf\":{\"@id\":\"https:\\\/\\\/www.conferenciaepiscopal.pt\\\/v1\\\/#website\"},\"primaryImageOfPage\":{\"@id\":\"https:\\\/\\\/www.conferenciaepiscopal.pt\\\/v1\\\/sinodo-2021-2024-sintese-da-cep-para-assembleia-continental-em-praga\\\/#primaryimage\"},\"image\":{\"@id\":\"https:\\\/\\\/www.conferenciaepiscopal.pt\\\/v1\\\/sinodo-2021-2024-sintese-da-cep-para-assembleia-continental-em-praga\\\/#primaryimage\"},\"thumbnailUrl\":\"https:\\\/\\\/www.conferenciaepiscopal.pt\\\/v1\\\/wp-content\\\/uploads\\\/sinodo-praga.jpg\",\"datePublished\":\"2023-02-07T13:25:54+00:00\",\"dateModified\":\"2023-10-01T15:54:39+00:00\",\"breadcrumb\":{\"@id\":\"https:\\\/\\\/www.conferenciaepiscopal.pt\\\/v1\\\/sinodo-2021-2024-sintese-da-cep-para-assembleia-continental-em-praga\\\/#breadcrumb\"},\"inLanguage\":\"pt-PT\",\"potentialAction\":[{\"@type\":\"ReadAction\",\"target\":[\"https:\\\/\\\/www.conferenciaepiscopal.pt\\\/v1\\\/sinodo-2021-2024-sintese-da-cep-para-assembleia-continental-em-praga\\\/\"]}]},{\"@type\":\"ImageObject\",\"inLanguage\":\"pt-PT\",\"@id\":\"https:\\\/\\\/www.conferenciaepiscopal.pt\\\/v1\\\/sinodo-2021-2024-sintese-da-cep-para-assembleia-continental-em-praga\\\/#primaryimage\",\"url\":\"https:\\\/\\\/www.conferenciaepiscopal.pt\\\/v1\\\/wp-content\\\/uploads\\\/sinodo-praga.jpg\",\"contentUrl\":\"https:\\\/\\\/www.conferenciaepiscopal.pt\\\/v1\\\/wp-content\\\/uploads\\\/sinodo-praga.jpg\",\"width\":900,\"height\":600},{\"@type\":\"BreadcrumbList\",\"@id\":\"https:\\\/\\\/www.conferenciaepiscopal.pt\\\/v1\\\/sinodo-2021-2024-sintese-da-cep-para-assembleia-continental-em-praga\\\/#breadcrumb\",\"itemListElement\":[{\"@type\":\"ListItem\",\"position\":1,\"name\":\"In\u00edcio\",\"item\":\"https:\\\/\\\/www.conferenciaepiscopal.pt\\\/v1\\\/\"},{\"@type\":\"ListItem\",\"position\":2,\"name\":\"S\u00ednodo 2021-2024: S\u00edntese da CEP para Assembleia Continental em Praga\"}]},{\"@type\":\"WebSite\",\"@id\":\"https:\\\/\\\/www.conferenciaepiscopal.pt\\\/v1\\\/#website\",\"url\":\"https:\\\/\\\/www.conferenciaepiscopal.pt\\\/v1\\\/\",\"name\":\"Confer\u00eancia Episcopal Portuguesa\",\"description\":\"Igreja Cat\u00f3lica em Portugal\",\"publisher\":{\"@id\":\"https:\\\/\\\/www.conferenciaepiscopal.pt\\\/v1\\\/#organization\"},\"potentialAction\":[{\"@type\":\"SearchAction\",\"target\":{\"@type\":\"EntryPoint\",\"urlTemplate\":\"https:\\\/\\\/www.conferenciaepiscopal.pt\\\/v1\\\/?s={search_term_string}\"},\"query-input\":{\"@type\":\"PropertyValueSpecification\",\"valueRequired\":true,\"valueName\":\"search_term_string\"}}],\"inLanguage\":\"pt-PT\"},{\"@type\":\"Organization\",\"@id\":\"https:\\\/\\\/www.conferenciaepiscopal.pt\\\/v1\\\/#organization\",\"name\":\"Confer\u00eancia Episcopal Portuguesa\",\"url\":\"https:\\\/\\\/www.conferenciaepiscopal.pt\\\/v1\\\/\",\"logo\":{\"@type\":\"ImageObject\",\"inLanguage\":\"pt-PT\",\"@id\":\"https:\\\/\\\/www.conferenciaepiscopal.pt\\\/v1\\\/#\\\/schema\\\/logo\\\/image\\\/\",\"url\":\"https:\\\/\\\/www.conferenciaepiscopal.pt\\\/v1\\\/wp-content\\\/uploads\\\/cropped-logoTransparente.png\",\"contentUrl\":\"https:\\\/\\\/www.conferenciaepiscopal.pt\\\/v1\\\/wp-content\\\/uploads\\\/cropped-logoTransparente.png\",\"width\":512,\"height\":512,\"caption\":\"Confer\u00eancia Episcopal Portuguesa\"},\"image\":{\"@id\":\"https:\\\/\\\/www.conferenciaepiscopal.pt\\\/v1\\\/#\\\/schema\\\/logo\\\/image\\\/\"}},{\"@type\":\"Person\",\"@id\":\"https:\\\/\\\/www.conferenciaepiscopal.pt\\\/v1\\\/#\\\/schema\\\/person\\\/ab696457f75fe8e22b00183bfacb4cb2\",\"name\":\"Manuel Costa\",\"image\":{\"@type\":\"ImageObject\",\"inLanguage\":\"pt-PT\",\"@id\":\"https:\\\/\\\/secure.gravatar.com\\\/avatar\\\/5054571ff5d2454cd50657fc4e61d0c32d7a5d0d3b36ef6c0f6e269276d13618?s=96&d=mm&r=g\",\"url\":\"https:\\\/\\\/secure.gravatar.com\\\/avatar\\\/5054571ff5d2454cd50657fc4e61d0c32d7a5d0d3b36ef6c0f6e269276d13618?s=96&d=mm&r=g\",\"contentUrl\":\"https:\\\/\\\/secure.gravatar.com\\\/avatar\\\/5054571ff5d2454cd50657fc4e61d0c32d7a5d0d3b36ef6c0f6e269276d13618?s=96&d=mm&r=g\",\"caption\":\"Manuel Costa\"}}]}<\/script>\n<!-- \/ Yoast SEO plugin. -->","yoast_head_json":{"title":"S\u00ednodo 2021-2024: S\u00edntese da CEP para Assembleia Continental em Praga - Confer\u00eancia Episcopal Portuguesa","robots":{"index":"index","follow":"follow","max-snippet":"max-snippet:-1","max-image-preview":"max-image-preview:large","max-video-preview":"max-video-preview:-1"},"canonical":"https:\/\/www.conferenciaepiscopal.pt\/v1\/sinodo-2021-2024-sintese-da-cep-para-assembleia-continental-em-praga\/","og_locale":"pt_PT","og_type":"article","og_title":"S\u00ednodo 2021-2024: S\u00edntese da CEP para Assembleia Continental em Praga - Confer\u00eancia Episcopal Portuguesa","og_description":"(5-12 fevereiro 2023)","og_url":"https:\/\/www.conferenciaepiscopal.pt\/v1\/sinodo-2021-2024-sintese-da-cep-para-assembleia-continental-em-praga\/","og_site_name":"Confer\u00eancia Episcopal Portuguesa","article_published_time":"2023-02-07T13:25:54+00:00","article_modified_time":"2023-10-01T15:54:39+00:00","og_image":[{"width":900,"height":600,"url":"https:\/\/www.conferenciaepiscopal.pt\/v1\/wp-content\/uploads\/sinodo-praga.jpg","type":"image\/jpeg"}],"author":"Manuel Costa","twitter_card":"summary_large_image","twitter_misc":{"Escrito por":"Manuel Costa","Tempo estimado de leitura":"7 minutos"},"schema":{"@context":"https:\/\/schema.org","@graph":[{"@type":"Article","@id":"https:\/\/www.conferenciaepiscopal.pt\/v1\/sinodo-2021-2024-sintese-da-cep-para-assembleia-continental-em-praga\/#article","isPartOf":{"@id":"https:\/\/www.conferenciaepiscopal.pt\/v1\/sinodo-2021-2024-sintese-da-cep-para-assembleia-continental-em-praga\/"},"author":{"name":"Manuel Costa","@id":"https:\/\/www.conferenciaepiscopal.pt\/v1\/#\/schema\/person\/ab696457f75fe8e22b00183bfacb4cb2"},"headline":"S\u00ednodo 2021-2024: S\u00edntese da CEP para Assembleia Continental em Praga","datePublished":"2023-02-07T13:25:54+00:00","dateModified":"2023-10-01T15:54:39+00:00","mainEntityOfPage":{"@id":"https:\/\/www.conferenciaepiscopal.pt\/v1\/sinodo-2021-2024-sintese-da-cep-para-assembleia-continental-em-praga\/"},"wordCount":1366,"publisher":{"@id":"https:\/\/www.conferenciaepiscopal.pt\/v1\/#organization"},"image":{"@id":"https:\/\/www.conferenciaepiscopal.pt\/v1\/sinodo-2021-2024-sintese-da-cep-para-assembleia-continental-em-praga\/#primaryimage"},"thumbnailUrl":"https:\/\/www.conferenciaepiscopal.pt\/v1\/wp-content\/uploads\/sinodo-praga.jpg","articleSection":["#entrada","Documentos"],"inLanguage":"pt-PT"},{"@type":"WebPage","@id":"https:\/\/www.conferenciaepiscopal.pt\/v1\/sinodo-2021-2024-sintese-da-cep-para-assembleia-continental-em-praga\/","url":"https:\/\/www.conferenciaepiscopal.pt\/v1\/sinodo-2021-2024-sintese-da-cep-para-assembleia-continental-em-praga\/","name":"S\u00ednodo 2021-2024: S\u00edntese da CEP para Assembleia Continental em Praga - Confer\u00eancia Episcopal Portuguesa","isPartOf":{"@id":"https:\/\/www.conferenciaepiscopal.pt\/v1\/#website"},"primaryImageOfPage":{"@id":"https:\/\/www.conferenciaepiscopal.pt\/v1\/sinodo-2021-2024-sintese-da-cep-para-assembleia-continental-em-praga\/#primaryimage"},"image":{"@id":"https:\/\/www.conferenciaepiscopal.pt\/v1\/sinodo-2021-2024-sintese-da-cep-para-assembleia-continental-em-praga\/#primaryimage"},"thumbnailUrl":"https:\/\/www.conferenciaepiscopal.pt\/v1\/wp-content\/uploads\/sinodo-praga.jpg","datePublished":"2023-02-07T13:25:54+00:00","dateModified":"2023-10-01T15:54:39+00:00","breadcrumb":{"@id":"https:\/\/www.conferenciaepiscopal.pt\/v1\/sinodo-2021-2024-sintese-da-cep-para-assembleia-continental-em-praga\/#breadcrumb"},"inLanguage":"pt-PT","potentialAction":[{"@type":"ReadAction","target":["https:\/\/www.conferenciaepiscopal.pt\/v1\/sinodo-2021-2024-sintese-da-cep-para-assembleia-continental-em-praga\/"]}]},{"@type":"ImageObject","inLanguage":"pt-PT","@id":"https:\/\/www.conferenciaepiscopal.pt\/v1\/sinodo-2021-2024-sintese-da-cep-para-assembleia-continental-em-praga\/#primaryimage","url":"https:\/\/www.conferenciaepiscopal.pt\/v1\/wp-content\/uploads\/sinodo-praga.jpg","contentUrl":"https:\/\/www.conferenciaepiscopal.pt\/v1\/wp-content\/uploads\/sinodo-praga.jpg","width":900,"height":600},{"@type":"BreadcrumbList","@id":"https:\/\/www.conferenciaepiscopal.pt\/v1\/sinodo-2021-2024-sintese-da-cep-para-assembleia-continental-em-praga\/#breadcrumb","itemListElement":[{"@type":"ListItem","position":1,"name":"In\u00edcio","item":"https:\/\/www.conferenciaepiscopal.pt\/v1\/"},{"@type":"ListItem","position":2,"name":"S\u00ednodo 2021-2024: S\u00edntese da CEP para Assembleia Continental em Praga"}]},{"@type":"WebSite","@id":"https:\/\/www.conferenciaepiscopal.pt\/v1\/#website","url":"https:\/\/www.conferenciaepiscopal.pt\/v1\/","name":"Confer\u00eancia Episcopal Portuguesa","description":"Igreja Cat\u00f3lica em Portugal","publisher":{"@id":"https:\/\/www.conferenciaepiscopal.pt\/v1\/#organization"},"potentialAction":[{"@type":"SearchAction","target":{"@type":"EntryPoint","urlTemplate":"https:\/\/www.conferenciaepiscopal.pt\/v1\/?s={search_term_string}"},"query-input":{"@type":"PropertyValueSpecification","valueRequired":true,"valueName":"search_term_string"}}],"inLanguage":"pt-PT"},{"@type":"Organization","@id":"https:\/\/www.conferenciaepiscopal.pt\/v1\/#organization","name":"Confer\u00eancia Episcopal Portuguesa","url":"https:\/\/www.conferenciaepiscopal.pt\/v1\/","logo":{"@type":"ImageObject","inLanguage":"pt-PT","@id":"https:\/\/www.conferenciaepiscopal.pt\/v1\/#\/schema\/logo\/image\/","url":"https:\/\/www.conferenciaepiscopal.pt\/v1\/wp-content\/uploads\/cropped-logoTransparente.png","contentUrl":"https:\/\/www.conferenciaepiscopal.pt\/v1\/wp-content\/uploads\/cropped-logoTransparente.png","width":512,"height":512,"caption":"Confer\u00eancia Episcopal Portuguesa"},"image":{"@id":"https:\/\/www.conferenciaepiscopal.pt\/v1\/#\/schema\/logo\/image\/"}},{"@type":"Person","@id":"https:\/\/www.conferenciaepiscopal.pt\/v1\/#\/schema\/person\/ab696457f75fe8e22b00183bfacb4cb2","name":"Manuel Costa","image":{"@type":"ImageObject","inLanguage":"pt-PT","@id":"https:\/\/secure.gravatar.com\/avatar\/5054571ff5d2454cd50657fc4e61d0c32d7a5d0d3b36ef6c0f6e269276d13618?s=96&d=mm&r=g","url":"https:\/\/secure.gravatar.com\/avatar\/5054571ff5d2454cd50657fc4e61d0c32d7a5d0d3b36ef6c0f6e269276d13618?s=96&d=mm&r=g","contentUrl":"https:\/\/secure.gravatar.com\/avatar\/5054571ff5d2454cd50657fc4e61d0c32d7a5d0d3b36ef6c0f6e269276d13618?s=96&d=mm&r=g","caption":"Manuel Costa"}}]}},"_links":{"self":[{"href":"https:\/\/www.conferenciaepiscopal.pt\/v1\/wp-json\/wp\/v2\/posts\/7625","targetHints":{"allow":["GET"]}}],"collection":[{"href":"https:\/\/www.conferenciaepiscopal.pt\/v1\/wp-json\/wp\/v2\/posts"}],"about":[{"href":"https:\/\/www.conferenciaepiscopal.pt\/v1\/wp-json\/wp\/v2\/types\/post"}],"author":[{"embeddable":true,"href":"https:\/\/www.conferenciaepiscopal.pt\/v1\/wp-json\/wp\/v2\/users\/1"}],"replies":[{"embeddable":true,"href":"https:\/\/www.conferenciaepiscopal.pt\/v1\/wp-json\/wp\/v2\/comments?post=7625"}],"version-history":[{"count":3,"href":"https:\/\/www.conferenciaepiscopal.pt\/v1\/wp-json\/wp\/v2\/posts\/7625\/revisions"}],"predecessor-version":[{"id":7846,"href":"https:\/\/www.conferenciaepiscopal.pt\/v1\/wp-json\/wp\/v2\/posts\/7625\/revisions\/7846"}],"wp:featuredmedia":[{"embeddable":true,"href":"https:\/\/www.conferenciaepiscopal.pt\/v1\/wp-json\/wp\/v2\/media\/7627"}],"wp:attachment":[{"href":"https:\/\/www.conferenciaepiscopal.pt\/v1\/wp-json\/wp\/v2\/media?parent=7625"}],"wp:term":[{"taxonomy":"category","embeddable":true,"href":"https:\/\/www.conferenciaepiscopal.pt\/v1\/wp-json\/wp\/v2\/categories?post=7625"},{"taxonomy":"post_tag","embeddable":true,"href":"https:\/\/www.conferenciaepiscopal.pt\/v1\/wp-json\/wp\/v2\/tags?post=7625"}],"curies":[{"name":"wp","href":"https:\/\/api.w.org\/{rel}","templated":true}]}}