{"id":7372,"date":"2022-03-08T14:59:19","date_gmt":"2022-03-08T14:59:19","guid":{"rendered":"https:\/\/www.conferenciaepiscopal.pt\/v1\/?p=7372"},"modified":"2022-03-08T15:02:05","modified_gmt":"2022-03-08T15:02:05","slug":"comunicado-da-conselho-permanente-da-cep","status":"publish","type":"post","link":"https:\/\/www.conferenciaepiscopal.pt\/v1\/comunicado-da-conselho-permanente-da-cep\/","title":{"rendered":"Comunicado da Conselho Permanente da CEP"},"content":{"rendered":"<p><em>[F\u00e1tima, 7 de mar\u00e7o de 2022]<\/em><\/p>\n<p><!--more--><\/p>\n<p>Alguns assuntos abordados na reuni\u00e3o do Conselho Permanente da Confer\u00eancia Episcopal Portuguesa, que decorreu em F\u00e1tima no dia 7 de mar\u00e7o de 2022, antes do in\u00edcio do Retiro do Episcopado, orientado pelo Cardeal Ricardo Bl\u00e1squez P\u00e9rez, Arcebispo de Valladolid:<\/p>\n<p>1. O Conselho condena veementemente a guerra na Ucr\u00e2nia e deseja o r\u00e1pido restabelecimento da paz nesta regi\u00e3o, convidando todos os crist\u00e3os a continuar a rezar por esta inten\u00e7\u00e3o. Apela a que se d\u00ea todo o apoio \u00e0s fam\u00edlias ucranianas em Portugal no acolhimento dos seus familiares e pede \u00e0s fam\u00edlias crist\u00e3s para acolher e apoiar os refugiados provenientes da Ucr\u00e2nia. O Conselho insiste ainda na uni\u00e3o, solidariedade e partilha efetiva para com o povo ucraniano atrav\u00e9s das C\u00e1ritas e de outras institui\u00e7\u00f5es da Igreja, em articula\u00e7\u00e3o com organismos como a Plataforma de Apoio aos Refugiados.<\/p>\n<p>2. O Conselho das Confer\u00eancias Episcopais da Europa (CCEE) promoveu uma rede de ora\u00e7\u00e3o de todas as confer\u00eancias episcopais da Europa (\u201cA Igreja em ora\u00e7\u00e3o pela paz na Ucr\u00e2nia e pelas v\u00edtimas da Covid\u201d), iniciativa que est\u00e1 a decorrer ao longo da Quaresma, ficando Portugal respons\u00e1vel pela ora\u00e7\u00e3o do dia 29 de mar\u00e7o. Pede-se a todas as comunidades crist\u00e3s que tenham esta inten\u00e7\u00e3o nas suas ora\u00e7\u00f5es durante a Quaresma, particularmente nesse dia. Como sinal concreto, sugere-se que na Ora\u00e7\u00e3o dos Fi\u00e9is da celebra\u00e7\u00e3o eucar\u00edstica se incluam as seguintes preces:<\/p>\n<p><em>\u2013 \u00a0\u00a0 Pelo povo ucraniano, perseguido na sua terra e disperso pelo mundo,<br \/>\n<\/em><em>\u00a0\u00a0\u00a0\u00a0\u00a0 para que o Senhor atenda as nossas preces<br \/>\n<\/em><em>\u00a0\u00a0\u00a0\u00a0\u00a0 e os esfor\u00e7os das pessoas de boa vontade<br \/>\n<\/em><em>\u00a0\u00a0\u00a0\u00a0\u00a0 e lhe conceda a paz e o regresso a suas casas, oremos.<\/em><em>\u00a0<\/em><\/p>\n<p><em>\u2013\u00a0\u00a0\u00a0 Pelas v\u00edtimas da Covid e dos tempos de pandemia,<br \/>\n<\/em><em>\u00a0\u00a0\u00a0\u00a0\u00a0 para que o Senhor atenda as nossas afli\u00e7\u00f5es e ang\u00fastias,<br \/>\n<\/em><em>\u00a0\u00a0\u00a0\u00a0\u00a0 conceda o eterno descanso aos que morreram,<br \/>\n<\/em><em>\u00a0\u00a0\u00a0\u00a0\u00a0 conforto aos que choram, cura aos doentes, paz aos moribundos,<br \/>\n<\/em><em>\u00a0\u00a0\u00a0\u00a0\u00a0 for\u00e7a aos que trabalham na sa\u00fade, sabedoria aos nossos governantes<br \/>\n<\/em><em>\u00a0\u00a0\u00a0\u00a0\u00a0 e coragem para vencermos esta prova\u00e7\u00e3o, oremos.<\/em><\/p>\n<p>3. O Conselho congratulou-se com o bom andamento da JMJ Lisboa 2023, atualmente na fase de peregrina\u00e7\u00e3o dos S\u00edmbolos pelas Dioceses, e especialmente com a mensagem que o Santo Padre dirigiu hoje aos jovens: \u201cQueridos jovens, estou a olhar para agosto de 2023! A um ano e alguns meses&#8230; Estou a olhar para Portugal, estou a olhar para Lisboa, estou a olhar para F\u00e1tima, estou a olhar para o encontro de todos v\u00f3s. (\u2026) No meio de todas estas crises, v\u00f3s tendes de preparar e ajudar para que o evento de agosto de 2023 seja um evento jovem, um evento fresco, um evento com vida, um evento com for\u00e7a, um evento criativo. (\u2026) Rezo para que este encontro seja um encontro fecundo. Que cada um de n\u00f3s saia melhor do que chegou. Pe\u00e7o-vos, por favor, que rezeis por mim, porque eu tamb\u00e9m preciso que me sustenteis com a ora\u00e7\u00e3o. Que Jesus vos aben\u00e7oe e a Virgem cuide de v\u00f3s! At\u00e9 agosto!\u201d<\/p>\n<p>4. O Conselho aprovou a agenda da pr\u00f3xima Assembleia Plen\u00e1ria da CEP (F\u00e1tima, 25-28 de abril de 2022), a qual ser\u00e1 divulgada uma semana antes do in\u00edcio dos trabalhos, e a altera\u00e7\u00e3o dos Estatutos da Obra Cat\u00f3lica Portuguesa de Migra\u00e7\u00f5es.<\/p>\n<p>&nbsp;<\/p>\n","protected":false},"excerpt":{"rendered":"<p>[F\u00e1tima, 7 de mar\u00e7o de 2022]<\/p>\n","protected":false},"author":1,"featured_media":5628,"comment_status":"closed","ping_status":"closed","sticky":false,"template":"","format":"standard","meta":{"site-sidebar-layout":"default","site-content-layout":"","ast-site-content-layout":"default","site-content-style":"default","site-sidebar-style":"default","ast-global-header-display":"","ast-banner-title-visibility":"","ast-main-header-display":"","ast-hfb-above-header-display":"","ast-hfb-below-header-display":"","ast-hfb-mobile-header-display":"","site-post-title":"","ast-breadcrumbs-content":"","ast-featured-img":"","footer-sml-layout":"","ast-disable-related-posts":"","theme-transparent-header-meta":"","adv-header-id-meta":"","stick-header-meta":"","header-above-stick-meta":"","header-main-stick-meta":"","header-below-stick-meta":"","astra-migrate-meta-layouts":"default","ast-page-background-enabled":"default","ast-page-background-meta":{"desktop":{"background-color":"var(--ast-global-color-4)","background-image":"","background-repeat":"repeat","background-position":"center center","background-size":"auto","background-attachment":"scroll","background-type":"","background-media":"","overlay-type":"","overlay-color":"","overlay-opacity":"","overlay-gradient":""},"tablet":{"background-color":"","background-image":"","background-repeat":"repeat","background-position":"center center","background-size":"auto","background-attachment":"scroll","background-type":"","background-media":"","overlay-type":"","overlay-color":"","overlay-opacity":"","overlay-gradient":""},"mobile":{"background-color":"","background-image":"","background-repeat":"repeat","background-position":"center center","background-size":"auto","background-attachment":"scroll","background-type":"","background-media":"","overlay-type":"","overlay-color":"","overlay-opacity":"","overlay-gradient":""}},"ast-content-background-meta":{"desktop":{"background-color":"var(--ast-global-color-5)","background-image":"","background-repeat":"repeat","background-position":"center center","background-size":"auto","background-attachment":"scroll","background-type":"","background-media":"","overlay-type":"","overlay-color":"","overlay-opacity":"","overlay-gradient":""},"tablet":{"background-color":"var(--ast-global-color-5)","background-image":"","background-repeat":"repeat","background-position":"center center","background-size":"auto","background-attachment":"scroll","background-type":"","background-media":"","overlay-type":"","overlay-color":"","overlay-opacity":"","overlay-gradient":""},"mobile":{"background-color":"var(--ast-global-color-5)","background-image":"","background-repeat":"repeat","background-position":"center center","background-size":"auto","background-attachment":"scroll","background-type":"","background-media":"","overlay-type":"","overlay-color":"","overlay-opacity":"","overlay-gradient":""}},"footnotes":""},"categories":[74,4],"tags":[],"class_list":["post-7372","post","type-post","status-publish","format-standard","has-post-thumbnail","hentry","category-entrada","category-documentos"],"yoast_head":"<!-- This site is optimized with the Yoast SEO plugin v27.5 - https:\/\/yoast.com\/product\/yoast-seo-wordpress\/ -->\n<title>Comunicado da Conselho Permanente da CEP - Confer\u00eancia Episcopal Portuguesa<\/title>\n<meta name=\"robots\" content=\"index, follow, max-snippet:-1, max-image-preview:large, max-video-preview:-1\" \/>\n<link rel=\"canonical\" href=\"https:\/\/www.conferenciaepiscopal.pt\/v1\/comunicado-da-conselho-permanente-da-cep\/\" \/>\n<meta property=\"og:locale\" content=\"pt_PT\" \/>\n<meta property=\"og:type\" content=\"article\" \/>\n<meta property=\"og:title\" content=\"Comunicado da Conselho Permanente da CEP - Confer\u00eancia Episcopal Portuguesa\" \/>\n<meta property=\"og:description\" content=\"[F\u00e1tima, 7 de mar\u00e7o de 2022]\" \/>\n<meta property=\"og:url\" content=\"https:\/\/www.conferenciaepiscopal.pt\/v1\/comunicado-da-conselho-permanente-da-cep\/\" \/>\n<meta property=\"og:site_name\" content=\"Confer\u00eancia Episcopal Portuguesa\" \/>\n<meta property=\"article:published_time\" content=\"2022-03-08T14:59:19+00:00\" \/>\n<meta property=\"article:modified_time\" content=\"2022-03-08T15:02:05+00:00\" \/>\n<meta property=\"og:image\" content=\"https:\/\/www.conferenciaepiscopal.pt\/v1\/wp-content\/uploads\/cep.jpg\" \/>\n\t<meta property=\"og:image:width\" content=\"925\" \/>\n\t<meta property=\"og:image:height\" content=\"630\" \/>\n\t<meta property=\"og:image:type\" content=\"image\/jpeg\" \/>\n<meta name=\"author\" content=\"Manuel Costa\" \/>\n<meta name=\"twitter:card\" content=\"summary_large_image\" \/>\n<meta name=\"twitter:label1\" content=\"Escrito por\" \/>\n\t<meta name=\"twitter:data1\" content=\"Manuel Costa\" \/>\n\t<meta name=\"twitter:label2\" content=\"Tempo estimado de leitura\" \/>\n\t<meta name=\"twitter:data2\" content=\"3 minutos\" \/>\n<script type=\"application\/ld+json\" class=\"yoast-schema-graph\">{\"@context\":\"https:\\\/\\\/schema.org\",\"@graph\":[{\"@type\":\"Article\",\"@id\":\"https:\\\/\\\/www.conferenciaepiscopal.pt\\\/v1\\\/comunicado-da-conselho-permanente-da-cep\\\/#article\",\"isPartOf\":{\"@id\":\"https:\\\/\\\/www.conferenciaepiscopal.pt\\\/v1\\\/comunicado-da-conselho-permanente-da-cep\\\/\"},\"author\":{\"name\":\"Manuel Costa\",\"@id\":\"https:\\\/\\\/www.conferenciaepiscopal.pt\\\/v1\\\/#\\\/schema\\\/person\\\/ab696457f75fe8e22b00183bfacb4cb2\"},\"headline\":\"Comunicado da Conselho Permanente da CEP\",\"datePublished\":\"2022-03-08T14:59:19+00:00\",\"dateModified\":\"2022-03-08T15:02:05+00:00\",\"mainEntityOfPage\":{\"@id\":\"https:\\\/\\\/www.conferenciaepiscopal.pt\\\/v1\\\/comunicado-da-conselho-permanente-da-cep\\\/\"},\"wordCount\":580,\"publisher\":{\"@id\":\"https:\\\/\\\/www.conferenciaepiscopal.pt\\\/v1\\\/#organization\"},\"image\":{\"@id\":\"https:\\\/\\\/www.conferenciaepiscopal.pt\\\/v1\\\/comunicado-da-conselho-permanente-da-cep\\\/#primaryimage\"},\"thumbnailUrl\":\"https:\\\/\\\/www.conferenciaepiscopal.pt\\\/v1\\\/wp-content\\\/uploads\\\/cep.jpg\",\"articleSection\":[\"#entrada\",\"Documentos\"],\"inLanguage\":\"pt-PT\"},{\"@type\":\"WebPage\",\"@id\":\"https:\\\/\\\/www.conferenciaepiscopal.pt\\\/v1\\\/comunicado-da-conselho-permanente-da-cep\\\/\",\"url\":\"https:\\\/\\\/www.conferenciaepiscopal.pt\\\/v1\\\/comunicado-da-conselho-permanente-da-cep\\\/\",\"name\":\"Comunicado da Conselho Permanente da CEP - Confer\u00eancia Episcopal Portuguesa\",\"isPartOf\":{\"@id\":\"https:\\\/\\\/www.conferenciaepiscopal.pt\\\/v1\\\/#website\"},\"primaryImageOfPage\":{\"@id\":\"https:\\\/\\\/www.conferenciaepiscopal.pt\\\/v1\\\/comunicado-da-conselho-permanente-da-cep\\\/#primaryimage\"},\"image\":{\"@id\":\"https:\\\/\\\/www.conferenciaepiscopal.pt\\\/v1\\\/comunicado-da-conselho-permanente-da-cep\\\/#primaryimage\"},\"thumbnailUrl\":\"https:\\\/\\\/www.conferenciaepiscopal.pt\\\/v1\\\/wp-content\\\/uploads\\\/cep.jpg\",\"datePublished\":\"2022-03-08T14:59:19+00:00\",\"dateModified\":\"2022-03-08T15:02:05+00:00\",\"breadcrumb\":{\"@id\":\"https:\\\/\\\/www.conferenciaepiscopal.pt\\\/v1\\\/comunicado-da-conselho-permanente-da-cep\\\/#breadcrumb\"},\"inLanguage\":\"pt-PT\",\"potentialAction\":[{\"@type\":\"ReadAction\",\"target\":[\"https:\\\/\\\/www.conferenciaepiscopal.pt\\\/v1\\\/comunicado-da-conselho-permanente-da-cep\\\/\"]}]},{\"@type\":\"ImageObject\",\"inLanguage\":\"pt-PT\",\"@id\":\"https:\\\/\\\/www.conferenciaepiscopal.pt\\\/v1\\\/comunicado-da-conselho-permanente-da-cep\\\/#primaryimage\",\"url\":\"https:\\\/\\\/www.conferenciaepiscopal.pt\\\/v1\\\/wp-content\\\/uploads\\\/cep.jpg\",\"contentUrl\":\"https:\\\/\\\/www.conferenciaepiscopal.pt\\\/v1\\\/wp-content\\\/uploads\\\/cep.jpg\",\"width\":925,\"height\":630},{\"@type\":\"BreadcrumbList\",\"@id\":\"https:\\\/\\\/www.conferenciaepiscopal.pt\\\/v1\\\/comunicado-da-conselho-permanente-da-cep\\\/#breadcrumb\",\"itemListElement\":[{\"@type\":\"ListItem\",\"position\":1,\"name\":\"In\u00edcio\",\"item\":\"https:\\\/\\\/www.conferenciaepiscopal.pt\\\/v1\\\/\"},{\"@type\":\"ListItem\",\"position\":2,\"name\":\"Comunicado da Conselho Permanente da CEP\"}]},{\"@type\":\"WebSite\",\"@id\":\"https:\\\/\\\/www.conferenciaepiscopal.pt\\\/v1\\\/#website\",\"url\":\"https:\\\/\\\/www.conferenciaepiscopal.pt\\\/v1\\\/\",\"name\":\"Confer\u00eancia Episcopal Portuguesa\",\"description\":\"Igreja Cat\u00f3lica em Portugal\",\"publisher\":{\"@id\":\"https:\\\/\\\/www.conferenciaepiscopal.pt\\\/v1\\\/#organization\"},\"potentialAction\":[{\"@type\":\"SearchAction\",\"target\":{\"@type\":\"EntryPoint\",\"urlTemplate\":\"https:\\\/\\\/www.conferenciaepiscopal.pt\\\/v1\\\/?s={search_term_string}\"},\"query-input\":{\"@type\":\"PropertyValueSpecification\",\"valueRequired\":true,\"valueName\":\"search_term_string\"}}],\"inLanguage\":\"pt-PT\"},{\"@type\":\"Organization\",\"@id\":\"https:\\\/\\\/www.conferenciaepiscopal.pt\\\/v1\\\/#organization\",\"name\":\"Confer\u00eancia Episcopal Portuguesa\",\"url\":\"https:\\\/\\\/www.conferenciaepiscopal.pt\\\/v1\\\/\",\"logo\":{\"@type\":\"ImageObject\",\"inLanguage\":\"pt-PT\",\"@id\":\"https:\\\/\\\/www.conferenciaepiscopal.pt\\\/v1\\\/#\\\/schema\\\/logo\\\/image\\\/\",\"url\":\"https:\\\/\\\/www.conferenciaepiscopal.pt\\\/v1\\\/wp-content\\\/uploads\\\/cropped-logoTransparente.png\",\"contentUrl\":\"https:\\\/\\\/www.conferenciaepiscopal.pt\\\/v1\\\/wp-content\\\/uploads\\\/cropped-logoTransparente.png\",\"width\":512,\"height\":512,\"caption\":\"Confer\u00eancia Episcopal Portuguesa\"},\"image\":{\"@id\":\"https:\\\/\\\/www.conferenciaepiscopal.pt\\\/v1\\\/#\\\/schema\\\/logo\\\/image\\\/\"}},{\"@type\":\"Person\",\"@id\":\"https:\\\/\\\/www.conferenciaepiscopal.pt\\\/v1\\\/#\\\/schema\\\/person\\\/ab696457f75fe8e22b00183bfacb4cb2\",\"name\":\"Manuel Costa\",\"image\":{\"@type\":\"ImageObject\",\"inLanguage\":\"pt-PT\",\"@id\":\"https:\\\/\\\/secure.gravatar.com\\\/avatar\\\/5054571ff5d2454cd50657fc4e61d0c32d7a5d0d3b36ef6c0f6e269276d13618?s=96&d=mm&r=g\",\"url\":\"https:\\\/\\\/secure.gravatar.com\\\/avatar\\\/5054571ff5d2454cd50657fc4e61d0c32d7a5d0d3b36ef6c0f6e269276d13618?s=96&d=mm&r=g\",\"contentUrl\":\"https:\\\/\\\/secure.gravatar.com\\\/avatar\\\/5054571ff5d2454cd50657fc4e61d0c32d7a5d0d3b36ef6c0f6e269276d13618?s=96&d=mm&r=g\",\"caption\":\"Manuel Costa\"}}]}<\/script>\n<!-- \/ Yoast SEO plugin. -->","yoast_head_json":{"title":"Comunicado da Conselho Permanente da CEP - Confer\u00eancia Episcopal Portuguesa","robots":{"index":"index","follow":"follow","max-snippet":"max-snippet:-1","max-image-preview":"max-image-preview:large","max-video-preview":"max-video-preview:-1"},"canonical":"https:\/\/www.conferenciaepiscopal.pt\/v1\/comunicado-da-conselho-permanente-da-cep\/","og_locale":"pt_PT","og_type":"article","og_title":"Comunicado da Conselho Permanente da CEP - Confer\u00eancia Episcopal Portuguesa","og_description":"[F\u00e1tima, 7 de mar\u00e7o de 2022]","og_url":"https:\/\/www.conferenciaepiscopal.pt\/v1\/comunicado-da-conselho-permanente-da-cep\/","og_site_name":"Confer\u00eancia Episcopal Portuguesa","article_published_time":"2022-03-08T14:59:19+00:00","article_modified_time":"2022-03-08T15:02:05+00:00","og_image":[{"width":925,"height":630,"url":"https:\/\/www.conferenciaepiscopal.pt\/v1\/wp-content\/uploads\/cep.jpg","type":"image\/jpeg"}],"author":"Manuel Costa","twitter_card":"summary_large_image","twitter_misc":{"Escrito por":"Manuel Costa","Tempo estimado de leitura":"3 minutos"},"schema":{"@context":"https:\/\/schema.org","@graph":[{"@type":"Article","@id":"https:\/\/www.conferenciaepiscopal.pt\/v1\/comunicado-da-conselho-permanente-da-cep\/#article","isPartOf":{"@id":"https:\/\/www.conferenciaepiscopal.pt\/v1\/comunicado-da-conselho-permanente-da-cep\/"},"author":{"name":"Manuel Costa","@id":"https:\/\/www.conferenciaepiscopal.pt\/v1\/#\/schema\/person\/ab696457f75fe8e22b00183bfacb4cb2"},"headline":"Comunicado da Conselho Permanente da CEP","datePublished":"2022-03-08T14:59:19+00:00","dateModified":"2022-03-08T15:02:05+00:00","mainEntityOfPage":{"@id":"https:\/\/www.conferenciaepiscopal.pt\/v1\/comunicado-da-conselho-permanente-da-cep\/"},"wordCount":580,"publisher":{"@id":"https:\/\/www.conferenciaepiscopal.pt\/v1\/#organization"},"image":{"@id":"https:\/\/www.conferenciaepiscopal.pt\/v1\/comunicado-da-conselho-permanente-da-cep\/#primaryimage"},"thumbnailUrl":"https:\/\/www.conferenciaepiscopal.pt\/v1\/wp-content\/uploads\/cep.jpg","articleSection":["#entrada","Documentos"],"inLanguage":"pt-PT"},{"@type":"WebPage","@id":"https:\/\/www.conferenciaepiscopal.pt\/v1\/comunicado-da-conselho-permanente-da-cep\/","url":"https:\/\/www.conferenciaepiscopal.pt\/v1\/comunicado-da-conselho-permanente-da-cep\/","name":"Comunicado da Conselho Permanente da CEP - Confer\u00eancia Episcopal Portuguesa","isPartOf":{"@id":"https:\/\/www.conferenciaepiscopal.pt\/v1\/#website"},"primaryImageOfPage":{"@id":"https:\/\/www.conferenciaepiscopal.pt\/v1\/comunicado-da-conselho-permanente-da-cep\/#primaryimage"},"image":{"@id":"https:\/\/www.conferenciaepiscopal.pt\/v1\/comunicado-da-conselho-permanente-da-cep\/#primaryimage"},"thumbnailUrl":"https:\/\/www.conferenciaepiscopal.pt\/v1\/wp-content\/uploads\/cep.jpg","datePublished":"2022-03-08T14:59:19+00:00","dateModified":"2022-03-08T15:02:05+00:00","breadcrumb":{"@id":"https:\/\/www.conferenciaepiscopal.pt\/v1\/comunicado-da-conselho-permanente-da-cep\/#breadcrumb"},"inLanguage":"pt-PT","potentialAction":[{"@type":"ReadAction","target":["https:\/\/www.conferenciaepiscopal.pt\/v1\/comunicado-da-conselho-permanente-da-cep\/"]}]},{"@type":"ImageObject","inLanguage":"pt-PT","@id":"https:\/\/www.conferenciaepiscopal.pt\/v1\/comunicado-da-conselho-permanente-da-cep\/#primaryimage","url":"https:\/\/www.conferenciaepiscopal.pt\/v1\/wp-content\/uploads\/cep.jpg","contentUrl":"https:\/\/www.conferenciaepiscopal.pt\/v1\/wp-content\/uploads\/cep.jpg","width":925,"height":630},{"@type":"BreadcrumbList","@id":"https:\/\/www.conferenciaepiscopal.pt\/v1\/comunicado-da-conselho-permanente-da-cep\/#breadcrumb","itemListElement":[{"@type":"ListItem","position":1,"name":"In\u00edcio","item":"https:\/\/www.conferenciaepiscopal.pt\/v1\/"},{"@type":"ListItem","position":2,"name":"Comunicado da Conselho Permanente da CEP"}]},{"@type":"WebSite","@id":"https:\/\/www.conferenciaepiscopal.pt\/v1\/#website","url":"https:\/\/www.conferenciaepiscopal.pt\/v1\/","name":"Confer\u00eancia Episcopal Portuguesa","description":"Igreja Cat\u00f3lica em Portugal","publisher":{"@id":"https:\/\/www.conferenciaepiscopal.pt\/v1\/#organization"},"potentialAction":[{"@type":"SearchAction","target":{"@type":"EntryPoint","urlTemplate":"https:\/\/www.conferenciaepiscopal.pt\/v1\/?s={search_term_string}"},"query-input":{"@type":"PropertyValueSpecification","valueRequired":true,"valueName":"search_term_string"}}],"inLanguage":"pt-PT"},{"@type":"Organization","@id":"https:\/\/www.conferenciaepiscopal.pt\/v1\/#organization","name":"Confer\u00eancia Episcopal Portuguesa","url":"https:\/\/www.conferenciaepiscopal.pt\/v1\/","logo":{"@type":"ImageObject","inLanguage":"pt-PT","@id":"https:\/\/www.conferenciaepiscopal.pt\/v1\/#\/schema\/logo\/image\/","url":"https:\/\/www.conferenciaepiscopal.pt\/v1\/wp-content\/uploads\/cropped-logoTransparente.png","contentUrl":"https:\/\/www.conferenciaepiscopal.pt\/v1\/wp-content\/uploads\/cropped-logoTransparente.png","width":512,"height":512,"caption":"Confer\u00eancia Episcopal Portuguesa"},"image":{"@id":"https:\/\/www.conferenciaepiscopal.pt\/v1\/#\/schema\/logo\/image\/"}},{"@type":"Person","@id":"https:\/\/www.conferenciaepiscopal.pt\/v1\/#\/schema\/person\/ab696457f75fe8e22b00183bfacb4cb2","name":"Manuel Costa","image":{"@type":"ImageObject","inLanguage":"pt-PT","@id":"https:\/\/secure.gravatar.com\/avatar\/5054571ff5d2454cd50657fc4e61d0c32d7a5d0d3b36ef6c0f6e269276d13618?s=96&d=mm&r=g","url":"https:\/\/secure.gravatar.com\/avatar\/5054571ff5d2454cd50657fc4e61d0c32d7a5d0d3b36ef6c0f6e269276d13618?s=96&d=mm&r=g","contentUrl":"https:\/\/secure.gravatar.com\/avatar\/5054571ff5d2454cd50657fc4e61d0c32d7a5d0d3b36ef6c0f6e269276d13618?s=96&d=mm&r=g","caption":"Manuel Costa"}}]}},"_links":{"self":[{"href":"https:\/\/www.conferenciaepiscopal.pt\/v1\/wp-json\/wp\/v2\/posts\/7372","targetHints":{"allow":["GET"]}}],"collection":[{"href":"https:\/\/www.conferenciaepiscopal.pt\/v1\/wp-json\/wp\/v2\/posts"}],"about":[{"href":"https:\/\/www.conferenciaepiscopal.pt\/v1\/wp-json\/wp\/v2\/types\/post"}],"author":[{"embeddable":true,"href":"https:\/\/www.conferenciaepiscopal.pt\/v1\/wp-json\/wp\/v2\/users\/1"}],"replies":[{"embeddable":true,"href":"https:\/\/www.conferenciaepiscopal.pt\/v1\/wp-json\/wp\/v2\/comments?post=7372"}],"version-history":[{"count":2,"href":"https:\/\/www.conferenciaepiscopal.pt\/v1\/wp-json\/wp\/v2\/posts\/7372\/revisions"}],"predecessor-version":[{"id":7374,"href":"https:\/\/www.conferenciaepiscopal.pt\/v1\/wp-json\/wp\/v2\/posts\/7372\/revisions\/7374"}],"wp:featuredmedia":[{"embeddable":true,"href":"https:\/\/www.conferenciaepiscopal.pt\/v1\/wp-json\/wp\/v2\/media\/5628"}],"wp:attachment":[{"href":"https:\/\/www.conferenciaepiscopal.pt\/v1\/wp-json\/wp\/v2\/media?parent=7372"}],"wp:term":[{"taxonomy":"category","embeddable":true,"href":"https:\/\/www.conferenciaepiscopal.pt\/v1\/wp-json\/wp\/v2\/categories?post=7372"},{"taxonomy":"post_tag","embeddable":true,"href":"https:\/\/www.conferenciaepiscopal.pt\/v1\/wp-json\/wp\/v2\/tags?post=7372"}],"curies":[{"name":"wp","href":"https:\/\/api.w.org\/{rel}","templated":true}]}}