{"id":7334,"date":"2022-02-05T21:53:55","date_gmt":"2022-02-05T21:53:55","guid":{"rendered":"https:\/\/www.conferenciaepiscopal.pt\/v1\/?p=7334"},"modified":"2022-02-05T21:55:05","modified_gmt":"2022-02-05T21:55:05","slug":"comunicado-da-reuniao-das-comissoes-diocesanas-de-protecao-de-menores-e-adultos-vulneraveis","status":"publish","type":"post","link":"https:\/\/www.conferenciaepiscopal.pt\/v1\/comunicado-da-reuniao-das-comissoes-diocesanas-de-protecao-de-menores-e-adultos-vulneraveis\/","title":{"rendered":"Comunicado da reuni\u00e3o das Comiss\u00f5es Diocesanas de Prote\u00e7\u00e3o de Menores e Adultos Vulner\u00e1veis"},"content":{"rendered":"<p><!--more--><\/p>\n<p>As Comiss\u00f5es Diocesanas de Prote\u00e7\u00e3o de Menores e Adultos Vulner\u00e1veis reuniram hoje, em F\u00e1tima, para partilhar o trabalho que realizam em cada Igreja local, refletir sobre formas de melhor prevenir\u00a0casos de abuso sobre menores e pessoas vulner\u00e1veis e acolher, acompanhar e proteger as v\u00edtimas.<\/p>\n<p>Em ordem a melhor prosseguir este prop\u00f3sito, as Comiss\u00f5es Diocesanas constitu\u00edram uma Coordena\u00e7\u00e3o Nacional, representativa de todo o pa\u00eds: dois delegados da Prov\u00edncia Eclesi\u00e1stica de Braga (Dr.\u00aa Marta Neves e Dr. Carlos Alberto Pereira), dois delegados da Prov\u00edncia Eclesi\u00e1stica de Lisboa (Dr.\u00aa Paula Margarido e Dr. Jos\u00e9 Adriano Machado Souto de Moura) e um delegado da Prov\u00edncia Eclesi\u00e1stica de \u00c9vora (Inspetor Cust\u00f3dio Manuel Monteiro Moreira). A Coordena\u00e7\u00e3o Nacional estabelecer\u00e1 a metodologia de trabalho, incluindo a escolha de quem vai presidir \u00e0 coordena\u00e7\u00e3o.<\/p>\n<p>A Coordena\u00e7\u00e3o Nacional respeitar\u00e1 a autonomia de trabalho de cada Comiss\u00e3o\u00a0Diocesana, assim como da Comiss\u00e3o Independente para o Estudo dos Abusos Sexuais contra as Crian\u00e7as na Igreja Cat\u00f3lica em Portugal, manifestando disponibilidade para ajudar em tudo o que possa facilitar e agilizar o trabalho que esta desenvolve.<\/p>\n<p>A Coordena\u00e7\u00e3o Nacional das Comiss\u00f5es Diocesanas tem o objetivo de assessorar o trabalho de cada comiss\u00e3o diocesana, propor procedimentos e orienta\u00e7\u00f5es comuns, ajudar em tudo o que possa proteger as v\u00edtimas e esclarecer sobre quadros normativos can\u00f3nicos e civis relacionados com os processos de abuso sobre menores, tanto no que respeita ao acompanhamento da v\u00edtima como na aten\u00e7\u00e3o ao agressor.<\/p>\n<p>A Coordena\u00e7\u00e3o Nacional poder\u00e1 propor etapas de forma\u00e7\u00e3o espec\u00edfica sobre a prote\u00e7\u00e3o de menores no \u00e2mbito eclesial, seja para as v\u00e1rias Comiss\u00f5es Diocesanas como tamb\u00e9m para diferentes setores da pastoral da Igreja Cat\u00f3lica em Portugal, no seguimento da experi\u00eancia formativa realizada em maio de 2021 pelo padre Hans Zollner, membro da Comiss\u00e3o Pontif\u00edcia para a Tutela dos Menores.<\/p>\n<p>As Comiss\u00f5es Diocesanas de Prote\u00e7\u00e3o de Menores e Adultos Vulner\u00e1veis foram constitu\u00eddas, de forma interdisciplinar, nas 21 dioceses portuguesas por indica\u00e7\u00e3o da Santa S\u00e9 e das decis\u00f5es da Confer\u00eancia Episcopal Portuguesa e atuam de acordo com as normas can\u00f3nicas definidas pela Santa S\u00e9 e pelo documento \u201cProte\u00e7\u00e3o de menores e adultos vulner\u00e1veis \u2013 Diretrizes\u201d, aprovado a 13 de novembro de 2020 na Assembleia Plen\u00e1ria da CEP.<\/p>\n<p>F\u00e1tima, 5 de fevereiro de 2022<\/p>\n<p><a href=\"https:\/\/www.conferenciaepiscopal.pt\/v1\/wp-content\/uploads\/20220205_ComDiocProtecaoMenores_Comunicado.pdf\" target=\"_blank\" rel=\"noopener\">[PDF]<\/a><\/p>\n<div class=\"ast-oembed-container \" style=\"height: 100%;\"><iframe title=\"Coordenac\u0327a\u0303o Nacional\" width=\"500\" height=\"281\" src=\"https:\/\/www.youtube.com\/embed\/mTZ99HGsYUk?feature=oembed\" frameborder=\"0\" allow=\"accelerometer; autoplay; clipboard-write; encrypted-media; gyroscope; picture-in-picture; web-share\" referrerpolicy=\"strict-origin-when-cross-origin\" allowfullscreen><\/iframe><\/div>\n","protected":false},"excerpt":{"rendered":"","protected":false},"author":1,"featured_media":7335,"comment_status":"closed","ping_status":"closed","sticky":false,"template":"","format":"standard","meta":{"site-sidebar-layout":"default","site-content-layout":"","ast-site-content-layout":"default","site-content-style":"default","site-sidebar-style":"default","ast-global-header-display":"","ast-banner-title-visibility":"","ast-main-header-display":"","ast-hfb-above-header-display":"","ast-hfb-below-header-display":"","ast-hfb-mobile-header-display":"","site-post-title":"","ast-breadcrumbs-content":"","ast-featured-img":"","footer-sml-layout":"","ast-disable-related-posts":"","theme-transparent-header-meta":"","adv-header-id-meta":"","stick-header-meta":"","header-above-stick-meta":"","header-main-stick-meta":"","header-below-stick-meta":"","astra-migrate-meta-layouts":"default","ast-page-background-enabled":"default","ast-page-background-meta":{"desktop":{"background-color":"var(--ast-global-color-4)","background-image":"","background-repeat":"repeat","background-position":"center center","background-size":"auto","background-attachment":"scroll","background-type":"","background-media":"","overlay-type":"","overlay-color":"","overlay-opacity":"","overlay-gradient":""},"tablet":{"background-color":"","background-image":"","background-repeat":"repeat","background-position":"center center","background-size":"auto","background-attachment":"scroll","background-type":"","background-media":"","overlay-type":"","overlay-color":"","overlay-opacity":"","overlay-gradient":""},"mobile":{"background-color":"","background-image":"","background-repeat":"repeat","background-position":"center center","background-size":"auto","background-attachment":"scroll","background-type":"","background-media":"","overlay-type":"","overlay-color":"","overlay-opacity":"","overlay-gradient":""}},"ast-content-background-meta":{"desktop":{"background-color":"var(--ast-global-color-5)","background-image":"","background-repeat":"repeat","background-position":"center center","background-size":"auto","background-attachment":"scroll","background-type":"","background-media":"","overlay-type":"","overlay-color":"","overlay-opacity":"","overlay-gradient":""},"tablet":{"background-color":"var(--ast-global-color-5)","background-image":"","background-repeat":"repeat","background-position":"center center","background-size":"auto","background-attachment":"scroll","background-type":"","background-media":"","overlay-type":"","overlay-color":"","overlay-opacity":"","overlay-gradient":""},"mobile":{"background-color":"var(--ast-global-color-5)","background-image":"","background-repeat":"repeat","background-position":"center center","background-size":"auto","background-attachment":"scroll","background-type":"","background-media":"","overlay-type":"","overlay-color":"","overlay-opacity":"","overlay-gradient":""}},"footnotes":""},"categories":[74,4],"tags":[],"class_list":["post-7334","post","type-post","status-publish","format-standard","has-post-thumbnail","hentry","category-entrada","category-documentos"],"yoast_head":"<!-- This site is optimized with the Yoast SEO plugin v27.5 - https:\/\/yoast.com\/product\/yoast-seo-wordpress\/ -->\n<title>Comunicado da reuni\u00e3o das Comiss\u00f5es Diocesanas de Prote\u00e7\u00e3o de Menores e Adultos Vulner\u00e1veis - Confer\u00eancia Episcopal Portuguesa<\/title>\n<meta name=\"robots\" content=\"index, follow, max-snippet:-1, max-image-preview:large, max-video-preview:-1\" \/>\n<link rel=\"canonical\" href=\"https:\/\/www.conferenciaepiscopal.pt\/v1\/comunicado-da-reuniao-das-comissoes-diocesanas-de-protecao-de-menores-e-adultos-vulneraveis\/\" \/>\n<meta property=\"og:locale\" content=\"pt_PT\" \/>\n<meta property=\"og:type\" content=\"article\" \/>\n<meta property=\"og:title\" content=\"Comunicado da reuni\u00e3o das Comiss\u00f5es Diocesanas de Prote\u00e7\u00e3o de Menores e Adultos Vulner\u00e1veis - Confer\u00eancia Episcopal Portuguesa\" \/>\n<meta property=\"og:url\" content=\"https:\/\/www.conferenciaepiscopal.pt\/v1\/comunicado-da-reuniao-das-comissoes-diocesanas-de-protecao-de-menores-e-adultos-vulneraveis\/\" \/>\n<meta property=\"og:site_name\" content=\"Confer\u00eancia Episcopal Portuguesa\" \/>\n<meta property=\"article:published_time\" content=\"2022-02-05T21:53:55+00:00\" \/>\n<meta property=\"article:modified_time\" content=\"2022-02-05T21:55:05+00:00\" \/>\n<meta property=\"og:image\" content=\"https:\/\/www.conferenciaepiscopal.pt\/v1\/wp-content\/uploads\/protecao-menores.jpg\" \/>\n\t<meta property=\"og:image:width\" content=\"900\" \/>\n\t<meta property=\"og:image:height\" content=\"600\" \/>\n\t<meta property=\"og:image:type\" content=\"image\/jpeg\" \/>\n<meta name=\"author\" content=\"Manuel Costa\" \/>\n<meta name=\"twitter:card\" content=\"summary_large_image\" \/>\n<meta name=\"twitter:label1\" content=\"Escrito por\" \/>\n\t<meta name=\"twitter:data1\" content=\"Manuel Costa\" \/>\n\t<meta name=\"twitter:label2\" content=\"Tempo estimado de leitura\" \/>\n\t<meta name=\"twitter:data2\" content=\"3 minutos\" \/>\n<script type=\"application\/ld+json\" class=\"yoast-schema-graph\">{\"@context\":\"https:\\\/\\\/schema.org\",\"@graph\":[{\"@type\":\"Article\",\"@id\":\"https:\\\/\\\/www.conferenciaepiscopal.pt\\\/v1\\\/comunicado-da-reuniao-das-comissoes-diocesanas-de-protecao-de-menores-e-adultos-vulneraveis\\\/#article\",\"isPartOf\":{\"@id\":\"https:\\\/\\\/www.conferenciaepiscopal.pt\\\/v1\\\/comunicado-da-reuniao-das-comissoes-diocesanas-de-protecao-de-menores-e-adultos-vulneraveis\\\/\"},\"author\":{\"name\":\"Manuel Costa\",\"@id\":\"https:\\\/\\\/www.conferenciaepiscopal.pt\\\/v1\\\/#\\\/schema\\\/person\\\/ab696457f75fe8e22b00183bfacb4cb2\"},\"headline\":\"Comunicado da reuni\u00e3o das Comiss\u00f5es Diocesanas de Prote\u00e7\u00e3o de Menores e Adultos Vulner\u00e1veis\",\"datePublished\":\"2022-02-05T21:53:55+00:00\",\"dateModified\":\"2022-02-05T21:55:05+00:00\",\"mainEntityOfPage\":{\"@id\":\"https:\\\/\\\/www.conferenciaepiscopal.pt\\\/v1\\\/comunicado-da-reuniao-das-comissoes-diocesanas-de-protecao-de-menores-e-adultos-vulneraveis\\\/\"},\"wordCount\":436,\"publisher\":{\"@id\":\"https:\\\/\\\/www.conferenciaepiscopal.pt\\\/v1\\\/#organization\"},\"image\":{\"@id\":\"https:\\\/\\\/www.conferenciaepiscopal.pt\\\/v1\\\/comunicado-da-reuniao-das-comissoes-diocesanas-de-protecao-de-menores-e-adultos-vulneraveis\\\/#primaryimage\"},\"thumbnailUrl\":\"https:\\\/\\\/www.conferenciaepiscopal.pt\\\/v1\\\/wp-content\\\/uploads\\\/protecao-menores.jpg\",\"articleSection\":[\"#entrada\",\"Documentos\"],\"inLanguage\":\"pt-PT\"},{\"@type\":\"WebPage\",\"@id\":\"https:\\\/\\\/www.conferenciaepiscopal.pt\\\/v1\\\/comunicado-da-reuniao-das-comissoes-diocesanas-de-protecao-de-menores-e-adultos-vulneraveis\\\/\",\"url\":\"https:\\\/\\\/www.conferenciaepiscopal.pt\\\/v1\\\/comunicado-da-reuniao-das-comissoes-diocesanas-de-protecao-de-menores-e-adultos-vulneraveis\\\/\",\"name\":\"Comunicado da reuni\u00e3o das Comiss\u00f5es Diocesanas de Prote\u00e7\u00e3o de Menores e Adultos Vulner\u00e1veis - Confer\u00eancia Episcopal Portuguesa\",\"isPartOf\":{\"@id\":\"https:\\\/\\\/www.conferenciaepiscopal.pt\\\/v1\\\/#website\"},\"primaryImageOfPage\":{\"@id\":\"https:\\\/\\\/www.conferenciaepiscopal.pt\\\/v1\\\/comunicado-da-reuniao-das-comissoes-diocesanas-de-protecao-de-menores-e-adultos-vulneraveis\\\/#primaryimage\"},\"image\":{\"@id\":\"https:\\\/\\\/www.conferenciaepiscopal.pt\\\/v1\\\/comunicado-da-reuniao-das-comissoes-diocesanas-de-protecao-de-menores-e-adultos-vulneraveis\\\/#primaryimage\"},\"thumbnailUrl\":\"https:\\\/\\\/www.conferenciaepiscopal.pt\\\/v1\\\/wp-content\\\/uploads\\\/protecao-menores.jpg\",\"datePublished\":\"2022-02-05T21:53:55+00:00\",\"dateModified\":\"2022-02-05T21:55:05+00:00\",\"breadcrumb\":{\"@id\":\"https:\\\/\\\/www.conferenciaepiscopal.pt\\\/v1\\\/comunicado-da-reuniao-das-comissoes-diocesanas-de-protecao-de-menores-e-adultos-vulneraveis\\\/#breadcrumb\"},\"inLanguage\":\"pt-PT\",\"potentialAction\":[{\"@type\":\"ReadAction\",\"target\":[\"https:\\\/\\\/www.conferenciaepiscopal.pt\\\/v1\\\/comunicado-da-reuniao-das-comissoes-diocesanas-de-protecao-de-menores-e-adultos-vulneraveis\\\/\"]}]},{\"@type\":\"ImageObject\",\"inLanguage\":\"pt-PT\",\"@id\":\"https:\\\/\\\/www.conferenciaepiscopal.pt\\\/v1\\\/comunicado-da-reuniao-das-comissoes-diocesanas-de-protecao-de-menores-e-adultos-vulneraveis\\\/#primaryimage\",\"url\":\"https:\\\/\\\/www.conferenciaepiscopal.pt\\\/v1\\\/wp-content\\\/uploads\\\/protecao-menores.jpg\",\"contentUrl\":\"https:\\\/\\\/www.conferenciaepiscopal.pt\\\/v1\\\/wp-content\\\/uploads\\\/protecao-menores.jpg\",\"width\":900,\"height\":600},{\"@type\":\"BreadcrumbList\",\"@id\":\"https:\\\/\\\/www.conferenciaepiscopal.pt\\\/v1\\\/comunicado-da-reuniao-das-comissoes-diocesanas-de-protecao-de-menores-e-adultos-vulneraveis\\\/#breadcrumb\",\"itemListElement\":[{\"@type\":\"ListItem\",\"position\":1,\"name\":\"In\u00edcio\",\"item\":\"https:\\\/\\\/www.conferenciaepiscopal.pt\\\/v1\\\/\"},{\"@type\":\"ListItem\",\"position\":2,\"name\":\"Comunicado da reuni\u00e3o das Comiss\u00f5es Diocesanas de Prote\u00e7\u00e3o de Menores e Adultos Vulner\u00e1veis\"}]},{\"@type\":\"WebSite\",\"@id\":\"https:\\\/\\\/www.conferenciaepiscopal.pt\\\/v1\\\/#website\",\"url\":\"https:\\\/\\\/www.conferenciaepiscopal.pt\\\/v1\\\/\",\"name\":\"Confer\u00eancia Episcopal Portuguesa\",\"description\":\"Igreja Cat\u00f3lica em Portugal\",\"publisher\":{\"@id\":\"https:\\\/\\\/www.conferenciaepiscopal.pt\\\/v1\\\/#organization\"},\"potentialAction\":[{\"@type\":\"SearchAction\",\"target\":{\"@type\":\"EntryPoint\",\"urlTemplate\":\"https:\\\/\\\/www.conferenciaepiscopal.pt\\\/v1\\\/?s={search_term_string}\"},\"query-input\":{\"@type\":\"PropertyValueSpecification\",\"valueRequired\":true,\"valueName\":\"search_term_string\"}}],\"inLanguage\":\"pt-PT\"},{\"@type\":\"Organization\",\"@id\":\"https:\\\/\\\/www.conferenciaepiscopal.pt\\\/v1\\\/#organization\",\"name\":\"Confer\u00eancia Episcopal Portuguesa\",\"url\":\"https:\\\/\\\/www.conferenciaepiscopal.pt\\\/v1\\\/\",\"logo\":{\"@type\":\"ImageObject\",\"inLanguage\":\"pt-PT\",\"@id\":\"https:\\\/\\\/www.conferenciaepiscopal.pt\\\/v1\\\/#\\\/schema\\\/logo\\\/image\\\/\",\"url\":\"https:\\\/\\\/www.conferenciaepiscopal.pt\\\/v1\\\/wp-content\\\/uploads\\\/cropped-logoTransparente.png\",\"contentUrl\":\"https:\\\/\\\/www.conferenciaepiscopal.pt\\\/v1\\\/wp-content\\\/uploads\\\/cropped-logoTransparente.png\",\"width\":512,\"height\":512,\"caption\":\"Confer\u00eancia Episcopal Portuguesa\"},\"image\":{\"@id\":\"https:\\\/\\\/www.conferenciaepiscopal.pt\\\/v1\\\/#\\\/schema\\\/logo\\\/image\\\/\"}},{\"@type\":\"Person\",\"@id\":\"https:\\\/\\\/www.conferenciaepiscopal.pt\\\/v1\\\/#\\\/schema\\\/person\\\/ab696457f75fe8e22b00183bfacb4cb2\",\"name\":\"Manuel Costa\",\"image\":{\"@type\":\"ImageObject\",\"inLanguage\":\"pt-PT\",\"@id\":\"https:\\\/\\\/secure.gravatar.com\\\/avatar\\\/5054571ff5d2454cd50657fc4e61d0c32d7a5d0d3b36ef6c0f6e269276d13618?s=96&d=mm&r=g\",\"url\":\"https:\\\/\\\/secure.gravatar.com\\\/avatar\\\/5054571ff5d2454cd50657fc4e61d0c32d7a5d0d3b36ef6c0f6e269276d13618?s=96&d=mm&r=g\",\"contentUrl\":\"https:\\\/\\\/secure.gravatar.com\\\/avatar\\\/5054571ff5d2454cd50657fc4e61d0c32d7a5d0d3b36ef6c0f6e269276d13618?s=96&d=mm&r=g\",\"caption\":\"Manuel Costa\"}}]}<\/script>\n<!-- \/ Yoast SEO plugin. -->","yoast_head_json":{"title":"Comunicado da reuni\u00e3o das Comiss\u00f5es Diocesanas de Prote\u00e7\u00e3o de Menores e Adultos Vulner\u00e1veis - Confer\u00eancia Episcopal Portuguesa","robots":{"index":"index","follow":"follow","max-snippet":"max-snippet:-1","max-image-preview":"max-image-preview:large","max-video-preview":"max-video-preview:-1"},"canonical":"https:\/\/www.conferenciaepiscopal.pt\/v1\/comunicado-da-reuniao-das-comissoes-diocesanas-de-protecao-de-menores-e-adultos-vulneraveis\/","og_locale":"pt_PT","og_type":"article","og_title":"Comunicado da reuni\u00e3o das Comiss\u00f5es Diocesanas de Prote\u00e7\u00e3o de Menores e Adultos Vulner\u00e1veis - Confer\u00eancia Episcopal Portuguesa","og_url":"https:\/\/www.conferenciaepiscopal.pt\/v1\/comunicado-da-reuniao-das-comissoes-diocesanas-de-protecao-de-menores-e-adultos-vulneraveis\/","og_site_name":"Confer\u00eancia Episcopal Portuguesa","article_published_time":"2022-02-05T21:53:55+00:00","article_modified_time":"2022-02-05T21:55:05+00:00","og_image":[{"width":900,"height":600,"url":"https:\/\/www.conferenciaepiscopal.pt\/v1\/wp-content\/uploads\/protecao-menores.jpg","type":"image\/jpeg"}],"author":"Manuel Costa","twitter_card":"summary_large_image","twitter_misc":{"Escrito por":"Manuel Costa","Tempo estimado de leitura":"3 minutos"},"schema":{"@context":"https:\/\/schema.org","@graph":[{"@type":"Article","@id":"https:\/\/www.conferenciaepiscopal.pt\/v1\/comunicado-da-reuniao-das-comissoes-diocesanas-de-protecao-de-menores-e-adultos-vulneraveis\/#article","isPartOf":{"@id":"https:\/\/www.conferenciaepiscopal.pt\/v1\/comunicado-da-reuniao-das-comissoes-diocesanas-de-protecao-de-menores-e-adultos-vulneraveis\/"},"author":{"name":"Manuel Costa","@id":"https:\/\/www.conferenciaepiscopal.pt\/v1\/#\/schema\/person\/ab696457f75fe8e22b00183bfacb4cb2"},"headline":"Comunicado da reuni\u00e3o das Comiss\u00f5es Diocesanas de Prote\u00e7\u00e3o de Menores e Adultos Vulner\u00e1veis","datePublished":"2022-02-05T21:53:55+00:00","dateModified":"2022-02-05T21:55:05+00:00","mainEntityOfPage":{"@id":"https:\/\/www.conferenciaepiscopal.pt\/v1\/comunicado-da-reuniao-das-comissoes-diocesanas-de-protecao-de-menores-e-adultos-vulneraveis\/"},"wordCount":436,"publisher":{"@id":"https:\/\/www.conferenciaepiscopal.pt\/v1\/#organization"},"image":{"@id":"https:\/\/www.conferenciaepiscopal.pt\/v1\/comunicado-da-reuniao-das-comissoes-diocesanas-de-protecao-de-menores-e-adultos-vulneraveis\/#primaryimage"},"thumbnailUrl":"https:\/\/www.conferenciaepiscopal.pt\/v1\/wp-content\/uploads\/protecao-menores.jpg","articleSection":["#entrada","Documentos"],"inLanguage":"pt-PT"},{"@type":"WebPage","@id":"https:\/\/www.conferenciaepiscopal.pt\/v1\/comunicado-da-reuniao-das-comissoes-diocesanas-de-protecao-de-menores-e-adultos-vulneraveis\/","url":"https:\/\/www.conferenciaepiscopal.pt\/v1\/comunicado-da-reuniao-das-comissoes-diocesanas-de-protecao-de-menores-e-adultos-vulneraveis\/","name":"Comunicado da reuni\u00e3o das Comiss\u00f5es Diocesanas de Prote\u00e7\u00e3o de Menores e Adultos Vulner\u00e1veis - Confer\u00eancia Episcopal Portuguesa","isPartOf":{"@id":"https:\/\/www.conferenciaepiscopal.pt\/v1\/#website"},"primaryImageOfPage":{"@id":"https:\/\/www.conferenciaepiscopal.pt\/v1\/comunicado-da-reuniao-das-comissoes-diocesanas-de-protecao-de-menores-e-adultos-vulneraveis\/#primaryimage"},"image":{"@id":"https:\/\/www.conferenciaepiscopal.pt\/v1\/comunicado-da-reuniao-das-comissoes-diocesanas-de-protecao-de-menores-e-adultos-vulneraveis\/#primaryimage"},"thumbnailUrl":"https:\/\/www.conferenciaepiscopal.pt\/v1\/wp-content\/uploads\/protecao-menores.jpg","datePublished":"2022-02-05T21:53:55+00:00","dateModified":"2022-02-05T21:55:05+00:00","breadcrumb":{"@id":"https:\/\/www.conferenciaepiscopal.pt\/v1\/comunicado-da-reuniao-das-comissoes-diocesanas-de-protecao-de-menores-e-adultos-vulneraveis\/#breadcrumb"},"inLanguage":"pt-PT","potentialAction":[{"@type":"ReadAction","target":["https:\/\/www.conferenciaepiscopal.pt\/v1\/comunicado-da-reuniao-das-comissoes-diocesanas-de-protecao-de-menores-e-adultos-vulneraveis\/"]}]},{"@type":"ImageObject","inLanguage":"pt-PT","@id":"https:\/\/www.conferenciaepiscopal.pt\/v1\/comunicado-da-reuniao-das-comissoes-diocesanas-de-protecao-de-menores-e-adultos-vulneraveis\/#primaryimage","url":"https:\/\/www.conferenciaepiscopal.pt\/v1\/wp-content\/uploads\/protecao-menores.jpg","contentUrl":"https:\/\/www.conferenciaepiscopal.pt\/v1\/wp-content\/uploads\/protecao-menores.jpg","width":900,"height":600},{"@type":"BreadcrumbList","@id":"https:\/\/www.conferenciaepiscopal.pt\/v1\/comunicado-da-reuniao-das-comissoes-diocesanas-de-protecao-de-menores-e-adultos-vulneraveis\/#breadcrumb","itemListElement":[{"@type":"ListItem","position":1,"name":"In\u00edcio","item":"https:\/\/www.conferenciaepiscopal.pt\/v1\/"},{"@type":"ListItem","position":2,"name":"Comunicado da reuni\u00e3o das Comiss\u00f5es Diocesanas de Prote\u00e7\u00e3o de Menores e Adultos Vulner\u00e1veis"}]},{"@type":"WebSite","@id":"https:\/\/www.conferenciaepiscopal.pt\/v1\/#website","url":"https:\/\/www.conferenciaepiscopal.pt\/v1\/","name":"Confer\u00eancia Episcopal Portuguesa","description":"Igreja Cat\u00f3lica em Portugal","publisher":{"@id":"https:\/\/www.conferenciaepiscopal.pt\/v1\/#organization"},"potentialAction":[{"@type":"SearchAction","target":{"@type":"EntryPoint","urlTemplate":"https:\/\/www.conferenciaepiscopal.pt\/v1\/?s={search_term_string}"},"query-input":{"@type":"PropertyValueSpecification","valueRequired":true,"valueName":"search_term_string"}}],"inLanguage":"pt-PT"},{"@type":"Organization","@id":"https:\/\/www.conferenciaepiscopal.pt\/v1\/#organization","name":"Confer\u00eancia Episcopal Portuguesa","url":"https:\/\/www.conferenciaepiscopal.pt\/v1\/","logo":{"@type":"ImageObject","inLanguage":"pt-PT","@id":"https:\/\/www.conferenciaepiscopal.pt\/v1\/#\/schema\/logo\/image\/","url":"https:\/\/www.conferenciaepiscopal.pt\/v1\/wp-content\/uploads\/cropped-logoTransparente.png","contentUrl":"https:\/\/www.conferenciaepiscopal.pt\/v1\/wp-content\/uploads\/cropped-logoTransparente.png","width":512,"height":512,"caption":"Confer\u00eancia Episcopal Portuguesa"},"image":{"@id":"https:\/\/www.conferenciaepiscopal.pt\/v1\/#\/schema\/logo\/image\/"}},{"@type":"Person","@id":"https:\/\/www.conferenciaepiscopal.pt\/v1\/#\/schema\/person\/ab696457f75fe8e22b00183bfacb4cb2","name":"Manuel Costa","image":{"@type":"ImageObject","inLanguage":"pt-PT","@id":"https:\/\/secure.gravatar.com\/avatar\/5054571ff5d2454cd50657fc4e61d0c32d7a5d0d3b36ef6c0f6e269276d13618?s=96&d=mm&r=g","url":"https:\/\/secure.gravatar.com\/avatar\/5054571ff5d2454cd50657fc4e61d0c32d7a5d0d3b36ef6c0f6e269276d13618?s=96&d=mm&r=g","contentUrl":"https:\/\/secure.gravatar.com\/avatar\/5054571ff5d2454cd50657fc4e61d0c32d7a5d0d3b36ef6c0f6e269276d13618?s=96&d=mm&r=g","caption":"Manuel Costa"}}]}},"_links":{"self":[{"href":"https:\/\/www.conferenciaepiscopal.pt\/v1\/wp-json\/wp\/v2\/posts\/7334","targetHints":{"allow":["GET"]}}],"collection":[{"href":"https:\/\/www.conferenciaepiscopal.pt\/v1\/wp-json\/wp\/v2\/posts"}],"about":[{"href":"https:\/\/www.conferenciaepiscopal.pt\/v1\/wp-json\/wp\/v2\/types\/post"}],"author":[{"embeddable":true,"href":"https:\/\/www.conferenciaepiscopal.pt\/v1\/wp-json\/wp\/v2\/users\/1"}],"replies":[{"embeddable":true,"href":"https:\/\/www.conferenciaepiscopal.pt\/v1\/wp-json\/wp\/v2\/comments?post=7334"}],"version-history":[{"count":3,"href":"https:\/\/www.conferenciaepiscopal.pt\/v1\/wp-json\/wp\/v2\/posts\/7334\/revisions"}],"predecessor-version":[{"id":7339,"href":"https:\/\/www.conferenciaepiscopal.pt\/v1\/wp-json\/wp\/v2\/posts\/7334\/revisions\/7339"}],"wp:featuredmedia":[{"embeddable":true,"href":"https:\/\/www.conferenciaepiscopal.pt\/v1\/wp-json\/wp\/v2\/media\/7335"}],"wp:attachment":[{"href":"https:\/\/www.conferenciaepiscopal.pt\/v1\/wp-json\/wp\/v2\/media?parent=7334"}],"wp:term":[{"taxonomy":"category","embeddable":true,"href":"https:\/\/www.conferenciaepiscopal.pt\/v1\/wp-json\/wp\/v2\/categories?post=7334"},{"taxonomy":"post_tag","embeddable":true,"href":"https:\/\/www.conferenciaepiscopal.pt\/v1\/wp-json\/wp\/v2\/tags?post=7334"}],"curies":[{"name":"wp","href":"https:\/\/api.w.org\/{rel}","templated":true}]}}