{"id":7330,"date":"2022-01-28T11:00:02","date_gmt":"2022-01-28T11:00:02","guid":{"rendered":"https:\/\/www.conferenciaepiscopal.pt\/v1\/?p=7330"},"modified":"2022-01-28T10:38:23","modified_gmt":"2022-01-28T10:38:23","slug":"nota-da-cep-por-ocasiao-da-nomeacao-de-d-jose-ornelas-carvalho-para-bispo-de-leiria-fatima","status":"publish","type":"post","link":"https:\/\/www.conferenciaepiscopal.pt\/v1\/nota-da-cep-por-ocasiao-da-nomeacao-de-d-jose-ornelas-carvalho-para-bispo-de-leiria-fatima\/","title":{"rendered":"Nota da CEP por ocasi\u00e3o da nomea\u00e7\u00e3o de D. Jos\u00e9 Ornelas Carvalho para Bispo de Leiria-F\u00e1tima"},"content":{"rendered":"<p><!--more--><\/p>\n<p><img fetchpriority=\"high\" decoding=\"async\" class=\"alignright wp-image-7331 size-medium\" src=\"https:\/\/www.conferenciaepiscopal.pt\/v1\/wp-content\/uploads\/d-jose-ornelas-fatima1-300x200.jpg\" alt=\"\" width=\"300\" height=\"200\" srcset=\"https:\/\/www.conferenciaepiscopal.pt\/v1\/wp-content\/uploads\/d-jose-ornelas-fatima1-300x200.jpg 300w, https:\/\/www.conferenciaepiscopal.pt\/v1\/wp-content\/uploads\/d-jose-ornelas-fatima1-1024x682.jpg 1024w, https:\/\/www.conferenciaepiscopal.pt\/v1\/wp-content\/uploads\/d-jose-ornelas-fatima1-768x512.jpg 768w, https:\/\/www.conferenciaepiscopal.pt\/v1\/wp-content\/uploads\/d-jose-ornelas-fatima1-1536x1024.jpg 1536w, https:\/\/www.conferenciaepiscopal.pt\/v1\/wp-content\/uploads\/d-jose-ornelas-fatima1-1080x720.jpg 1080w, https:\/\/www.conferenciaepiscopal.pt\/v1\/wp-content\/uploads\/d-jose-ornelas-fatima1-1280x853.jpg 1280w, https:\/\/www.conferenciaepiscopal.pt\/v1\/wp-content\/uploads\/d-jose-ornelas-fatima1-980x653.jpg 980w, https:\/\/www.conferenciaepiscopal.pt\/v1\/wp-content\/uploads\/d-jose-ornelas-fatima1-480x320.jpg 480w, https:\/\/www.conferenciaepiscopal.pt\/v1\/wp-content\/uploads\/d-jose-ornelas-fatima1.jpg 2000w\" sizes=\"(max-width: 300px) 100vw, 300px\" \/>Sua Santidade o Papa Francisco nomeou hoje o Ex.mo D. Jos\u00e9 Ornelas Carvalho, SCJ, at\u00e9 agora Bispo de Set\u00fabal, para Bispo de Leiria-F\u00e1tima, em substitui\u00e7\u00e3o de Sua Emin\u00eancia o Cardeal Ant\u00f3nio Marto, que assegurar\u00e1 o governo ordin\u00e1rio da Diocese como Administrador Apost\u00f3lico at\u00e9 \u00e0 tomada de posse do novo Bispo.<\/p>\n<p>A Confer\u00eancia Episcopal Portuguesa congratula-se com esta nomea\u00e7\u00e3o e sa\u00fada D. Jos\u00e9 Ornelas, desejando-lhe um fecundo governo pastoral junto do Povo de Deus que lhe \u00e9 confiado na Diocese de Leiria-F\u00e1tima e, de modo mais alargado, junto de todos aqueles que demandam ao Santu\u00e1rio de F\u00e1tima como peregrinos. Por intercess\u00e3o de Nossa Senhora do Ros\u00e1rio de F\u00e1tima, pedimos ao Senhor que derrame as suas b\u00ean\u00e7\u00e3os sobre D. Jos\u00e9, para que continue a servir com disponibilidade, sabedoria e entusiasmo a Igreja em Portugal, como Presidente da Confer\u00eancia Episcopal Portuguesa (CEP), e agora como Bispo de Leiria-F\u00e1tima.<\/p>\n<p>Algumas notas biogr\u00e1ficas:<\/p>\n<ul>\n<li>Jos\u00e9 Ornelas Carvalho, filho de Ant\u00f3nio Tom\u00e1s Carvalho e Benvinda de Ornelas, nasceu a 5 de janeiro de 1954 no Porto da Cruz (Madeira).<\/li>\n<li>Conclu\u00edda a escola elementar, foi aluno do Semin\u00e1rio Menor Diocesano do Funchal entre 1964 e 1967. Desejando ser mission\u00e1rio, pediu para ingressar no Col\u00e9gio Mission\u00e1rio da Congrega\u00e7\u00e3o dos Sacerdotes do Cora\u00e7\u00e3o de Jesus (Dehonianos), no Funchal (1967-1969), prosseguindo depois os estudos no Instituto Mission\u00e1rio, em Coimbra (1969-1971).<\/li>\n<li>Depois de um ano de noviciado, emitiu a primeira profiss\u00e3o religiosa em Aveiro, a 29 de setembro de 1972. Ap\u00f3s dois anos de estudos filos\u00f3ficos, passou dois anos nas miss\u00f5es da Congrega\u00e7\u00e3o em Mo\u00e7ambique (1974-1976), regressando, em seguida, a Lisboa, onde concluiu a Licenciatura em Teologia na Universidade Cat\u00f3lica Portuguesa (1979). Especializou-se em Ci\u00eancias B\u00edblicas, em Roma e Jerusal\u00e9m, concluindo com a Licenciatura Can\u00f3nica no Pontif\u00edcio Instituto B\u00edblico de Roma. Foi ordenado Presb\u00edtero na sua terra natal, Porto da Cruz, a 9 de agosto de 1981.<\/li>\n<li>Regressado a Portugal em 1983, foi docente assistente e secret\u00e1rio da Faculdade de Teologia de Lisboa. Dedicou-se depois a preparar o doutoramento em Roma e na Alemanha (1992-1996), obtendo o grau de doutor em Teologia B\u00edblica na Universidade Cat\u00f3lica Portuguesa a 14 de julho de 1997. Na mesma Universidade, retomou as atividades docentes at\u00e9 2003.<\/li>\n<li>Na sua Congrega\u00e7\u00e3o, foi Vice-Reitor do Semin\u00e1rio de Nossa Senhora de F\u00e1tima, em Alfragide, em paralelo com a atividade docente, e assumiu outros cargos no \u00e2mbito da Prov\u00edncia Portuguesa dos Dehonianos, da qual se tornou Superior Provincial a 1 de julho de 2000. No Cap\u00edtulo Geral da Congrega\u00e7\u00e3o dos Sacerdotes do Cora\u00e7\u00e3o de Jesus (Dehonianos), foi eleito Superior Geral a 27 de maio de 2003, cargo que ocupou at\u00e9 6 de junho de 2015.<\/li>\n<li>Foi nomeado Bispo de Set\u00fabal a 24 de agosto de 2015. A sua ordena\u00e7\u00e3o episcopal teve lugar a 25 de outubro do mesmo ano na Catedral da diocese sadina, onde tomou posse.<\/li>\n<li>Foi membro do Conselho Permanente da CEP de 2017 a 2020 e, em junho de 2020, foi eleito Presidente da CEP.<\/li>\n<\/ul>\n<p>&nbsp;<\/p>\n<p>Lisboa, 28 de janeiro de 2022<\/p>\n<p>Secretariado Geral da CEP<\/p>\n","protected":false},"excerpt":{"rendered":"","protected":false},"author":1,"featured_media":7331,"comment_status":"closed","ping_status":"closed","sticky":false,"template":"","format":"standard","meta":{"site-sidebar-layout":"default","site-content-layout":"","ast-site-content-layout":"default","site-content-style":"default","site-sidebar-style":"default","ast-global-header-display":"","ast-banner-title-visibility":"","ast-main-header-display":"","ast-hfb-above-header-display":"","ast-hfb-below-header-display":"","ast-hfb-mobile-header-display":"","site-post-title":"","ast-breadcrumbs-content":"","ast-featured-img":"","footer-sml-layout":"","ast-disable-related-posts":"","theme-transparent-header-meta":"","adv-header-id-meta":"","stick-header-meta":"","header-above-stick-meta":"","header-main-stick-meta":"","header-below-stick-meta":"","astra-migrate-meta-layouts":"default","ast-page-background-enabled":"default","ast-page-background-meta":{"desktop":{"background-color":"var(--ast-global-color-4)","background-image":"","background-repeat":"repeat","background-position":"center center","background-size":"auto","background-attachment":"scroll","background-type":"","background-media":"","overlay-type":"","overlay-color":"","overlay-opacity":"","overlay-gradient":""},"tablet":{"background-color":"","background-image":"","background-repeat":"repeat","background-position":"center center","background-size":"auto","background-attachment":"scroll","background-type":"","background-media":"","overlay-type":"","overlay-color":"","overlay-opacity":"","overlay-gradient":""},"mobile":{"background-color":"","background-image":"","background-repeat":"repeat","background-position":"center center","background-size":"auto","background-attachment":"scroll","background-type":"","background-media":"","overlay-type":"","overlay-color":"","overlay-opacity":"","overlay-gradient":""}},"ast-content-background-meta":{"desktop":{"background-color":"var(--ast-global-color-5)","background-image":"","background-repeat":"repeat","background-position":"center center","background-size":"auto","background-attachment":"scroll","background-type":"","background-media":"","overlay-type":"","overlay-color":"","overlay-opacity":"","overlay-gradient":""},"tablet":{"background-color":"var(--ast-global-color-5)","background-image":"","background-repeat":"repeat","background-position":"center center","background-size":"auto","background-attachment":"scroll","background-type":"","background-media":"","overlay-type":"","overlay-color":"","overlay-opacity":"","overlay-gradient":""},"mobile":{"background-color":"var(--ast-global-color-5)","background-image":"","background-repeat":"repeat","background-position":"center center","background-size":"auto","background-attachment":"scroll","background-type":"","background-media":"","overlay-type":"","overlay-color":"","overlay-opacity":"","overlay-gradient":""}},"footnotes":""},"categories":[74,72],"tags":[],"class_list":["post-7330","post","type-post","status-publish","format-standard","has-post-thumbnail","hentry","category-entrada","category-noticias"],"yoast_head":"<!-- This site is optimized with the Yoast SEO plugin v27.5 - https:\/\/yoast.com\/product\/yoast-seo-wordpress\/ -->\n<title>Nota da CEP por ocasi\u00e3o da nomea\u00e7\u00e3o de D. Jos\u00e9 Ornelas Carvalho para Bispo de Leiria-F\u00e1tima - Confer\u00eancia Episcopal Portuguesa<\/title>\n<meta name=\"robots\" content=\"index, follow, max-snippet:-1, max-image-preview:large, max-video-preview:-1\" \/>\n<link rel=\"canonical\" href=\"https:\/\/www.conferenciaepiscopal.pt\/v1\/nota-da-cep-por-ocasiao-da-nomeacao-de-d-jose-ornelas-carvalho-para-bispo-de-leiria-fatima\/\" \/>\n<meta property=\"og:locale\" content=\"pt_PT\" \/>\n<meta property=\"og:type\" content=\"article\" \/>\n<meta property=\"og:title\" content=\"Nota da CEP por ocasi\u00e3o da nomea\u00e7\u00e3o de D. Jos\u00e9 Ornelas Carvalho para Bispo de Leiria-F\u00e1tima - Confer\u00eancia Episcopal Portuguesa\" \/>\n<meta property=\"og:url\" content=\"https:\/\/www.conferenciaepiscopal.pt\/v1\/nota-da-cep-por-ocasiao-da-nomeacao-de-d-jose-ornelas-carvalho-para-bispo-de-leiria-fatima\/\" \/>\n<meta property=\"og:site_name\" content=\"Confer\u00eancia Episcopal Portuguesa\" \/>\n<meta property=\"article:published_time\" content=\"2022-01-28T11:00:02+00:00\" \/>\n<meta property=\"og:image\" content=\"https:\/\/www.conferenciaepiscopal.pt\/v1\/wp-content\/uploads\/d-jose-ornelas-fatima1.jpg\" \/>\n\t<meta property=\"og:image:width\" content=\"2000\" \/>\n\t<meta property=\"og:image:height\" content=\"1333\" \/>\n\t<meta property=\"og:image:type\" content=\"image\/jpeg\" \/>\n<meta name=\"author\" content=\"Manuel Costa\" \/>\n<meta name=\"twitter:card\" content=\"summary_large_image\" \/>\n<meta name=\"twitter:label1\" content=\"Escrito por\" \/>\n\t<meta name=\"twitter:data1\" content=\"Manuel Costa\" \/>\n\t<meta name=\"twitter:label2\" content=\"Tempo estimado de leitura\" \/>\n\t<meta name=\"twitter:data2\" content=\"3 minutos\" \/>\n<script type=\"application\/ld+json\" class=\"yoast-schema-graph\">{\"@context\":\"https:\\\/\\\/schema.org\",\"@graph\":[{\"@type\":\"Article\",\"@id\":\"https:\\\/\\\/www.conferenciaepiscopal.pt\\\/v1\\\/nota-da-cep-por-ocasiao-da-nomeacao-de-d-jose-ornelas-carvalho-para-bispo-de-leiria-fatima\\\/#article\",\"isPartOf\":{\"@id\":\"https:\\\/\\\/www.conferenciaepiscopal.pt\\\/v1\\\/nota-da-cep-por-ocasiao-da-nomeacao-de-d-jose-ornelas-carvalho-para-bispo-de-leiria-fatima\\\/\"},\"author\":{\"name\":\"Manuel Costa\",\"@id\":\"https:\\\/\\\/www.conferenciaepiscopal.pt\\\/v1\\\/#\\\/schema\\\/person\\\/ab696457f75fe8e22b00183bfacb4cb2\"},\"headline\":\"Nota da CEP por ocasi\u00e3o da nomea\u00e7\u00e3o de D. Jos\u00e9 Ornelas Carvalho para Bispo de Leiria-F\u00e1tima\",\"datePublished\":\"2022-01-28T11:00:02+00:00\",\"mainEntityOfPage\":{\"@id\":\"https:\\\/\\\/www.conferenciaepiscopal.pt\\\/v1\\\/nota-da-cep-por-ocasiao-da-nomeacao-de-d-jose-ornelas-carvalho-para-bispo-de-leiria-fatima\\\/\"},\"wordCount\":546,\"publisher\":{\"@id\":\"https:\\\/\\\/www.conferenciaepiscopal.pt\\\/v1\\\/#organization\"},\"image\":{\"@id\":\"https:\\\/\\\/www.conferenciaepiscopal.pt\\\/v1\\\/nota-da-cep-por-ocasiao-da-nomeacao-de-d-jose-ornelas-carvalho-para-bispo-de-leiria-fatima\\\/#primaryimage\"},\"thumbnailUrl\":\"https:\\\/\\\/www.conferenciaepiscopal.pt\\\/v1\\\/wp-content\\\/uploads\\\/d-jose-ornelas-fatima1.jpg\",\"articleSection\":[\"#entrada\",\"Not\u00edcias\"],\"inLanguage\":\"pt-PT\"},{\"@type\":\"WebPage\",\"@id\":\"https:\\\/\\\/www.conferenciaepiscopal.pt\\\/v1\\\/nota-da-cep-por-ocasiao-da-nomeacao-de-d-jose-ornelas-carvalho-para-bispo-de-leiria-fatima\\\/\",\"url\":\"https:\\\/\\\/www.conferenciaepiscopal.pt\\\/v1\\\/nota-da-cep-por-ocasiao-da-nomeacao-de-d-jose-ornelas-carvalho-para-bispo-de-leiria-fatima\\\/\",\"name\":\"Nota da CEP por ocasi\u00e3o da nomea\u00e7\u00e3o de D. Jos\u00e9 Ornelas Carvalho para Bispo de Leiria-F\u00e1tima - Confer\u00eancia Episcopal Portuguesa\",\"isPartOf\":{\"@id\":\"https:\\\/\\\/www.conferenciaepiscopal.pt\\\/v1\\\/#website\"},\"primaryImageOfPage\":{\"@id\":\"https:\\\/\\\/www.conferenciaepiscopal.pt\\\/v1\\\/nota-da-cep-por-ocasiao-da-nomeacao-de-d-jose-ornelas-carvalho-para-bispo-de-leiria-fatima\\\/#primaryimage\"},\"image\":{\"@id\":\"https:\\\/\\\/www.conferenciaepiscopal.pt\\\/v1\\\/nota-da-cep-por-ocasiao-da-nomeacao-de-d-jose-ornelas-carvalho-para-bispo-de-leiria-fatima\\\/#primaryimage\"},\"thumbnailUrl\":\"https:\\\/\\\/www.conferenciaepiscopal.pt\\\/v1\\\/wp-content\\\/uploads\\\/d-jose-ornelas-fatima1.jpg\",\"datePublished\":\"2022-01-28T11:00:02+00:00\",\"breadcrumb\":{\"@id\":\"https:\\\/\\\/www.conferenciaepiscopal.pt\\\/v1\\\/nota-da-cep-por-ocasiao-da-nomeacao-de-d-jose-ornelas-carvalho-para-bispo-de-leiria-fatima\\\/#breadcrumb\"},\"inLanguage\":\"pt-PT\",\"potentialAction\":[{\"@type\":\"ReadAction\",\"target\":[\"https:\\\/\\\/www.conferenciaepiscopal.pt\\\/v1\\\/nota-da-cep-por-ocasiao-da-nomeacao-de-d-jose-ornelas-carvalho-para-bispo-de-leiria-fatima\\\/\"]}]},{\"@type\":\"ImageObject\",\"inLanguage\":\"pt-PT\",\"@id\":\"https:\\\/\\\/www.conferenciaepiscopal.pt\\\/v1\\\/nota-da-cep-por-ocasiao-da-nomeacao-de-d-jose-ornelas-carvalho-para-bispo-de-leiria-fatima\\\/#primaryimage\",\"url\":\"https:\\\/\\\/www.conferenciaepiscopal.pt\\\/v1\\\/wp-content\\\/uploads\\\/d-jose-ornelas-fatima1.jpg\",\"contentUrl\":\"https:\\\/\\\/www.conferenciaepiscopal.pt\\\/v1\\\/wp-content\\\/uploads\\\/d-jose-ornelas-fatima1.jpg\",\"width\":2000,\"height\":1333},{\"@type\":\"BreadcrumbList\",\"@id\":\"https:\\\/\\\/www.conferenciaepiscopal.pt\\\/v1\\\/nota-da-cep-por-ocasiao-da-nomeacao-de-d-jose-ornelas-carvalho-para-bispo-de-leiria-fatima\\\/#breadcrumb\",\"itemListElement\":[{\"@type\":\"ListItem\",\"position\":1,\"name\":\"In\u00edcio\",\"item\":\"https:\\\/\\\/www.conferenciaepiscopal.pt\\\/v1\\\/\"},{\"@type\":\"ListItem\",\"position\":2,\"name\":\"Nota da CEP por ocasi\u00e3o da nomea\u00e7\u00e3o de D. Jos\u00e9 Ornelas Carvalho para Bispo de Leiria-F\u00e1tima\"}]},{\"@type\":\"WebSite\",\"@id\":\"https:\\\/\\\/www.conferenciaepiscopal.pt\\\/v1\\\/#website\",\"url\":\"https:\\\/\\\/www.conferenciaepiscopal.pt\\\/v1\\\/\",\"name\":\"Confer\u00eancia Episcopal Portuguesa\",\"description\":\"Igreja Cat\u00f3lica em Portugal\",\"publisher\":{\"@id\":\"https:\\\/\\\/www.conferenciaepiscopal.pt\\\/v1\\\/#organization\"},\"potentialAction\":[{\"@type\":\"SearchAction\",\"target\":{\"@type\":\"EntryPoint\",\"urlTemplate\":\"https:\\\/\\\/www.conferenciaepiscopal.pt\\\/v1\\\/?s={search_term_string}\"},\"query-input\":{\"@type\":\"PropertyValueSpecification\",\"valueRequired\":true,\"valueName\":\"search_term_string\"}}],\"inLanguage\":\"pt-PT\"},{\"@type\":\"Organization\",\"@id\":\"https:\\\/\\\/www.conferenciaepiscopal.pt\\\/v1\\\/#organization\",\"name\":\"Confer\u00eancia Episcopal Portuguesa\",\"url\":\"https:\\\/\\\/www.conferenciaepiscopal.pt\\\/v1\\\/\",\"logo\":{\"@type\":\"ImageObject\",\"inLanguage\":\"pt-PT\",\"@id\":\"https:\\\/\\\/www.conferenciaepiscopal.pt\\\/v1\\\/#\\\/schema\\\/logo\\\/image\\\/\",\"url\":\"https:\\\/\\\/www.conferenciaepiscopal.pt\\\/v1\\\/wp-content\\\/uploads\\\/cropped-logoTransparente.png\",\"contentUrl\":\"https:\\\/\\\/www.conferenciaepiscopal.pt\\\/v1\\\/wp-content\\\/uploads\\\/cropped-logoTransparente.png\",\"width\":512,\"height\":512,\"caption\":\"Confer\u00eancia Episcopal Portuguesa\"},\"image\":{\"@id\":\"https:\\\/\\\/www.conferenciaepiscopal.pt\\\/v1\\\/#\\\/schema\\\/logo\\\/image\\\/\"}},{\"@type\":\"Person\",\"@id\":\"https:\\\/\\\/www.conferenciaepiscopal.pt\\\/v1\\\/#\\\/schema\\\/person\\\/ab696457f75fe8e22b00183bfacb4cb2\",\"name\":\"Manuel Costa\",\"image\":{\"@type\":\"ImageObject\",\"inLanguage\":\"pt-PT\",\"@id\":\"https:\\\/\\\/secure.gravatar.com\\\/avatar\\\/5054571ff5d2454cd50657fc4e61d0c32d7a5d0d3b36ef6c0f6e269276d13618?s=96&d=mm&r=g\",\"url\":\"https:\\\/\\\/secure.gravatar.com\\\/avatar\\\/5054571ff5d2454cd50657fc4e61d0c32d7a5d0d3b36ef6c0f6e269276d13618?s=96&d=mm&r=g\",\"contentUrl\":\"https:\\\/\\\/secure.gravatar.com\\\/avatar\\\/5054571ff5d2454cd50657fc4e61d0c32d7a5d0d3b36ef6c0f6e269276d13618?s=96&d=mm&r=g\",\"caption\":\"Manuel Costa\"}}]}<\/script>\n<!-- \/ Yoast SEO plugin. -->","yoast_head_json":{"title":"Nota da CEP por ocasi\u00e3o da nomea\u00e7\u00e3o de D. Jos\u00e9 Ornelas Carvalho para Bispo de Leiria-F\u00e1tima - Confer\u00eancia Episcopal Portuguesa","robots":{"index":"index","follow":"follow","max-snippet":"max-snippet:-1","max-image-preview":"max-image-preview:large","max-video-preview":"max-video-preview:-1"},"canonical":"https:\/\/www.conferenciaepiscopal.pt\/v1\/nota-da-cep-por-ocasiao-da-nomeacao-de-d-jose-ornelas-carvalho-para-bispo-de-leiria-fatima\/","og_locale":"pt_PT","og_type":"article","og_title":"Nota da CEP por ocasi\u00e3o da nomea\u00e7\u00e3o de D. Jos\u00e9 Ornelas Carvalho para Bispo de Leiria-F\u00e1tima - Confer\u00eancia Episcopal Portuguesa","og_url":"https:\/\/www.conferenciaepiscopal.pt\/v1\/nota-da-cep-por-ocasiao-da-nomeacao-de-d-jose-ornelas-carvalho-para-bispo-de-leiria-fatima\/","og_site_name":"Confer\u00eancia Episcopal Portuguesa","article_published_time":"2022-01-28T11:00:02+00:00","og_image":[{"width":2000,"height":1333,"url":"https:\/\/www.conferenciaepiscopal.pt\/v1\/wp-content\/uploads\/d-jose-ornelas-fatima1.jpg","type":"image\/jpeg"}],"author":"Manuel Costa","twitter_card":"summary_large_image","twitter_misc":{"Escrito por":"Manuel Costa","Tempo estimado de leitura":"3 minutos"},"schema":{"@context":"https:\/\/schema.org","@graph":[{"@type":"Article","@id":"https:\/\/www.conferenciaepiscopal.pt\/v1\/nota-da-cep-por-ocasiao-da-nomeacao-de-d-jose-ornelas-carvalho-para-bispo-de-leiria-fatima\/#article","isPartOf":{"@id":"https:\/\/www.conferenciaepiscopal.pt\/v1\/nota-da-cep-por-ocasiao-da-nomeacao-de-d-jose-ornelas-carvalho-para-bispo-de-leiria-fatima\/"},"author":{"name":"Manuel Costa","@id":"https:\/\/www.conferenciaepiscopal.pt\/v1\/#\/schema\/person\/ab696457f75fe8e22b00183bfacb4cb2"},"headline":"Nota da CEP por ocasi\u00e3o da nomea\u00e7\u00e3o de D. Jos\u00e9 Ornelas Carvalho para Bispo de Leiria-F\u00e1tima","datePublished":"2022-01-28T11:00:02+00:00","mainEntityOfPage":{"@id":"https:\/\/www.conferenciaepiscopal.pt\/v1\/nota-da-cep-por-ocasiao-da-nomeacao-de-d-jose-ornelas-carvalho-para-bispo-de-leiria-fatima\/"},"wordCount":546,"publisher":{"@id":"https:\/\/www.conferenciaepiscopal.pt\/v1\/#organization"},"image":{"@id":"https:\/\/www.conferenciaepiscopal.pt\/v1\/nota-da-cep-por-ocasiao-da-nomeacao-de-d-jose-ornelas-carvalho-para-bispo-de-leiria-fatima\/#primaryimage"},"thumbnailUrl":"https:\/\/www.conferenciaepiscopal.pt\/v1\/wp-content\/uploads\/d-jose-ornelas-fatima1.jpg","articleSection":["#entrada","Not\u00edcias"],"inLanguage":"pt-PT"},{"@type":"WebPage","@id":"https:\/\/www.conferenciaepiscopal.pt\/v1\/nota-da-cep-por-ocasiao-da-nomeacao-de-d-jose-ornelas-carvalho-para-bispo-de-leiria-fatima\/","url":"https:\/\/www.conferenciaepiscopal.pt\/v1\/nota-da-cep-por-ocasiao-da-nomeacao-de-d-jose-ornelas-carvalho-para-bispo-de-leiria-fatima\/","name":"Nota da CEP por ocasi\u00e3o da nomea\u00e7\u00e3o de D. Jos\u00e9 Ornelas Carvalho para Bispo de Leiria-F\u00e1tima - Confer\u00eancia Episcopal Portuguesa","isPartOf":{"@id":"https:\/\/www.conferenciaepiscopal.pt\/v1\/#website"},"primaryImageOfPage":{"@id":"https:\/\/www.conferenciaepiscopal.pt\/v1\/nota-da-cep-por-ocasiao-da-nomeacao-de-d-jose-ornelas-carvalho-para-bispo-de-leiria-fatima\/#primaryimage"},"image":{"@id":"https:\/\/www.conferenciaepiscopal.pt\/v1\/nota-da-cep-por-ocasiao-da-nomeacao-de-d-jose-ornelas-carvalho-para-bispo-de-leiria-fatima\/#primaryimage"},"thumbnailUrl":"https:\/\/www.conferenciaepiscopal.pt\/v1\/wp-content\/uploads\/d-jose-ornelas-fatima1.jpg","datePublished":"2022-01-28T11:00:02+00:00","breadcrumb":{"@id":"https:\/\/www.conferenciaepiscopal.pt\/v1\/nota-da-cep-por-ocasiao-da-nomeacao-de-d-jose-ornelas-carvalho-para-bispo-de-leiria-fatima\/#breadcrumb"},"inLanguage":"pt-PT","potentialAction":[{"@type":"ReadAction","target":["https:\/\/www.conferenciaepiscopal.pt\/v1\/nota-da-cep-por-ocasiao-da-nomeacao-de-d-jose-ornelas-carvalho-para-bispo-de-leiria-fatima\/"]}]},{"@type":"ImageObject","inLanguage":"pt-PT","@id":"https:\/\/www.conferenciaepiscopal.pt\/v1\/nota-da-cep-por-ocasiao-da-nomeacao-de-d-jose-ornelas-carvalho-para-bispo-de-leiria-fatima\/#primaryimage","url":"https:\/\/www.conferenciaepiscopal.pt\/v1\/wp-content\/uploads\/d-jose-ornelas-fatima1.jpg","contentUrl":"https:\/\/www.conferenciaepiscopal.pt\/v1\/wp-content\/uploads\/d-jose-ornelas-fatima1.jpg","width":2000,"height":1333},{"@type":"BreadcrumbList","@id":"https:\/\/www.conferenciaepiscopal.pt\/v1\/nota-da-cep-por-ocasiao-da-nomeacao-de-d-jose-ornelas-carvalho-para-bispo-de-leiria-fatima\/#breadcrumb","itemListElement":[{"@type":"ListItem","position":1,"name":"In\u00edcio","item":"https:\/\/www.conferenciaepiscopal.pt\/v1\/"},{"@type":"ListItem","position":2,"name":"Nota da CEP por ocasi\u00e3o da nomea\u00e7\u00e3o de D. Jos\u00e9 Ornelas Carvalho para Bispo de Leiria-F\u00e1tima"}]},{"@type":"WebSite","@id":"https:\/\/www.conferenciaepiscopal.pt\/v1\/#website","url":"https:\/\/www.conferenciaepiscopal.pt\/v1\/","name":"Confer\u00eancia Episcopal Portuguesa","description":"Igreja Cat\u00f3lica em Portugal","publisher":{"@id":"https:\/\/www.conferenciaepiscopal.pt\/v1\/#organization"},"potentialAction":[{"@type":"SearchAction","target":{"@type":"EntryPoint","urlTemplate":"https:\/\/www.conferenciaepiscopal.pt\/v1\/?s={search_term_string}"},"query-input":{"@type":"PropertyValueSpecification","valueRequired":true,"valueName":"search_term_string"}}],"inLanguage":"pt-PT"},{"@type":"Organization","@id":"https:\/\/www.conferenciaepiscopal.pt\/v1\/#organization","name":"Confer\u00eancia Episcopal Portuguesa","url":"https:\/\/www.conferenciaepiscopal.pt\/v1\/","logo":{"@type":"ImageObject","inLanguage":"pt-PT","@id":"https:\/\/www.conferenciaepiscopal.pt\/v1\/#\/schema\/logo\/image\/","url":"https:\/\/www.conferenciaepiscopal.pt\/v1\/wp-content\/uploads\/cropped-logoTransparente.png","contentUrl":"https:\/\/www.conferenciaepiscopal.pt\/v1\/wp-content\/uploads\/cropped-logoTransparente.png","width":512,"height":512,"caption":"Confer\u00eancia Episcopal Portuguesa"},"image":{"@id":"https:\/\/www.conferenciaepiscopal.pt\/v1\/#\/schema\/logo\/image\/"}},{"@type":"Person","@id":"https:\/\/www.conferenciaepiscopal.pt\/v1\/#\/schema\/person\/ab696457f75fe8e22b00183bfacb4cb2","name":"Manuel Costa","image":{"@type":"ImageObject","inLanguage":"pt-PT","@id":"https:\/\/secure.gravatar.com\/avatar\/5054571ff5d2454cd50657fc4e61d0c32d7a5d0d3b36ef6c0f6e269276d13618?s=96&d=mm&r=g","url":"https:\/\/secure.gravatar.com\/avatar\/5054571ff5d2454cd50657fc4e61d0c32d7a5d0d3b36ef6c0f6e269276d13618?s=96&d=mm&r=g","contentUrl":"https:\/\/secure.gravatar.com\/avatar\/5054571ff5d2454cd50657fc4e61d0c32d7a5d0d3b36ef6c0f6e269276d13618?s=96&d=mm&r=g","caption":"Manuel Costa"}}]}},"_links":{"self":[{"href":"https:\/\/www.conferenciaepiscopal.pt\/v1\/wp-json\/wp\/v2\/posts\/7330","targetHints":{"allow":["GET"]}}],"collection":[{"href":"https:\/\/www.conferenciaepiscopal.pt\/v1\/wp-json\/wp\/v2\/posts"}],"about":[{"href":"https:\/\/www.conferenciaepiscopal.pt\/v1\/wp-json\/wp\/v2\/types\/post"}],"author":[{"embeddable":true,"href":"https:\/\/www.conferenciaepiscopal.pt\/v1\/wp-json\/wp\/v2\/users\/1"}],"replies":[{"embeddable":true,"href":"https:\/\/www.conferenciaepiscopal.pt\/v1\/wp-json\/wp\/v2\/comments?post=7330"}],"version-history":[{"count":1,"href":"https:\/\/www.conferenciaepiscopal.pt\/v1\/wp-json\/wp\/v2\/posts\/7330\/revisions"}],"predecessor-version":[{"id":7332,"href":"https:\/\/www.conferenciaepiscopal.pt\/v1\/wp-json\/wp\/v2\/posts\/7330\/revisions\/7332"}],"wp:featuredmedia":[{"embeddable":true,"href":"https:\/\/www.conferenciaepiscopal.pt\/v1\/wp-json\/wp\/v2\/media\/7331"}],"wp:attachment":[{"href":"https:\/\/www.conferenciaepiscopal.pt\/v1\/wp-json\/wp\/v2\/media?parent=7330"}],"wp:term":[{"taxonomy":"category","embeddable":true,"href":"https:\/\/www.conferenciaepiscopal.pt\/v1\/wp-json\/wp\/v2\/categories?post=7330"},{"taxonomy":"post_tag","embeddable":true,"href":"https:\/\/www.conferenciaepiscopal.pt\/v1\/wp-json\/wp\/v2\/tags?post=7330"}],"curies":[{"name":"wp","href":"https:\/\/api.w.org\/{rel}","templated":true}]}}