{"id":7057,"date":"2021-03-27T13:07:17","date_gmt":"2021-03-27T13:07:17","guid":{"rendered":"http:\/\/www.conferenciaepiscopal.pt\/v1\/?p=7057"},"modified":"2021-03-27T13:07:17","modified_gmt":"2021-03-27T13:07:17","slug":"a-esperanca-da-pascoa","status":"publish","type":"post","link":"https:\/\/www.conferenciaepiscopal.pt\/v1\/a-esperanca-da-pascoa\/","title":{"rendered":"A Esperan\u00e7a da P\u00e1scoa"},"content":{"rendered":"<p><em>Mensagem do Conselho Permanente da CEP<\/em><\/p>\n<p><!--more--><\/p>\n<p><a href=\"https:\/\/www.conferenciaepiscopal.pt\/v1\/wp-content\/uploads\/DomingodePascoa_peq.jpg\"><img fetchpriority=\"high\" decoding=\"async\" class=\"alignright wp-image-7058 \" src=\"https:\/\/www.conferenciaepiscopal.pt\/v1\/wp-content\/uploads\/DomingodePascoa_peq-686x1024.jpg\" alt=\"\" width=\"400\" height=\"597\" srcset=\"https:\/\/www.conferenciaepiscopal.pt\/v1\/wp-content\/uploads\/DomingodePascoa_peq-686x1024.jpg 686w, https:\/\/www.conferenciaepiscopal.pt\/v1\/wp-content\/uploads\/DomingodePascoa_peq-201x300.jpg 201w, https:\/\/www.conferenciaepiscopal.pt\/v1\/wp-content\/uploads\/DomingodePascoa_peq-768x1146.jpg 768w, https:\/\/www.conferenciaepiscopal.pt\/v1\/wp-content\/uploads\/DomingodePascoa_peq-980x1462.jpg 980w, https:\/\/www.conferenciaepiscopal.pt\/v1\/wp-content\/uploads\/DomingodePascoa_peq-480x716.jpg 480w, https:\/\/www.conferenciaepiscopal.pt\/v1\/wp-content\/uploads\/DomingodePascoa_peq.jpg 1000w\" sizes=\"(max-width: 400px) 100vw, 400px\" \/><\/a>1. A celebra\u00e7\u00e3o anual da P\u00e1scoa do Senhor \u00e9 o dia por excel\u00eancia da passagem \u00e0 vida nova, a festa das festas crist\u00e3s. Por isso, o grito da Igreja que nasceu da P\u00e1scoa est\u00e1 inundado pela admira\u00e7\u00e3o, exulta\u00e7\u00e3o e alegria: \u00ab<em>este \u00e9 o dia que o Senhor fez: exultemos e cantemos de alegria<\/em>\u00bb (<em>Salmo<\/em> 117).<\/p>\n<p>O encontro com o Ressuscitado transfigura o cora\u00e7\u00e3o e \u00e9 a raz\u00e3o para acolher o precioso dom e o compromisso da fraternidade e do cuidado integral. Infelizmente, pelo segundo ano consecutivo, o an\u00fancio pascal chega em tempo de crise pand\u00e9mica, que desterra a paz e a felicidade. Da Quaresma \u00e0 P\u00e1scoa \u00e9 uma grande peregrina\u00e7\u00e3o de Esperan\u00e7a.<\/p>\n<p>Todavia, como interpela o Papa Francisco: \u00abH\u00e1 crist\u00e3os que parecem ter escolhido viver uma Quaresma sem P\u00e1scoa. Reconhe\u00e7o, por\u00e9m, que a alegria n\u00e3o se vive da mesma maneira em todas as etapas e circunst\u00e2ncias da vida, por vezes muito duras. Adapta-se e transforma-se, mas sempre permanece pelo menos como um feixe de luz que nasce da certeza pessoal de, n\u00e3o obstante o contr\u00e1rio, sermos infinitamente amados. Compreendo as pessoas que se vergam \u00e0 tristeza por causa das graves dificuldades que t\u00eam de suportar, mas aos poucos \u00e9 preciso permitir que a alegria da f\u00e9 comece a despertar, como uma secreta, mas firme confian\u00e7a, mesmo no meio das piores ang\u00fastias\u00bb (<em>Evangelii Gaudium<\/em> 6).<\/p>\n<p>&nbsp;<\/p>\n<p>2. Apesar desta situa\u00e7\u00e3o dolorosa, n\u00e3o deixemos que se extinga a esperan\u00e7a da P\u00e1scoa! Sem ela a vida torna-se \u00e1rida, insuport\u00e1vel, sem sentido. Cristo ressuscitado e glorioso \u00e9 a fonte profunda da nossa esperan\u00e7a viva. \u00abA sua ressurrei\u00e7\u00e3o n\u00e3o \u00e9 algo do passado; cont\u00e9m uma for\u00e7a de vida que penetrou o mundo. Onde parecia que tudo morreu, voltam a aparecer por todo o lado os rebentos da ressurrei\u00e7\u00e3o. \u00c9 uma for\u00e7a sem igual. (\u2026) Cada dia, no mundo, renasce a beleza, que ressuscita transformada atrav\u00e9s dos dramas da hist\u00f3ria. (\u2026) Esta \u00e9 a for\u00e7a da ressurrei\u00e7\u00e3o\u00bb (<em>EG<\/em> 276) que trespassa a nossa vida e a nossa hist\u00f3ria. N\u00e3o fiquemos \u00e0 margem desta esperan\u00e7a viva! Pe\u00e7amos ao Esp\u00edrito Santo que \u00abvem em aux\u00edlio da nossa fraqueza\u00bb (<em>Romanos<\/em> 8, 26) para fazer brotar em cada um sementes de vida nova.<\/p>\n<p>&nbsp;<\/p>\n<p>3. Nas casas e nas fam\u00edlias, a mesa \u00e9 o lugar da partilha do p\u00e3o e do dom da comunh\u00e3o. A mesa continua a ser o lugar do dom da P\u00e1scoa: mesa da Palavra, mesa da Eucaristia e mesa da caridade fraterna. Aqui acontece o milagre da fraternidade crist\u00e3. A mesa com Cristo leva-nos \u00e0 miss\u00e3o e \u00e0 proximidade com quantos s\u00e3o atingidos pela pandemia e sofrem nos lares, nos hospitais e nas institui\u00e7\u00f5es, pedindo a b\u00ean\u00e7\u00e3o de Deus e a recupera\u00e7\u00e3o da sa\u00fade e da esperan\u00e7a. Continuamos a partilhar, igualmente, a dor das fam\u00edlias que perderam os seus entes queridos, confiando-os aos bra\u00e7os misericordiosos do Ressuscitado, assim como a ang\u00fastia dos que perderam ou viram substancialmente reduzidos os seus rendimentos necess\u00e1rios a uma vida condigna.<\/p>\n<p>&nbsp;<\/p>\n<p>4. Renovamos a nossa gratid\u00e3o pela heroicidade e dedica\u00e7\u00e3o \u00e0 dignidade da vida humana: aos profissionais de sa\u00fade e de seguran\u00e7a, aos volunt\u00e1rios e a todas pessoas que fazem avan\u00e7ar a hist\u00f3ria da humanidade nos servi\u00e7os essenciais e quotidianos ao bem comum.<\/p>\n<p>\u00c9 nos gestos de amor, de partilha, de servi\u00e7o, de encontro, de fraternidade, que encontramos Jesus Cristo vivo, a transformar e a renovar o mundo.<\/p>\n<p>&nbsp;<\/p>\n<p>5. O mundo inteiro prepara-se para sair desta pandemia que nunca ningu\u00e9m pensou que pudesse ter tantas e t\u00e3o graves consequ\u00eancias para a humanidade. Devemos entender a crise como um desafio \u00e0 coragem criativa e \u00e0 confian\u00e7a crente. Desta crise temos de sair melhores. A todos os irm\u00e3os e irm\u00e3s, especialmente aos presb\u00edteros, aos di\u00e1conos, \u00e0s pessoas consagradas e \u00e0s fam\u00edlias crist\u00e3s, encorajamos a renovar as promessas batismais para prosseguirem nos caminhos da reconcilia\u00e7\u00e3o e da convers\u00e3o.<\/p>\n<p>&nbsp;<\/p>\n<p>6. O sepulcro aberto proclama a alegria da presen\u00e7a viva e ressuscitada de Cristo e a Igreja pede-Lhe incessantemente: \u00ab<em>Fica connosco, Senhor<\/em>\u00bb (<em>Lucas<\/em> 24,29), para que seja sempre hoje de renova\u00e7\u00e3o pascal. Para todos existe a possibilidade de reencontrar a esperan\u00e7a, porque Cristo \u00e9 a nossa P\u00e1scoa (cf. <em>1Cor\u00edntios <\/em>5,7) e a nossa paz. A f\u00e9, a esperan\u00e7a e a caridade que nascem e renascem da P\u00e1scoa frutificam, quando nos tornam mais irm\u00e3os e cidad\u00e3os mais ativos para se realizar a justi\u00e7a e a paz, o perd\u00e3o e o amor.<\/p>\n<p>Lisboa, 11 de mar\u00e7o de 2021<\/p>\n<p><a href=\"https:\/\/www.conferenciaepiscopal.pt\/v1\/wp-content\/uploads\/CEP_MensagemPascoa2021.pdf\" target=\"_blank\" rel=\"noopener\">[PDF]<\/a><\/p>\n","protected":false},"excerpt":{"rendered":"<p>Mensagem do Conselho Permanente da CEP<\/p>\n","protected":false},"author":1,"featured_media":7059,"comment_status":"closed","ping_status":"closed","sticky":false,"template":"","format":"standard","meta":{"site-sidebar-layout":"default","site-content-layout":"","ast-site-content-layout":"default","site-content-style":"default","site-sidebar-style":"default","ast-global-header-display":"","ast-banner-title-visibility":"","ast-main-header-display":"","ast-hfb-above-header-display":"","ast-hfb-below-header-display":"","ast-hfb-mobile-header-display":"","site-post-title":"","ast-breadcrumbs-content":"","ast-featured-img":"","footer-sml-layout":"","ast-disable-related-posts":"","theme-transparent-header-meta":"","adv-header-id-meta":"","stick-header-meta":"","header-above-stick-meta":"","header-main-stick-meta":"","header-below-stick-meta":"","astra-migrate-meta-layouts":"default","ast-page-background-enabled":"default","ast-page-background-meta":{"desktop":{"background-color":"var(--ast-global-color-4)","background-image":"","background-repeat":"repeat","background-position":"center center","background-size":"auto","background-attachment":"scroll","background-type":"","background-media":"","overlay-type":"","overlay-color":"","overlay-opacity":"","overlay-gradient":""},"tablet":{"background-color":"","background-image":"","background-repeat":"repeat","background-position":"center center","background-size":"auto","background-attachment":"scroll","background-type":"","background-media":"","overlay-type":"","overlay-color":"","overlay-opacity":"","overlay-gradient":""},"mobile":{"background-color":"","background-image":"","background-repeat":"repeat","background-position":"center center","background-size":"auto","background-attachment":"scroll","background-type":"","background-media":"","overlay-type":"","overlay-color":"","overlay-opacity":"","overlay-gradient":""}},"ast-content-background-meta":{"desktop":{"background-color":"var(--ast-global-color-5)","background-image":"","background-repeat":"repeat","background-position":"center center","background-size":"auto","background-attachment":"scroll","background-type":"","background-media":"","overlay-type":"","overlay-color":"","overlay-opacity":"","overlay-gradient":""},"tablet":{"background-color":"var(--ast-global-color-5)","background-image":"","background-repeat":"repeat","background-position":"center center","background-size":"auto","background-attachment":"scroll","background-type":"","background-media":"","overlay-type":"","overlay-color":"","overlay-opacity":"","overlay-gradient":""},"mobile":{"background-color":"var(--ast-global-color-5)","background-image":"","background-repeat":"repeat","background-position":"center center","background-size":"auto","background-attachment":"scroll","background-type":"","background-media":"","overlay-type":"","overlay-color":"","overlay-opacity":"","overlay-gradient":""}},"footnotes":""},"categories":[74,4],"tags":[],"class_list":["post-7057","post","type-post","status-publish","format-standard","has-post-thumbnail","hentry","category-entrada","category-documentos"],"yoast_head":"<!-- This site is optimized with the Yoast SEO plugin v27.5 - https:\/\/yoast.com\/product\/yoast-seo-wordpress\/ -->\n<title>A Esperan\u00e7a da P\u00e1scoa - Confer\u00eancia Episcopal Portuguesa<\/title>\n<meta name=\"robots\" content=\"index, follow, max-snippet:-1, max-image-preview:large, max-video-preview:-1\" \/>\n<link rel=\"canonical\" href=\"https:\/\/www.conferenciaepiscopal.pt\/v1\/a-esperanca-da-pascoa\/\" \/>\n<meta property=\"og:locale\" content=\"pt_PT\" \/>\n<meta property=\"og:type\" content=\"article\" \/>\n<meta property=\"og:title\" content=\"A Esperan\u00e7a da P\u00e1scoa - Confer\u00eancia Episcopal Portuguesa\" \/>\n<meta property=\"og:description\" content=\"Mensagem do Conselho Permanente da CEP\" \/>\n<meta property=\"og:url\" content=\"https:\/\/www.conferenciaepiscopal.pt\/v1\/a-esperanca-da-pascoa\/\" \/>\n<meta property=\"og:site_name\" content=\"Confer\u00eancia Episcopal Portuguesa\" \/>\n<meta property=\"article:published_time\" content=\"2021-03-27T13:07:17+00:00\" \/>\n<meta property=\"og:image\" content=\"https:\/\/www.conferenciaepiscopal.pt\/v1\/wp-content\/uploads\/pascoa-cep.jpg\" \/>\n\t<meta property=\"og:image:width\" content=\"1200\" \/>\n\t<meta property=\"og:image:height\" content=\"800\" \/>\n\t<meta property=\"og:image:type\" content=\"image\/jpeg\" \/>\n<meta name=\"author\" content=\"Manuel Costa\" \/>\n<meta name=\"twitter:card\" content=\"summary_large_image\" \/>\n<meta name=\"twitter:label1\" content=\"Escrito por\" \/>\n\t<meta name=\"twitter:data1\" content=\"Manuel Costa\" \/>\n\t<meta name=\"twitter:label2\" content=\"Tempo estimado de leitura\" \/>\n\t<meta name=\"twitter:data2\" content=\"4 minutos\" \/>\n<script type=\"application\/ld+json\" class=\"yoast-schema-graph\">{\"@context\":\"https:\\\/\\\/schema.org\",\"@graph\":[{\"@type\":\"Article\",\"@id\":\"https:\\\/\\\/www.conferenciaepiscopal.pt\\\/v1\\\/a-esperanca-da-pascoa\\\/#article\",\"isPartOf\":{\"@id\":\"https:\\\/\\\/www.conferenciaepiscopal.pt\\\/v1\\\/a-esperanca-da-pascoa\\\/\"},\"author\":{\"name\":\"Manuel Costa\",\"@id\":\"https:\\\/\\\/www.conferenciaepiscopal.pt\\\/v1\\\/#\\\/schema\\\/person\\\/ab696457f75fe8e22b00183bfacb4cb2\"},\"headline\":\"A Esperan\u00e7a da P\u00e1scoa\",\"datePublished\":\"2021-03-27T13:07:17+00:00\",\"mainEntityOfPage\":{\"@id\":\"https:\\\/\\\/www.conferenciaepiscopal.pt\\\/v1\\\/a-esperanca-da-pascoa\\\/\"},\"wordCount\":804,\"publisher\":{\"@id\":\"https:\\\/\\\/www.conferenciaepiscopal.pt\\\/v1\\\/#organization\"},\"image\":{\"@id\":\"https:\\\/\\\/www.conferenciaepiscopal.pt\\\/v1\\\/a-esperanca-da-pascoa\\\/#primaryimage\"},\"thumbnailUrl\":\"https:\\\/\\\/www.conferenciaepiscopal.pt\\\/v1\\\/wp-content\\\/uploads\\\/pascoa-cep.jpg\",\"articleSection\":[\"#entrada\",\"Documentos\"],\"inLanguage\":\"pt-PT\"},{\"@type\":\"WebPage\",\"@id\":\"https:\\\/\\\/www.conferenciaepiscopal.pt\\\/v1\\\/a-esperanca-da-pascoa\\\/\",\"url\":\"https:\\\/\\\/www.conferenciaepiscopal.pt\\\/v1\\\/a-esperanca-da-pascoa\\\/\",\"name\":\"A Esperan\u00e7a da P\u00e1scoa - Confer\u00eancia Episcopal Portuguesa\",\"isPartOf\":{\"@id\":\"https:\\\/\\\/www.conferenciaepiscopal.pt\\\/v1\\\/#website\"},\"primaryImageOfPage\":{\"@id\":\"https:\\\/\\\/www.conferenciaepiscopal.pt\\\/v1\\\/a-esperanca-da-pascoa\\\/#primaryimage\"},\"image\":{\"@id\":\"https:\\\/\\\/www.conferenciaepiscopal.pt\\\/v1\\\/a-esperanca-da-pascoa\\\/#primaryimage\"},\"thumbnailUrl\":\"https:\\\/\\\/www.conferenciaepiscopal.pt\\\/v1\\\/wp-content\\\/uploads\\\/pascoa-cep.jpg\",\"datePublished\":\"2021-03-27T13:07:17+00:00\",\"breadcrumb\":{\"@id\":\"https:\\\/\\\/www.conferenciaepiscopal.pt\\\/v1\\\/a-esperanca-da-pascoa\\\/#breadcrumb\"},\"inLanguage\":\"pt-PT\",\"potentialAction\":[{\"@type\":\"ReadAction\",\"target\":[\"https:\\\/\\\/www.conferenciaepiscopal.pt\\\/v1\\\/a-esperanca-da-pascoa\\\/\"]}]},{\"@type\":\"ImageObject\",\"inLanguage\":\"pt-PT\",\"@id\":\"https:\\\/\\\/www.conferenciaepiscopal.pt\\\/v1\\\/a-esperanca-da-pascoa\\\/#primaryimage\",\"url\":\"https:\\\/\\\/www.conferenciaepiscopal.pt\\\/v1\\\/wp-content\\\/uploads\\\/pascoa-cep.jpg\",\"contentUrl\":\"https:\\\/\\\/www.conferenciaepiscopal.pt\\\/v1\\\/wp-content\\\/uploads\\\/pascoa-cep.jpg\",\"width\":1200,\"height\":800},{\"@type\":\"BreadcrumbList\",\"@id\":\"https:\\\/\\\/www.conferenciaepiscopal.pt\\\/v1\\\/a-esperanca-da-pascoa\\\/#breadcrumb\",\"itemListElement\":[{\"@type\":\"ListItem\",\"position\":1,\"name\":\"In\u00edcio\",\"item\":\"https:\\\/\\\/www.conferenciaepiscopal.pt\\\/v1\\\/\"},{\"@type\":\"ListItem\",\"position\":2,\"name\":\"A Esperan\u00e7a da P\u00e1scoa\"}]},{\"@type\":\"WebSite\",\"@id\":\"https:\\\/\\\/www.conferenciaepiscopal.pt\\\/v1\\\/#website\",\"url\":\"https:\\\/\\\/www.conferenciaepiscopal.pt\\\/v1\\\/\",\"name\":\"Confer\u00eancia Episcopal Portuguesa\",\"description\":\"Igreja Cat\u00f3lica em Portugal\",\"publisher\":{\"@id\":\"https:\\\/\\\/www.conferenciaepiscopal.pt\\\/v1\\\/#organization\"},\"potentialAction\":[{\"@type\":\"SearchAction\",\"target\":{\"@type\":\"EntryPoint\",\"urlTemplate\":\"https:\\\/\\\/www.conferenciaepiscopal.pt\\\/v1\\\/?s={search_term_string}\"},\"query-input\":{\"@type\":\"PropertyValueSpecification\",\"valueRequired\":true,\"valueName\":\"search_term_string\"}}],\"inLanguage\":\"pt-PT\"},{\"@type\":\"Organization\",\"@id\":\"https:\\\/\\\/www.conferenciaepiscopal.pt\\\/v1\\\/#organization\",\"name\":\"Confer\u00eancia Episcopal Portuguesa\",\"url\":\"https:\\\/\\\/www.conferenciaepiscopal.pt\\\/v1\\\/\",\"logo\":{\"@type\":\"ImageObject\",\"inLanguage\":\"pt-PT\",\"@id\":\"https:\\\/\\\/www.conferenciaepiscopal.pt\\\/v1\\\/#\\\/schema\\\/logo\\\/image\\\/\",\"url\":\"https:\\\/\\\/www.conferenciaepiscopal.pt\\\/v1\\\/wp-content\\\/uploads\\\/cropped-logoTransparente.png\",\"contentUrl\":\"https:\\\/\\\/www.conferenciaepiscopal.pt\\\/v1\\\/wp-content\\\/uploads\\\/cropped-logoTransparente.png\",\"width\":512,\"height\":512,\"caption\":\"Confer\u00eancia Episcopal Portuguesa\"},\"image\":{\"@id\":\"https:\\\/\\\/www.conferenciaepiscopal.pt\\\/v1\\\/#\\\/schema\\\/logo\\\/image\\\/\"}},{\"@type\":\"Person\",\"@id\":\"https:\\\/\\\/www.conferenciaepiscopal.pt\\\/v1\\\/#\\\/schema\\\/person\\\/ab696457f75fe8e22b00183bfacb4cb2\",\"name\":\"Manuel Costa\",\"image\":{\"@type\":\"ImageObject\",\"inLanguage\":\"pt-PT\",\"@id\":\"https:\\\/\\\/secure.gravatar.com\\\/avatar\\\/5054571ff5d2454cd50657fc4e61d0c32d7a5d0d3b36ef6c0f6e269276d13618?s=96&d=mm&r=g\",\"url\":\"https:\\\/\\\/secure.gravatar.com\\\/avatar\\\/5054571ff5d2454cd50657fc4e61d0c32d7a5d0d3b36ef6c0f6e269276d13618?s=96&d=mm&r=g\",\"contentUrl\":\"https:\\\/\\\/secure.gravatar.com\\\/avatar\\\/5054571ff5d2454cd50657fc4e61d0c32d7a5d0d3b36ef6c0f6e269276d13618?s=96&d=mm&r=g\",\"caption\":\"Manuel Costa\"}}]}<\/script>\n<!-- \/ Yoast SEO plugin. -->","yoast_head_json":{"title":"A Esperan\u00e7a da P\u00e1scoa - Confer\u00eancia Episcopal Portuguesa","robots":{"index":"index","follow":"follow","max-snippet":"max-snippet:-1","max-image-preview":"max-image-preview:large","max-video-preview":"max-video-preview:-1"},"canonical":"https:\/\/www.conferenciaepiscopal.pt\/v1\/a-esperanca-da-pascoa\/","og_locale":"pt_PT","og_type":"article","og_title":"A Esperan\u00e7a da P\u00e1scoa - Confer\u00eancia Episcopal Portuguesa","og_description":"Mensagem do Conselho Permanente da CEP","og_url":"https:\/\/www.conferenciaepiscopal.pt\/v1\/a-esperanca-da-pascoa\/","og_site_name":"Confer\u00eancia Episcopal Portuguesa","article_published_time":"2021-03-27T13:07:17+00:00","og_image":[{"width":1200,"height":800,"url":"https:\/\/www.conferenciaepiscopal.pt\/v1\/wp-content\/uploads\/pascoa-cep.jpg","type":"image\/jpeg"}],"author":"Manuel Costa","twitter_card":"summary_large_image","twitter_misc":{"Escrito por":"Manuel Costa","Tempo estimado de leitura":"4 minutos"},"schema":{"@context":"https:\/\/schema.org","@graph":[{"@type":"Article","@id":"https:\/\/www.conferenciaepiscopal.pt\/v1\/a-esperanca-da-pascoa\/#article","isPartOf":{"@id":"https:\/\/www.conferenciaepiscopal.pt\/v1\/a-esperanca-da-pascoa\/"},"author":{"name":"Manuel Costa","@id":"https:\/\/www.conferenciaepiscopal.pt\/v1\/#\/schema\/person\/ab696457f75fe8e22b00183bfacb4cb2"},"headline":"A Esperan\u00e7a da P\u00e1scoa","datePublished":"2021-03-27T13:07:17+00:00","mainEntityOfPage":{"@id":"https:\/\/www.conferenciaepiscopal.pt\/v1\/a-esperanca-da-pascoa\/"},"wordCount":804,"publisher":{"@id":"https:\/\/www.conferenciaepiscopal.pt\/v1\/#organization"},"image":{"@id":"https:\/\/www.conferenciaepiscopal.pt\/v1\/a-esperanca-da-pascoa\/#primaryimage"},"thumbnailUrl":"https:\/\/www.conferenciaepiscopal.pt\/v1\/wp-content\/uploads\/pascoa-cep.jpg","articleSection":["#entrada","Documentos"],"inLanguage":"pt-PT"},{"@type":"WebPage","@id":"https:\/\/www.conferenciaepiscopal.pt\/v1\/a-esperanca-da-pascoa\/","url":"https:\/\/www.conferenciaepiscopal.pt\/v1\/a-esperanca-da-pascoa\/","name":"A Esperan\u00e7a da P\u00e1scoa - Confer\u00eancia Episcopal Portuguesa","isPartOf":{"@id":"https:\/\/www.conferenciaepiscopal.pt\/v1\/#website"},"primaryImageOfPage":{"@id":"https:\/\/www.conferenciaepiscopal.pt\/v1\/a-esperanca-da-pascoa\/#primaryimage"},"image":{"@id":"https:\/\/www.conferenciaepiscopal.pt\/v1\/a-esperanca-da-pascoa\/#primaryimage"},"thumbnailUrl":"https:\/\/www.conferenciaepiscopal.pt\/v1\/wp-content\/uploads\/pascoa-cep.jpg","datePublished":"2021-03-27T13:07:17+00:00","breadcrumb":{"@id":"https:\/\/www.conferenciaepiscopal.pt\/v1\/a-esperanca-da-pascoa\/#breadcrumb"},"inLanguage":"pt-PT","potentialAction":[{"@type":"ReadAction","target":["https:\/\/www.conferenciaepiscopal.pt\/v1\/a-esperanca-da-pascoa\/"]}]},{"@type":"ImageObject","inLanguage":"pt-PT","@id":"https:\/\/www.conferenciaepiscopal.pt\/v1\/a-esperanca-da-pascoa\/#primaryimage","url":"https:\/\/www.conferenciaepiscopal.pt\/v1\/wp-content\/uploads\/pascoa-cep.jpg","contentUrl":"https:\/\/www.conferenciaepiscopal.pt\/v1\/wp-content\/uploads\/pascoa-cep.jpg","width":1200,"height":800},{"@type":"BreadcrumbList","@id":"https:\/\/www.conferenciaepiscopal.pt\/v1\/a-esperanca-da-pascoa\/#breadcrumb","itemListElement":[{"@type":"ListItem","position":1,"name":"In\u00edcio","item":"https:\/\/www.conferenciaepiscopal.pt\/v1\/"},{"@type":"ListItem","position":2,"name":"A Esperan\u00e7a da P\u00e1scoa"}]},{"@type":"WebSite","@id":"https:\/\/www.conferenciaepiscopal.pt\/v1\/#website","url":"https:\/\/www.conferenciaepiscopal.pt\/v1\/","name":"Confer\u00eancia Episcopal Portuguesa","description":"Igreja Cat\u00f3lica em Portugal","publisher":{"@id":"https:\/\/www.conferenciaepiscopal.pt\/v1\/#organization"},"potentialAction":[{"@type":"SearchAction","target":{"@type":"EntryPoint","urlTemplate":"https:\/\/www.conferenciaepiscopal.pt\/v1\/?s={search_term_string}"},"query-input":{"@type":"PropertyValueSpecification","valueRequired":true,"valueName":"search_term_string"}}],"inLanguage":"pt-PT"},{"@type":"Organization","@id":"https:\/\/www.conferenciaepiscopal.pt\/v1\/#organization","name":"Confer\u00eancia Episcopal Portuguesa","url":"https:\/\/www.conferenciaepiscopal.pt\/v1\/","logo":{"@type":"ImageObject","inLanguage":"pt-PT","@id":"https:\/\/www.conferenciaepiscopal.pt\/v1\/#\/schema\/logo\/image\/","url":"https:\/\/www.conferenciaepiscopal.pt\/v1\/wp-content\/uploads\/cropped-logoTransparente.png","contentUrl":"https:\/\/www.conferenciaepiscopal.pt\/v1\/wp-content\/uploads\/cropped-logoTransparente.png","width":512,"height":512,"caption":"Confer\u00eancia Episcopal Portuguesa"},"image":{"@id":"https:\/\/www.conferenciaepiscopal.pt\/v1\/#\/schema\/logo\/image\/"}},{"@type":"Person","@id":"https:\/\/www.conferenciaepiscopal.pt\/v1\/#\/schema\/person\/ab696457f75fe8e22b00183bfacb4cb2","name":"Manuel Costa","image":{"@type":"ImageObject","inLanguage":"pt-PT","@id":"https:\/\/secure.gravatar.com\/avatar\/5054571ff5d2454cd50657fc4e61d0c32d7a5d0d3b36ef6c0f6e269276d13618?s=96&d=mm&r=g","url":"https:\/\/secure.gravatar.com\/avatar\/5054571ff5d2454cd50657fc4e61d0c32d7a5d0d3b36ef6c0f6e269276d13618?s=96&d=mm&r=g","contentUrl":"https:\/\/secure.gravatar.com\/avatar\/5054571ff5d2454cd50657fc4e61d0c32d7a5d0d3b36ef6c0f6e269276d13618?s=96&d=mm&r=g","caption":"Manuel Costa"}}]}},"_links":{"self":[{"href":"https:\/\/www.conferenciaepiscopal.pt\/v1\/wp-json\/wp\/v2\/posts\/7057","targetHints":{"allow":["GET"]}}],"collection":[{"href":"https:\/\/www.conferenciaepiscopal.pt\/v1\/wp-json\/wp\/v2\/posts"}],"about":[{"href":"https:\/\/www.conferenciaepiscopal.pt\/v1\/wp-json\/wp\/v2\/types\/post"}],"author":[{"embeddable":true,"href":"https:\/\/www.conferenciaepiscopal.pt\/v1\/wp-json\/wp\/v2\/users\/1"}],"replies":[{"embeddable":true,"href":"https:\/\/www.conferenciaepiscopal.pt\/v1\/wp-json\/wp\/v2\/comments?post=7057"}],"version-history":[{"count":1,"href":"https:\/\/www.conferenciaepiscopal.pt\/v1\/wp-json\/wp\/v2\/posts\/7057\/revisions"}],"predecessor-version":[{"id":7061,"href":"https:\/\/www.conferenciaepiscopal.pt\/v1\/wp-json\/wp\/v2\/posts\/7057\/revisions\/7061"}],"wp:featuredmedia":[{"embeddable":true,"href":"https:\/\/www.conferenciaepiscopal.pt\/v1\/wp-json\/wp\/v2\/media\/7059"}],"wp:attachment":[{"href":"https:\/\/www.conferenciaepiscopal.pt\/v1\/wp-json\/wp\/v2\/media?parent=7057"}],"wp:term":[{"taxonomy":"category","embeddable":true,"href":"https:\/\/www.conferenciaepiscopal.pt\/v1\/wp-json\/wp\/v2\/categories?post=7057"},{"taxonomy":"post_tag","embeddable":true,"href":"https:\/\/www.conferenciaepiscopal.pt\/v1\/wp-json\/wp\/v2\/tags?post=7057"}],"curies":[{"name":"wp","href":"https:\/\/api.w.org\/{rel}","templated":true}]}}