{"id":6914,"date":"2020-12-21T12:56:18","date_gmt":"2020-12-21T12:56:18","guid":{"rendered":"http:\/\/www.conferenciaepiscopal.pt\/v1\/?p=6914"},"modified":"2020-12-21T12:56:18","modified_gmt":"2020-12-21T12:56:18","slug":"nota-sobre-a-moralidade-do-uso-de-algumas-vacinas-contra-a-covid-19","status":"publish","type":"post","link":"https:\/\/www.conferenciaepiscopal.pt\/v1\/nota-sobre-a-moralidade-do-uso-de-algumas-vacinas-contra-a-covid-19\/","title":{"rendered":"Nota sobre a moralidade do uso de algumas vacinas contra a Covid-19"},"content":{"rendered":"<p><em><strong>Congrega\u00e7\u00e3o para a Doutrina da F\u00e9<\/strong><\/em><\/p>\n<p><!--more--><\/p>\n<p><strong>\u00a0<\/strong>A quest\u00e3o do uso de vacinas, em geral, est\u00e1 muitas vezes no centro de insistentes debates na opini\u00e3o p\u00fablica. Nestes \u00faltimos meses, chegaram a esta Congrega\u00e7\u00e3o v\u00e1rios pedidos de um parecer sobre uso de algumas vacinas contra o v\u00edrus SARS-CoV-2 que causa a Covid-19, que, durante o processo de pesquisa e produ\u00e7\u00e3o, recorreram a linhas celulares provenientes de tecidos obtidos de dois abortos que tiveram lugar no s\u00e9culo passado. Ao mesmo tempo, houve pronunciamentos nos meios de comunica\u00e7\u00e3o social por parte de Bispos, Associa\u00e7\u00f5es cat\u00f3licas e Especialistas, diversos e por vezes contradit\u00f3rios entre si, que tamb\u00e9m levantaram d\u00favidas acerca da moralidade do uso destas vacinas.<\/p>\n<p>Sobre este assunto, j\u00e1 existe um importante pronunciamento da Academia Pontif\u00edcia para a Vida, sob o t\u00edtulo \u201cReflex\u00f5es morais sobre as vacinas preparadas a partir de c\u00e9lulas provenientes de fetos humanos abortados\u201d (5 de junho de 2005). Depois, esta Congrega\u00e7\u00e3o pronunciou-se a este respeito com a Instru\u00e7\u00e3o <em>Dignitas Personae<\/em> (8 de setembro de 2008) (cf. nn. 34 e 35). Em 2017, a Academia Pontif\u00edcia para a Vida voltou ao tema com uma Nota. Estes documentos oferecem j\u00e1 alguns crit\u00e9rios dirimentes.<\/p>\n<p>Uma vez que, em v\u00e1rios pa\u00edses, as primeiras vacinas contra a Covid-19 j\u00e1 est\u00e3o \u00e0 disposi\u00e7\u00e3o para distribui\u00e7\u00e3o e administra\u00e7\u00e3o, esta Congrega\u00e7\u00e3o deseja oferecer algumas indica\u00e7\u00f5es para um esclarecimento a este respeito. N\u00e3o \u00e9 nossa inten\u00e7\u00e3o emitir ju\u00edzos sobre a seguran\u00e7a e efic\u00e1cia destas vacinas, muito embora eles sejam eticamente relevantes e necess\u00e1rios, uma vez que essa avalia\u00e7\u00e3o \u00e9 da compet\u00eancia dos investigadores biom\u00e9dicos e das ag\u00eancias do medicamento; a nossa inten\u00e7\u00e3o \u00e9 refletir sobre o aspeto moral do uso dessas vacinas contra a Covid-19 que foram desenvolvidas com linhas celulares provenientes de tecidos obtidos a partir de dois fetos abortados n\u00e3o espontaneamente.<\/p>\n<p>1. Como afirma a Instru\u00e7\u00e3o <em>Dignitas Personae<\/em>, nos casos em que se utiliza c\u00e9lulas provenientes de fetos abortados para criar linhas celulares para serem usadas na pesquisa cient\u00edfica, \u201cexistem responsabilidades diferenciadas\u201d<a href=\"#_ftn1\" name=\"_ftnref1\">[1]<\/a> de coopera\u00e7\u00e3o com o mal. Por exemplo, \u201cnas empresas que utilizam linhas celulares de origem il\u00edcita, n\u00e3o \u00e9 a mesma a responsabilidade dos que decidem a orienta\u00e7\u00e3o da produ\u00e7\u00e3o e a dos que n\u00e3o t\u00eam nenhum poder de decis\u00e3o\u201d.<a href=\"#_ftn2\" name=\"_ftnref2\">[2]<\/a><\/p>\n<p>2. Neste sentido, quando n\u00e3o estiverem dispon\u00edveis vacinas contra a Covid-19 que sejam eticamente irrepreens\u00edveis (por exemplo, em pa\u00edses onde n\u00e3o s\u00e3o colocadas \u00e0 disposi\u00e7\u00e3o dos m\u00e9dicos e dos pacientes vacinas sem problemas \u00e9ticos ou em que a sua distribui\u00e7\u00e3o \u00e9 mais dif\u00edcil devido \u00e0 particularidade das condi\u00e7\u00f5es de conserva\u00e7\u00e3o e transporte, ou quando se distribuem v\u00e1rios tipos de vacinas no mesmo pa\u00eds mas as autoridades sanit\u00e1rias n\u00e3o permitem que os cidad\u00e3os escolham a vacina a inocular) <em>\u00e9 moralmente aceit\u00e1vel utilizar as vacinas contra a Covid-19 que utilizaram linhas celulares provenientes de fetos abortados no seu processo de pesquisa e produ\u00e7\u00e3o.<\/em><\/p>\n<p>3. A raz\u00e3o fundamental para considerar moralmente l\u00edcito o uso destas vacinas \u00e9 que o tipo de coopera\u00e7\u00e3o com o mal (<em>coopera\u00e7\u00e3o material passiva<\/em>) do aborto provocado do qual prov\u00eam as mesmas linhas celulares, por parte de quem utiliza as vacinas que da\u00ed derivam, \u00e9 <em>remota<\/em>. O dever moral de evitar tal coopera\u00e7\u00e3o material passiva n\u00e3o \u00e9 vinculativa se houver um perigo grave, como a propaga\u00e7\u00e3o, de outra forma imposs\u00edvel de conter, de um agente patog\u00e9nico grave:<a href=\"#_ftn3\" name=\"_ftnref3\">[3]<\/a> neste caso, a difus\u00e3o pand\u00e9mica do v\u00edrus SARS-CoV-2 que causa a Covid-19. Por isso, deve-se considerar que, neste caso, se possam utilizar todas as vacina\u00e7\u00f5es reconhecidas como clinicamente securas e eficazes com <em>consci\u00eancia certa de que o recurso a essas vacinas n\u00e3o significa uma coopera\u00e7\u00e3o formal com o aborto <\/em>do qual derivam as c\u00e9lulas com as quais as vacinas foram produzidas. No entanto, \u00e9 preciso sublinhar a utiliza\u00e7\u00e3o moralmente l\u00edcita destes tipos de vacinas, pelas particulares condi\u00e7\u00f5es que a tornam moralmente l\u00edcita, n\u00e3o pode constituir em si uma legitima\u00e7\u00e3o, ainda que indireta, da pr\u00e1tica do aborto e pressup\u00f5e a contrariedade a esta pr\u00e1tica por parte de quem recorre a estas vacinas.<\/p>\n<p>4. Com efeito, o uso l\u00edcito destas vacinas n\u00e3o comporta, nem deve de algum modo comportar uma aprova\u00e7\u00e3o moral da utiliza\u00e7\u00e3o de linhas celulares provenientes de fetos abortados.<a href=\"#_ftn4\" name=\"_ftnref4\">[4]<\/a> Portanto, pede-se tanto \u00e0s empresas farmac\u00eauticas como \u00e0s ag\u00eancias sanit\u00e1rias governamentais que <em>produzam, aprovem, distribuam e coloquem \u00e0 disposi\u00e7\u00e3o vacinas eticamente aceit\u00e1veis que n\u00e3o criem problemas de consci\u00eancia, <\/em>nem aos profissionais de sa\u00fade, nem \u00e0s pr\u00f3prias pessoas que se apresentam para ser vacinadas.<\/p>\n<p>5. Ao mesmo tempo, afigura-se como algo evidente para a raz\u00e3o pr\u00e1tica que a vacina\u00e7\u00e3o n\u00e3o constitui, por norma, uma obriga\u00e7\u00e3o moral que, por isso, deve ser volunt\u00e1ria. Em todo o caso, do ponto de vista \u00e9tico, <em>a moralidade da vacina\u00e7\u00e3o depende n\u00e3o apenas do dever de tutelar a sa\u00fade individual, mas tamb\u00e9m do dever de procurar o bem comum<\/em>: bem que, \u00e0 falta de outros meios para deter ou mesmo para prevenir a epidemia, pode recomendar a vacina\u00e7\u00e3o, especialmente para proteger os mais fracos e mais expostos ao cont\u00e1gio. No entanto, aqueles que, por motivos de consci\u00eancia, rejeitam as vacinas produzidas com linhas celulares provenientes de fetos abortados, devem tomar medidas, com outros meios profil\u00e1ticos e comportamentos adequados, para evitar tornar-se ve\u00edculos de transmiss\u00e3o do agente de infe\u00e7\u00e3o. Em particular, devem evitar todo e qualquer risco para a sa\u00fade de quem n\u00e3o pode ser vacinado por motivos cl\u00ednicos ou de outra natureza e que s\u00e3o as pessoas mais vulner\u00e1veis.<\/p>\n<p>6. Por fim, h\u00e1 tamb\u00e9m um imperativo moral, para a ind\u00fastria farmac\u00eautica, para os governantes e para as organiza\u00e7\u00f5es internacionais, de <em>garantir que as vacinas, eficazes e seguras do ponto de vista sanit\u00e1rio, bem como eticamente aceit\u00e1veis, sejam acess\u00edveis tamb\u00e9m aos pa\u00edses mais pobres e de forma n\u00e3o onerosa para eles. <\/em>De outro modo, a falta de acesso \u00e0s vacinas tornar-se-ia mais um motivo de discrimina\u00e7\u00e3o e de injusti\u00e7a que condena os pa\u00edses pobres a continuar a viver na indig\u00eancia sanit\u00e1ria, econ\u00f3mica e social.<a href=\"#_ftn5\" name=\"_ftnref5\">[5]<\/a><\/p>\n<p><em>O Sumo Pont\u00edfice Francisco, na Audi\u00eancia concedida a 17 de dezembro de 2020 ao abaixo-assinado Cardeal Prefeito da Congrega\u00e7\u00e3o para a Doutrina da F\u00e9, examinou a presente Nota e aprovou a sua publica\u00e7\u00e3o.<\/em><\/p>\n<p>Dado em Roma, na Sede da Congrega\u00e7\u00e3o para a Doutrina da F\u00e9, a 21 de dezembro de 2020, na Mem\u00f3ria lit\u00fargica de S\u00e3o Pedro Can\u00edsio.<\/p>\n<p>Luis F. Card. Ladaria, SI, <em>Prefeito<br \/>\n<\/em>\u2020 Giacomo Morandi,<em> Arcebispo titular de Cerveteri, Secret\u00e1rio<\/em><\/p>\n<p>&nbsp;<\/p>\n<p><a href=\"#_ftnref1\" name=\"_ftn1\">[1]<\/a> Congrega\u00e7\u00e3o para a doutrina da F\u00e9, Instru\u00e7\u00e3o <em>Dignitas Personae<\/em> (8 de dezembro de 2008), n. 35; <em>AAS <\/em>(100), 884.<\/p>\n<p><a href=\"#_ftnref2\" name=\"_ftn2\">[2]<\/a><em> Dignitas Personae<\/em>, n. 35; <em>AAS <\/em>(100), 885.<\/p>\n<p><a href=\"#_ftnref3\" name=\"_ftn3\">[3]<\/a> Cf. Academia Pontif\u00edcia para a Vida, <em>Reflex\u00f5es morais sobre as vacinas preparadas a partir de c\u00e9lulas provenientes de fetos humanos abortados<\/em>, 5 de junho de 2005.<\/p>\n<p><a href=\"#_ftnref4\" name=\"_ftn4\">[4]<\/a> Cf. Congrega\u00e7\u00e3o para a doutrina da F\u00e9, Instru\u00e7\u00e3o <em>Dignitas Personae<\/em> (8 de dezembro de 2008), n. 35: \u201cQuando o il\u00edcito tem o aval das leis que regulamentam o sistema sanit\u00e1rio e cient\u00edfico, h\u00e1 que marcar dist\u00e2ncia dos aspetos in\u00edquos do sistema, para n\u00e3o dar a impress\u00e3o de uma certa toler\u00e2ncia ou aceita\u00e7\u00e3o t\u00e1cita de a\u00e7\u00f5es gravemente injustas. Isso, de facto, contribuiria para aumentar a indiferen\u00e7a, se n\u00e3o mesmo o favor, com que tais a\u00e7\u00f5es s\u00e3o vistas em certos ambientes m\u00e9dicos e pol\u00edticos\u201d.<\/p>\n<p><a href=\"#_ftnref5\" name=\"_ftn5\">[5]<\/a> Cf. Francisco, <em>Discurso aos volunt\u00e1rios e amigos do Banco Farmac\u00eautico<\/em>, 19 de setembro de 2020.<\/p>\n","protected":false},"excerpt":{"rendered":"<p>Congrega\u00e7\u00e3o para a Doutrina da F\u00e9<\/p>\n","protected":false},"author":1,"featured_media":6915,"comment_status":"closed","ping_status":"closed","sticky":false,"template":"","format":"standard","meta":{"site-sidebar-layout":"default","site-content-layout":"","ast-site-content-layout":"default","site-content-style":"default","site-sidebar-style":"default","ast-global-header-display":"","ast-banner-title-visibility":"","ast-main-header-display":"","ast-hfb-above-header-display":"","ast-hfb-below-header-display":"","ast-hfb-mobile-header-display":"","site-post-title":"","ast-breadcrumbs-content":"","ast-featured-img":"","footer-sml-layout":"","ast-disable-related-posts":"","theme-transparent-header-meta":"","adv-header-id-meta":"","stick-header-meta":"","header-above-stick-meta":"","header-main-stick-meta":"","header-below-stick-meta":"","astra-migrate-meta-layouts":"default","ast-page-background-enabled":"default","ast-page-background-meta":{"desktop":{"background-color":"var(--ast-global-color-4)","background-image":"","background-repeat":"repeat","background-position":"center center","background-size":"auto","background-attachment":"scroll","background-type":"","background-media":"","overlay-type":"","overlay-color":"","overlay-opacity":"","overlay-gradient":""},"tablet":{"background-color":"","background-image":"","background-repeat":"repeat","background-position":"center center","background-size":"auto","background-attachment":"scroll","background-type":"","background-media":"","overlay-type":"","overlay-color":"","overlay-opacity":"","overlay-gradient":""},"mobile":{"background-color":"","background-image":"","background-repeat":"repeat","background-position":"center center","background-size":"auto","background-attachment":"scroll","background-type":"","background-media":"","overlay-type":"","overlay-color":"","overlay-opacity":"","overlay-gradient":""}},"ast-content-background-meta":{"desktop":{"background-color":"var(--ast-global-color-5)","background-image":"","background-repeat":"repeat","background-position":"center center","background-size":"auto","background-attachment":"scroll","background-type":"","background-media":"","overlay-type":"","overlay-color":"","overlay-opacity":"","overlay-gradient":""},"tablet":{"background-color":"var(--ast-global-color-5)","background-image":"","background-repeat":"repeat","background-position":"center center","background-size":"auto","background-attachment":"scroll","background-type":"","background-media":"","overlay-type":"","overlay-color":"","overlay-opacity":"","overlay-gradient":""},"mobile":{"background-color":"var(--ast-global-color-5)","background-image":"","background-repeat":"repeat","background-position":"center center","background-size":"auto","background-attachment":"scroll","background-type":"","background-media":"","overlay-type":"","overlay-color":"","overlay-opacity":"","overlay-gradient":""}},"footnotes":""},"categories":[74,4],"tags":[],"class_list":["post-6914","post","type-post","status-publish","format-standard","has-post-thumbnail","hentry","category-entrada","category-documentos"],"yoast_head":"<!-- This site is optimized with the Yoast SEO plugin v27.5 - https:\/\/yoast.com\/product\/yoast-seo-wordpress\/ -->\n<title>Nota sobre a moralidade do uso de algumas vacinas contra a Covid-19 - Confer\u00eancia Episcopal Portuguesa<\/title>\n<meta name=\"robots\" content=\"index, follow, max-snippet:-1, max-image-preview:large, max-video-preview:-1\" \/>\n<link rel=\"canonical\" href=\"https:\/\/www.conferenciaepiscopal.pt\/v1\/nota-sobre-a-moralidade-do-uso-de-algumas-vacinas-contra-a-covid-19\/\" \/>\n<meta property=\"og:locale\" content=\"pt_PT\" \/>\n<meta property=\"og:type\" content=\"article\" \/>\n<meta property=\"og:title\" content=\"Nota sobre a moralidade do uso de algumas vacinas contra a Covid-19 - Confer\u00eancia Episcopal Portuguesa\" \/>\n<meta property=\"og:description\" content=\"Congrega\u00e7\u00e3o para a Doutrina da F\u00e9\" \/>\n<meta property=\"og:url\" content=\"https:\/\/www.conferenciaepiscopal.pt\/v1\/nota-sobre-a-moralidade-do-uso-de-algumas-vacinas-contra-a-covid-19\/\" \/>\n<meta property=\"og:site_name\" content=\"Confer\u00eancia Episcopal Portuguesa\" \/>\n<meta property=\"article:published_time\" content=\"2020-12-21T12:56:18+00:00\" \/>\n<meta property=\"og:image\" content=\"https:\/\/www.conferenciaepiscopal.pt\/v1\/wp-content\/uploads\/laboratory-5722327_1280.jpg\" \/>\n\t<meta property=\"og:image:width\" content=\"1280\" \/>\n\t<meta property=\"og:image:height\" content=\"855\" \/>\n\t<meta property=\"og:image:type\" content=\"image\/jpeg\" \/>\n<meta name=\"author\" content=\"Manuel Costa\" \/>\n<meta name=\"twitter:card\" content=\"summary_large_image\" \/>\n<meta name=\"twitter:label1\" content=\"Escrito por\" \/>\n\t<meta name=\"twitter:data1\" content=\"Manuel Costa\" \/>\n\t<meta name=\"twitter:label2\" content=\"Tempo estimado de leitura\" \/>\n\t<meta name=\"twitter:data2\" content=\"7 minutos\" \/>\n<script type=\"application\/ld+json\" class=\"yoast-schema-graph\">{\"@context\":\"https:\\\/\\\/schema.org\",\"@graph\":[{\"@type\":\"Article\",\"@id\":\"https:\\\/\\\/www.conferenciaepiscopal.pt\\\/v1\\\/nota-sobre-a-moralidade-do-uso-de-algumas-vacinas-contra-a-covid-19\\\/#article\",\"isPartOf\":{\"@id\":\"https:\\\/\\\/www.conferenciaepiscopal.pt\\\/v1\\\/nota-sobre-a-moralidade-do-uso-de-algumas-vacinas-contra-a-covid-19\\\/\"},\"author\":{\"name\":\"Manuel Costa\",\"@id\":\"https:\\\/\\\/www.conferenciaepiscopal.pt\\\/v1\\\/#\\\/schema\\\/person\\\/ab696457f75fe8e22b00183bfacb4cb2\"},\"headline\":\"Nota sobre a moralidade do uso de algumas vacinas contra a Covid-19\",\"datePublished\":\"2020-12-21T12:56:18+00:00\",\"mainEntityOfPage\":{\"@id\":\"https:\\\/\\\/www.conferenciaepiscopal.pt\\\/v1\\\/nota-sobre-a-moralidade-do-uso-de-algumas-vacinas-contra-a-covid-19\\\/\"},\"wordCount\":1341,\"publisher\":{\"@id\":\"https:\\\/\\\/www.conferenciaepiscopal.pt\\\/v1\\\/#organization\"},\"image\":{\"@id\":\"https:\\\/\\\/www.conferenciaepiscopal.pt\\\/v1\\\/nota-sobre-a-moralidade-do-uso-de-algumas-vacinas-contra-a-covid-19\\\/#primaryimage\"},\"thumbnailUrl\":\"https:\\\/\\\/www.conferenciaepiscopal.pt\\\/v1\\\/wp-content\\\/uploads\\\/laboratory-5722327_1280.jpg\",\"articleSection\":[\"#entrada\",\"Documentos\"],\"inLanguage\":\"pt-PT\"},{\"@type\":\"WebPage\",\"@id\":\"https:\\\/\\\/www.conferenciaepiscopal.pt\\\/v1\\\/nota-sobre-a-moralidade-do-uso-de-algumas-vacinas-contra-a-covid-19\\\/\",\"url\":\"https:\\\/\\\/www.conferenciaepiscopal.pt\\\/v1\\\/nota-sobre-a-moralidade-do-uso-de-algumas-vacinas-contra-a-covid-19\\\/\",\"name\":\"Nota sobre a moralidade do uso de algumas vacinas contra a Covid-19 - Confer\u00eancia Episcopal Portuguesa\",\"isPartOf\":{\"@id\":\"https:\\\/\\\/www.conferenciaepiscopal.pt\\\/v1\\\/#website\"},\"primaryImageOfPage\":{\"@id\":\"https:\\\/\\\/www.conferenciaepiscopal.pt\\\/v1\\\/nota-sobre-a-moralidade-do-uso-de-algumas-vacinas-contra-a-covid-19\\\/#primaryimage\"},\"image\":{\"@id\":\"https:\\\/\\\/www.conferenciaepiscopal.pt\\\/v1\\\/nota-sobre-a-moralidade-do-uso-de-algumas-vacinas-contra-a-covid-19\\\/#primaryimage\"},\"thumbnailUrl\":\"https:\\\/\\\/www.conferenciaepiscopal.pt\\\/v1\\\/wp-content\\\/uploads\\\/laboratory-5722327_1280.jpg\",\"datePublished\":\"2020-12-21T12:56:18+00:00\",\"breadcrumb\":{\"@id\":\"https:\\\/\\\/www.conferenciaepiscopal.pt\\\/v1\\\/nota-sobre-a-moralidade-do-uso-de-algumas-vacinas-contra-a-covid-19\\\/#breadcrumb\"},\"inLanguage\":\"pt-PT\",\"potentialAction\":[{\"@type\":\"ReadAction\",\"target\":[\"https:\\\/\\\/www.conferenciaepiscopal.pt\\\/v1\\\/nota-sobre-a-moralidade-do-uso-de-algumas-vacinas-contra-a-covid-19\\\/\"]}]},{\"@type\":\"ImageObject\",\"inLanguage\":\"pt-PT\",\"@id\":\"https:\\\/\\\/www.conferenciaepiscopal.pt\\\/v1\\\/nota-sobre-a-moralidade-do-uso-de-algumas-vacinas-contra-a-covid-19\\\/#primaryimage\",\"url\":\"https:\\\/\\\/www.conferenciaepiscopal.pt\\\/v1\\\/wp-content\\\/uploads\\\/laboratory-5722327_1280.jpg\",\"contentUrl\":\"https:\\\/\\\/www.conferenciaepiscopal.pt\\\/v1\\\/wp-content\\\/uploads\\\/laboratory-5722327_1280.jpg\",\"width\":1280,\"height\":855},{\"@type\":\"BreadcrumbList\",\"@id\":\"https:\\\/\\\/www.conferenciaepiscopal.pt\\\/v1\\\/nota-sobre-a-moralidade-do-uso-de-algumas-vacinas-contra-a-covid-19\\\/#breadcrumb\",\"itemListElement\":[{\"@type\":\"ListItem\",\"position\":1,\"name\":\"In\u00edcio\",\"item\":\"https:\\\/\\\/www.conferenciaepiscopal.pt\\\/v1\\\/\"},{\"@type\":\"ListItem\",\"position\":2,\"name\":\"Nota sobre a moralidade do uso de algumas vacinas contra a Covid-19\"}]},{\"@type\":\"WebSite\",\"@id\":\"https:\\\/\\\/www.conferenciaepiscopal.pt\\\/v1\\\/#website\",\"url\":\"https:\\\/\\\/www.conferenciaepiscopal.pt\\\/v1\\\/\",\"name\":\"Confer\u00eancia Episcopal Portuguesa\",\"description\":\"Igreja Cat\u00f3lica em Portugal\",\"publisher\":{\"@id\":\"https:\\\/\\\/www.conferenciaepiscopal.pt\\\/v1\\\/#organization\"},\"potentialAction\":[{\"@type\":\"SearchAction\",\"target\":{\"@type\":\"EntryPoint\",\"urlTemplate\":\"https:\\\/\\\/www.conferenciaepiscopal.pt\\\/v1\\\/?s={search_term_string}\"},\"query-input\":{\"@type\":\"PropertyValueSpecification\",\"valueRequired\":true,\"valueName\":\"search_term_string\"}}],\"inLanguage\":\"pt-PT\"},{\"@type\":\"Organization\",\"@id\":\"https:\\\/\\\/www.conferenciaepiscopal.pt\\\/v1\\\/#organization\",\"name\":\"Confer\u00eancia Episcopal Portuguesa\",\"url\":\"https:\\\/\\\/www.conferenciaepiscopal.pt\\\/v1\\\/\",\"logo\":{\"@type\":\"ImageObject\",\"inLanguage\":\"pt-PT\",\"@id\":\"https:\\\/\\\/www.conferenciaepiscopal.pt\\\/v1\\\/#\\\/schema\\\/logo\\\/image\\\/\",\"url\":\"https:\\\/\\\/www.conferenciaepiscopal.pt\\\/v1\\\/wp-content\\\/uploads\\\/cropped-logoTransparente.png\",\"contentUrl\":\"https:\\\/\\\/www.conferenciaepiscopal.pt\\\/v1\\\/wp-content\\\/uploads\\\/cropped-logoTransparente.png\",\"width\":512,\"height\":512,\"caption\":\"Confer\u00eancia Episcopal Portuguesa\"},\"image\":{\"@id\":\"https:\\\/\\\/www.conferenciaepiscopal.pt\\\/v1\\\/#\\\/schema\\\/logo\\\/image\\\/\"}},{\"@type\":\"Person\",\"@id\":\"https:\\\/\\\/www.conferenciaepiscopal.pt\\\/v1\\\/#\\\/schema\\\/person\\\/ab696457f75fe8e22b00183bfacb4cb2\",\"name\":\"Manuel Costa\",\"image\":{\"@type\":\"ImageObject\",\"inLanguage\":\"pt-PT\",\"@id\":\"https:\\\/\\\/secure.gravatar.com\\\/avatar\\\/5054571ff5d2454cd50657fc4e61d0c32d7a5d0d3b36ef6c0f6e269276d13618?s=96&d=mm&r=g\",\"url\":\"https:\\\/\\\/secure.gravatar.com\\\/avatar\\\/5054571ff5d2454cd50657fc4e61d0c32d7a5d0d3b36ef6c0f6e269276d13618?s=96&d=mm&r=g\",\"contentUrl\":\"https:\\\/\\\/secure.gravatar.com\\\/avatar\\\/5054571ff5d2454cd50657fc4e61d0c32d7a5d0d3b36ef6c0f6e269276d13618?s=96&d=mm&r=g\",\"caption\":\"Manuel Costa\"}}]}<\/script>\n<!-- \/ Yoast SEO plugin. -->","yoast_head_json":{"title":"Nota sobre a moralidade do uso de algumas vacinas contra a Covid-19 - Confer\u00eancia Episcopal Portuguesa","robots":{"index":"index","follow":"follow","max-snippet":"max-snippet:-1","max-image-preview":"max-image-preview:large","max-video-preview":"max-video-preview:-1"},"canonical":"https:\/\/www.conferenciaepiscopal.pt\/v1\/nota-sobre-a-moralidade-do-uso-de-algumas-vacinas-contra-a-covid-19\/","og_locale":"pt_PT","og_type":"article","og_title":"Nota sobre a moralidade do uso de algumas vacinas contra a Covid-19 - Confer\u00eancia Episcopal Portuguesa","og_description":"Congrega\u00e7\u00e3o para a Doutrina da F\u00e9","og_url":"https:\/\/www.conferenciaepiscopal.pt\/v1\/nota-sobre-a-moralidade-do-uso-de-algumas-vacinas-contra-a-covid-19\/","og_site_name":"Confer\u00eancia Episcopal Portuguesa","article_published_time":"2020-12-21T12:56:18+00:00","og_image":[{"width":1280,"height":855,"url":"https:\/\/www.conferenciaepiscopal.pt\/v1\/wp-content\/uploads\/laboratory-5722327_1280.jpg","type":"image\/jpeg"}],"author":"Manuel Costa","twitter_card":"summary_large_image","twitter_misc":{"Escrito por":"Manuel Costa","Tempo estimado de leitura":"7 minutos"},"schema":{"@context":"https:\/\/schema.org","@graph":[{"@type":"Article","@id":"https:\/\/www.conferenciaepiscopal.pt\/v1\/nota-sobre-a-moralidade-do-uso-de-algumas-vacinas-contra-a-covid-19\/#article","isPartOf":{"@id":"https:\/\/www.conferenciaepiscopal.pt\/v1\/nota-sobre-a-moralidade-do-uso-de-algumas-vacinas-contra-a-covid-19\/"},"author":{"name":"Manuel Costa","@id":"https:\/\/www.conferenciaepiscopal.pt\/v1\/#\/schema\/person\/ab696457f75fe8e22b00183bfacb4cb2"},"headline":"Nota sobre a moralidade do uso de algumas vacinas contra a Covid-19","datePublished":"2020-12-21T12:56:18+00:00","mainEntityOfPage":{"@id":"https:\/\/www.conferenciaepiscopal.pt\/v1\/nota-sobre-a-moralidade-do-uso-de-algumas-vacinas-contra-a-covid-19\/"},"wordCount":1341,"publisher":{"@id":"https:\/\/www.conferenciaepiscopal.pt\/v1\/#organization"},"image":{"@id":"https:\/\/www.conferenciaepiscopal.pt\/v1\/nota-sobre-a-moralidade-do-uso-de-algumas-vacinas-contra-a-covid-19\/#primaryimage"},"thumbnailUrl":"https:\/\/www.conferenciaepiscopal.pt\/v1\/wp-content\/uploads\/laboratory-5722327_1280.jpg","articleSection":["#entrada","Documentos"],"inLanguage":"pt-PT"},{"@type":"WebPage","@id":"https:\/\/www.conferenciaepiscopal.pt\/v1\/nota-sobre-a-moralidade-do-uso-de-algumas-vacinas-contra-a-covid-19\/","url":"https:\/\/www.conferenciaepiscopal.pt\/v1\/nota-sobre-a-moralidade-do-uso-de-algumas-vacinas-contra-a-covid-19\/","name":"Nota sobre a moralidade do uso de algumas vacinas contra a Covid-19 - Confer\u00eancia Episcopal Portuguesa","isPartOf":{"@id":"https:\/\/www.conferenciaepiscopal.pt\/v1\/#website"},"primaryImageOfPage":{"@id":"https:\/\/www.conferenciaepiscopal.pt\/v1\/nota-sobre-a-moralidade-do-uso-de-algumas-vacinas-contra-a-covid-19\/#primaryimage"},"image":{"@id":"https:\/\/www.conferenciaepiscopal.pt\/v1\/nota-sobre-a-moralidade-do-uso-de-algumas-vacinas-contra-a-covid-19\/#primaryimage"},"thumbnailUrl":"https:\/\/www.conferenciaepiscopal.pt\/v1\/wp-content\/uploads\/laboratory-5722327_1280.jpg","datePublished":"2020-12-21T12:56:18+00:00","breadcrumb":{"@id":"https:\/\/www.conferenciaepiscopal.pt\/v1\/nota-sobre-a-moralidade-do-uso-de-algumas-vacinas-contra-a-covid-19\/#breadcrumb"},"inLanguage":"pt-PT","potentialAction":[{"@type":"ReadAction","target":["https:\/\/www.conferenciaepiscopal.pt\/v1\/nota-sobre-a-moralidade-do-uso-de-algumas-vacinas-contra-a-covid-19\/"]}]},{"@type":"ImageObject","inLanguage":"pt-PT","@id":"https:\/\/www.conferenciaepiscopal.pt\/v1\/nota-sobre-a-moralidade-do-uso-de-algumas-vacinas-contra-a-covid-19\/#primaryimage","url":"https:\/\/www.conferenciaepiscopal.pt\/v1\/wp-content\/uploads\/laboratory-5722327_1280.jpg","contentUrl":"https:\/\/www.conferenciaepiscopal.pt\/v1\/wp-content\/uploads\/laboratory-5722327_1280.jpg","width":1280,"height":855},{"@type":"BreadcrumbList","@id":"https:\/\/www.conferenciaepiscopal.pt\/v1\/nota-sobre-a-moralidade-do-uso-de-algumas-vacinas-contra-a-covid-19\/#breadcrumb","itemListElement":[{"@type":"ListItem","position":1,"name":"In\u00edcio","item":"https:\/\/www.conferenciaepiscopal.pt\/v1\/"},{"@type":"ListItem","position":2,"name":"Nota sobre a moralidade do uso de algumas vacinas contra a Covid-19"}]},{"@type":"WebSite","@id":"https:\/\/www.conferenciaepiscopal.pt\/v1\/#website","url":"https:\/\/www.conferenciaepiscopal.pt\/v1\/","name":"Confer\u00eancia Episcopal Portuguesa","description":"Igreja Cat\u00f3lica em Portugal","publisher":{"@id":"https:\/\/www.conferenciaepiscopal.pt\/v1\/#organization"},"potentialAction":[{"@type":"SearchAction","target":{"@type":"EntryPoint","urlTemplate":"https:\/\/www.conferenciaepiscopal.pt\/v1\/?s={search_term_string}"},"query-input":{"@type":"PropertyValueSpecification","valueRequired":true,"valueName":"search_term_string"}}],"inLanguage":"pt-PT"},{"@type":"Organization","@id":"https:\/\/www.conferenciaepiscopal.pt\/v1\/#organization","name":"Confer\u00eancia Episcopal Portuguesa","url":"https:\/\/www.conferenciaepiscopal.pt\/v1\/","logo":{"@type":"ImageObject","inLanguage":"pt-PT","@id":"https:\/\/www.conferenciaepiscopal.pt\/v1\/#\/schema\/logo\/image\/","url":"https:\/\/www.conferenciaepiscopal.pt\/v1\/wp-content\/uploads\/cropped-logoTransparente.png","contentUrl":"https:\/\/www.conferenciaepiscopal.pt\/v1\/wp-content\/uploads\/cropped-logoTransparente.png","width":512,"height":512,"caption":"Confer\u00eancia Episcopal Portuguesa"},"image":{"@id":"https:\/\/www.conferenciaepiscopal.pt\/v1\/#\/schema\/logo\/image\/"}},{"@type":"Person","@id":"https:\/\/www.conferenciaepiscopal.pt\/v1\/#\/schema\/person\/ab696457f75fe8e22b00183bfacb4cb2","name":"Manuel Costa","image":{"@type":"ImageObject","inLanguage":"pt-PT","@id":"https:\/\/secure.gravatar.com\/avatar\/5054571ff5d2454cd50657fc4e61d0c32d7a5d0d3b36ef6c0f6e269276d13618?s=96&d=mm&r=g","url":"https:\/\/secure.gravatar.com\/avatar\/5054571ff5d2454cd50657fc4e61d0c32d7a5d0d3b36ef6c0f6e269276d13618?s=96&d=mm&r=g","contentUrl":"https:\/\/secure.gravatar.com\/avatar\/5054571ff5d2454cd50657fc4e61d0c32d7a5d0d3b36ef6c0f6e269276d13618?s=96&d=mm&r=g","caption":"Manuel Costa"}}]}},"_links":{"self":[{"href":"https:\/\/www.conferenciaepiscopal.pt\/v1\/wp-json\/wp\/v2\/posts\/6914","targetHints":{"allow":["GET"]}}],"collection":[{"href":"https:\/\/www.conferenciaepiscopal.pt\/v1\/wp-json\/wp\/v2\/posts"}],"about":[{"href":"https:\/\/www.conferenciaepiscopal.pt\/v1\/wp-json\/wp\/v2\/types\/post"}],"author":[{"embeddable":true,"href":"https:\/\/www.conferenciaepiscopal.pt\/v1\/wp-json\/wp\/v2\/users\/1"}],"replies":[{"embeddable":true,"href":"https:\/\/www.conferenciaepiscopal.pt\/v1\/wp-json\/wp\/v2\/comments?post=6914"}],"version-history":[{"count":1,"href":"https:\/\/www.conferenciaepiscopal.pt\/v1\/wp-json\/wp\/v2\/posts\/6914\/revisions"}],"predecessor-version":[{"id":6916,"href":"https:\/\/www.conferenciaepiscopal.pt\/v1\/wp-json\/wp\/v2\/posts\/6914\/revisions\/6916"}],"wp:featuredmedia":[{"embeddable":true,"href":"https:\/\/www.conferenciaepiscopal.pt\/v1\/wp-json\/wp\/v2\/media\/6915"}],"wp:attachment":[{"href":"https:\/\/www.conferenciaepiscopal.pt\/v1\/wp-json\/wp\/v2\/media?parent=6914"}],"wp:term":[{"taxonomy":"category","embeddable":true,"href":"https:\/\/www.conferenciaepiscopal.pt\/v1\/wp-json\/wp\/v2\/categories?post=6914"},{"taxonomy":"post_tag","embeddable":true,"href":"https:\/\/www.conferenciaepiscopal.pt\/v1\/wp-json\/wp\/v2\/tags?post=6914"}],"curies":[{"name":"wp","href":"https:\/\/api.w.org\/{rel}","templated":true}]}}