{"id":6844,"date":"2020-11-18T12:07:47","date_gmt":"2020-11-18T12:07:47","guid":{"rendered":"http:\/\/www.conferenciaepiscopal.pt\/v1\/?p=6844"},"modified":"2020-11-18T12:07:47","modified_gmt":"2020-11-18T12:07:47","slug":"reencontrar-a-esperanca-e-a-solidariedade","status":"publish","type":"post","link":"https:\/\/www.conferenciaepiscopal.pt\/v1\/reencontrar-a-esperanca-e-a-solidariedade\/","title":{"rendered":"Reencontrar a esperan\u00e7a e a solidariedade"},"content":{"rendered":"<p><em><strong>Mensagem dos Presidentes das Confer\u00eancias Episcopais da Uni\u00e3o Europeia (COMECE) <\/strong><strong>\u00e0s Institui\u00e7\u00f5es europeias e aos Estados Membros<\/strong><\/em><\/p>\n<p><!--more--><\/p>\n<p>A Igreja Cat\u00f3lica na Uni\u00e3o Europeia, representada pelos Presidentes das Confer\u00eancias Episcopais dos Estados-Membros, deseja enviar uma <strong>mensagem de esperan\u00e7a e um apelo \u00e0 solidariedade<\/strong> \u00e0s Institui\u00e7\u00f5es europeias e aos Pa\u00edses Membros nesta crise que nos arrasa. Uma mensagem em que reafirmamos o nosso compromisso na constru\u00e7\u00e3o da Europa, que trouxe paz e prosperidade ao nosso continente, e nos seus valores fundadores de solidariedade, liberdade, inviolabilidade da dignidade humana, democracia, estado de direito, igualdade, e defesa e promo\u00e7\u00e3o dos direitos humanos. Os Pais Fundadores da Uni\u00e3o Europeia estavam convencidos que a Europa seria moldada pelas suas crises. Na nossa f\u00e9 crist\u00e3 no Senhor ressuscitado temos a esperan\u00e7a de que Deus possa tornar bom tudo aquilo que acontece, mesmo aquilo que n\u00e3o compreendemos e que pode parecer mau, e esta f\u00e9 \u00e9 o fundamento \u00faltimo da nossa esperan\u00e7a e da fraternidade universal. Como Igreja Cat\u00f3lica na Uni\u00e3o Europeia, juntamente com as outras Igrejas e comunidades eclesiais irm\u00e3s, anunciamos e damos testemunho desta f\u00e9 e, juntamente com os membros de outras tradi\u00e7\u00f5es religiosas e pessoas de boa vontade, esfor\u00e7amo-nos por construir uma fraternidade universal que n\u00e3o deixe ningu\u00e9m de fora. A f\u00e9 chama-nos a sair de n\u00f3s pr\u00f3prios e a ver no outro, principalmente em quem sofre e est\u00e1 nas bermas das nossas estradas, um irm\u00e3o e uma irm\u00e3, e tamb\u00e9m a estar dispostos a dar a vida por eles.<\/p>\n<p><strong>A pandemia que nos atormentou<\/strong> nos \u00faltimos meses abalou muitas das nossas seguran\u00e7as e mostrou a nossa vulnerabilidade e a nossa interdepend\u00eancia. Os idosos e os pobres em todo o mundo sofreram o pior. A esta crise que nos surpreendeu e apanhou desprevenidos, os pa\u00edses europeus reagiram inicialmente com medo, fechando as fronteiras internas e externas, alguns recusando-se at\u00e9 a partilhar entre os Pa\u00edses as pris\u00f5es m\u00e9dicas mais necess\u00e1rias. Muitos de n\u00f3s est\u00e1vamos preocupados que at\u00e9 a pr\u00f3pria Uni\u00e3o Europeia, enquanto projeto econ\u00f3mico, pol\u00edtico, social e cultural, estivesse em risco. No entanto, apercebemo-nos, como disse o Papa Francisco, que estamos no mesmo barco e que s\u00f3 nos podemos salvar se permanecermos juntos. Com renovada determina\u00e7\u00e3o, a Uni\u00e3o Europeia come\u00e7ou a responder de forma unida a esta dram\u00e1tica situa\u00e7\u00e3o. Demonstrou a sua capacidade de redescobrir o esp\u00edrito dos Pais Fundadores. Esperamos que o instrumento para a recupera\u00e7\u00e3o da COVID-19 e o or\u00e7amento refor\u00e7ado da Uni\u00e3o Europeia para 2021-2027, acordados na reuni\u00e3o do Conselho Europeu de julho, e atualmente negociados entre o Parlamento Europeu e o Conselho, possam refletir este esp\u00edrito.<\/p>\n<p>O futuro da Uni\u00e3o Europeia n\u00e3o depende apenas da economia e das finan\u00e7as, mas tamb\u00e9m de <strong>um esp\u00edrito comum e de uma nova mentalidade<\/strong>. Esta crise \u00e9 uma oportunidade espiritual de convers\u00e3o. N\u00e3o devemos simplesmente dedicar todos os nossos esfor\u00e7os para voltarmos \u00e0 \u201cvelha normalidade\u201d, mas aproveitar esta crise para realizar uma mudan\u00e7a radical para melhor. Este momento obriga-nos a repensar e a reestruturar o atual modelo de globaliza\u00e7\u00e3o, a fim de garantir o respeito pelo ambiente, a abertura \u00e0 vida, a aten\u00e7\u00e3o \u00e0 fam\u00edlia, a igualdade social, a dignidade dos trabalhadores e os direitos das gera\u00e7\u00f5es futuras. O Papa Francisco, com a Enc\u00edclica <em>Laudato si\u2019<\/em>, deu uma orienta\u00e7\u00e3o para dar forma a uma nova civiliza\u00e7\u00e3o. Na sua nova Enc\u00edclica <em>Fratelli tutti<\/em>, assinada h\u00e1 poucas semanas sobre o t\u00famulo de S\u00e3o Francisco de Assis, chama toda a humanidade \u00e0 fraternidade universal e \u00e0 amizade social, n\u00e3o esquecendo quem est\u00e1 nas periferias, ferido e em sofrimento. Os princ\u00edpios da Doutrina Social Cat\u00f3lica, entre os quais a dignidade humana, a solidariedade, bem como a op\u00e7\u00e3o preferencial pelos pobres e a sustentabilidade, podem ser um guia para construir um modelo diferente de economia e sociedade depois da pandemia.<\/p>\n<p>A <strong>solidariedade<\/strong> \u00e9 um princ\u00edpio fundamental da Doutrina Social da Igreja e est\u00e1 no centro do processo de integra\u00e7\u00e3o europeia. Para al\u00e9m das transfer\u00eancias internas de recursos para as pol\u00edticas de coes\u00e3o, a solidariedade deve ser entendida como \u201cfazer juntos\u201d e como \u201cestar abertos a integrar todos\u201d, especialmente quem est\u00e1 nas periferias. Neste contexto, deve assinalar-se que a vacina para a COVID-19, uma vez dispon\u00edvel, deve estar acess\u00edvel a todos, sobretudo aos mais pobres. Robert Schuman explicou que as na\u00e7\u00f5es, longe de serem autossuficientes, deveriam apoiar-se mutuamente e que a solidariedade \u00e9 a convic\u00e7\u00e3o de que o verdadeiro interesse de cada um \u00e9 reconhecer e aceitar na pr\u00e1tica a interdepend\u00eancia de todos. Para ele, uma Europa unida prefigura a solidariedade universal de todo o mundo, sem distin\u00e7\u00e3o nem exclus\u00e3o. Por esse motivo, a Declara\u00e7\u00e3o Schuman sublinhou a responsabilidade particular da Europa pelo desenvolvimento de \u00c1frica. De acordo com estas inten\u00e7\u00f5es, pedimos mais ajuda humanit\u00e1ria e coopera\u00e7\u00e3o para o desenvolvimento, e a reorienta\u00e7\u00e3o das despesas militares para os servi\u00e7os de sa\u00fade e sociais.<\/p>\n<p>A solidariedade europeia deveria alargar-se urgentemente aos refugiados que vivem em condi\u00e7\u00f5es desumanas nos campos de acolhimento e s\u00e3o seriamente amea\u00e7ados pelo v\u00edrus. Solidariedade para com os refugiados n\u00e3o significa apenas financiamento, mas tamb\u00e9m abertura das fronteiras da Uni\u00e3o Europeia de forma proporcional, por parte de cada Estado Membro. O <strong>Pacto Europeu sobre migra\u00e7\u00e3o e asilo<\/strong> apresentado pela Comiss\u00e3o Europeia pode ser visto como um passo, a ser cuidadosamente avaliado, para estabelecer uma pol\u00edtica europeia comum e justa em mat\u00e9ria de migra\u00e7\u00e3o e asilo. A Igreja j\u00e1 se pronunciou sobre o acolhimento, distinguindo entre os diversos tipos de migra\u00e7\u00e3o (regular ou irregular), entre aqueles que fogem de guerras e persegui\u00e7\u00f5es e aqueles que emigram por motivos econ\u00f3micos ou ambientais, e sobre a necessidade de ter presente as quest\u00f5es ligadas \u00e0 seguran\u00e7a. No entanto, acreditamos que existem alguns princ\u00edpios, valores e obriga\u00e7\u00f5es legais internacionais que devem ser sempre respeitados, independentemente das condi\u00e7\u00f5es das pessoas envolvidas. Tais princ\u00edpios de a\u00e7\u00e3o e valores est\u00e3o na base da identidade da Europa e t\u00eam a sua origem nas suas ra\u00edzes crist\u00e3s. Recomendamos tamb\u00e9m que sejam facilitadas rotas seguras e legais para os migrantes e corredores humanit\u00e1rios para os refugiados, que lhes permitam chegar \u00e0 Europa em seguran\u00e7a e serem bem acolhidos, protegidos, apoiados e integrados. Neste sentido, \u00e9 oportuno colaborar com institui\u00e7\u00f5es da Igreja e associa\u00e7\u00f5es privadas que j\u00e1 trabalham neste campo. A Europa n\u00e3o pode e n\u00e3o deve virar as costas \u00e0queles que prov\u00eam de zonas de guerra ou de lugares onde sofrem discrimina\u00e7\u00f5es ou n\u00e3o podem levar uma vida digna.<\/p>\n<p>Um elemento crucial para a Igreja em tantos Estados Membros durante a pandemia \u00e9 o respeito pela <strong>liberdade de religi\u00e3o<\/strong> dos crentes, em particular a liberdade de se reunirem para exercer a pr\u00f3pria liberdade de culto, no pleno respeito pelas exig\u00eancias de sa\u00fade. Isto torna-se ainda mais evidente se se considera que as obras caritativas nascem e est\u00e3o tamb\u00e9m enraizadas numa f\u00e9 vivida. Declaramos a nossa boa vontade de manter o di\u00e1logo entre as autoridades estatais e as eclesi\u00e1sticas, para encontrar a melhor forma de conciliar o respeito pelas medidas necess\u00e1rias e a liberdade de religi\u00e3o e de culto.<\/p>\n<p>Diz-se frequentemente que o mundo ser\u00e1 diferente depois desta crise. Por\u00e9m, depende de n\u00f3s se o mundo ser\u00e1 melhor ou pior, se sairemos desta crise refor\u00e7ados ou n\u00e3o na solidariedade. Nestes meses de pandemia, fomos testemunhas de tantos sinais que nos abrem \u00e0 esperan\u00e7a, desde o trabalho dos profissionais de sa\u00fade, ao dos respons\u00e1veis \u200b\u200bpelo cuidado dos idosos, aos gestos de compaix\u00e3o e criatividade exercidos pelas par\u00f3quias e comunidades eclesiais. Muitos, nestes meses dif\u00edceis, tiveram de fazer grandes sacrif\u00edcios, renunciando a encontrar-se com os seus entes queridos e a estar junto deles em momentos de solid\u00e3o e sofrimento e, por vezes, at\u00e9 de morte. Na sua mensagem <em>Urbi et Orbi<\/em> do Domingo de P\u00e1scoa, o Papa Francisco dirigiu-se em particular \u00e0 Europa, lembrando que \u201cdepois da Segunda Guerra Mundial o continente conseguiu reerguer-se e superar as rivalidades do passado gra\u00e7as a um projeto concreto de solidariedade\u201d. Para o Papa, \u00e9 mais urgente do que nunca que \u201ctais rivalidades n\u00e3o retomem vigor, mas que todos se reconhe\u00e7am como parte de uma \u00fanica fam\u00edlia e se apoiem mutuamente. Hoje, a Uni\u00e3o Europeia tem perante si um desafio epocal do qual depender\u00e1 n\u00e3o s\u00f3 o seu futuro, mas tamb\u00e9m o de todo o mundo\u201d.<\/p>\n<p>Asseguramos a todos os que lideram as institui\u00e7\u00f5es europeias e os Estados Membros e contribuem para o seu trabalho, que a Igreja est\u00e1 ao vosso lado no nosso compromisso comum de construir um futuro melhor para o nosso continente e para o mundo. Todas as iniciativas que promovam os verdadeiros valores da Europa ser\u00e3o apoiadas por n\u00f3s. <strong>Esperamos poder sair desta crise mais fortes<\/strong>, mais s\u00e1bios, mais unidos, mais solid\u00e1rios, mais atentos \u00e0 nossa casa comum, para sermos um continente que incita todo o mundo para uma maior fraternidade, justi\u00e7a, paz e igualdade. Oferecemos as nossas ora\u00e7\u00f5es por todos v\u00f3s e damo-vos cordialmente a nossa b\u00ean\u00e7\u00e3o. Que o Senhor nos acompanhe na nossa peregrina\u00e7\u00e3o para um mundo melhor!<\/p>\n<p><em>S.Em. Gualtiero Cardinale Bassetti, Arcebispo de Perugia-Citta della Pieve, It\u00e1lia<br \/>\n<\/em><em>S.E.R. Mons. Georg Batzing, Bispo do Luxemburgo, Alemanha<br \/>\n<\/em><em>S.Em. Jozef Cardeal De Kesel, Arcebispo de Malines-Bruxelles, B\u00e9lgica<br \/>\n<\/em><em>S.E.R. Mons. Eric Marie de Moulins d\u2019Amieu de Beaufort, Arcebispo de Reims, Fran\u00e7a<br \/>\n<\/em><em>S.E.R. Mons. Stanis\u0142aw G\u0105decki, Arcebispo de Pozna\u0144, Pol\u00f3nia<br \/>\n<\/em><em>S.E.R. Mons. Jan Graubner, Arcebispo de Olomouc, Rep\u00fablica Checa<br \/>\n<\/em><em>S.E.R. Mons. Gintaras Linas Gru\u0161as, Arcebispo de Vilnius, Litu\u00e2nia<br \/>\n<\/em><em>S.Em. Jean-Claude Cardeal Hollerich, SJ, Arcebispo do Luxemburgo, Presidente da COMECE<br \/>\n<\/em><em>S.E.R. Mons. Philippe Jourdan, Administrador Apost\u00f3lico, Est\u00f3nia<br \/>\n<\/em><em>S.E.R. Mons. Czeslaw Kozon, Bispo de Copenhaga, Dinamarca, Confer\u00eancia Episcopal N\u00f3rdica<br \/>\n<\/em><em>S.E.R. Mons. Dr. Franz Lackner, OFM, Arcebispo de Salisburgo, \u00c1ustria<br \/>\n<\/em><em>S.E.R. Mons. Eamon Martin, Arcebispo de Armagh, Irlanda<br \/>\n<\/em><em>S.Em. Juan Jose Cardeal Omella Omella, Arcebispo de Barcelona, Espanha<br \/>\n<\/em><em>S.E.R. Mons. Jos\u00e9 Ornelas Carvalho, SCI, Bispo de Set\u00fabal, Portugal<br \/>\n<\/em><em>S.E.R. Mons. Aurel Perc\u0103, Arcebispo de Bucareste, Rom\u00e9nia<br \/>\n<\/em><em>S.E.R. Mons. Christo Proykov, Bispo Eparquial de S\u00e3o Jo\u00e3o XXIII de S\u00f3fia, Bulg\u00e1ria<br \/>\n<\/em><em>S.E.R. Mons. \u017delimir Pulji\u0107, Arcebispo de Zadar (Zara), Cro\u00e1cia<br \/>\n<\/em><em>S.E.R. Mons. Sevastianos Rossolatos, Arcebispo de Atenas, Gr\u00e9cia<br \/>\n<\/em><em>S.E.R. Mons. Charles Jude Scicluna, Arcebispo de Malta<br \/>\n<\/em><em>S.E.R. Mons. Youssef Antoine Soueif, Arcebispo de Tripoli do L\u00edbano (Maronitas), Chipre<br \/>\n<\/em><em>S.E.R. Mons. Viktors Stulpins, Bispo de Liep\u0101ja, Let\u00f3nia<br \/>\n<\/em><em>S.E.R. Mons. Johannes H. J. van den Hende, Bispo de Roterd\u00e3o, Pa\u00edses Baixos<br \/>\n<\/em><em>S.E.R. Mons. Andras Veres, Bispo de Gy\u0151r (Raab), Hungria<br \/>\n<\/em><em>S.E.R. Mons. Stanislav Zore, OFM, Arcebispo de Ljubljana, Eslov\u00e9nia<br \/>\n<\/em><em>S.E.R. Mons. Stanislav Zvolensky, Arcebispo de Bratislava, Eslov\u00e1quia<\/em><\/p>\n<p>&nbsp;<\/p>\n","protected":false},"excerpt":{"rendered":"<p>Mensagem dos Presidentes das Confer\u00eancias Episcopais da Uni\u00e3o Europeia (COMECE) \u00e0s Institui\u00e7\u00f5es europeias e aos Estados Membros<\/p>\n","protected":false},"author":1,"featured_media":6845,"comment_status":"closed","ping_status":"closed","sticky":false,"template":"","format":"standard","meta":{"site-sidebar-layout":"default","site-content-layout":"","ast-site-content-layout":"default","site-content-style":"default","site-sidebar-style":"default","ast-global-header-display":"","ast-banner-title-visibility":"","ast-main-header-display":"","ast-hfb-above-header-display":"","ast-hfb-below-header-display":"","ast-hfb-mobile-header-display":"","site-post-title":"","ast-breadcrumbs-content":"","ast-featured-img":"","footer-sml-layout":"","ast-disable-related-posts":"","theme-transparent-header-meta":"","adv-header-id-meta":"","stick-header-meta":"","header-above-stick-meta":"","header-main-stick-meta":"","header-below-stick-meta":"","astra-migrate-meta-layouts":"default","ast-page-background-enabled":"default","ast-page-background-meta":{"desktop":{"background-color":"var(--ast-global-color-4)","background-image":"","background-repeat":"repeat","background-position":"center center","background-size":"auto","background-attachment":"scroll","background-type":"","background-media":"","overlay-type":"","overlay-color":"","overlay-opacity":"","overlay-gradient":""},"tablet":{"background-color":"","background-image":"","background-repeat":"repeat","background-position":"center center","background-size":"auto","background-attachment":"scroll","background-type":"","background-media":"","overlay-type":"","overlay-color":"","overlay-opacity":"","overlay-gradient":""},"mobile":{"background-color":"","background-image":"","background-repeat":"repeat","background-position":"center center","background-size":"auto","background-attachment":"scroll","background-type":"","background-media":"","overlay-type":"","overlay-color":"","overlay-opacity":"","overlay-gradient":""}},"ast-content-background-meta":{"desktop":{"background-color":"var(--ast-global-color-5)","background-image":"","background-repeat":"repeat","background-position":"center center","background-size":"auto","background-attachment":"scroll","background-type":"","background-media":"","overlay-type":"","overlay-color":"","overlay-opacity":"","overlay-gradient":""},"tablet":{"background-color":"var(--ast-global-color-5)","background-image":"","background-repeat":"repeat","background-position":"center center","background-size":"auto","background-attachment":"scroll","background-type":"","background-media":"","overlay-type":"","overlay-color":"","overlay-opacity":"","overlay-gradient":""},"mobile":{"background-color":"var(--ast-global-color-5)","background-image":"","background-repeat":"repeat","background-position":"center center","background-size":"auto","background-attachment":"scroll","background-type":"","background-media":"","overlay-type":"","overlay-color":"","overlay-opacity":"","overlay-gradient":""}},"footnotes":""},"categories":[74,4],"tags":[],"class_list":["post-6844","post","type-post","status-publish","format-standard","has-post-thumbnail","hentry","category-entrada","category-documentos"],"yoast_head":"<!-- This site is optimized with the Yoast SEO plugin v27.5 - https:\/\/yoast.com\/product\/yoast-seo-wordpress\/ -->\n<title>Reencontrar a esperan\u00e7a e a solidariedade - Confer\u00eancia Episcopal Portuguesa<\/title>\n<meta name=\"robots\" content=\"index, follow, max-snippet:-1, max-image-preview:large, max-video-preview:-1\" \/>\n<link rel=\"canonical\" href=\"https:\/\/www.conferenciaepiscopal.pt\/v1\/reencontrar-a-esperanca-e-a-solidariedade\/\" \/>\n<meta property=\"og:locale\" content=\"pt_PT\" \/>\n<meta property=\"og:type\" content=\"article\" \/>\n<meta property=\"og:title\" content=\"Reencontrar a esperan\u00e7a e a solidariedade - Confer\u00eancia Episcopal Portuguesa\" \/>\n<meta property=\"og:description\" content=\"Mensagem dos Presidentes das Confer\u00eancias Episcopais da Uni\u00e3o Europeia (COMECE) \u00e0s Institui\u00e7\u00f5es europeias e aos Estados Membros\" \/>\n<meta property=\"og:url\" content=\"https:\/\/www.conferenciaepiscopal.pt\/v1\/reencontrar-a-esperanca-e-a-solidariedade\/\" \/>\n<meta property=\"og:site_name\" content=\"Confer\u00eancia Episcopal Portuguesa\" \/>\n<meta property=\"article:published_time\" content=\"2020-11-18T12:07:47+00:00\" \/>\n<meta property=\"og:image\" content=\"https:\/\/www.conferenciaepiscopal.pt\/v1\/wp-content\/uploads\/comece.jpg\" \/>\n\t<meta property=\"og:image:width\" content=\"900\" \/>\n\t<meta property=\"og:image:height\" content=\"600\" \/>\n\t<meta property=\"og:image:type\" content=\"image\/jpeg\" \/>\n<meta name=\"author\" content=\"Manuel Costa\" \/>\n<meta name=\"twitter:card\" content=\"summary_large_image\" \/>\n<meta name=\"twitter:label1\" content=\"Escrito por\" \/>\n\t<meta name=\"twitter:data1\" content=\"Manuel Costa\" \/>\n\t<meta name=\"twitter:label2\" content=\"Tempo estimado de leitura\" \/>\n\t<meta name=\"twitter:data2\" content=\"10 minutos\" \/>\n<script type=\"application\/ld+json\" class=\"yoast-schema-graph\">{\"@context\":\"https:\\\/\\\/schema.org\",\"@graph\":[{\"@type\":\"Article\",\"@id\":\"https:\\\/\\\/www.conferenciaepiscopal.pt\\\/v1\\\/reencontrar-a-esperanca-e-a-solidariedade\\\/#article\",\"isPartOf\":{\"@id\":\"https:\\\/\\\/www.conferenciaepiscopal.pt\\\/v1\\\/reencontrar-a-esperanca-e-a-solidariedade\\\/\"},\"author\":{\"name\":\"Manuel Costa\",\"@id\":\"https:\\\/\\\/www.conferenciaepiscopal.pt\\\/v1\\\/#\\\/schema\\\/person\\\/ab696457f75fe8e22b00183bfacb4cb2\"},\"headline\":\"Reencontrar a esperan\u00e7a e a solidariedade\",\"datePublished\":\"2020-11-18T12:07:47+00:00\",\"mainEntityOfPage\":{\"@id\":\"https:\\\/\\\/www.conferenciaepiscopal.pt\\\/v1\\\/reencontrar-a-esperanca-e-a-solidariedade\\\/\"},\"wordCount\":1941,\"publisher\":{\"@id\":\"https:\\\/\\\/www.conferenciaepiscopal.pt\\\/v1\\\/#organization\"},\"image\":{\"@id\":\"https:\\\/\\\/www.conferenciaepiscopal.pt\\\/v1\\\/reencontrar-a-esperanca-e-a-solidariedade\\\/#primaryimage\"},\"thumbnailUrl\":\"https:\\\/\\\/www.conferenciaepiscopal.pt\\\/v1\\\/wp-content\\\/uploads\\\/comece.jpg\",\"articleSection\":[\"#entrada\",\"Documentos\"],\"inLanguage\":\"pt-PT\"},{\"@type\":\"WebPage\",\"@id\":\"https:\\\/\\\/www.conferenciaepiscopal.pt\\\/v1\\\/reencontrar-a-esperanca-e-a-solidariedade\\\/\",\"url\":\"https:\\\/\\\/www.conferenciaepiscopal.pt\\\/v1\\\/reencontrar-a-esperanca-e-a-solidariedade\\\/\",\"name\":\"Reencontrar a esperan\u00e7a e a solidariedade - Confer\u00eancia Episcopal Portuguesa\",\"isPartOf\":{\"@id\":\"https:\\\/\\\/www.conferenciaepiscopal.pt\\\/v1\\\/#website\"},\"primaryImageOfPage\":{\"@id\":\"https:\\\/\\\/www.conferenciaepiscopal.pt\\\/v1\\\/reencontrar-a-esperanca-e-a-solidariedade\\\/#primaryimage\"},\"image\":{\"@id\":\"https:\\\/\\\/www.conferenciaepiscopal.pt\\\/v1\\\/reencontrar-a-esperanca-e-a-solidariedade\\\/#primaryimage\"},\"thumbnailUrl\":\"https:\\\/\\\/www.conferenciaepiscopal.pt\\\/v1\\\/wp-content\\\/uploads\\\/comece.jpg\",\"datePublished\":\"2020-11-18T12:07:47+00:00\",\"breadcrumb\":{\"@id\":\"https:\\\/\\\/www.conferenciaepiscopal.pt\\\/v1\\\/reencontrar-a-esperanca-e-a-solidariedade\\\/#breadcrumb\"},\"inLanguage\":\"pt-PT\",\"potentialAction\":[{\"@type\":\"ReadAction\",\"target\":[\"https:\\\/\\\/www.conferenciaepiscopal.pt\\\/v1\\\/reencontrar-a-esperanca-e-a-solidariedade\\\/\"]}]},{\"@type\":\"ImageObject\",\"inLanguage\":\"pt-PT\",\"@id\":\"https:\\\/\\\/www.conferenciaepiscopal.pt\\\/v1\\\/reencontrar-a-esperanca-e-a-solidariedade\\\/#primaryimage\",\"url\":\"https:\\\/\\\/www.conferenciaepiscopal.pt\\\/v1\\\/wp-content\\\/uploads\\\/comece.jpg\",\"contentUrl\":\"https:\\\/\\\/www.conferenciaepiscopal.pt\\\/v1\\\/wp-content\\\/uploads\\\/comece.jpg\",\"width\":900,\"height\":600},{\"@type\":\"BreadcrumbList\",\"@id\":\"https:\\\/\\\/www.conferenciaepiscopal.pt\\\/v1\\\/reencontrar-a-esperanca-e-a-solidariedade\\\/#breadcrumb\",\"itemListElement\":[{\"@type\":\"ListItem\",\"position\":1,\"name\":\"In\u00edcio\",\"item\":\"https:\\\/\\\/www.conferenciaepiscopal.pt\\\/v1\\\/\"},{\"@type\":\"ListItem\",\"position\":2,\"name\":\"Reencontrar a esperan\u00e7a e a solidariedade\"}]},{\"@type\":\"WebSite\",\"@id\":\"https:\\\/\\\/www.conferenciaepiscopal.pt\\\/v1\\\/#website\",\"url\":\"https:\\\/\\\/www.conferenciaepiscopal.pt\\\/v1\\\/\",\"name\":\"Confer\u00eancia Episcopal Portuguesa\",\"description\":\"Igreja Cat\u00f3lica em Portugal\",\"publisher\":{\"@id\":\"https:\\\/\\\/www.conferenciaepiscopal.pt\\\/v1\\\/#organization\"},\"potentialAction\":[{\"@type\":\"SearchAction\",\"target\":{\"@type\":\"EntryPoint\",\"urlTemplate\":\"https:\\\/\\\/www.conferenciaepiscopal.pt\\\/v1\\\/?s={search_term_string}\"},\"query-input\":{\"@type\":\"PropertyValueSpecification\",\"valueRequired\":true,\"valueName\":\"search_term_string\"}}],\"inLanguage\":\"pt-PT\"},{\"@type\":\"Organization\",\"@id\":\"https:\\\/\\\/www.conferenciaepiscopal.pt\\\/v1\\\/#organization\",\"name\":\"Confer\u00eancia Episcopal Portuguesa\",\"url\":\"https:\\\/\\\/www.conferenciaepiscopal.pt\\\/v1\\\/\",\"logo\":{\"@type\":\"ImageObject\",\"inLanguage\":\"pt-PT\",\"@id\":\"https:\\\/\\\/www.conferenciaepiscopal.pt\\\/v1\\\/#\\\/schema\\\/logo\\\/image\\\/\",\"url\":\"https:\\\/\\\/www.conferenciaepiscopal.pt\\\/v1\\\/wp-content\\\/uploads\\\/cropped-logoTransparente.png\",\"contentUrl\":\"https:\\\/\\\/www.conferenciaepiscopal.pt\\\/v1\\\/wp-content\\\/uploads\\\/cropped-logoTransparente.png\",\"width\":512,\"height\":512,\"caption\":\"Confer\u00eancia Episcopal Portuguesa\"},\"image\":{\"@id\":\"https:\\\/\\\/www.conferenciaepiscopal.pt\\\/v1\\\/#\\\/schema\\\/logo\\\/image\\\/\"}},{\"@type\":\"Person\",\"@id\":\"https:\\\/\\\/www.conferenciaepiscopal.pt\\\/v1\\\/#\\\/schema\\\/person\\\/ab696457f75fe8e22b00183bfacb4cb2\",\"name\":\"Manuel Costa\",\"image\":{\"@type\":\"ImageObject\",\"inLanguage\":\"pt-PT\",\"@id\":\"https:\\\/\\\/secure.gravatar.com\\\/avatar\\\/5054571ff5d2454cd50657fc4e61d0c32d7a5d0d3b36ef6c0f6e269276d13618?s=96&d=mm&r=g\",\"url\":\"https:\\\/\\\/secure.gravatar.com\\\/avatar\\\/5054571ff5d2454cd50657fc4e61d0c32d7a5d0d3b36ef6c0f6e269276d13618?s=96&d=mm&r=g\",\"contentUrl\":\"https:\\\/\\\/secure.gravatar.com\\\/avatar\\\/5054571ff5d2454cd50657fc4e61d0c32d7a5d0d3b36ef6c0f6e269276d13618?s=96&d=mm&r=g\",\"caption\":\"Manuel Costa\"}}]}<\/script>\n<!-- \/ Yoast SEO plugin. -->","yoast_head_json":{"title":"Reencontrar a esperan\u00e7a e a solidariedade - Confer\u00eancia Episcopal Portuguesa","robots":{"index":"index","follow":"follow","max-snippet":"max-snippet:-1","max-image-preview":"max-image-preview:large","max-video-preview":"max-video-preview:-1"},"canonical":"https:\/\/www.conferenciaepiscopal.pt\/v1\/reencontrar-a-esperanca-e-a-solidariedade\/","og_locale":"pt_PT","og_type":"article","og_title":"Reencontrar a esperan\u00e7a e a solidariedade - Confer\u00eancia Episcopal Portuguesa","og_description":"Mensagem dos Presidentes das Confer\u00eancias Episcopais da Uni\u00e3o Europeia (COMECE) \u00e0s Institui\u00e7\u00f5es europeias e aos Estados Membros","og_url":"https:\/\/www.conferenciaepiscopal.pt\/v1\/reencontrar-a-esperanca-e-a-solidariedade\/","og_site_name":"Confer\u00eancia Episcopal Portuguesa","article_published_time":"2020-11-18T12:07:47+00:00","og_image":[{"width":900,"height":600,"url":"https:\/\/www.conferenciaepiscopal.pt\/v1\/wp-content\/uploads\/comece.jpg","type":"image\/jpeg"}],"author":"Manuel Costa","twitter_card":"summary_large_image","twitter_misc":{"Escrito por":"Manuel Costa","Tempo estimado de leitura":"10 minutos"},"schema":{"@context":"https:\/\/schema.org","@graph":[{"@type":"Article","@id":"https:\/\/www.conferenciaepiscopal.pt\/v1\/reencontrar-a-esperanca-e-a-solidariedade\/#article","isPartOf":{"@id":"https:\/\/www.conferenciaepiscopal.pt\/v1\/reencontrar-a-esperanca-e-a-solidariedade\/"},"author":{"name":"Manuel Costa","@id":"https:\/\/www.conferenciaepiscopal.pt\/v1\/#\/schema\/person\/ab696457f75fe8e22b00183bfacb4cb2"},"headline":"Reencontrar a esperan\u00e7a e a solidariedade","datePublished":"2020-11-18T12:07:47+00:00","mainEntityOfPage":{"@id":"https:\/\/www.conferenciaepiscopal.pt\/v1\/reencontrar-a-esperanca-e-a-solidariedade\/"},"wordCount":1941,"publisher":{"@id":"https:\/\/www.conferenciaepiscopal.pt\/v1\/#organization"},"image":{"@id":"https:\/\/www.conferenciaepiscopal.pt\/v1\/reencontrar-a-esperanca-e-a-solidariedade\/#primaryimage"},"thumbnailUrl":"https:\/\/www.conferenciaepiscopal.pt\/v1\/wp-content\/uploads\/comece.jpg","articleSection":["#entrada","Documentos"],"inLanguage":"pt-PT"},{"@type":"WebPage","@id":"https:\/\/www.conferenciaepiscopal.pt\/v1\/reencontrar-a-esperanca-e-a-solidariedade\/","url":"https:\/\/www.conferenciaepiscopal.pt\/v1\/reencontrar-a-esperanca-e-a-solidariedade\/","name":"Reencontrar a esperan\u00e7a e a solidariedade - Confer\u00eancia Episcopal Portuguesa","isPartOf":{"@id":"https:\/\/www.conferenciaepiscopal.pt\/v1\/#website"},"primaryImageOfPage":{"@id":"https:\/\/www.conferenciaepiscopal.pt\/v1\/reencontrar-a-esperanca-e-a-solidariedade\/#primaryimage"},"image":{"@id":"https:\/\/www.conferenciaepiscopal.pt\/v1\/reencontrar-a-esperanca-e-a-solidariedade\/#primaryimage"},"thumbnailUrl":"https:\/\/www.conferenciaepiscopal.pt\/v1\/wp-content\/uploads\/comece.jpg","datePublished":"2020-11-18T12:07:47+00:00","breadcrumb":{"@id":"https:\/\/www.conferenciaepiscopal.pt\/v1\/reencontrar-a-esperanca-e-a-solidariedade\/#breadcrumb"},"inLanguage":"pt-PT","potentialAction":[{"@type":"ReadAction","target":["https:\/\/www.conferenciaepiscopal.pt\/v1\/reencontrar-a-esperanca-e-a-solidariedade\/"]}]},{"@type":"ImageObject","inLanguage":"pt-PT","@id":"https:\/\/www.conferenciaepiscopal.pt\/v1\/reencontrar-a-esperanca-e-a-solidariedade\/#primaryimage","url":"https:\/\/www.conferenciaepiscopal.pt\/v1\/wp-content\/uploads\/comece.jpg","contentUrl":"https:\/\/www.conferenciaepiscopal.pt\/v1\/wp-content\/uploads\/comece.jpg","width":900,"height":600},{"@type":"BreadcrumbList","@id":"https:\/\/www.conferenciaepiscopal.pt\/v1\/reencontrar-a-esperanca-e-a-solidariedade\/#breadcrumb","itemListElement":[{"@type":"ListItem","position":1,"name":"In\u00edcio","item":"https:\/\/www.conferenciaepiscopal.pt\/v1\/"},{"@type":"ListItem","position":2,"name":"Reencontrar a esperan\u00e7a e a solidariedade"}]},{"@type":"WebSite","@id":"https:\/\/www.conferenciaepiscopal.pt\/v1\/#website","url":"https:\/\/www.conferenciaepiscopal.pt\/v1\/","name":"Confer\u00eancia Episcopal Portuguesa","description":"Igreja Cat\u00f3lica em Portugal","publisher":{"@id":"https:\/\/www.conferenciaepiscopal.pt\/v1\/#organization"},"potentialAction":[{"@type":"SearchAction","target":{"@type":"EntryPoint","urlTemplate":"https:\/\/www.conferenciaepiscopal.pt\/v1\/?s={search_term_string}"},"query-input":{"@type":"PropertyValueSpecification","valueRequired":true,"valueName":"search_term_string"}}],"inLanguage":"pt-PT"},{"@type":"Organization","@id":"https:\/\/www.conferenciaepiscopal.pt\/v1\/#organization","name":"Confer\u00eancia Episcopal Portuguesa","url":"https:\/\/www.conferenciaepiscopal.pt\/v1\/","logo":{"@type":"ImageObject","inLanguage":"pt-PT","@id":"https:\/\/www.conferenciaepiscopal.pt\/v1\/#\/schema\/logo\/image\/","url":"https:\/\/www.conferenciaepiscopal.pt\/v1\/wp-content\/uploads\/cropped-logoTransparente.png","contentUrl":"https:\/\/www.conferenciaepiscopal.pt\/v1\/wp-content\/uploads\/cropped-logoTransparente.png","width":512,"height":512,"caption":"Confer\u00eancia Episcopal Portuguesa"},"image":{"@id":"https:\/\/www.conferenciaepiscopal.pt\/v1\/#\/schema\/logo\/image\/"}},{"@type":"Person","@id":"https:\/\/www.conferenciaepiscopal.pt\/v1\/#\/schema\/person\/ab696457f75fe8e22b00183bfacb4cb2","name":"Manuel Costa","image":{"@type":"ImageObject","inLanguage":"pt-PT","@id":"https:\/\/secure.gravatar.com\/avatar\/5054571ff5d2454cd50657fc4e61d0c32d7a5d0d3b36ef6c0f6e269276d13618?s=96&d=mm&r=g","url":"https:\/\/secure.gravatar.com\/avatar\/5054571ff5d2454cd50657fc4e61d0c32d7a5d0d3b36ef6c0f6e269276d13618?s=96&d=mm&r=g","contentUrl":"https:\/\/secure.gravatar.com\/avatar\/5054571ff5d2454cd50657fc4e61d0c32d7a5d0d3b36ef6c0f6e269276d13618?s=96&d=mm&r=g","caption":"Manuel Costa"}}]}},"_links":{"self":[{"href":"https:\/\/www.conferenciaepiscopal.pt\/v1\/wp-json\/wp\/v2\/posts\/6844","targetHints":{"allow":["GET"]}}],"collection":[{"href":"https:\/\/www.conferenciaepiscopal.pt\/v1\/wp-json\/wp\/v2\/posts"}],"about":[{"href":"https:\/\/www.conferenciaepiscopal.pt\/v1\/wp-json\/wp\/v2\/types\/post"}],"author":[{"embeddable":true,"href":"https:\/\/www.conferenciaepiscopal.pt\/v1\/wp-json\/wp\/v2\/users\/1"}],"replies":[{"embeddable":true,"href":"https:\/\/www.conferenciaepiscopal.pt\/v1\/wp-json\/wp\/v2\/comments?post=6844"}],"version-history":[{"count":1,"href":"https:\/\/www.conferenciaepiscopal.pt\/v1\/wp-json\/wp\/v2\/posts\/6844\/revisions"}],"predecessor-version":[{"id":6846,"href":"https:\/\/www.conferenciaepiscopal.pt\/v1\/wp-json\/wp\/v2\/posts\/6844\/revisions\/6846"}],"wp:featuredmedia":[{"embeddable":true,"href":"https:\/\/www.conferenciaepiscopal.pt\/v1\/wp-json\/wp\/v2\/media\/6845"}],"wp:attachment":[{"href":"https:\/\/www.conferenciaepiscopal.pt\/v1\/wp-json\/wp\/v2\/media?parent=6844"}],"wp:term":[{"taxonomy":"category","embeddable":true,"href":"https:\/\/www.conferenciaepiscopal.pt\/v1\/wp-json\/wp\/v2\/categories?post=6844"},{"taxonomy":"post_tag","embeddable":true,"href":"https:\/\/www.conferenciaepiscopal.pt\/v1\/wp-json\/wp\/v2\/tags?post=6844"}],"curies":[{"name":"wp","href":"https:\/\/api.w.org\/{rel}","templated":true}]}}