{"id":6674,"date":"2020-05-13T13:15:27","date_gmt":"2020-05-13T12:15:27","guid":{"rendered":"http:\/\/www.conferenciaepiscopal.pt\/v1\/?p=6674"},"modified":"2020-05-13T13:29:05","modified_gmt":"2020-05-13T12:29:05","slug":"santuario-de-fatima-homilia-do-dia-12-de-maio-de-2020","status":"publish","type":"post","link":"https:\/\/www.conferenciaepiscopal.pt\/v1\/santuario-de-fatima-homilia-do-dia-12-de-maio-de-2020\/","title":{"rendered":"Santu\u00e1rio de F\u00e1tima  Homilia do dia 12 de maio de 2020"},"content":{"rendered":"<p><strong>Fica connosco, Senhor, porque se faz noite!<\/strong><!--more--><\/p>\n<figure id=\"attachment_6676\" aria-describedby=\"caption-attachment-6676\" style=\"width: 418px\" class=\"wp-caption alignright\"><a href=\"https:\/\/www.conferenciaepiscopal.pt\/v1\/wp-content\/uploads\/AH1_0961.jpg\"><img fetchpriority=\"high\" decoding=\"async\" class=\"wp-image-6676 \" src=\"https:\/\/www.conferenciaepiscopal.pt\/v1\/wp-content\/uploads\/AH1_0961-1024x683.jpg\" alt=\"\" width=\"418\" height=\"279\" srcset=\"https:\/\/www.conferenciaepiscopal.pt\/v1\/wp-content\/uploads\/AH1_0961-1024x683.jpg 1024w, https:\/\/www.conferenciaepiscopal.pt\/v1\/wp-content\/uploads\/AH1_0961-300x200.jpg 300w, https:\/\/www.conferenciaepiscopal.pt\/v1\/wp-content\/uploads\/AH1_0961-768x512.jpg 768w, https:\/\/www.conferenciaepiscopal.pt\/v1\/wp-content\/uploads\/AH1_0961-1536x1024.jpg 1536w, https:\/\/www.conferenciaepiscopal.pt\/v1\/wp-content\/uploads\/AH1_0961-1080x720.jpg 1080w, https:\/\/www.conferenciaepiscopal.pt\/v1\/wp-content\/uploads\/AH1_0961-1280x853.jpg 1280w, https:\/\/www.conferenciaepiscopal.pt\/v1\/wp-content\/uploads\/AH1_0961-980x653.jpg 980w, https:\/\/www.conferenciaepiscopal.pt\/v1\/wp-content\/uploads\/AH1_0961-480x320.jpg 480w, https:\/\/www.conferenciaepiscopal.pt\/v1\/wp-content\/uploads\/AH1_0961.jpg 1920w\" sizes=\"(max-width: 418px) 100vw, 418px\" \/><\/a><figcaption id=\"caption-attachment-6676\" class=\"wp-caption-text\">Foto Arlindo Homem\/ECCLESIA<\/figcaption><\/figure>\n<p>\u00c9 talvez a primeira invoca\u00e7\u00e3o espont\u00e2nea de quem aqui sente a noite escura que pesa sobre o mundo abatido por uma pandemia global;<\/p>\n<p>A invoca\u00e7\u00e3o de quem vive uma noite escura da f\u00e9 perante o aparente sil\u00eancio e aus\u00eancia de Deus;<\/p>\n<p>A invoca\u00e7\u00e3o de quem estremece e estranha esta noite t\u00e3o diferente daquelas noites inigual\u00e1veis de 12 de maio \u2013 aut\u00eanticos mares de luz \u2013 e que hoje mais parece um deserto escuro!<\/p>\n<p>Quando no dia 5 de abril anunciei com o cora\u00e7\u00e3o em l\u00e1grimas a realiza\u00e7\u00e3o desta peregrina\u00e7\u00e3o sem a presen\u00e7a f\u00edsica da multid\u00e3o de peregrinos, acrescentei: Mesmo estando em nossas casas viveremos esse momento em esp\u00edrito de peregrina\u00e7\u00e3o. O recinto do santu\u00e1rio estar\u00e1 vazio, mas n\u00e3o deserto. Ainda que separados fisicamente, estaremos todos aqui espiritualmente unidos como Igreja com Maria, de modo intenso, com o cora\u00e7\u00e3o cheio de f\u00e9 e de confian\u00e7a.<\/p>\n<p>Sim, estamos aqui todos os que nos seguis pelos mais diversos meios de comunica\u00e7\u00e3o com a luz e o calor acesos da f\u00e9 que enche os vossos cora\u00e7\u00f5es. Est\u00e3o aqui os vossos cora\u00e7\u00f5es unidos numa grande comunh\u00e3o. A simb\u00f3lica desta noite, completada com a da celebra\u00e7\u00e3o de amanh\u00e3, permite percorrer a geografia espiritual que forma a multid\u00e3o de devotos de Nossa Senhora de F\u00e1tima repartidos por todo o mundo: as 21 velas que hoje representam as dioceses de Portugal, com o seu episcopado aqui representados pelos tr\u00eas metropolitas das prov\u00edncias eclesi\u00e1sticas, e amanh\u00e3 o ramo de flores, qual ramalhete espiritual do Apostolado Mundial de F\u00e1tima, a representar os nossos emigrantes e os peregrinos dos diversos continentes do mundo. Particularmente unido a n\u00f3s est\u00e1 tamb\u00e9m um peregrino especial, o Santo Padre Papa Francisco!<\/p>\n<p>Nesta hora de prova\u00e7\u00e3o n\u00e3o pod\u00edamos esquecer a representa\u00e7\u00e3o de quem mais sofreu e continua a sofrer e dos que mais lutaram e lutam pela sa\u00fade de todos, para lhes comunicar a proximidade do nosso afeto e o apoio da nossa ora\u00e7\u00e3o: os defuntos e seus familiares, os doentes, todos os profissionais de sa\u00fade, cuidadores, idosos, pobres, fam\u00edlias, sacerdotes, trabalhadores da prote\u00e7\u00e3o civil, dos transportes, limpeza, alimenta\u00e7\u00e3o e outros que n\u00e3o se pouparam a sacrif\u00edcios, como bons samaritanos.<\/p>\n<p>Fica connosco Senhor, porque se faz noite!<\/p>\n<p>\u201c\u00c0 pandemia do v\u00edrus queremos responder com a universalidade da ora\u00e7\u00e3o, da compaix\u00e3o, da ternura. Permane\u00e7amos unidos. Fa\u00e7amos sentir a nossa proximidade \u00e0s pessoas mais provadas e necessitadas\u201d, foi o apelo do Papa Francisco. A ele respondemos, num primeiro momento emocionante, com a consagra\u00e7\u00e3o de Portugal ao Sagrado Cora\u00e7\u00e3o de Jesus e ao Imaculado Cora\u00e7\u00e3o de Maria; e hoje com a ora\u00e7\u00e3o do ros\u00e1rio, a ora\u00e7\u00e3o dos momentos dif\u00edceis como Nossa Senhora aqui indicou: \u201cRezem o ter\u00e7o todos os dias para alcan\u00e7ar a paz para o mundo e o fim da guerra\u201d. Tendo meditado os mist\u00e9rios dolorosos unimo-nos a toda a humanidade sofredora, evocada na leitura do profeta Isa\u00edas; confi\u00e1mos as suas dores e todos os sofredores ao cora\u00e7\u00e3o materno de Maria; pedimos-lhe que leve a todos a ternura e o conforto para superar esta prova\u00e7\u00e3o como na sua visita a Isabel e que tamb\u00e9m n\u00f3s, com toda a nossa solidariedade, sejamos testemunhas de que \u201co Senhor salva os cora\u00e7\u00f5es atribulados\u201d.<\/p>\n<p>Fica connosco, Senhor, porque se faz noite!<\/p>\n<p>Sim, o Senhor faz-nos sentir a sua proximidade e a luz que ilumina a noite do mundo atrav\u00e9s da sua m\u00e3e que Ele nos entregou n\u00e3o s\u00f3 como M\u00e3e das dores, mas tamb\u00e9m como M\u00e3e da esperan\u00e7a, estrela que orienta a navega\u00e7\u00e3o dos peregrinos da f\u00e9 sobre o grande mar da hist\u00f3ria em dire\u00e7\u00e3o ao porto da eternidade.<\/p>\n<p>A nossa ora\u00e7\u00e3o na Salve Rainha estende-se desde o grito (a V\u00f3s bradamos) at\u00e9 ao suspiro (a V\u00f3s suspiramos), voz que deste nosso ex\u00edlio (desterro) invoca a sua presen\u00e7a (Eia, pois, Advogada nossa), quando a luz diminui e se faz noite. Com a do\u00e7ura de Maria no cora\u00e7\u00e3o entremos tranquilos na noite com uma breve ora\u00e7\u00e3o: \u201cSanta Maria, M\u00e3e de Deus, M\u00e3e nossa, ensinai-nos a crer, a esperar e a amar convosco. Indicai-nos o caminho para o seu reino! Estrela do mar, brilhai sobre n\u00f3s e guiai-nos no nosso caminho\u201d (Bento XVI) no mar da hist\u00f3ria!<\/p>\n<p><em>\u2020 Ant\u00f3nio Marto, Bispo de Leiria-F\u00e1tima<\/em><\/p>\n<p><a href=\"https:\/\/www.conferenciaepiscopal.pt\/v1\/wp-content\/uploads\/SantuarioFatima_Homilia12maio2020.pdf\" target=\"_blank\" rel=\"noopener noreferrer\">SantuarioFatima_Homilia12maio2020 [PDF]<\/a><\/p>\n","protected":false},"excerpt":{"rendered":"<p>Fica connosco, Senhor, porque se faz noite!<\/p>\n","protected":false},"author":1,"featured_media":6676,"comment_status":"closed","ping_status":"closed","sticky":false,"template":"","format":"standard","meta":{"site-sidebar-layout":"default","site-content-layout":"","ast-site-content-layout":"default","site-content-style":"default","site-sidebar-style":"default","ast-global-header-display":"","ast-banner-title-visibility":"","ast-main-header-display":"","ast-hfb-above-header-display":"","ast-hfb-below-header-display":"","ast-hfb-mobile-header-display":"","site-post-title":"","ast-breadcrumbs-content":"","ast-featured-img":"","footer-sml-layout":"","ast-disable-related-posts":"","theme-transparent-header-meta":"","adv-header-id-meta":"","stick-header-meta":"","header-above-stick-meta":"","header-main-stick-meta":"","header-below-stick-meta":"","astra-migrate-meta-layouts":"default","ast-page-background-enabled":"default","ast-page-background-meta":{"desktop":{"background-color":"var(--ast-global-color-4)","background-image":"","background-repeat":"repeat","background-position":"center center","background-size":"auto","background-attachment":"scroll","background-type":"","background-media":"","overlay-type":"","overlay-color":"","overlay-opacity":"","overlay-gradient":""},"tablet":{"background-color":"","background-image":"","background-repeat":"repeat","background-position":"center center","background-size":"auto","background-attachment":"scroll","background-type":"","background-media":"","overlay-type":"","overlay-color":"","overlay-opacity":"","overlay-gradient":""},"mobile":{"background-color":"","background-image":"","background-repeat":"repeat","background-position":"center center","background-size":"auto","background-attachment":"scroll","background-type":"","background-media":"","overlay-type":"","overlay-color":"","overlay-opacity":"","overlay-gradient":""}},"ast-content-background-meta":{"desktop":{"background-color":"var(--ast-global-color-5)","background-image":"","background-repeat":"repeat","background-position":"center center","background-size":"auto","background-attachment":"scroll","background-type":"","background-media":"","overlay-type":"","overlay-color":"","overlay-opacity":"","overlay-gradient":""},"tablet":{"background-color":"var(--ast-global-color-5)","background-image":"","background-repeat":"repeat","background-position":"center center","background-size":"auto","background-attachment":"scroll","background-type":"","background-media":"","overlay-type":"","overlay-color":"","overlay-opacity":"","overlay-gradient":""},"mobile":{"background-color":"var(--ast-global-color-5)","background-image":"","background-repeat":"repeat","background-position":"center center","background-size":"auto","background-attachment":"scroll","background-type":"","background-media":"","overlay-type":"","overlay-color":"","overlay-opacity":"","overlay-gradient":""}},"footnotes":""},"categories":[74,4],"tags":[],"class_list":["post-6674","post","type-post","status-publish","format-standard","has-post-thumbnail","hentry","category-entrada","category-documentos"],"yoast_head":"<!-- This site is optimized with the Yoast SEO plugin v27.5 - https:\/\/yoast.com\/product\/yoast-seo-wordpress\/ -->\n<title>Santu\u00e1rio de F\u00e1tima Homilia do dia 12 de maio de 2020 - Confer\u00eancia Episcopal Portuguesa<\/title>\n<meta name=\"robots\" content=\"index, follow, max-snippet:-1, max-image-preview:large, max-video-preview:-1\" \/>\n<link rel=\"canonical\" href=\"https:\/\/www.conferenciaepiscopal.pt\/v1\/santuario-de-fatima-homilia-do-dia-12-de-maio-de-2020\/\" \/>\n<meta property=\"og:locale\" content=\"pt_PT\" \/>\n<meta property=\"og:type\" content=\"article\" \/>\n<meta property=\"og:title\" content=\"Santu\u00e1rio de F\u00e1tima Homilia do dia 12 de maio de 2020 - Confer\u00eancia Episcopal Portuguesa\" \/>\n<meta property=\"og:description\" content=\"Fica connosco, Senhor, porque se faz noite!\" \/>\n<meta property=\"og:url\" content=\"https:\/\/www.conferenciaepiscopal.pt\/v1\/santuario-de-fatima-homilia-do-dia-12-de-maio-de-2020\/\" \/>\n<meta property=\"og:site_name\" content=\"Confer\u00eancia Episcopal Portuguesa\" \/>\n<meta property=\"article:published_time\" content=\"2020-05-13T12:15:27+00:00\" \/>\n<meta property=\"article:modified_time\" content=\"2020-05-13T12:29:05+00:00\" \/>\n<meta property=\"og:image\" content=\"https:\/\/www.conferenciaepiscopal.pt\/v1\/wp-content\/uploads\/AH1_0961.jpg\" \/>\n\t<meta property=\"og:image:width\" content=\"1920\" \/>\n\t<meta property=\"og:image:height\" content=\"1280\" \/>\n\t<meta property=\"og:image:type\" content=\"image\/jpeg\" \/>\n<meta name=\"author\" content=\"Manuel Costa\" \/>\n<meta name=\"twitter:card\" content=\"summary_large_image\" \/>\n<meta name=\"twitter:label1\" content=\"Escrito por\" \/>\n\t<meta name=\"twitter:data1\" content=\"Manuel Costa\" \/>\n\t<meta name=\"twitter:label2\" content=\"Tempo estimado de leitura\" \/>\n\t<meta name=\"twitter:data2\" content=\"4 minutos\" \/>\n<script type=\"application\/ld+json\" class=\"yoast-schema-graph\">{\"@context\":\"https:\\\/\\\/schema.org\",\"@graph\":[{\"@type\":\"Article\",\"@id\":\"https:\\\/\\\/www.conferenciaepiscopal.pt\\\/v1\\\/santuario-de-fatima-homilia-do-dia-12-de-maio-de-2020\\\/#article\",\"isPartOf\":{\"@id\":\"https:\\\/\\\/www.conferenciaepiscopal.pt\\\/v1\\\/santuario-de-fatima-homilia-do-dia-12-de-maio-de-2020\\\/\"},\"author\":{\"name\":\"Manuel Costa\",\"@id\":\"https:\\\/\\\/www.conferenciaepiscopal.pt\\\/v1\\\/#\\\/schema\\\/person\\\/ab696457f75fe8e22b00183bfacb4cb2\"},\"headline\":\"Santu\u00e1rio de F\u00e1tima Homilia do dia 12 de maio de 2020\",\"datePublished\":\"2020-05-13T12:15:27+00:00\",\"dateModified\":\"2020-05-13T12:29:05+00:00\",\"mainEntityOfPage\":{\"@id\":\"https:\\\/\\\/www.conferenciaepiscopal.pt\\\/v1\\\/santuario-de-fatima-homilia-do-dia-12-de-maio-de-2020\\\/\"},\"wordCount\":809,\"publisher\":{\"@id\":\"https:\\\/\\\/www.conferenciaepiscopal.pt\\\/v1\\\/#organization\"},\"image\":{\"@id\":\"https:\\\/\\\/www.conferenciaepiscopal.pt\\\/v1\\\/santuario-de-fatima-homilia-do-dia-12-de-maio-de-2020\\\/#primaryimage\"},\"thumbnailUrl\":\"https:\\\/\\\/www.conferenciaepiscopal.pt\\\/v1\\\/wp-content\\\/uploads\\\/AH1_0961.jpg\",\"articleSection\":[\"#entrada\",\"Documentos\"],\"inLanguage\":\"pt-PT\"},{\"@type\":\"WebPage\",\"@id\":\"https:\\\/\\\/www.conferenciaepiscopal.pt\\\/v1\\\/santuario-de-fatima-homilia-do-dia-12-de-maio-de-2020\\\/\",\"url\":\"https:\\\/\\\/www.conferenciaepiscopal.pt\\\/v1\\\/santuario-de-fatima-homilia-do-dia-12-de-maio-de-2020\\\/\",\"name\":\"Santu\u00e1rio de F\u00e1tima Homilia do dia 12 de maio de 2020 - Confer\u00eancia Episcopal Portuguesa\",\"isPartOf\":{\"@id\":\"https:\\\/\\\/www.conferenciaepiscopal.pt\\\/v1\\\/#website\"},\"primaryImageOfPage\":{\"@id\":\"https:\\\/\\\/www.conferenciaepiscopal.pt\\\/v1\\\/santuario-de-fatima-homilia-do-dia-12-de-maio-de-2020\\\/#primaryimage\"},\"image\":{\"@id\":\"https:\\\/\\\/www.conferenciaepiscopal.pt\\\/v1\\\/santuario-de-fatima-homilia-do-dia-12-de-maio-de-2020\\\/#primaryimage\"},\"thumbnailUrl\":\"https:\\\/\\\/www.conferenciaepiscopal.pt\\\/v1\\\/wp-content\\\/uploads\\\/AH1_0961.jpg\",\"datePublished\":\"2020-05-13T12:15:27+00:00\",\"dateModified\":\"2020-05-13T12:29:05+00:00\",\"breadcrumb\":{\"@id\":\"https:\\\/\\\/www.conferenciaepiscopal.pt\\\/v1\\\/santuario-de-fatima-homilia-do-dia-12-de-maio-de-2020\\\/#breadcrumb\"},\"inLanguage\":\"pt-PT\",\"potentialAction\":[{\"@type\":\"ReadAction\",\"target\":[\"https:\\\/\\\/www.conferenciaepiscopal.pt\\\/v1\\\/santuario-de-fatima-homilia-do-dia-12-de-maio-de-2020\\\/\"]}]},{\"@type\":\"ImageObject\",\"inLanguage\":\"pt-PT\",\"@id\":\"https:\\\/\\\/www.conferenciaepiscopal.pt\\\/v1\\\/santuario-de-fatima-homilia-do-dia-12-de-maio-de-2020\\\/#primaryimage\",\"url\":\"https:\\\/\\\/www.conferenciaepiscopal.pt\\\/v1\\\/wp-content\\\/uploads\\\/AH1_0961.jpg\",\"contentUrl\":\"https:\\\/\\\/www.conferenciaepiscopal.pt\\\/v1\\\/wp-content\\\/uploads\\\/AH1_0961.jpg\",\"width\":1920,\"height\":1280,\"caption\":\"Foto Arlindo Homem\\\/ECCLESIA\"},{\"@type\":\"BreadcrumbList\",\"@id\":\"https:\\\/\\\/www.conferenciaepiscopal.pt\\\/v1\\\/santuario-de-fatima-homilia-do-dia-12-de-maio-de-2020\\\/#breadcrumb\",\"itemListElement\":[{\"@type\":\"ListItem\",\"position\":1,\"name\":\"In\u00edcio\",\"item\":\"https:\\\/\\\/www.conferenciaepiscopal.pt\\\/v1\\\/\"},{\"@type\":\"ListItem\",\"position\":2,\"name\":\"Santu\u00e1rio de F\u00e1tima Homilia do dia 12 de maio de 2020\"}]},{\"@type\":\"WebSite\",\"@id\":\"https:\\\/\\\/www.conferenciaepiscopal.pt\\\/v1\\\/#website\",\"url\":\"https:\\\/\\\/www.conferenciaepiscopal.pt\\\/v1\\\/\",\"name\":\"Confer\u00eancia Episcopal Portuguesa\",\"description\":\"Igreja Cat\u00f3lica em Portugal\",\"publisher\":{\"@id\":\"https:\\\/\\\/www.conferenciaepiscopal.pt\\\/v1\\\/#organization\"},\"potentialAction\":[{\"@type\":\"SearchAction\",\"target\":{\"@type\":\"EntryPoint\",\"urlTemplate\":\"https:\\\/\\\/www.conferenciaepiscopal.pt\\\/v1\\\/?s={search_term_string}\"},\"query-input\":{\"@type\":\"PropertyValueSpecification\",\"valueRequired\":true,\"valueName\":\"search_term_string\"}}],\"inLanguage\":\"pt-PT\"},{\"@type\":\"Organization\",\"@id\":\"https:\\\/\\\/www.conferenciaepiscopal.pt\\\/v1\\\/#organization\",\"name\":\"Confer\u00eancia Episcopal Portuguesa\",\"url\":\"https:\\\/\\\/www.conferenciaepiscopal.pt\\\/v1\\\/\",\"logo\":{\"@type\":\"ImageObject\",\"inLanguage\":\"pt-PT\",\"@id\":\"https:\\\/\\\/www.conferenciaepiscopal.pt\\\/v1\\\/#\\\/schema\\\/logo\\\/image\\\/\",\"url\":\"https:\\\/\\\/www.conferenciaepiscopal.pt\\\/v1\\\/wp-content\\\/uploads\\\/cropped-logoTransparente.png\",\"contentUrl\":\"https:\\\/\\\/www.conferenciaepiscopal.pt\\\/v1\\\/wp-content\\\/uploads\\\/cropped-logoTransparente.png\",\"width\":512,\"height\":512,\"caption\":\"Confer\u00eancia Episcopal Portuguesa\"},\"image\":{\"@id\":\"https:\\\/\\\/www.conferenciaepiscopal.pt\\\/v1\\\/#\\\/schema\\\/logo\\\/image\\\/\"}},{\"@type\":\"Person\",\"@id\":\"https:\\\/\\\/www.conferenciaepiscopal.pt\\\/v1\\\/#\\\/schema\\\/person\\\/ab696457f75fe8e22b00183bfacb4cb2\",\"name\":\"Manuel Costa\",\"image\":{\"@type\":\"ImageObject\",\"inLanguage\":\"pt-PT\",\"@id\":\"https:\\\/\\\/secure.gravatar.com\\\/avatar\\\/5054571ff5d2454cd50657fc4e61d0c32d7a5d0d3b36ef6c0f6e269276d13618?s=96&d=mm&r=g\",\"url\":\"https:\\\/\\\/secure.gravatar.com\\\/avatar\\\/5054571ff5d2454cd50657fc4e61d0c32d7a5d0d3b36ef6c0f6e269276d13618?s=96&d=mm&r=g\",\"contentUrl\":\"https:\\\/\\\/secure.gravatar.com\\\/avatar\\\/5054571ff5d2454cd50657fc4e61d0c32d7a5d0d3b36ef6c0f6e269276d13618?s=96&d=mm&r=g\",\"caption\":\"Manuel Costa\"}}]}<\/script>\n<!-- \/ Yoast SEO plugin. -->","yoast_head_json":{"title":"Santu\u00e1rio de F\u00e1tima Homilia do dia 12 de maio de 2020 - Confer\u00eancia Episcopal Portuguesa","robots":{"index":"index","follow":"follow","max-snippet":"max-snippet:-1","max-image-preview":"max-image-preview:large","max-video-preview":"max-video-preview:-1"},"canonical":"https:\/\/www.conferenciaepiscopal.pt\/v1\/santuario-de-fatima-homilia-do-dia-12-de-maio-de-2020\/","og_locale":"pt_PT","og_type":"article","og_title":"Santu\u00e1rio de F\u00e1tima Homilia do dia 12 de maio de 2020 - Confer\u00eancia Episcopal Portuguesa","og_description":"Fica connosco, Senhor, porque se faz noite!","og_url":"https:\/\/www.conferenciaepiscopal.pt\/v1\/santuario-de-fatima-homilia-do-dia-12-de-maio-de-2020\/","og_site_name":"Confer\u00eancia Episcopal Portuguesa","article_published_time":"2020-05-13T12:15:27+00:00","article_modified_time":"2020-05-13T12:29:05+00:00","og_image":[{"width":1920,"height":1280,"url":"https:\/\/www.conferenciaepiscopal.pt\/v1\/wp-content\/uploads\/AH1_0961.jpg","type":"image\/jpeg"}],"author":"Manuel Costa","twitter_card":"summary_large_image","twitter_misc":{"Escrito por":"Manuel Costa","Tempo estimado de leitura":"4 minutos"},"schema":{"@context":"https:\/\/schema.org","@graph":[{"@type":"Article","@id":"https:\/\/www.conferenciaepiscopal.pt\/v1\/santuario-de-fatima-homilia-do-dia-12-de-maio-de-2020\/#article","isPartOf":{"@id":"https:\/\/www.conferenciaepiscopal.pt\/v1\/santuario-de-fatima-homilia-do-dia-12-de-maio-de-2020\/"},"author":{"name":"Manuel Costa","@id":"https:\/\/www.conferenciaepiscopal.pt\/v1\/#\/schema\/person\/ab696457f75fe8e22b00183bfacb4cb2"},"headline":"Santu\u00e1rio de F\u00e1tima Homilia do dia 12 de maio de 2020","datePublished":"2020-05-13T12:15:27+00:00","dateModified":"2020-05-13T12:29:05+00:00","mainEntityOfPage":{"@id":"https:\/\/www.conferenciaepiscopal.pt\/v1\/santuario-de-fatima-homilia-do-dia-12-de-maio-de-2020\/"},"wordCount":809,"publisher":{"@id":"https:\/\/www.conferenciaepiscopal.pt\/v1\/#organization"},"image":{"@id":"https:\/\/www.conferenciaepiscopal.pt\/v1\/santuario-de-fatima-homilia-do-dia-12-de-maio-de-2020\/#primaryimage"},"thumbnailUrl":"https:\/\/www.conferenciaepiscopal.pt\/v1\/wp-content\/uploads\/AH1_0961.jpg","articleSection":["#entrada","Documentos"],"inLanguage":"pt-PT"},{"@type":"WebPage","@id":"https:\/\/www.conferenciaepiscopal.pt\/v1\/santuario-de-fatima-homilia-do-dia-12-de-maio-de-2020\/","url":"https:\/\/www.conferenciaepiscopal.pt\/v1\/santuario-de-fatima-homilia-do-dia-12-de-maio-de-2020\/","name":"Santu\u00e1rio de F\u00e1tima Homilia do dia 12 de maio de 2020 - Confer\u00eancia Episcopal Portuguesa","isPartOf":{"@id":"https:\/\/www.conferenciaepiscopal.pt\/v1\/#website"},"primaryImageOfPage":{"@id":"https:\/\/www.conferenciaepiscopal.pt\/v1\/santuario-de-fatima-homilia-do-dia-12-de-maio-de-2020\/#primaryimage"},"image":{"@id":"https:\/\/www.conferenciaepiscopal.pt\/v1\/santuario-de-fatima-homilia-do-dia-12-de-maio-de-2020\/#primaryimage"},"thumbnailUrl":"https:\/\/www.conferenciaepiscopal.pt\/v1\/wp-content\/uploads\/AH1_0961.jpg","datePublished":"2020-05-13T12:15:27+00:00","dateModified":"2020-05-13T12:29:05+00:00","breadcrumb":{"@id":"https:\/\/www.conferenciaepiscopal.pt\/v1\/santuario-de-fatima-homilia-do-dia-12-de-maio-de-2020\/#breadcrumb"},"inLanguage":"pt-PT","potentialAction":[{"@type":"ReadAction","target":["https:\/\/www.conferenciaepiscopal.pt\/v1\/santuario-de-fatima-homilia-do-dia-12-de-maio-de-2020\/"]}]},{"@type":"ImageObject","inLanguage":"pt-PT","@id":"https:\/\/www.conferenciaepiscopal.pt\/v1\/santuario-de-fatima-homilia-do-dia-12-de-maio-de-2020\/#primaryimage","url":"https:\/\/www.conferenciaepiscopal.pt\/v1\/wp-content\/uploads\/AH1_0961.jpg","contentUrl":"https:\/\/www.conferenciaepiscopal.pt\/v1\/wp-content\/uploads\/AH1_0961.jpg","width":1920,"height":1280,"caption":"Foto Arlindo Homem\/ECCLESIA"},{"@type":"BreadcrumbList","@id":"https:\/\/www.conferenciaepiscopal.pt\/v1\/santuario-de-fatima-homilia-do-dia-12-de-maio-de-2020\/#breadcrumb","itemListElement":[{"@type":"ListItem","position":1,"name":"In\u00edcio","item":"https:\/\/www.conferenciaepiscopal.pt\/v1\/"},{"@type":"ListItem","position":2,"name":"Santu\u00e1rio de F\u00e1tima Homilia do dia 12 de maio de 2020"}]},{"@type":"WebSite","@id":"https:\/\/www.conferenciaepiscopal.pt\/v1\/#website","url":"https:\/\/www.conferenciaepiscopal.pt\/v1\/","name":"Confer\u00eancia Episcopal Portuguesa","description":"Igreja Cat\u00f3lica em Portugal","publisher":{"@id":"https:\/\/www.conferenciaepiscopal.pt\/v1\/#organization"},"potentialAction":[{"@type":"SearchAction","target":{"@type":"EntryPoint","urlTemplate":"https:\/\/www.conferenciaepiscopal.pt\/v1\/?s={search_term_string}"},"query-input":{"@type":"PropertyValueSpecification","valueRequired":true,"valueName":"search_term_string"}}],"inLanguage":"pt-PT"},{"@type":"Organization","@id":"https:\/\/www.conferenciaepiscopal.pt\/v1\/#organization","name":"Confer\u00eancia Episcopal Portuguesa","url":"https:\/\/www.conferenciaepiscopal.pt\/v1\/","logo":{"@type":"ImageObject","inLanguage":"pt-PT","@id":"https:\/\/www.conferenciaepiscopal.pt\/v1\/#\/schema\/logo\/image\/","url":"https:\/\/www.conferenciaepiscopal.pt\/v1\/wp-content\/uploads\/cropped-logoTransparente.png","contentUrl":"https:\/\/www.conferenciaepiscopal.pt\/v1\/wp-content\/uploads\/cropped-logoTransparente.png","width":512,"height":512,"caption":"Confer\u00eancia Episcopal Portuguesa"},"image":{"@id":"https:\/\/www.conferenciaepiscopal.pt\/v1\/#\/schema\/logo\/image\/"}},{"@type":"Person","@id":"https:\/\/www.conferenciaepiscopal.pt\/v1\/#\/schema\/person\/ab696457f75fe8e22b00183bfacb4cb2","name":"Manuel Costa","image":{"@type":"ImageObject","inLanguage":"pt-PT","@id":"https:\/\/secure.gravatar.com\/avatar\/5054571ff5d2454cd50657fc4e61d0c32d7a5d0d3b36ef6c0f6e269276d13618?s=96&d=mm&r=g","url":"https:\/\/secure.gravatar.com\/avatar\/5054571ff5d2454cd50657fc4e61d0c32d7a5d0d3b36ef6c0f6e269276d13618?s=96&d=mm&r=g","contentUrl":"https:\/\/secure.gravatar.com\/avatar\/5054571ff5d2454cd50657fc4e61d0c32d7a5d0d3b36ef6c0f6e269276d13618?s=96&d=mm&r=g","caption":"Manuel Costa"}}]}},"_links":{"self":[{"href":"https:\/\/www.conferenciaepiscopal.pt\/v1\/wp-json\/wp\/v2\/posts\/6674","targetHints":{"allow":["GET"]}}],"collection":[{"href":"https:\/\/www.conferenciaepiscopal.pt\/v1\/wp-json\/wp\/v2\/posts"}],"about":[{"href":"https:\/\/www.conferenciaepiscopal.pt\/v1\/wp-json\/wp\/v2\/types\/post"}],"author":[{"embeddable":true,"href":"https:\/\/www.conferenciaepiscopal.pt\/v1\/wp-json\/wp\/v2\/users\/1"}],"replies":[{"embeddable":true,"href":"https:\/\/www.conferenciaepiscopal.pt\/v1\/wp-json\/wp\/v2\/comments?post=6674"}],"version-history":[{"count":1,"href":"https:\/\/www.conferenciaepiscopal.pt\/v1\/wp-json\/wp\/v2\/posts\/6674\/revisions"}],"predecessor-version":[{"id":6677,"href":"https:\/\/www.conferenciaepiscopal.pt\/v1\/wp-json\/wp\/v2\/posts\/6674\/revisions\/6677"}],"wp:featuredmedia":[{"embeddable":true,"href":"https:\/\/www.conferenciaepiscopal.pt\/v1\/wp-json\/wp\/v2\/media\/6676"}],"wp:attachment":[{"href":"https:\/\/www.conferenciaepiscopal.pt\/v1\/wp-json\/wp\/v2\/media?parent=6674"}],"wp:term":[{"taxonomy":"category","embeddable":true,"href":"https:\/\/www.conferenciaepiscopal.pt\/v1\/wp-json\/wp\/v2\/categories?post=6674"},{"taxonomy":"post_tag","embeddable":true,"href":"https:\/\/www.conferenciaepiscopal.pt\/v1\/wp-json\/wp\/v2\/tags?post=6674"}],"curies":[{"name":"wp","href":"https:\/\/api.w.org\/{rel}","templated":true}]}}