{"id":6670,"date":"2020-05-13T13:23:20","date_gmt":"2020-05-13T12:23:20","guid":{"rendered":"http:\/\/www.conferenciaepiscopal.pt\/v1\/?p=6670"},"modified":"2020-05-13T13:29:53","modified_gmt":"2020-05-13T12:29:53","slug":"santuario-de-fatima-homilia-do-dia-13-de-maio-de-2020","status":"publish","type":"post","link":"https:\/\/www.conferenciaepiscopal.pt\/v1\/santuario-de-fatima-homilia-do-dia-13-de-maio-de-2020\/","title":{"rendered":"Santu\u00e1rio de F\u00e1tima &#8211; Homilia do dia 13 de maio de 2020"},"content":{"rendered":"<p><strong>PEREGRINA\u00c7\u00c3O INTERIOR, UM OLHAR RENOVADOR E ESPERAN\u00c7ADO <\/strong><\/p>\n<p><!--more--><\/p>\n<figure id=\"attachment_6672\" aria-describedby=\"caption-attachment-6672\" style=\"width: 398px\" class=\"wp-caption alignright\"><a href=\"https:\/\/www.conferenciaepiscopal.pt\/v1\/wp-content\/uploads\/fatima-arlindo.jpg\"><img fetchpriority=\"high\" decoding=\"async\" class=\"wp-image-6672 \" src=\"https:\/\/www.conferenciaepiscopal.pt\/v1\/wp-content\/uploads\/fatima-arlindo.jpg\" alt=\"\" width=\"398\" height=\"266\" srcset=\"https:\/\/www.conferenciaepiscopal.pt\/v1\/wp-content\/uploads\/fatima-arlindo.jpg 900w, https:\/\/www.conferenciaepiscopal.pt\/v1\/wp-content\/uploads\/fatima-arlindo-300x200.jpg 300w, https:\/\/www.conferenciaepiscopal.pt\/v1\/wp-content\/uploads\/fatima-arlindo-768x512.jpg 768w, https:\/\/www.conferenciaepiscopal.pt\/v1\/wp-content\/uploads\/fatima-arlindo-480x320.jpg 480w\" sizes=\"(max-width: 398px) 100vw, 398px\" \/><\/a><figcaption id=\"caption-attachment-6672\" class=\"wp-caption-text\">Foto: Arlindo Homem\/ECCLESIA<\/figcaption><\/figure>\n<p>Salve, M\u00e3e de miseric\u00f3rdia!<\/p>\n<p>Neste dia e neste tempo de incerteza e dor invocamos Nossa Senhora como M\u00e3e da miseric\u00f3rdia.<\/p>\n<p>Pela primeira vez na hist\u00f3ria, desde 1917, neste grande dia 13 de maio, o teu povo amado, Senhora nossa, vindo dos mais diversos \u00e2ngulos do mundo n\u00e3o pode estar aqui hoje, em multid\u00e3o, impedido pelos riscos da sa\u00fade p\u00fablica. De repente, algo que nem sequer pod\u00edamos imaginar confina-nos nas nossas casas e priva-nos dos momentos mais afetuosos e desejados da vida, como este que vivemos cada ano junto de ti, \u00f3 terna M\u00e3e.<\/p>\n<p>&nbsp;<\/p>\n<h3><strong>Peregrina\u00e7\u00e3o interior <\/strong><\/h3>\n<p>\u00c9 poss\u00edvel que muitos pensem que esta peregrina\u00e7\u00e3o \u00e9 triste por se realizar com o recinto fechado e porque lhe faltam as grandes multid\u00f5es e o colorido dos anos anteriores. Sem negar o coeficiente de tristeza e dor que vai no cora\u00e7\u00e3o de todos, sabemos pela f\u00e9 que \u201cpara os que amam a Deus tudo serve para o bem\u201d, como diz o ap\u00f3stolo S\u00e3o Paulo aos Romanos (Rom 8, 28). Neste sentido, talvez estejamos todos a aprender como \u00e9 uma peregrina\u00e7\u00e3o em estado puro, o peregrinar com o cora\u00e7\u00e3o, a peregrina\u00e7\u00e3o interior no percurso mais \u00edntimo da nossa vida, com a companhia espiritual da M\u00e3e celeste, que leva cada um a encontrar-se com Deus santo e misericordioso.<\/p>\n<p>\u00c9 verdade que n\u00e3o est\u00e1 aqui no recinto a multid\u00e3o de devotos para saudar Nossa Senhora com o conhecido e amado c\u00e2ntico do Ave de F\u00e1tima. Mas antes de n\u00f3s decidirmos vir ao santu\u00e1rio, j\u00e1 ela foi ao nosso cora\u00e7\u00e3o, \u00e0s nossas casas e nos atraiu. Hoje \u00e9 ela que abre as portas deste santu\u00e1rio e sai dele, espiritualmente, como peregrina para se fazer pr\u00f3xima das nossas vidas, das nossas casas e levar-nos a consola\u00e7\u00e3o do seu cora\u00e7\u00e3o materno como fez na visita \u00e0 sua prima Isabel.<\/p>\n<p>N\u00f3s acreditamos, Senhora, que Tu foste enviada pelo Deus de miseric\u00f3rdia a este lugar bendito para estares junto de n\u00f3s e nos acompanhares em todas as situa\u00e7\u00f5es da vida. Desde as nossas casas e do nosso cora\u00e7\u00e3o, com a simplicidade de filhos, ousamos manifestar-te as nossas preocupa\u00e7\u00f5es e os nossos medos, as nossas feridas e l\u00e1grimas, a nossa confian\u00e7a em ti. Com paci\u00eancia, querida M\u00e3e, escutar\u00e1s as nossas lamenta\u00e7\u00f5es, chorar\u00e1s connosco, sofrer\u00e1s com os nossos sofrimentos e encontrar\u00e1s no c\u00e9u, que \u00e9 o teu cora\u00e7\u00e3o, a consola\u00e7\u00e3o para os que agora nos sentimos fr\u00e1geis e em perigo e para os que partem sem o conforto dos seus e sem lhes poderem dizer adeus.<\/p>\n<p>Aqueles que alguma vez se sentiram verdadeiramente peregrinos neste lugar aben\u00e7oado, sabem muito bem que nunca, depois de um encontro contigo, saem daqui vazios. Tu, querida M\u00e3e, sempre nos ajudas a olhar em frente, sempre nos d\u00e1s a medicina espiritual que nos cura e pacifica, sempre nos ofereces o perfume do amor de Deus, sempre nos convidas \u00e0 f\u00e9 renovada em Cristo, nosso caminho, verdade e vida. N\u00f3s sabemos que Tu \u00e9s a nossa companhia nestes dias dif\u00edceis e queremos receber-te em nossa casa, como o ap\u00f3stolo Jo\u00e3o e como os Santos Pastorinhos de F\u00e1tima.<\/p>\n<p>&nbsp;<\/p>\n<h3><strong>Mensagem de F\u00e1tima: ler os sinais dos tempos com esperan\u00e7a <\/strong><\/h3>\n<p>Como no 13 de maio de 1917, tamb\u00e9m a \u201cSenhora t\u00e3o bonita\u201d de que falavam os Pastorinhos nos \u00e9 apresentada hoje, na primeira leitura do Livro do Apocalipse, sob a imagem da \u201cmulher revestida de sol\u201d que irradia a luz de Deus, que nos convida a ver a nossa vida e a hist\u00f3ria do mundo \u00e0 luz da f\u00e9 e nos convida \u00e0 confian\u00e7a no triunfo do bem e da vida sobre o mal e a morte. Por sua vez, o evangelho de hoje apresenta-a como mulher humilde no meio do povo, exemplo de f\u00e9 para ouvir e p\u00f4r em pr\u00e1tica a Palavra de Deus, semente da vida nova e na santidade em Cristo. A Palavra de Deus motiva-nos, pois, a atualizar a mensagem de F\u00e1tima de esperan\u00e7a e de paz e do apelo \u00e0 convers\u00e3o: \u00e9 poss\u00edvel recome\u00e7ar com esperan\u00e7a!<\/p>\n<p>De facto, a luz da f\u00e9 ajuda-nos a ver o lado positivo das crises, das noites escuras, porque nos diz que tamb\u00e9m nessas noites h\u00e1 estrelas de refer\u00eancia. Ou, como escreveu algu\u00e9m, \u201ch\u00e1 coisas que se aprendem melhor na calma e h\u00e1 outras que se aprendem na tempestade\u201d (Willa Cather). A f\u00e9 ajuda-nos a ler e compreender os sinais dos tempos na hora presente, com um olhar renovador e esperan\u00e7ado.<\/p>\n<p>&nbsp;<\/p>\n<p><strong>Chamamento \u00e0 convers\u00e3o em profundidade <\/strong><\/p>\n<p>Ainda h\u00e1 pouco est\u00e1vamos a viver com uma confian\u00e7a imensa no poder cient\u00edfico-t\u00e9cnico, no poder econ\u00f3mico-financeiro, pensando que estar\u00edamos porventura imunes a qualquer epidemia ou, se ela viesse, logo se encontraria uma solu\u00e7\u00e3o r\u00e1pida. Mas, inesperadamente, um v\u00edrus imprevis\u00edvel, invis\u00edvel, silencioso, capaz de contagiar tudo e todos, p\u00f5e o mundo inteiro a vacilar. Sentimos o ch\u00e3o a fugir-nos debaixo dos p\u00e9s. Todas as nossas agendas e programa\u00e7\u00f5es ca\u00edram como um castelo de cartas. Logo foram precisos planos de conting\u00eancia e de emerg\u00eancia para fazer face a este flagelo global.<\/p>\n<p>\u00c9 uma situa\u00e7\u00e3o dram\u00e1tica e tr\u00e1gica, sem precedentes, que nos convida a refletir sobre a vida e, em primeiro lugar, a ir ao essencial, que muitas vezes esquecemos quando a vida nos corre bem. P\u00f5e a nu e revela a vulnerabilidade e fragilidade da nossa condi\u00e7\u00e3o humana. \u00c0s vezes, parecemos t\u00e3o tremendamente fortes e somos t\u00e3o tremendamente fr\u00e1geis e vulner\u00e1veis. Leva-nos a pensar sobre o sentido da vida (para que vivo? para quem vivo?), sobre a possibilidade e a realidade da morte, da nossa pr\u00f3pria morte e da dos entes queridos. Obriga-nos a repensar os nossos h\u00e1bitos, o nosso estilo de vida, a escala de valores que orienta a nossa vida. N\u00e3o se pode viver s\u00f3 para produzir e para consumir, para ter e para aparecer. Coloca-nos perante o grande mist\u00e9rio \u00faltimo da vida e da humanidade que n\u00f3s, os crentes, chamamos Deus e n\u00f3s, crist\u00e3os, chamamos o Deus de Jesus Cristo. Tudo isto, irm\u00e3os e irm\u00e3s, exige uma reflex\u00e3o interior, espiritual e tamb\u00e9m a abertura do nosso cora\u00e7\u00e3o a Deus, t\u00e3o esquecido, ignorado e marginalizado.<\/p>\n<p>A pandemia \u00e9 um chamamento \u00e0 convers\u00e3o espiritual mais em profundidade. Um chamamento aos fi\u00e9is crist\u00e3os, mas tamb\u00e9m a todos os homens e mulheres, que permanecem criaturas de Deus. Uma vida melhor na nossa casa comum, em paz com as criaturas, connosco mesmos, com os outros e com Deus, uma vida rica de sentido requer uma convers\u00e3o! Perguntemo-nos, pois, se temos tempo para Deus, se lhe damos o lugar que Ele merece no nosso cora\u00e7\u00e3o e na nossa vida.<\/p>\n<p>A nossa vulnerabilidade e fragilidade fazem-nos sentir a todos unidos em humanidade, porque o v\u00edrus ultrapassa todas as barreiras geogr\u00e1ficas e todas as condi\u00e7\u00f5es sociais, econ\u00f3micas e hier\u00e1rquicas: ricos e pobres, grandes e pequenos, letrados ou iletrados, ningu\u00e9m est\u00e1 imune. Sentimo-nos unidos e pertencentes a uma humanidade comum, na fragilidade, mas tamb\u00e9m unidos na fraternidade e na solidariedade. E damos conta de que a nossa liberdade s\u00f3 pode ser exercida na responsabilidade e na solidariedade, porque somos interdependentes e solid\u00e1rios uns dos outros e por isso nos salvamos todos juntos ou nos afundamos todos juntos. E descobrimos tamb\u00e9m qu\u00e3o \u00e9 importante a fam\u00edlia como suporte humano e espiritual, como pequena igreja dom\u00e9stica em tempos de confinamento.<\/p>\n<p>A pandemia, com a longa interrup\u00e7\u00e3o da vida normal, traz terr\u00edveis consequ\u00eancias econ\u00f3micas, sociais e laborais. J\u00e1 est\u00e1 a gerar uma outra pandemia mais dolorosa, a da extens\u00e3o da pobreza, da fome e da exclus\u00e3o social, agravada pela cultura da indiferen\u00e7a e do individualismo. O v\u00edrus da indiferen\u00e7a s\u00f3 \u00e9 derrotado com os anticorpos da compaix\u00e3o e da solidariedade. Como crist\u00e3os n\u00e3o podemos ficar indiferentes, acomodados, a olhar para o lado. A este prop\u00f3sito interpela-nos a impressionante vis\u00e3o da pequena santa Jacinta que ela comunicou \u00e0 L\u00facia nestes termos: \u201cN\u00e3o v\u00eas tanta estrada, tantos caminhos e campos cheios de gente, a chorar com fome, e n\u00e3o t\u00eam nada para comer? E o Santo Padre em uma igreja diante do Imaculado Cora\u00e7\u00e3o de Maria a rezar? E tanta gente a rezar com ele?\u201d. \u00c9 uma situa\u00e7\u00e3o que j\u00e1 bate \u00e0 porta das C\u00e1ritas diocesanas e de v\u00e1rias par\u00f3quias e soa a sinal de grito de alarme!<\/p>\n<p>Mas, como lembra o Papa Francisco, \u00e9 necess\u00e1rio tamb\u00e9m um impulso de solidariedade que oriente uma resposta mundial perante a anunciada quebra \u2013 se n\u00e3o queda \u2013 do nosso sistema econ\u00f3mico e social. Ou\u00e7amos as interroga\u00e7\u00f5es pertinentes e desafiantes do Papa. \u201cSeremos capazes de atuar com responsabilidade diante da fome que muitos sofrem, sabendo que temos alimentos para todos? Continuaremos olhando para o outro lado com um sil\u00eancio c\u00famplice diante daquelas guerras fomentadas por desejos de dom\u00ednio e de poder? Estaremos dispostos a mudar os estilos de vida que mergulham tantos na pobreza, promovendo e animando-nos a levar uma vida mais s\u00f3bria e humana que possibilite uma divis\u00e3o equitativa dos recursos? Adotaremos como comunidade internacional as medidas necess\u00e1rias para deter a devasta\u00e7\u00e3o do meio ambiente ou continuamos a negar a evid\u00eancia? A globaliza\u00e7\u00e3o da indiferen\u00e7a continuar\u00e1 a amea\u00e7ar e a tentar o nosso caminho\u2026 Esperemos que nos encontre com os anticorpos necess\u00e1rios da justi\u00e7a, da caridade e da solidariedade\u201d.<\/p>\n<p>Meus caros irm\u00e3os e irm\u00e3s, todos estes aspetos referidos fazem parte da nossa peregrina\u00e7\u00e3o interior, desta peregrina\u00e7\u00e3o interior de 13 de Maio de 2020, da convers\u00e3o que nossa Senhora de F\u00e1tima nos pede hoje.<\/p>\n<p>&nbsp;<\/p>\n<h3><strong>Voltaremos <\/strong><\/h3>\n<p>Querida M\u00e3e, queremos agradecer-te esta peregrina\u00e7\u00e3o interior, a luz, a esperan\u00e7a, a consola\u00e7\u00e3o, o conforto e a paz de Cristo que levas \u00e0s nossas casas e aos nossos cora\u00e7\u00f5es. Hoje fazes Tu o caminho da ida; o caminho da volta f\u00e1-lo-emos n\u00f3s quando superarmos esta amea\u00e7a que no-lo impede. Voltaremos, sim, voltaremos: \u00e9 a nossa confian\u00e7a e o nosso compromisso hoje. Voltaremos todos aqui juntos, em a\u00e7\u00e3o de gra\u00e7as, para te cantar: \u201caqui vimos, M\u00e3e querida, consagrar-te o nosso amor\u201d!<\/p>\n<p>&nbsp;<\/p>\n<p><em>\u2020 Ant\u00f3nio Marto, Bispo de Leiria-F\u00e1tima<\/em><\/p>\n<p><a href=\"https:\/\/www.conferenciaepiscopal.pt\/v1\/wp-content\/uploads\/SantuarioFatima_Homilia_13maio2020.pdf\" target=\"_blank\" rel=\"noopener noreferrer\">SantuarioFatima_Homilia_13maio2020 [PDF]<\/a><\/p>\n","protected":false},"excerpt":{"rendered":"<p>PEREGRINA\u00c7\u00c3O INTERIOR, UM OLHAR RENOVADOR E ESPERAN\u00c7ADO<\/p>\n","protected":false},"author":1,"featured_media":6672,"comment_status":"closed","ping_status":"closed","sticky":false,"template":"","format":"standard","meta":{"site-sidebar-layout":"default","site-content-layout":"","ast-site-content-layout":"default","site-content-style":"default","site-sidebar-style":"default","ast-global-header-display":"","ast-banner-title-visibility":"","ast-main-header-display":"","ast-hfb-above-header-display":"","ast-hfb-below-header-display":"","ast-hfb-mobile-header-display":"","site-post-title":"","ast-breadcrumbs-content":"","ast-featured-img":"","footer-sml-layout":"","ast-disable-related-posts":"","theme-transparent-header-meta":"","adv-header-id-meta":"","stick-header-meta":"","header-above-stick-meta":"","header-main-stick-meta":"","header-below-stick-meta":"","astra-migrate-meta-layouts":"default","ast-page-background-enabled":"default","ast-page-background-meta":{"desktop":{"background-color":"var(--ast-global-color-4)","background-image":"","background-repeat":"repeat","background-position":"center center","background-size":"auto","background-attachment":"scroll","background-type":"","background-media":"","overlay-type":"","overlay-color":"","overlay-opacity":"","overlay-gradient":""},"tablet":{"background-color":"","background-image":"","background-repeat":"repeat","background-position":"center center","background-size":"auto","background-attachment":"scroll","background-type":"","background-media":"","overlay-type":"","overlay-color":"","overlay-opacity":"","overlay-gradient":""},"mobile":{"background-color":"","background-image":"","background-repeat":"repeat","background-position":"center center","background-size":"auto","background-attachment":"scroll","background-type":"","background-media":"","overlay-type":"","overlay-color":"","overlay-opacity":"","overlay-gradient":""}},"ast-content-background-meta":{"desktop":{"background-color":"var(--ast-global-color-5)","background-image":"","background-repeat":"repeat","background-position":"center center","background-size":"auto","background-attachment":"scroll","background-type":"","background-media":"","overlay-type":"","overlay-color":"","overlay-opacity":"","overlay-gradient":""},"tablet":{"background-color":"var(--ast-global-color-5)","background-image":"","background-repeat":"repeat","background-position":"center center","background-size":"auto","background-attachment":"scroll","background-type":"","background-media":"","overlay-type":"","overlay-color":"","overlay-opacity":"","overlay-gradient":""},"mobile":{"background-color":"var(--ast-global-color-5)","background-image":"","background-repeat":"repeat","background-position":"center center","background-size":"auto","background-attachment":"scroll","background-type":"","background-media":"","overlay-type":"","overlay-color":"","overlay-opacity":"","overlay-gradient":""}},"footnotes":""},"categories":[74,4],"tags":[],"class_list":["post-6670","post","type-post","status-publish","format-standard","has-post-thumbnail","hentry","category-entrada","category-documentos"],"yoast_head":"<!-- This site is optimized with the Yoast SEO plugin v27.5 - https:\/\/yoast.com\/product\/yoast-seo-wordpress\/ -->\n<title>Santu\u00e1rio de F\u00e1tima - Homilia do dia 13 de maio de 2020 - Confer\u00eancia Episcopal Portuguesa<\/title>\n<meta name=\"robots\" content=\"index, follow, max-snippet:-1, max-image-preview:large, max-video-preview:-1\" \/>\n<link rel=\"canonical\" href=\"https:\/\/www.conferenciaepiscopal.pt\/v1\/santuario-de-fatima-homilia-do-dia-13-de-maio-de-2020\/\" \/>\n<meta property=\"og:locale\" content=\"pt_PT\" \/>\n<meta property=\"og:type\" content=\"article\" \/>\n<meta property=\"og:title\" content=\"Santu\u00e1rio de F\u00e1tima - Homilia do dia 13 de maio de 2020 - Confer\u00eancia Episcopal Portuguesa\" \/>\n<meta property=\"og:description\" content=\"PEREGRINA\u00c7\u00c3O INTERIOR, UM OLHAR RENOVADOR E ESPERAN\u00c7ADO\" \/>\n<meta property=\"og:url\" content=\"https:\/\/www.conferenciaepiscopal.pt\/v1\/santuario-de-fatima-homilia-do-dia-13-de-maio-de-2020\/\" \/>\n<meta property=\"og:site_name\" content=\"Confer\u00eancia Episcopal Portuguesa\" \/>\n<meta property=\"article:published_time\" content=\"2020-05-13T12:23:20+00:00\" \/>\n<meta property=\"article:modified_time\" content=\"2020-05-13T12:29:53+00:00\" \/>\n<meta property=\"og:image\" content=\"https:\/\/www.conferenciaepiscopal.pt\/v1\/wp-content\/uploads\/fatima-arlindo.jpg\" \/>\n\t<meta property=\"og:image:width\" content=\"900\" \/>\n\t<meta property=\"og:image:height\" content=\"600\" \/>\n\t<meta property=\"og:image:type\" content=\"image\/jpeg\" \/>\n<meta name=\"author\" content=\"Manuel Costa\" \/>\n<meta name=\"twitter:card\" content=\"summary_large_image\" \/>\n<meta name=\"twitter:label1\" content=\"Escrito por\" \/>\n\t<meta name=\"twitter:data1\" content=\"Manuel Costa\" \/>\n\t<meta name=\"twitter:label2\" content=\"Tempo estimado de leitura\" \/>\n\t<meta name=\"twitter:data2\" content=\"9 minutos\" \/>\n<script type=\"application\/ld+json\" class=\"yoast-schema-graph\">{\"@context\":\"https:\\\/\\\/schema.org\",\"@graph\":[{\"@type\":\"Article\",\"@id\":\"https:\\\/\\\/www.conferenciaepiscopal.pt\\\/v1\\\/santuario-de-fatima-homilia-do-dia-13-de-maio-de-2020\\\/#article\",\"isPartOf\":{\"@id\":\"https:\\\/\\\/www.conferenciaepiscopal.pt\\\/v1\\\/santuario-de-fatima-homilia-do-dia-13-de-maio-de-2020\\\/\"},\"author\":{\"name\":\"Manuel Costa\",\"@id\":\"https:\\\/\\\/www.conferenciaepiscopal.pt\\\/v1\\\/#\\\/schema\\\/person\\\/ab696457f75fe8e22b00183bfacb4cb2\"},\"headline\":\"Santu\u00e1rio de F\u00e1tima &#8211; Homilia do dia 13 de maio de 2020\",\"datePublished\":\"2020-05-13T12:23:20+00:00\",\"dateModified\":\"2020-05-13T12:29:53+00:00\",\"mainEntityOfPage\":{\"@id\":\"https:\\\/\\\/www.conferenciaepiscopal.pt\\\/v1\\\/santuario-de-fatima-homilia-do-dia-13-de-maio-de-2020\\\/\"},\"wordCount\":1833,\"publisher\":{\"@id\":\"https:\\\/\\\/www.conferenciaepiscopal.pt\\\/v1\\\/#organization\"},\"image\":{\"@id\":\"https:\\\/\\\/www.conferenciaepiscopal.pt\\\/v1\\\/santuario-de-fatima-homilia-do-dia-13-de-maio-de-2020\\\/#primaryimage\"},\"thumbnailUrl\":\"https:\\\/\\\/www.conferenciaepiscopal.pt\\\/v1\\\/wp-content\\\/uploads\\\/fatima-arlindo.jpg\",\"articleSection\":[\"#entrada\",\"Documentos\"],\"inLanguage\":\"pt-PT\"},{\"@type\":\"WebPage\",\"@id\":\"https:\\\/\\\/www.conferenciaepiscopal.pt\\\/v1\\\/santuario-de-fatima-homilia-do-dia-13-de-maio-de-2020\\\/\",\"url\":\"https:\\\/\\\/www.conferenciaepiscopal.pt\\\/v1\\\/santuario-de-fatima-homilia-do-dia-13-de-maio-de-2020\\\/\",\"name\":\"Santu\u00e1rio de F\u00e1tima - Homilia do dia 13 de maio de 2020 - Confer\u00eancia Episcopal Portuguesa\",\"isPartOf\":{\"@id\":\"https:\\\/\\\/www.conferenciaepiscopal.pt\\\/v1\\\/#website\"},\"primaryImageOfPage\":{\"@id\":\"https:\\\/\\\/www.conferenciaepiscopal.pt\\\/v1\\\/santuario-de-fatima-homilia-do-dia-13-de-maio-de-2020\\\/#primaryimage\"},\"image\":{\"@id\":\"https:\\\/\\\/www.conferenciaepiscopal.pt\\\/v1\\\/santuario-de-fatima-homilia-do-dia-13-de-maio-de-2020\\\/#primaryimage\"},\"thumbnailUrl\":\"https:\\\/\\\/www.conferenciaepiscopal.pt\\\/v1\\\/wp-content\\\/uploads\\\/fatima-arlindo.jpg\",\"datePublished\":\"2020-05-13T12:23:20+00:00\",\"dateModified\":\"2020-05-13T12:29:53+00:00\",\"breadcrumb\":{\"@id\":\"https:\\\/\\\/www.conferenciaepiscopal.pt\\\/v1\\\/santuario-de-fatima-homilia-do-dia-13-de-maio-de-2020\\\/#breadcrumb\"},\"inLanguage\":\"pt-PT\",\"potentialAction\":[{\"@type\":\"ReadAction\",\"target\":[\"https:\\\/\\\/www.conferenciaepiscopal.pt\\\/v1\\\/santuario-de-fatima-homilia-do-dia-13-de-maio-de-2020\\\/\"]}]},{\"@type\":\"ImageObject\",\"inLanguage\":\"pt-PT\",\"@id\":\"https:\\\/\\\/www.conferenciaepiscopal.pt\\\/v1\\\/santuario-de-fatima-homilia-do-dia-13-de-maio-de-2020\\\/#primaryimage\",\"url\":\"https:\\\/\\\/www.conferenciaepiscopal.pt\\\/v1\\\/wp-content\\\/uploads\\\/fatima-arlindo.jpg\",\"contentUrl\":\"https:\\\/\\\/www.conferenciaepiscopal.pt\\\/v1\\\/wp-content\\\/uploads\\\/fatima-arlindo.jpg\",\"width\":900,\"height\":600},{\"@type\":\"BreadcrumbList\",\"@id\":\"https:\\\/\\\/www.conferenciaepiscopal.pt\\\/v1\\\/santuario-de-fatima-homilia-do-dia-13-de-maio-de-2020\\\/#breadcrumb\",\"itemListElement\":[{\"@type\":\"ListItem\",\"position\":1,\"name\":\"In\u00edcio\",\"item\":\"https:\\\/\\\/www.conferenciaepiscopal.pt\\\/v1\\\/\"},{\"@type\":\"ListItem\",\"position\":2,\"name\":\"Santu\u00e1rio de F\u00e1tima &#8211; Homilia do dia 13 de maio de 2020\"}]},{\"@type\":\"WebSite\",\"@id\":\"https:\\\/\\\/www.conferenciaepiscopal.pt\\\/v1\\\/#website\",\"url\":\"https:\\\/\\\/www.conferenciaepiscopal.pt\\\/v1\\\/\",\"name\":\"Confer\u00eancia Episcopal Portuguesa\",\"description\":\"Igreja Cat\u00f3lica em Portugal\",\"publisher\":{\"@id\":\"https:\\\/\\\/www.conferenciaepiscopal.pt\\\/v1\\\/#organization\"},\"potentialAction\":[{\"@type\":\"SearchAction\",\"target\":{\"@type\":\"EntryPoint\",\"urlTemplate\":\"https:\\\/\\\/www.conferenciaepiscopal.pt\\\/v1\\\/?s={search_term_string}\"},\"query-input\":{\"@type\":\"PropertyValueSpecification\",\"valueRequired\":true,\"valueName\":\"search_term_string\"}}],\"inLanguage\":\"pt-PT\"},{\"@type\":\"Organization\",\"@id\":\"https:\\\/\\\/www.conferenciaepiscopal.pt\\\/v1\\\/#organization\",\"name\":\"Confer\u00eancia Episcopal Portuguesa\",\"url\":\"https:\\\/\\\/www.conferenciaepiscopal.pt\\\/v1\\\/\",\"logo\":{\"@type\":\"ImageObject\",\"inLanguage\":\"pt-PT\",\"@id\":\"https:\\\/\\\/www.conferenciaepiscopal.pt\\\/v1\\\/#\\\/schema\\\/logo\\\/image\\\/\",\"url\":\"https:\\\/\\\/www.conferenciaepiscopal.pt\\\/v1\\\/wp-content\\\/uploads\\\/cropped-logoTransparente.png\",\"contentUrl\":\"https:\\\/\\\/www.conferenciaepiscopal.pt\\\/v1\\\/wp-content\\\/uploads\\\/cropped-logoTransparente.png\",\"width\":512,\"height\":512,\"caption\":\"Confer\u00eancia Episcopal Portuguesa\"},\"image\":{\"@id\":\"https:\\\/\\\/www.conferenciaepiscopal.pt\\\/v1\\\/#\\\/schema\\\/logo\\\/image\\\/\"}},{\"@type\":\"Person\",\"@id\":\"https:\\\/\\\/www.conferenciaepiscopal.pt\\\/v1\\\/#\\\/schema\\\/person\\\/ab696457f75fe8e22b00183bfacb4cb2\",\"name\":\"Manuel Costa\",\"image\":{\"@type\":\"ImageObject\",\"inLanguage\":\"pt-PT\",\"@id\":\"https:\\\/\\\/secure.gravatar.com\\\/avatar\\\/5054571ff5d2454cd50657fc4e61d0c32d7a5d0d3b36ef6c0f6e269276d13618?s=96&d=mm&r=g\",\"url\":\"https:\\\/\\\/secure.gravatar.com\\\/avatar\\\/5054571ff5d2454cd50657fc4e61d0c32d7a5d0d3b36ef6c0f6e269276d13618?s=96&d=mm&r=g\",\"contentUrl\":\"https:\\\/\\\/secure.gravatar.com\\\/avatar\\\/5054571ff5d2454cd50657fc4e61d0c32d7a5d0d3b36ef6c0f6e269276d13618?s=96&d=mm&r=g\",\"caption\":\"Manuel Costa\"}}]}<\/script>\n<!-- \/ Yoast SEO plugin. -->","yoast_head_json":{"title":"Santu\u00e1rio de F\u00e1tima - Homilia do dia 13 de maio de 2020 - Confer\u00eancia Episcopal Portuguesa","robots":{"index":"index","follow":"follow","max-snippet":"max-snippet:-1","max-image-preview":"max-image-preview:large","max-video-preview":"max-video-preview:-1"},"canonical":"https:\/\/www.conferenciaepiscopal.pt\/v1\/santuario-de-fatima-homilia-do-dia-13-de-maio-de-2020\/","og_locale":"pt_PT","og_type":"article","og_title":"Santu\u00e1rio de F\u00e1tima - Homilia do dia 13 de maio de 2020 - Confer\u00eancia Episcopal Portuguesa","og_description":"PEREGRINA\u00c7\u00c3O INTERIOR, UM OLHAR RENOVADOR E ESPERAN\u00c7ADO","og_url":"https:\/\/www.conferenciaepiscopal.pt\/v1\/santuario-de-fatima-homilia-do-dia-13-de-maio-de-2020\/","og_site_name":"Confer\u00eancia Episcopal Portuguesa","article_published_time":"2020-05-13T12:23:20+00:00","article_modified_time":"2020-05-13T12:29:53+00:00","og_image":[{"width":900,"height":600,"url":"https:\/\/www.conferenciaepiscopal.pt\/v1\/wp-content\/uploads\/fatima-arlindo.jpg","type":"image\/jpeg"}],"author":"Manuel Costa","twitter_card":"summary_large_image","twitter_misc":{"Escrito por":"Manuel Costa","Tempo estimado de leitura":"9 minutos"},"schema":{"@context":"https:\/\/schema.org","@graph":[{"@type":"Article","@id":"https:\/\/www.conferenciaepiscopal.pt\/v1\/santuario-de-fatima-homilia-do-dia-13-de-maio-de-2020\/#article","isPartOf":{"@id":"https:\/\/www.conferenciaepiscopal.pt\/v1\/santuario-de-fatima-homilia-do-dia-13-de-maio-de-2020\/"},"author":{"name":"Manuel Costa","@id":"https:\/\/www.conferenciaepiscopal.pt\/v1\/#\/schema\/person\/ab696457f75fe8e22b00183bfacb4cb2"},"headline":"Santu\u00e1rio de F\u00e1tima &#8211; Homilia do dia 13 de maio de 2020","datePublished":"2020-05-13T12:23:20+00:00","dateModified":"2020-05-13T12:29:53+00:00","mainEntityOfPage":{"@id":"https:\/\/www.conferenciaepiscopal.pt\/v1\/santuario-de-fatima-homilia-do-dia-13-de-maio-de-2020\/"},"wordCount":1833,"publisher":{"@id":"https:\/\/www.conferenciaepiscopal.pt\/v1\/#organization"},"image":{"@id":"https:\/\/www.conferenciaepiscopal.pt\/v1\/santuario-de-fatima-homilia-do-dia-13-de-maio-de-2020\/#primaryimage"},"thumbnailUrl":"https:\/\/www.conferenciaepiscopal.pt\/v1\/wp-content\/uploads\/fatima-arlindo.jpg","articleSection":["#entrada","Documentos"],"inLanguage":"pt-PT"},{"@type":"WebPage","@id":"https:\/\/www.conferenciaepiscopal.pt\/v1\/santuario-de-fatima-homilia-do-dia-13-de-maio-de-2020\/","url":"https:\/\/www.conferenciaepiscopal.pt\/v1\/santuario-de-fatima-homilia-do-dia-13-de-maio-de-2020\/","name":"Santu\u00e1rio de F\u00e1tima - Homilia do dia 13 de maio de 2020 - Confer\u00eancia Episcopal Portuguesa","isPartOf":{"@id":"https:\/\/www.conferenciaepiscopal.pt\/v1\/#website"},"primaryImageOfPage":{"@id":"https:\/\/www.conferenciaepiscopal.pt\/v1\/santuario-de-fatima-homilia-do-dia-13-de-maio-de-2020\/#primaryimage"},"image":{"@id":"https:\/\/www.conferenciaepiscopal.pt\/v1\/santuario-de-fatima-homilia-do-dia-13-de-maio-de-2020\/#primaryimage"},"thumbnailUrl":"https:\/\/www.conferenciaepiscopal.pt\/v1\/wp-content\/uploads\/fatima-arlindo.jpg","datePublished":"2020-05-13T12:23:20+00:00","dateModified":"2020-05-13T12:29:53+00:00","breadcrumb":{"@id":"https:\/\/www.conferenciaepiscopal.pt\/v1\/santuario-de-fatima-homilia-do-dia-13-de-maio-de-2020\/#breadcrumb"},"inLanguage":"pt-PT","potentialAction":[{"@type":"ReadAction","target":["https:\/\/www.conferenciaepiscopal.pt\/v1\/santuario-de-fatima-homilia-do-dia-13-de-maio-de-2020\/"]}]},{"@type":"ImageObject","inLanguage":"pt-PT","@id":"https:\/\/www.conferenciaepiscopal.pt\/v1\/santuario-de-fatima-homilia-do-dia-13-de-maio-de-2020\/#primaryimage","url":"https:\/\/www.conferenciaepiscopal.pt\/v1\/wp-content\/uploads\/fatima-arlindo.jpg","contentUrl":"https:\/\/www.conferenciaepiscopal.pt\/v1\/wp-content\/uploads\/fatima-arlindo.jpg","width":900,"height":600},{"@type":"BreadcrumbList","@id":"https:\/\/www.conferenciaepiscopal.pt\/v1\/santuario-de-fatima-homilia-do-dia-13-de-maio-de-2020\/#breadcrumb","itemListElement":[{"@type":"ListItem","position":1,"name":"In\u00edcio","item":"https:\/\/www.conferenciaepiscopal.pt\/v1\/"},{"@type":"ListItem","position":2,"name":"Santu\u00e1rio de F\u00e1tima &#8211; Homilia do dia 13 de maio de 2020"}]},{"@type":"WebSite","@id":"https:\/\/www.conferenciaepiscopal.pt\/v1\/#website","url":"https:\/\/www.conferenciaepiscopal.pt\/v1\/","name":"Confer\u00eancia Episcopal Portuguesa","description":"Igreja Cat\u00f3lica em Portugal","publisher":{"@id":"https:\/\/www.conferenciaepiscopal.pt\/v1\/#organization"},"potentialAction":[{"@type":"SearchAction","target":{"@type":"EntryPoint","urlTemplate":"https:\/\/www.conferenciaepiscopal.pt\/v1\/?s={search_term_string}"},"query-input":{"@type":"PropertyValueSpecification","valueRequired":true,"valueName":"search_term_string"}}],"inLanguage":"pt-PT"},{"@type":"Organization","@id":"https:\/\/www.conferenciaepiscopal.pt\/v1\/#organization","name":"Confer\u00eancia Episcopal Portuguesa","url":"https:\/\/www.conferenciaepiscopal.pt\/v1\/","logo":{"@type":"ImageObject","inLanguage":"pt-PT","@id":"https:\/\/www.conferenciaepiscopal.pt\/v1\/#\/schema\/logo\/image\/","url":"https:\/\/www.conferenciaepiscopal.pt\/v1\/wp-content\/uploads\/cropped-logoTransparente.png","contentUrl":"https:\/\/www.conferenciaepiscopal.pt\/v1\/wp-content\/uploads\/cropped-logoTransparente.png","width":512,"height":512,"caption":"Confer\u00eancia Episcopal Portuguesa"},"image":{"@id":"https:\/\/www.conferenciaepiscopal.pt\/v1\/#\/schema\/logo\/image\/"}},{"@type":"Person","@id":"https:\/\/www.conferenciaepiscopal.pt\/v1\/#\/schema\/person\/ab696457f75fe8e22b00183bfacb4cb2","name":"Manuel Costa","image":{"@type":"ImageObject","inLanguage":"pt-PT","@id":"https:\/\/secure.gravatar.com\/avatar\/5054571ff5d2454cd50657fc4e61d0c32d7a5d0d3b36ef6c0f6e269276d13618?s=96&d=mm&r=g","url":"https:\/\/secure.gravatar.com\/avatar\/5054571ff5d2454cd50657fc4e61d0c32d7a5d0d3b36ef6c0f6e269276d13618?s=96&d=mm&r=g","contentUrl":"https:\/\/secure.gravatar.com\/avatar\/5054571ff5d2454cd50657fc4e61d0c32d7a5d0d3b36ef6c0f6e269276d13618?s=96&d=mm&r=g","caption":"Manuel Costa"}}]}},"_links":{"self":[{"href":"https:\/\/www.conferenciaepiscopal.pt\/v1\/wp-json\/wp\/v2\/posts\/6670","targetHints":{"allow":["GET"]}}],"collection":[{"href":"https:\/\/www.conferenciaepiscopal.pt\/v1\/wp-json\/wp\/v2\/posts"}],"about":[{"href":"https:\/\/www.conferenciaepiscopal.pt\/v1\/wp-json\/wp\/v2\/types\/post"}],"author":[{"embeddable":true,"href":"https:\/\/www.conferenciaepiscopal.pt\/v1\/wp-json\/wp\/v2\/users\/1"}],"replies":[{"embeddable":true,"href":"https:\/\/www.conferenciaepiscopal.pt\/v1\/wp-json\/wp\/v2\/comments?post=6670"}],"version-history":[{"count":2,"href":"https:\/\/www.conferenciaepiscopal.pt\/v1\/wp-json\/wp\/v2\/posts\/6670\/revisions"}],"predecessor-version":[{"id":6678,"href":"https:\/\/www.conferenciaepiscopal.pt\/v1\/wp-json\/wp\/v2\/posts\/6670\/revisions\/6678"}],"wp:featuredmedia":[{"embeddable":true,"href":"https:\/\/www.conferenciaepiscopal.pt\/v1\/wp-json\/wp\/v2\/media\/6672"}],"wp:attachment":[{"href":"https:\/\/www.conferenciaepiscopal.pt\/v1\/wp-json\/wp\/v2\/media?parent=6670"}],"wp:term":[{"taxonomy":"category","embeddable":true,"href":"https:\/\/www.conferenciaepiscopal.pt\/v1\/wp-json\/wp\/v2\/categories?post=6670"},{"taxonomy":"post_tag","embeddable":true,"href":"https:\/\/www.conferenciaepiscopal.pt\/v1\/wp-json\/wp\/v2\/tags?post=6670"}],"curies":[{"name":"wp","href":"https:\/\/api.w.org\/{rel}","templated":true}]}}