{"id":6541,"date":"2020-03-21T18:43:24","date_gmt":"2020-03-21T18:43:24","guid":{"rendered":"http:\/\/www.conferenciaepiscopal.pt\/v1\/?p=6541"},"modified":"2020-03-21T18:54:23","modified_gmt":"2020-03-21T18:54:23","slug":"orientacoes-para-o-cuidado-psicologico-durante-o-tempo-de-quarentena-na-vida-religiosa-e-sacerdotal","status":"publish","type":"post","link":"https:\/\/www.conferenciaepiscopal.pt\/v1\/orientacoes-para-o-cuidado-psicologico-durante-o-tempo-de-quarentena-na-vida-religiosa-e-sacerdotal\/","title":{"rendered":"Orienta\u00e7\u00f5es para o cuidado psicol\u00f3gico durante o tempo de quarentena na vida religiosa e sacerdotal"},"content":{"rendered":"<p><em>Propostas da Unidade Cl\u00ednica de Psicologia da Universidade Pontif\u00edcia de Comillas<\/em><\/p>\n<p><!--more--><\/p>\n<p>Nos \u00faltimos dias temos vindo a enfrentar uma situa\u00e7\u00e3o que, para a maioria de n\u00f3s, \u00e9 nova e implica uma mudan\u00e7a importante de rotinas, trabalho, hor\u00e1rios, servi\u00e7os, atividade e abordagem da miss\u00e3o. H\u00e1 que adaptar-se a uma realidade que se nos imp\u00f5e de forma relativamente imprevista e nem sempre f\u00e1cil de gerir. Mas pode ser vivida tamb\u00e9m a partir do Esp\u00edrito e da confian\u00e7a, como oportunidade de crescimento e de criatividade.<\/p>\n<p>Por isso, a Equipa de Vida Religiosa e Sacerdotal da Unidade Cl\u00ednica de Psicologia (UNINPSI) da Universidade Pontif\u00edcia de Comillas quer oferecer um <strong>guia simples com algumas orienta\u00e7\u00f5es para o cuidado psicol\u00f3gico das comunidades religiosas e da vida sacerdotal. <\/strong>Oxal\u00e1, neste tempo, possamos continuar a cuidar uns dos outros \u2013 dos de perto e dos de longe; e que cada um possa sentir-se acompanhado nas suas necessidades m\u00e9dicas, psicol\u00f3gicas e espirituais.<\/p>\n<p>&nbsp;<\/p>\n<h3>PRE\u00c2MBULOS<\/h3>\n<ol>\n<li><strong>Compreender da melhor forma poss\u00edvel a realidade<\/strong> que est\u00e1s a viver e adaptar-te a ela ser\u00e1 de grande utilidade. \u00c9 importante que reconhe\u00e7as a situa\u00e7\u00e3o \u2013 pessoal, comunit\u00e1ria, social, eclesial \u2013 em que te encontras e que o fa\u00e7as com seriedade e sinceridade; mas sem gerar din\u00e2micas alarmistas infundadas.<\/li>\n<li>Manter-te informado \u00e9 bom e necess\u00e1rio. Assegura-te que recebes informa\u00e7\u00e3o oficial, adequada, suficiente e ver\u00eddica. No entanto, o outro extremo de excesso de informa\u00e7\u00e3o \u2013 especialmente atrav\u00e9s das redes sociais \u2013 pode gerar, em algumas pessoas, mal-estar psicol\u00f3gico. A informa\u00e7\u00e3o em demasia \u00e9 capaz de produzir sensa\u00e7\u00f5es de inquieta\u00e7\u00e3o, ansiedade, medo, sobrevaloriza\u00e7\u00e3o, ideias irracionais, pensamentos negativos e outras rea\u00e7\u00f5es emocionais que, <em>a posteriori<\/em>, revelam ser contraproducentes. <strong>Evita saturar-te e saturar<\/strong>, sobretudo no que se refere a dados e coment\u00e1rios n\u00e3o confirmados e de fiabilidade duvidosa. Talvez te ajude, se escolheres previamente uns momentos do dia (provavelmente n\u00e3o mais que tr\u00eas) para te informares com a maior veracidade e confirma\u00e7\u00e3o poss\u00edvel, sobre a atualidade do que se est\u00e1 a viver.<\/li>\n<li><strong>Segue as recomenda\u00e7\u00f5es dos organismos oficiais <\/strong>e os planos de a\u00e7\u00e3o por eles desenvolvidos: Minist\u00e9rio da Sa\u00fade, Dire\u00e7\u00e3o Geral de Sa\u00fade, Secretarias Regionais, Munic\u00edpios, Freguesias, etc. Sobretudo, presta aten\u00e7\u00e3o se viveres com alguma pessoa que tenha sintomas de infe\u00e7\u00e3o, cujos testes tenham dado positivo ou que precise de isolamento.<\/li>\n<\/ol>\n<p>&nbsp;<\/p>\n<h3>A VIDA COMUM<\/h3>\n<p>Provavelmente ao longo destas semanas vais passar mais tempo e partilhar mais espa\u00e7o com os teus irm\u00e3os de comunidade. Esta situa\u00e7\u00e3o constitui uma oportunidade para viver a partir da fraternidade e da uni\u00e3o das almas. No entanto, tamb\u00e9m requer aten\u00e7\u00e3o, para que o novo cen\u00e1rio de conviv\u00eancia seja, ao mesmo tempo, lugar de encontro, sossego, proximidade e liberdade.<\/p>\n<ol>\n<li>Em primeiro lugar, lembra-te que <strong>nem todos somos iguais<\/strong> e n\u00e3o temos a mesma rea\u00e7\u00e3o diante de uma situa\u00e7\u00e3o de tens\u00e3o ou de um momento de dificuldade. Tenta compreender as rea\u00e7\u00f5es dos outros e aceitar as tuas pr\u00f3prias rea\u00e7\u00f5es sem culpabiliza\u00e7\u00f5es desnecess\u00e1rias. Se for preciso, procura momentos de mais calma e serenidade para poder falar daquilo que se est\u00e1 a passar, de forma madura e honesta.<\/li>\n<li><strong>Provoca conversas alternativas<\/strong>. S\u00e3o muitos e variados os temas sobre os quais se pode falar. Descobre quais s\u00e3o e aproveita o tempo para conversar com menos pressa que o costume. Alarga o olhar para outras realidades e pessoas do nosso mundo. Al\u00e9m disso, \u00e9 um bom momento para cuidar especialmente do di\u00e1logo espiritual. Tamb\u00e9m para oferecer espa\u00e7os gratuitos de escuta e reflex\u00e3o. E para n\u00e3o deixar de parte o sentido de humor.<\/li>\n<li><strong>Colabora na planifica\u00e7\u00e3o da nova situa\u00e7\u00e3o da tua comunidade<\/strong> ou das pessoas com quem vives. Estabelecer um certo ritmo ordenado, tanto a n\u00edvel da vida comum como da tua pr\u00f3pria vida pessoal, favorece o bem-estar psicol\u00f3gico. \u00c9 tempo para a criatividade: pensa em poss\u00edveis atividades de tipo celebrativo, de ora\u00e7\u00e3o em comum e tamb\u00e9m de lazer partilhado (filmes, jogos de mesa, recomenda\u00e7\u00f5es de leitura, etc.) que favore\u00e7am um espa\u00e7o positivo e de certa distra\u00e7\u00e3o. A cozinha e outros servi\u00e7os dom\u00e9sticos podem constituir tamb\u00e9m uma grande ajuda.<\/li>\n<li>Tenta manter <strong>hor\u00e1rios comunit\u00e1rios que favore\u00e7am o interc\u00e2mbio e o di\u00e1logo<\/strong> observando sempre as recomenda\u00e7\u00f5es sanit\u00e1rias. Uma organiza\u00e7\u00e3o clara e acess\u00edvel a todos os membros da comunidade, que favore\u00e7a a participa\u00e7\u00e3o de jovens e menos jovens, ser\u00e1 ben\u00e9fica para todos.<\/li>\n<li><strong>D\u00e1 especial aten\u00e7\u00e3o aos teus encargos e servi\u00e7os<\/strong> dentro da comunidade ou da institui\u00e7\u00e3o a que pertences. Neste momento, ser diligentes \u00e9 uma forma concreta de cuidar do outro e funciona como chave para o bom funcionamento do grupo.<\/li>\n<li><strong>Respeita os espa\u00e7os comuns e os tempos de sil\u00eancio<\/strong>. N\u00e3o ser\u00e1 estranho se agora notares que \u00e9s mais sens\u00edvel aos ru\u00eddos, \u00e0s conversas em voz alta ou a outros sons que provoquem perturba\u00e7\u00e3o. Al\u00e9m disso, talvez percebas que \u00e9s mais sens\u00edvel na hora de utilizar as zonas comuns. Pensa que pode acontecer o mesmo com outros.<\/li>\n<li><strong>Recebe e transmite as mensagens e a informa\u00e7\u00e3o<\/strong> acerca da pandemia, da quarentena e de outras circunst\u00e2ncias em rela\u00e7\u00e3o ao COVID-19 <strong>com prud\u00eancia e de forma construtiva<\/strong>. Evita as murmura\u00e7\u00f5es, os rumores sem fundamento e os coment\u00e1rios isolados acerca do tema para n\u00e3o favorecer tens\u00f5es desnecess\u00e1rias nem situa\u00e7\u00f5es comunit\u00e1rias de dificuldade. Falar constantemente sobre este assunto pode causar o crescimento do medo e deixar-te mais afastado de estados de maior tranquilidade e sossego. Arranja um hor\u00e1rio no qual recebes not\u00edcias \u2013 ao m\u00e1ximo, duas horas por dia, divididas em tr\u00eas momentos diferentes \u2013 e, quando tiver passado o tempo, passa a fazer algo que te deixe bem ou que seja algo de que gostes.<\/li>\n<\/ol>\n<p>&nbsp;<\/p>\n<h3>A VIDA PESSOAL<\/h3>\n<ol>\n<li>Embora de forma diferente, a vida continua. E \u00e9 bem que assim seja. Se isso te ajudar, <strong>elabora um hor\u00e1rio de planifica\u00e7\u00e3o pessoal<\/strong> que crie rotinas e te anime a manter um certo n\u00edvel de atividade. Poder\u00e1s reajust\u00e1-lo mais adiante, as vezes que aches necess\u00e1rias, em fun\u00e7\u00e3o de como vais estando e de como se desenvolvem os acontecimentos.<\/li>\n<li><strong>Aproveita o tempo que est\u00e1s a viver<\/strong>. Muito provavelmente viste-te constrangido a reduzir servi\u00e7os, tanto pessoais como comunit\u00e1rios e da miss\u00e3o. Pode ser que isto te tenha deixado mais tempo livre que o habitual. Usa-o para realizar atividades que ajudem a suscitar pensamentos e emo\u00e7\u00f5es positivas: leitura, aprofundar algum tema que seja do teu interesse, tirar notas pessoais, reflex\u00e3o, etc.<\/li>\n<li><strong>Faz exerc\u00edcio f\u00edsico em casa<\/strong>. Se n\u00e3o souberes como o organizar, h\u00e1 v\u00e1rias aplica\u00e7\u00f5es e <em>tutorials <\/em>de onde podes tirar ideias para o adaptares \u00e0s tuas possibilidades e \u00e0 tua capacidade. O desporto torna o teu corpo ativo, reduz os sintomas de tristeza ou ansiedade e aumenta a sensa\u00e7\u00e3o de bem-estar. Tenta tamb\u00e9m receber luz natural e manter algum tipo de trabalho manual. Tem cuidado especialmente com a tua alimenta\u00e7\u00e3o: a ansiedade vai direita ao est\u00f4mago. Outra possibilidade \u00e9 dedicar algum tempo por dia para realizar exerc\u00edcios de relaxamento, que possam ser \u00fateis no momento de diminuir as consequ\u00eancias da quarentena. Encontrar\u00e1s um gui\u00e3o sobre este tema no anexo 2, que est\u00e1 no fim deste gui\u00e3o.<\/li>\n<li><strong>Respeita o espa\u00e7o e o tempo pessoal<\/strong>. Em maior ou menor medida, todos precisamos de momentos para a solid\u00e3o, o sil\u00eancio e a autonomia pessoal. Mais uma vez, nem todos funcionamos da mesma forma, mas cada um tem os seus pr\u00f3prios requisitos e exig\u00eancias: conhece-os e n\u00e3o tentes for\u00e7ar nem os teus nem os dos outros. Para algumas pessoas, um certo n\u00edvel de isolamento ajuda ao equil\u00edbrio mental.<\/li>\n<li><strong>\u00c9 tempo para a paz<\/strong>. Os conflitos existem. Tamb\u00e9m nas nossas comunidades, presbit\u00e9rios, conventos, mosteiros, institui\u00e7\u00f5es, semin\u00e1rios ou casas de forma\u00e7\u00e3o. Muito embora, certamente, gost\u00e1ssemos que fosse doutra maneira, esta \u00e9 uma realidade que n\u00e3o podemos evitar. Contudo, agora \u00e9 tempo para trabalhar a compreens\u00e3o, a amabilidade, a paci\u00eancia e o perd\u00e3o. \u00c9 tempo de quaresma, n\u00e3o de conflito. E precisamos uns dos outros. Portanto, \u00e9 tempo para salvar a proposta do pr\u00f3ximo e jejuar de rancores, invejas, rixas, cr\u00edticas e falta de afeto.<\/li>\n<li><strong>Cuida dos teus irm\u00e3os mais fr\u00e1geis<\/strong>. Especialmente se viveres com pessoas idosas, pessoas doentes ou que precisam de uma aten\u00e7\u00e3o especial. Pode acontecer que se sintam vulner\u00e1veis, receosos, que minimizem \u2013 para n\u00e3o alarmar \u2013 e que tenham medo de exprimir a sua preocupa\u00e7\u00e3o. N\u00e3o \u00e9 preciso pressionar, mas \u00e9 poss\u00edvel estar pr\u00f3ximo e dispon\u00edvel, com humildade e discri\u00e7\u00e3o, para o que possam vir a necessitar. Se, em algum momento, fores tu a encontrar-te assim, n\u00e3o hesites em comunicar isso: com certeza, tens algu\u00e9m pr\u00f3ximo, desejando dar uma m\u00e3o e ajudar. Al\u00e9m disso, \u00e9 um gesto de responsabilidade para com as pessoas com quem vives.<\/li>\n<\/ol>\n<p>&nbsp;<\/p>\n<h3>A VIDA DE ORA\u00c7\u00c3O E CELEBRA\u00c7\u00c3O<\/h3>\n<p>Estamos habituados a um modo de funcionar em que o dinamismo, a rapidez e a urg\u00eancia s\u00e3o protagonistas, infetando tamb\u00e9m as nossas vidas religiosas e sacerdotais. Este momento concreto que estamos a viver pode ajudar-nos a entrar numa dimens\u00e3o diferente. Agora, imp\u00f5e-se uma paragem for\u00e7ada que nos aproxima de uma maior interioriza\u00e7\u00e3o da vida e do que nela acontece.<\/p>\n<ol>\n<li>Este tempo em que nos encontramos pode ser de grande ajuda para encarar o que se est\u00e1 a passar com <strong>profundos olhos de f\u00e9<\/strong> e tentar processar a realidade que temos diante de n\u00f3s como tempo favor\u00e1vel.<\/li>\n<li>Estamos na <strong>Quaresma<\/strong>. A este tempo lit\u00fargico proposto pela Igreja une-se outro de <strong>quarentena<\/strong>. Tamb\u00e9m neste caso a ora\u00e7\u00e3o, o jejum e a penit\u00eancia s\u00e3o poss\u00edveis e necess\u00e1rios. E, como em todos os tempos, continuam a prestar-se \u00e0 criatividade.<\/li>\n<li>\u00c9-nos dada uma oportunidade para <strong>fortalecer a leitura espiritual, a reflex\u00e3o pessoal e a vida de ora\u00e7\u00e3o<\/strong>. Estamos a viver um tempo favor\u00e1vel para ler, que \u00e9 uma das melhores maneiras de vincular sonhos, pensamentos e sentimentos, porque os livros ajudam-nos a ir para al\u00e9m de n\u00f3s mesmos e a conectar-nos com o que h\u00e1 de mais profundo em n\u00f3s. \u00c9 um tempo favor\u00e1vel tamb\u00e9m para fazer uma reflex\u00e3o orante, pessoal e profunda sobre a situa\u00e7\u00e3o especial que estamos a viver. \u00c9 evidente que \u00e9 um tempo para orar pessoal e comunitariamente, talvez de forma mais criativa. Neste sentido ainda de tempo de ora\u00e7\u00e3o, \u00e9 um tempo para apresentar ao Senhor, com especial aten\u00e7\u00e3o, a vida de quem est\u00e1 a sofrer de forma mais dolorosa a doen\u00e7a; para pedir pelos seus familiares, que talvez nem podem acompanh\u00e1-los como gostariam; para orar por tantos profissionais \u2013 no mundo da sa\u00fade, mas tamb\u00e9m noutros \u00e2mbitos \u2013 que d\u00e3o o melhor de si mesmos no trabalho pelo bem comum.<\/li>\n<li>Embora em algumas institui\u00e7\u00f5es n\u00e3o seja poss\u00edvel participar na celebra\u00e7\u00e3o comunit\u00e1ria da Eucaristia ou de outros sacramentos, este \u00e9 um tempo para rezar juntos e saborear de modo novo a <strong>Liturgia das Horas<\/strong>.<\/li>\n<li>\u00c9 tamb\u00e9m um tempo para criar espa\u00e7os de di\u00e1logo espiritual. Por vezes, este <strong>di\u00e1logo espiritual<\/strong> come\u00e7a simplesmente com uma pergunta sobre a forma como estamos a viver a nossa realidade. Embora estejamos rodeados de menos pessoas, \u00e9 tempo para nos sentirmos apoiados e acompanhados pela ora\u00e7\u00e3o de toda a Igreja.<\/li>\n<li>Este tempo que temos de viver \u00e9 um tempo favor\u00e1vel, no qual <strong>a penit\u00eancia e o jejum <\/strong>t\u00eam a ver, de modo particular, com o cuidado do outro que est\u00e1 ao meu lado.<\/li>\n<li>H\u00e1 tamb\u00e9m <strong>plataformas digitais, oferecidas pelos mais variados \u00e2mbitos e institui\u00e7\u00f5es eclesiais<\/strong>, que podem ajudar a viver este momento atrav\u00e9s das redes sociais, desde que n\u00e3o nos levem a isolar-nos. A Prov\u00edncia de Espanha da Companhia de Jesus tem uma dessas propostas, que se chama \u201cen casa con Dios\u201d.<\/li>\n<\/ol>\n<p>[No contexto portugu\u00eas, n\u00e3o faltam emiss\u00f5es online, no Facebook ou no Youtube, para as mais variadas sensibilidades. Destacamos a <strong>programa\u00e7\u00e3o da Ag\u00eancia Ecclesia<\/strong> <a href=\"http:\/\/agencia.ecclesia.pt\/\">(<\/a><a href=\"http:\/\/agencia.ecclesia.pt\/\">agencia.ecclesia.pt<\/a><a href=\"http:\/\/agencia.ecclesia.pt\/\">)<\/a>, com transmiss\u00f5es de celebra\u00e7\u00f5es religiosas a partir do Santu\u00e1rio de F\u00e1tima, de comunidades religiosas ou de outras institui\u00e7\u00f5es eclesiais, mas tamb\u00e9m com um amplo arquivo de programas de cultura religiosa e de catequese. N\u00e3o se pode esquecer tamb\u00e9m a excelente proposta dinamizada pela Companhia de Jesus, atrav\u00e9s da Rede Mundial de Ora\u00e7\u00e3o do Papa, com as plataformas digitais <strong>Click to Pray<\/strong> <a href=\"http:\/\/clicktopray.org\/\">clicktopray.org<\/a> (que prop\u00f5e tr\u00eas momentos de ora\u00e7\u00e3o di\u00e1rios com o Papa Francisco) e <strong>Passo-a-rezar<\/strong> <a href=\"http:\/\/passo-a-rezar.net\/\">passo<\/a><a href=\"http:\/\/passo-a-rezar.net\/\">&#8211;<\/a><a href=\"http:\/\/passo-a-rezar.net\/\">a<\/a><a href=\"http:\/\/passo-a-rezar.net\/\">&#8211;<\/a><a href=\"http:\/\/passo-a-rezar.net\/\">rezar.net<\/a> (com propostas de ora\u00e7\u00e3o para cada dia). O <strong>Secretariado Nacional de Liturgia<\/strong> tem disponibilizado tamb\u00e9m alguns subs\u00eddios acess\u00edveis em <a href=\"http:\/\/liturgia.pt\/\">liturgia.pt<\/a><a href=\"http:\/\/liturgia.pt\/\">]<\/a>.<\/p>\n<p>&nbsp;<\/p>\n<h3>A VIDA PARA FORA<\/h3>\n<p>A situa\u00e7\u00e3o de isolamento que est\u00e1s a viver n\u00e3o te impede de continuar a participar nos teus apostolados e na tua miss\u00e3o. Ter\u00e1s de o fazer necessariamente num modo diferente do habitual. No entanto, a tua presen\u00e7a \u2013 mesmo que virtual \u2013 pode ser muito importante para pessoas que n\u00e3o vivem contigo. Deixamos-te aqui algumas linhas simples que talvez possam ajudar-te:<\/p>\n<ol>\n<li><strong>Utiliza a tecnologia para te manteres unido<\/strong> \u00e0s pessoas que te s\u00e3o mais queridas e que mais precisam. \u00c9 um bom momento para continuar a fortalecer di\u00e1logos com irm\u00e3os de outras comunidades religiosas, da tua congrega\u00e7\u00e3o ou de outras; com sacerdotes; com pessoas dos teus trabalhos apost\u00f3licos ou das par\u00f3quias onde serves; com familiares; ou com qualquer outro grupo de pessoas que sentes que possa precisar de um telefonema ou de uma simples mensagem. Conversar com essas pessoas sobre a forma como est\u00e1s a encarar esta nova realidade, como est\u00e1s a viver interiormente este tempo t\u00e3o especial ou sobre o que fazes no dia-a-dia, pode ajudar tanto a eles como a ti. Evita criar inquieta\u00e7\u00e3o, medos, incertezas obscuras e alarmismos desnecess\u00e1rios.<\/li>\n<li>Quando \u00e9 poss\u00edvel, a realiza\u00e7\u00e3o de <strong>v\u00eddeo-chamadas<\/strong> em que v\u00eas os outros e eles te v\u00eaem a ti \u00e9 uma forma de compensar a aus\u00eancia de contacto f\u00edsico, bem como para produzir serenidade e calma.<\/li>\n<li><strong>Continua ligado \u00e0s pessoas vulner\u00e1veis<\/strong>, sobretudo \u00e0s mais idosas que, nestes momentos, s\u00e3o as mais fr\u00e1geis, devido \u00e0 sua solid\u00e3o e \u00e0 sua debilidade f\u00edsica.<\/li>\n<li><strong>Mant\u00e9m contacto com os teus companheiros de miss\u00e3o apost\u00f3lica<\/strong>: p\u00e1rocos, vig\u00e1rios paroquiais, etc. Podes partilhar situa\u00e7\u00f5es espec\u00edficas da tua institui\u00e7\u00e3o ou da tua par\u00f3quia e criar uma rede de colabora\u00e7\u00e3o entre diferentes pessoas ou institui\u00e7\u00f5es pr\u00f3ximas: grupos de apoio a pessoas vulner\u00e1veis, uso partilhado das redes sociais para informa\u00e7\u00e3o \u00fatil e precisa acerca da evolu\u00e7\u00e3o, espa\u00e7os virtuais de ora\u00e7\u00e3o, forma\u00e7\u00e3o, etc.<\/li>\n<\/ol>\n<p>&nbsp;<\/p>\n<h3>CONCLUS\u00c3O<\/h3>\n<p>Ao mesmo tempo que estamos a passar por esta situa\u00e7\u00e3o de quarentena e isolamento, estamos tamb\u00e9m a atravessar o caminho quaresmal. Por tr\u00e1s destas semanas de reclus\u00e3o h\u00e1 muito mais que quarenta dias de resist\u00eancia e pris\u00e3o. No meio de tudo isto que estamos a passar, \u00e9 poss\u00edvel intuir tamb\u00e9m a presen\u00e7a \u2013 ao mesmo tempo cont\u00ednua, misteriosa e desconcertante \u2013 do nosso Deus, que n\u00e3o fecha as suas portas a nada nem a ningu\u00e9m. S\u00e3o muitas as imagens b\u00edblicas que nos v\u00eam \u00e0 mente e se tornam fortes na nossa ora\u00e7\u00e3o: deserto, combate, sede, desejo, paix\u00e3o&#8230; Contudo, queremos continuar a manter o olhar fixo n\u2019Aquele em quem confiamos: o Senhor Jesus, que por n\u00f3s foi crucificado e ressuscitou. \u00c9 Ele a \u00e1gua que mata a nossa sede, a luz no meio da perplexidade, a vida que \u2013 no profundo da falta de sentido \u2013 luta por brotar.<\/p>\n<p>Tamb\u00e9m n\u00f3s precisamos de nos cuidar. Fazemos parte de uma Igreja plural onde cada um de n\u00f3s \u2013 sacerdotes, membros dos institutos de vida consagrada e sociedades de vida apost\u00f3lica, seminaristas, leigos \u2013 tem uma miss\u00e3o que vem de Deus. Queremos continuar o nosso compromisso de servi\u00e7o e ajuda. Ao mesmo tempo, tamb\u00e9m precisamos de aprender que n\u00e3o podemos faz\u00ea-lo sem cuidar dos outros. A vida contemplativa possui for\u00e7as intensas e intui\u00e7\u00f5es muito mais profundas com as quais nos podeis iluminar aqui.<\/p>\n<p>\u00c9 verdade que a situa\u00e7\u00e3o em que agora te encontras depender\u00e1 muito da situa\u00e7\u00e3o em que l\u00eas estas p\u00e1ginas: se as l\u00eas num mosteiro, num convento, num apartamento, numa par\u00f3quia, numa resid\u00eancia, numa enfermaria, num col\u00e9gio, numa casa de acolhimento, num hospital, numa comunidade de inser\u00e7\u00e3o, num semin\u00e1rio ou numa casa de forma\u00e7\u00e3o. Estamos conscientes tamb\u00e9m que as orienta\u00e7\u00f5es que te oferecemos n\u00e3o s\u00e3o capazes de responder a todas as inquieta\u00e7\u00e3o que te possam surgir, tendo em conta o concreto da realidade em que te encontras. Ainda assim, oxal\u00e1 sirvam como guia humilde que te traga alguma luz. \u00c9 nisso que confiamos.<\/p>\n<p>AMDG.<\/p>\n<p>&nbsp;<\/p>\n<p><strong>ANEXO 1: <\/strong><\/p>\n<p><strong>PISTAS PSICOL\u00d3GICAS PARA O AUTO-CUIDADO<\/strong><a href=\"#_ftn1\" name=\"_ftnref1\"><sup>[1]<\/sup><\/a><\/p>\n<p>Ao longo da quarentena <strong>\u00e9 normal que passes por diferentes momentos e estados emocionais<\/strong>: stress, ansiedade, solid\u00e3o, frustra\u00e7\u00e3o, t\u00e9dio, aborrecimento, sentimentos de medo e falta de esperan\u00e7a, etc. Estes efeitos podem prolongar-se mesmo depois do isolamento ou at\u00e9 aparecer depois dele.<\/p>\n<p>Cuidar dos teus atos, pensamentos e sentimentos ser\u00e1 muito importante para responder adequadamente aos per\u00edodos em que possa faltar o \u00e2nimo e cres\u00e7a a sensa\u00e7\u00e3o de incerteza ou desassossego; sempre caso se verifique alguma destas situa\u00e7\u00f5es.<\/p>\n<p>Deixamos-te uma s\u00e9rie de <strong>recomenda\u00e7\u00f5es, de um ponto de vista psicol\u00f3gico<\/strong>, para o caso de te encontrares num dos tr\u00eas cen\u00e1rios seguintes: (A) est\u00e1s em isolamento, mas n\u00e3o est\u00e1s afetado pela doen\u00e7a; (B) pertences a um grupo de risco; (C) padeces da doen\u00e7a por infe\u00e7\u00e3o de COVID-19. Poder\u00e1s ter encontrado j\u00e1 algumas destas recomenda\u00e7\u00f5es nas sec\u00e7\u00f5es anteriores deste gui\u00e3o, mas deixo-as aqui de maneira sint\u00e9tica e resumida.<\/p>\n<p>&nbsp;<\/p>\n<p><strong>(A)<\/strong> <strong>Se te encontras <\/strong><strong>em isolamento, mas n\u00e3o est\u00e1s afetado pela doen\u00e7a<\/strong><strong>, e mesmo assim est\u00e1s a sentir, de forma persistente ou com grande intensidade, alguma das seguintes emo\u00e7\u00f5es ou outras que j\u00e1 referimos anteriormente: <\/strong><\/p>\n<ul>\n<li>Nervosismo, agita\u00e7\u00e3o ou tens\u00e3o, com sensa\u00e7\u00e3o de perigo iminente e\/ou p\u00e2nico.<\/li>\n<li>N\u00e3o consegues pensar em mais nada sem ser a doen\u00e7a ou a preocupa\u00e7\u00e3o de vires a ficar infetado.<\/li>\n<li>Precisas constantemente de estar a ver ou ouvir informa\u00e7\u00f5es sobre este tema e tens dificuldade de te interessar por outras quest\u00f5es.<\/li>\n<li>Custa-te demasiado concentrar-te, realizar os teus servi\u00e7os quotidianos, fazer o teu trabalho adequadamente ou ficas paralisado pelo medo.<\/li>\n<li>Est\u00e1s em estado de alerta, analisando continuamente as tuas sensa\u00e7\u00f5es corporais e interpretando-as como sintomas de doen\u00e7a, mesmo sem serem sinais patol\u00f3gicos.<\/li>\n<li>Tens dificuldade de controlar a tua preocupa\u00e7\u00e3o e perguntas constantemente \u00e0s pessoas que est\u00e3o por perto sobre o estado de sa\u00fade, advertindo-as sobre os graves perigos que correm devido \u00e0 situa\u00e7\u00e3o atual.<\/li>\n<li>Evitas de forma exagerada o contacto com outras pessoas, com medo de cont\u00e1gio.<\/li>\n<li>Apercebes-te de um aumento do ritmo card\u00edaco, da respira\u00e7\u00e3o acelerada, de transpira\u00e7\u00e3o ou tremuras sem causa justificada.<\/li>\n<li>Tens dificuldades de manter um sono reparador.<\/li>\n<li>Os teus problemas emocionais agravam-se ou voltam a aparecer depois de estar superados.<\/li>\n<\/ul>\n<p>&nbsp;<\/p>\n<p><strong>Ent\u00e3o recomendamos-te o seguinte: <\/strong><\/p>\n<ol>\n<li><strong>Identifica os pensamentos que te causam mal-estar<\/strong>. Pensar constantemente na doen\u00e7a pode levar a que apare\u00e7am ou se acentuem os sintomas que fa\u00e7am crescer o teu mal-estar. Fala sobre o que gostas ou que te entusiasma.<\/li>\n<li><strong>Reconhece as tuas emo\u00e7\u00f5es e aceita-as<\/strong>. Se for preciso, fala da tua situa\u00e7\u00e3o, partilha com as pessoas mais pr\u00f3ximas \u2013 que te d\u00e3o confian\u00e7a \u2013 para encontrar a ajuda e o apoio que precisas. As pessoas que te apreciam provavelmente ir\u00e3o sentir-se melhor se souberem como est\u00e1s.<\/li>\n<li>P\u00f5e em quest\u00e3o o que est\u00e1s a viver e <strong>procura provas da realidade<\/strong>. Reconhece os factos, confia na informa\u00e7\u00e3o dada pelos meios cient\u00edficos oficiais. Tem consci\u00eancia que, a partir de alguns f\u00f3runs, podem estar a ser transmitidas imagens alarmistas e dar excessiva informa\u00e7\u00e3o a partir de uma perspetiva negativa, engrandecendo o fen\u00f3meno e criando em ti uma percep\u00e7\u00e3o de amea\u00e7a maior que o normal.<\/li>\n<li><strong>Evita a satura\u00e7\u00e3o de informa\u00e7\u00e3o<\/strong>. Viver constantemente conectado n\u00e3o vai fazer que fiques mais informado; pelo contr\u00e1rio, aumentar\u00e1 desnecessariamente a tua sensa\u00e7\u00e3o de risco e nervosismo.<\/li>\n<li><strong>Consulta fontes oficiais<\/strong> e procura informa\u00e7\u00e3o confirmada por especialistas: Minist\u00e9rio da Sa\u00fade, Dire\u00e7\u00e3o Geral de Sa\u00fade, Ordem dos M\u00e9dicos, Organiza\u00e7\u00e3o Mundial de Sa\u00fade, outros organismos oficiais, etc.<\/li>\n<li><strong>Verifica a informa\u00e7\u00e3o que partilhas<\/strong>, especialmente se usas as redes sociais.<\/li>\n<li><strong>N\u00e3o contribuas para a difus\u00e3o de boatos<\/strong> e not\u00edcias falsas. N\u00e3o alimentes o teu medo nem o dos outros.<\/li>\n<li><strong>P\u00f5e em pr\u00e1tica os cuidados de higiene adequados, recomendados pelas autoridades de sa\u00fade<\/strong>, mas lembra-te que n\u00e3o \u00e9 a \u00fanica coisa que tens de fazer ao longo do dia.<\/li>\n<li>Evita falar permanentemente deste tema e <strong>procura outros assuntos de conversa<\/strong>.<\/li>\n<li><strong>Apoia-te nos membros da tua comunidade<\/strong>, irm\u00e3os sacerdotes, familiares, colaboradores da obra de apostolado a que pertences, etc.<\/li>\n<li><strong>Ajuda quem est\u00e1 perto de ti<\/strong> a manter a calma e a desenvolver um pensamento adaptado a cada situa\u00e7\u00e3o.<\/li>\n<li><strong>Procura fazer a tua vida o mais normal poss\u00edvel<\/strong> e continuar com as tuas rotinas habituais, dentro da situa\u00e7\u00e3o em que nos encontramos. Nos contextos em que n\u00e3o for poss\u00edvel mant\u00ealas, reorganiza o teu hor\u00e1rio.<\/li>\n<li><strong>Tem cuidado com as atitudes de rejei\u00e7\u00e3o<\/strong>, estigma e discrimina\u00e7\u00e3o. O medo pode levar-nos a comportar-nos de forma impulsiva, rejeitando ou discriminando certas pessoas. Se, nestes dias, te sentiste v\u00edtima de alguma destas atitudes, procura entender que h\u00e1 pessoas que est\u00e3o ainda mais nervosas que tu; e que \u2013 com toda a probabilidade \u2013 n\u00e3o foi um ataque direto para ti, mas fruto do seu mal-estar.<\/li>\n<\/ol>\n<p>&nbsp;<\/p>\n<p><strong>(B)<\/strong> <strong>Se pertences a um <\/strong><strong>grupo de risco<\/strong><strong>: <\/strong><\/p>\n<p>&nbsp;<\/p>\n<ol>\n<li>Segue as <strong>recomenda\u00e7\u00f5es e medidas de preven\u00e7\u00e3o<\/strong> ordenadas pelas autoridades de sa\u00fade. Confia nelas.<\/li>\n<li>Informa-te de maneira realista e <strong>segue as linhas<\/strong> sugeridas nas sec\u00e7\u00f5es anteriores.<\/li>\n<li><strong>N\u00e3o banalizes o teu risco<\/strong> para tentar afastar a sensa\u00e7\u00e3o de medo ou apreens\u00e3o diante da doen\u00e7a. Fazer como se n\u00e3o estivesse a acontecer nada \u00e9 uma forma natural que n\u00f3s, seres humanos, temos para nos protegermos diante do que nos provoca ang\u00fastia ou muita preocupa\u00e7\u00e3o. Mas \u00e9 mais salutar falar daquilo que te preocupa ou te provoca medo, para poder encar\u00e1-lo, sem necessidade de o esconder.<\/li>\n<li><strong>N\u00e3o empoles o teu risco real<\/strong>. S\u00ea precavido e prudente sem te alarmares, sabendo que, por vezes, o exagero tamb\u00e9m funciona como forma de nos aliviarmos e protegermos do que nos assusta.<\/li>\n<li><strong>N\u00e3o realizes a\u00e7\u00f5es que te comprometam<\/strong>, com a pretens\u00e3o pouco realista de ser invulner\u00e1vel. Evita comportamentos que favore\u00e7am atitudes de v\u00edcio.<\/li>\n<li>S\u00ea objetivo e <strong>adota uma perspetiva global<\/strong>. Tem em conta que h\u00e1 muitos cientistas a trabalhar nisto pelo mundo fora e que est\u00e3o a dar-nos conselhos para resolver esta situa\u00e7\u00e3o da melhor forma poss\u00edvel.<\/li>\n<\/ol>\n<p>&nbsp;<\/p>\n<p><strong>(C)<\/strong> <strong>Se est\u00e1s <\/strong><strong>infetado com a doen\u00e7a<\/strong><strong>: <\/strong><\/p>\n<p>&nbsp;<\/p>\n<p>Segue as recomenda\u00e7\u00f5es anteriores e, al\u00e9m disso observa o que se segue.<\/p>\n<ol>\n<li>Quanto mais desconhecida \u00e9 uma doen\u00e7a, mais inquieta\u00e7\u00e3o pode causar. Contudo, <strong>procura controlar os teus pensamentos invasivos<\/strong>: n\u00e3o imagines o pior por antecipa\u00e7\u00e3o.<\/li>\n<li><strong>N\u00e3o te alarmes de forma desnecess\u00e1ria<\/strong>. S\u00ea realista: parece que a maioria das pessoas est\u00e1 a conseguir ficar curada.<\/li>\n<li>Quando sentires medo, <strong>agarra-te \u00e0 experi\u00eancia que tens em situa\u00e7\u00f5es parecidas<\/strong>. Talvez agora n\u00e3o consigas fazer a associa\u00e7\u00e3o, por teres uma perce\u00e7\u00e3o de maior gravidade; mas traz \u00e0 mem\u00f3ria as doen\u00e7as ou as circunst\u00e2ncias dif\u00edceis que j\u00e1 superaste com \u00eaxito ao longo da tua vida.<\/li>\n<\/ol>\n<p>&nbsp;<\/p>\n<p><strong>ANEXO 2: <\/strong><\/p>\n<p><strong>EXERC\u00cdCIOS DE RELAXAMENTO <\/strong><\/p>\n<p>&nbsp;<\/p>\n<p>No seguimento do que j\u00e1 foi dito, propomos-te, agora, tr\u00eas tipos de exerc\u00edcios que podem ser \u00fateis, se achas que precisas de um espa\u00e7o de relaxamento. H\u00e1 diversas variantes e diferentes modalidades. Algumas pessoas sentem que as ajuda a favorecer a sua regula\u00e7\u00e3o emocional. \u00c9 por isso que tos sugerimos. No entanto, cada indiv\u00edduo encontra benef\u00edcios em t\u00e9cnicas diferentes. Se achas que estas n\u00e3o te ajudam, nem te satisfazem, sente-te totalmente livre para encontrar o que mais te favorece.<\/p>\n<p>&nbsp;<\/p>\n<h3>Controlo da respira\u00e7\u00e3o<\/h3>\n<p>N\u00e3o \u00e9 dif\u00edcil que, ao longo da quarentena, possas ter alguma sensa\u00e7\u00e3o de ansiedade. Um dos seus sintomas \u00e9 a respira\u00e7\u00e3o superficial. Indicamos-te uma t\u00e9cnica simples que podes p\u00f4r em pr\u00e1tica em qualquer lugar: o controlo da respira\u00e7\u00e3o.<\/p>\n<ol>\n<li>Inspira pelo nariz em vez de respirar pela boca.<\/li>\n<li>Respira suave e profundamente, v\u00e1rias vezes.<\/li>\n<li>Nota como o abd\u00f3men incha quando inspiras e desincha quando expiras.<\/li>\n<li>Faz algumas inspira\u00e7\u00f5es profundas pelo nariz, seguidas de expira\u00e7\u00f5es lentas e suaves pela boca.<\/li>\n<\/ol>\n<p>&nbsp;<\/p>\n<h3>Respira\u00e7\u00e3o diafragm\u00e1tica<\/h3>\n<p>Esta t\u00e9cnica precisa de um pouco mais de treino e de um lugar tranquilo em que possas concentrar-te para a realizar.<\/p>\n<ol>\n<li>Coloca-te numa posi\u00e7\u00e3o c\u00f3moda e tenta relaxar os m\u00fasculos.<\/li>\n<li>Coloca uma m\u00e3o no peito e outra no abd\u00f3men.<\/li>\n<li>Apanha ar lentamente pelo nariz, levando-o at\u00e9 \u00e0 m\u00e3o que tem em cima do abd\u00f3men. A m\u00e3o do peito deve ficar parada.<\/li>\n<li>Quando conseguires levar o ar at\u00e9 ao abd\u00f3men, ret\u00e9m-no l\u00e1 durante uns segundos.<\/li>\n<li>Solta o ar pouco a pouco pela boca, de modo que sintas que o abd\u00f3men se vai abatendo. A m\u00e3o do peito continua parada.<\/li>\n<li>Repete v\u00e1rias vezes este exerc\u00edcio.<\/li>\n<\/ol>\n<p>&nbsp;<\/p>\n<h3>Visualiza\u00e7\u00e3o<\/h3>\n<p>Este exerc\u00edcio combina as t\u00e9cnicas de relaxamento com as de medita\u00e7\u00e3o.<\/p>\n<ol>\n<li>Procura um lugar c\u00f3modo e sem interrup\u00e7\u00f5es.<\/li>\n<li>Ilumina o espa\u00e7o de forma suave e agrad\u00e1vel para ti.<\/li>\n<li>P\u00f5e m\u00fasica relaxante, mas com volume n\u00e3o muito alto, apenas o suficiente para que possas escutar; mas n\u00e3o deve perturbar-te nem distrair-te.<\/li>\n<li>Fecha os olhos e concentra-te na tua respira\u00e7\u00e3o. Sente o ar que entra pelo teu nariz e sai pela tua boca.<\/li>\n<li>Pensa num c\u00e9u azul. Percebe a energia que te d\u00e1 o sol e centra a tua aten\u00e7\u00e3o no sentimento os dias assim provocam em ti.<\/li>\n<li>Desfruta da vis\u00e3o do c\u00e9u durante uns minutos.<\/li>\n<li>Junta agora o mar \u00e0 tua vis\u00e3o. Escuta o som das ondas.<\/li>\n<li>Inunda o teu c\u00e9rebro com esta vis\u00e3o e concentra-te nos sentimentos que ela provoca em ti.<\/li>\n<li>Vais estar cada vez mais relaxado. Quando conseguires, v\u00ea-te a mi mesmo, nessa paisagem, ca\u00eddo sobre a relva ou na areia da praia, sem mais ningu\u00e9m \u00e0 tua volta.<\/li>\n<li>Durante uns minutos, desfruta da sensa\u00e7\u00e3o de relaxamento e paz que te inunda.<\/li>\n<li>V\u00ea-te a ti mesmo a levantar-te na paisagem e come\u00e7a a esticar os m\u00fasculos do corpo, pouco a pouco e sem abrir os olhos.<\/li>\n<li>A medida que fores esticando, vai tamb\u00e9m tomando consci\u00eancia de novo da m\u00fasica que te envolve. E, quando estiveres preparado, abre os olhos lentamente, sem pressas, com tranquilidade.<\/li>\n<\/ol>\n<p>&nbsp;<\/p>\n<p><strong>Universidad Pontificia de Comillas<br \/>\n<\/strong>Unidad Clinica de Psicolog\u00eda (UNINPSI)<br \/>\nCalle Mateo Inurria 37 &#8211; Madrid <u>uninpsi@comillas.edu<\/u><\/p>\n<p>&nbsp;<\/p>\n<p><a href=\"#_ftnref1\" name=\"_ftn1\">[1]<\/a> Adaptadas do comunicado do Col\u00e9gio Oficial de Psic\u00f3logos de Madrid: \u201cRecomendaciones dirigidas a la poblaci\u00f3n para un afrontamiento eficaz ante el malestar psicol\u00f3gico generado por el brote de Coronavirus \u2013 COVID-19\u201d.<\/p>\n<p>&nbsp;<\/p>\n<p><a href=\"https:\/\/www.conferenciaepiscopal.pt\/v1\/wp-content\/uploads\/Covid19_OrientacoesPsicologicas_VidaReligiosa-Sacerdotal.pdf\" target=\"_blank\" rel=\"noopener noreferrer\">[PDF]<\/a><\/p>\n","protected":false},"excerpt":{"rendered":"<p>Propostas da Unidade Cl\u00ednica de Psicologia da Universidade Pontif\u00edcia de Comillas<\/p>\n","protected":false},"author":1,"featured_media":0,"comment_status":"closed","ping_status":"closed","sticky":false,"template":"","format":"standard","meta":{"site-sidebar-layout":"default","site-content-layout":"","ast-site-content-layout":"default","site-content-style":"default","site-sidebar-style":"default","ast-global-header-display":"","ast-banner-title-visibility":"","ast-main-header-display":"","ast-hfb-above-header-display":"","ast-hfb-below-header-display":"","ast-hfb-mobile-header-display":"","site-post-title":"","ast-breadcrumbs-content":"","ast-featured-img":"","footer-sml-layout":"","ast-disable-related-posts":"","theme-transparent-header-meta":"","adv-header-id-meta":"","stick-header-meta":"","header-above-stick-meta":"","header-main-stick-meta":"","header-below-stick-meta":"","astra-migrate-meta-layouts":"default","ast-page-background-enabled":"default","ast-page-background-meta":{"desktop":{"background-color":"var(--ast-global-color-4)","background-image":"","background-repeat":"repeat","background-position":"center center","background-size":"auto","background-attachment":"scroll","background-type":"","background-media":"","overlay-type":"","overlay-color":"","overlay-opacity":"","overlay-gradient":""},"tablet":{"background-color":"","background-image":"","background-repeat":"repeat","background-position":"center center","background-size":"auto","background-attachment":"scroll","background-type":"","background-media":"","overlay-type":"","overlay-color":"","overlay-opacity":"","overlay-gradient":""},"mobile":{"background-color":"","background-image":"","background-repeat":"repeat","background-position":"center center","background-size":"auto","background-attachment":"scroll","background-type":"","background-media":"","overlay-type":"","overlay-color":"","overlay-opacity":"","overlay-gradient":""}},"ast-content-background-meta":{"desktop":{"background-color":"var(--ast-global-color-5)","background-image":"","background-repeat":"repeat","background-position":"center center","background-size":"auto","background-attachment":"scroll","background-type":"","background-media":"","overlay-type":"","overlay-color":"","overlay-opacity":"","overlay-gradient":""},"tablet":{"background-color":"var(--ast-global-color-5)","background-image":"","background-repeat":"repeat","background-position":"center center","background-size":"auto","background-attachment":"scroll","background-type":"","background-media":"","overlay-type":"","overlay-color":"","overlay-opacity":"","overlay-gradient":""},"mobile":{"background-color":"var(--ast-global-color-5)","background-image":"","background-repeat":"repeat","background-position":"center center","background-size":"auto","background-attachment":"scroll","background-type":"","background-media":"","overlay-type":"","overlay-color":"","overlay-opacity":"","overlay-gradient":""}},"footnotes":""},"categories":[74,4],"tags":[],"class_list":["post-6541","post","type-post","status-publish","format-standard","hentry","category-entrada","category-documentos"],"yoast_head":"<!-- This site is optimized with the Yoast SEO plugin v27.5 - https:\/\/yoast.com\/product\/yoast-seo-wordpress\/ -->\n<title>Orienta\u00e7\u00f5es para o cuidado psicol\u00f3gico durante o tempo de quarentena na vida religiosa e sacerdotal - Confer\u00eancia Episcopal Portuguesa<\/title>\n<meta name=\"robots\" content=\"index, follow, max-snippet:-1, max-image-preview:large, max-video-preview:-1\" \/>\n<link rel=\"canonical\" href=\"https:\/\/www.conferenciaepiscopal.pt\/v1\/orientacoes-para-o-cuidado-psicologico-durante-o-tempo-de-quarentena-na-vida-religiosa-e-sacerdotal\/\" \/>\n<meta property=\"og:locale\" content=\"pt_PT\" \/>\n<meta property=\"og:type\" content=\"article\" \/>\n<meta property=\"og:title\" content=\"Orienta\u00e7\u00f5es para o cuidado psicol\u00f3gico durante o tempo de quarentena na vida religiosa e sacerdotal - Confer\u00eancia Episcopal Portuguesa\" \/>\n<meta property=\"og:description\" content=\"Propostas da Unidade Cl\u00ednica de Psicologia da Universidade Pontif\u00edcia de Comillas\" \/>\n<meta property=\"og:url\" content=\"https:\/\/www.conferenciaepiscopal.pt\/v1\/orientacoes-para-o-cuidado-psicologico-durante-o-tempo-de-quarentena-na-vida-religiosa-e-sacerdotal\/\" \/>\n<meta property=\"og:site_name\" content=\"Confer\u00eancia Episcopal Portuguesa\" \/>\n<meta property=\"article:published_time\" content=\"2020-03-21T18:43:24+00:00\" \/>\n<meta property=\"article:modified_time\" content=\"2020-03-21T18:54:23+00:00\" \/>\n<meta name=\"author\" content=\"Manuel Costa\" \/>\n<meta name=\"twitter:card\" content=\"summary_large_image\" \/>\n<meta name=\"twitter:label1\" content=\"Escrito por\" \/>\n\t<meta name=\"twitter:data1\" content=\"Manuel Costa\" \/>\n\t<meta name=\"twitter:label2\" content=\"Tempo estimado de leitura\" \/>\n\t<meta name=\"twitter:data2\" content=\"24 minutos\" \/>\n<script type=\"application\/ld+json\" class=\"yoast-schema-graph\">{\"@context\":\"https:\\\/\\\/schema.org\",\"@graph\":[{\"@type\":\"Article\",\"@id\":\"https:\\\/\\\/www.conferenciaepiscopal.pt\\\/v1\\\/orientacoes-para-o-cuidado-psicologico-durante-o-tempo-de-quarentena-na-vida-religiosa-e-sacerdotal\\\/#article\",\"isPartOf\":{\"@id\":\"https:\\\/\\\/www.conferenciaepiscopal.pt\\\/v1\\\/orientacoes-para-o-cuidado-psicologico-durante-o-tempo-de-quarentena-na-vida-religiosa-e-sacerdotal\\\/\"},\"author\":{\"name\":\"Manuel Costa\",\"@id\":\"https:\\\/\\\/www.conferenciaepiscopal.pt\\\/v1\\\/#\\\/schema\\\/person\\\/ab696457f75fe8e22b00183bfacb4cb2\"},\"headline\":\"Orienta\u00e7\u00f5es para o cuidado psicol\u00f3gico durante o tempo de quarentena na vida religiosa e sacerdotal\",\"datePublished\":\"2020-03-21T18:43:24+00:00\",\"dateModified\":\"2020-03-21T18:54:23+00:00\",\"mainEntityOfPage\":{\"@id\":\"https:\\\/\\\/www.conferenciaepiscopal.pt\\\/v1\\\/orientacoes-para-o-cuidado-psicologico-durante-o-tempo-de-quarentena-na-vida-religiosa-e-sacerdotal\\\/\"},\"wordCount\":4805,\"publisher\":{\"@id\":\"https:\\\/\\\/www.conferenciaepiscopal.pt\\\/v1\\\/#organization\"},\"articleSection\":[\"#entrada\",\"Documentos\"],\"inLanguage\":\"pt-PT\"},{\"@type\":\"WebPage\",\"@id\":\"https:\\\/\\\/www.conferenciaepiscopal.pt\\\/v1\\\/orientacoes-para-o-cuidado-psicologico-durante-o-tempo-de-quarentena-na-vida-religiosa-e-sacerdotal\\\/\",\"url\":\"https:\\\/\\\/www.conferenciaepiscopal.pt\\\/v1\\\/orientacoes-para-o-cuidado-psicologico-durante-o-tempo-de-quarentena-na-vida-religiosa-e-sacerdotal\\\/\",\"name\":\"Orienta\u00e7\u00f5es para o cuidado psicol\u00f3gico durante o tempo de quarentena na vida religiosa e sacerdotal - Confer\u00eancia Episcopal Portuguesa\",\"isPartOf\":{\"@id\":\"https:\\\/\\\/www.conferenciaepiscopal.pt\\\/v1\\\/#website\"},\"datePublished\":\"2020-03-21T18:43:24+00:00\",\"dateModified\":\"2020-03-21T18:54:23+00:00\",\"breadcrumb\":{\"@id\":\"https:\\\/\\\/www.conferenciaepiscopal.pt\\\/v1\\\/orientacoes-para-o-cuidado-psicologico-durante-o-tempo-de-quarentena-na-vida-religiosa-e-sacerdotal\\\/#breadcrumb\"},\"inLanguage\":\"pt-PT\",\"potentialAction\":[{\"@type\":\"ReadAction\",\"target\":[\"https:\\\/\\\/www.conferenciaepiscopal.pt\\\/v1\\\/orientacoes-para-o-cuidado-psicologico-durante-o-tempo-de-quarentena-na-vida-religiosa-e-sacerdotal\\\/\"]}]},{\"@type\":\"BreadcrumbList\",\"@id\":\"https:\\\/\\\/www.conferenciaepiscopal.pt\\\/v1\\\/orientacoes-para-o-cuidado-psicologico-durante-o-tempo-de-quarentena-na-vida-religiosa-e-sacerdotal\\\/#breadcrumb\",\"itemListElement\":[{\"@type\":\"ListItem\",\"position\":1,\"name\":\"In\u00edcio\",\"item\":\"https:\\\/\\\/www.conferenciaepiscopal.pt\\\/v1\\\/\"},{\"@type\":\"ListItem\",\"position\":2,\"name\":\"Orienta\u00e7\u00f5es para o cuidado psicol\u00f3gico durante o tempo de quarentena na vida religiosa e sacerdotal\"}]},{\"@type\":\"WebSite\",\"@id\":\"https:\\\/\\\/www.conferenciaepiscopal.pt\\\/v1\\\/#website\",\"url\":\"https:\\\/\\\/www.conferenciaepiscopal.pt\\\/v1\\\/\",\"name\":\"Confer\u00eancia Episcopal Portuguesa\",\"description\":\"Igreja Cat\u00f3lica em Portugal\",\"publisher\":{\"@id\":\"https:\\\/\\\/www.conferenciaepiscopal.pt\\\/v1\\\/#organization\"},\"potentialAction\":[{\"@type\":\"SearchAction\",\"target\":{\"@type\":\"EntryPoint\",\"urlTemplate\":\"https:\\\/\\\/www.conferenciaepiscopal.pt\\\/v1\\\/?s={search_term_string}\"},\"query-input\":{\"@type\":\"PropertyValueSpecification\",\"valueRequired\":true,\"valueName\":\"search_term_string\"}}],\"inLanguage\":\"pt-PT\"},{\"@type\":\"Organization\",\"@id\":\"https:\\\/\\\/www.conferenciaepiscopal.pt\\\/v1\\\/#organization\",\"name\":\"Confer\u00eancia Episcopal Portuguesa\",\"url\":\"https:\\\/\\\/www.conferenciaepiscopal.pt\\\/v1\\\/\",\"logo\":{\"@type\":\"ImageObject\",\"inLanguage\":\"pt-PT\",\"@id\":\"https:\\\/\\\/www.conferenciaepiscopal.pt\\\/v1\\\/#\\\/schema\\\/logo\\\/image\\\/\",\"url\":\"https:\\\/\\\/www.conferenciaepiscopal.pt\\\/v1\\\/wp-content\\\/uploads\\\/cropped-logoTransparente.png\",\"contentUrl\":\"https:\\\/\\\/www.conferenciaepiscopal.pt\\\/v1\\\/wp-content\\\/uploads\\\/cropped-logoTransparente.png\",\"width\":512,\"height\":512,\"caption\":\"Confer\u00eancia Episcopal Portuguesa\"},\"image\":{\"@id\":\"https:\\\/\\\/www.conferenciaepiscopal.pt\\\/v1\\\/#\\\/schema\\\/logo\\\/image\\\/\"}},{\"@type\":\"Person\",\"@id\":\"https:\\\/\\\/www.conferenciaepiscopal.pt\\\/v1\\\/#\\\/schema\\\/person\\\/ab696457f75fe8e22b00183bfacb4cb2\",\"name\":\"Manuel Costa\",\"image\":{\"@type\":\"ImageObject\",\"inLanguage\":\"pt-PT\",\"@id\":\"https:\\\/\\\/secure.gravatar.com\\\/avatar\\\/5054571ff5d2454cd50657fc4e61d0c32d7a5d0d3b36ef6c0f6e269276d13618?s=96&d=mm&r=g\",\"url\":\"https:\\\/\\\/secure.gravatar.com\\\/avatar\\\/5054571ff5d2454cd50657fc4e61d0c32d7a5d0d3b36ef6c0f6e269276d13618?s=96&d=mm&r=g\",\"contentUrl\":\"https:\\\/\\\/secure.gravatar.com\\\/avatar\\\/5054571ff5d2454cd50657fc4e61d0c32d7a5d0d3b36ef6c0f6e269276d13618?s=96&d=mm&r=g\",\"caption\":\"Manuel Costa\"}}]}<\/script>\n<!-- \/ Yoast SEO plugin. -->","yoast_head_json":{"title":"Orienta\u00e7\u00f5es para o cuidado psicol\u00f3gico durante o tempo de quarentena na vida religiosa e sacerdotal - Confer\u00eancia Episcopal Portuguesa","robots":{"index":"index","follow":"follow","max-snippet":"max-snippet:-1","max-image-preview":"max-image-preview:large","max-video-preview":"max-video-preview:-1"},"canonical":"https:\/\/www.conferenciaepiscopal.pt\/v1\/orientacoes-para-o-cuidado-psicologico-durante-o-tempo-de-quarentena-na-vida-religiosa-e-sacerdotal\/","og_locale":"pt_PT","og_type":"article","og_title":"Orienta\u00e7\u00f5es para o cuidado psicol\u00f3gico durante o tempo de quarentena na vida religiosa e sacerdotal - Confer\u00eancia Episcopal Portuguesa","og_description":"Propostas da Unidade Cl\u00ednica de Psicologia da Universidade Pontif\u00edcia de Comillas","og_url":"https:\/\/www.conferenciaepiscopal.pt\/v1\/orientacoes-para-o-cuidado-psicologico-durante-o-tempo-de-quarentena-na-vida-religiosa-e-sacerdotal\/","og_site_name":"Confer\u00eancia Episcopal Portuguesa","article_published_time":"2020-03-21T18:43:24+00:00","article_modified_time":"2020-03-21T18:54:23+00:00","author":"Manuel Costa","twitter_card":"summary_large_image","twitter_misc":{"Escrito por":"Manuel Costa","Tempo estimado de leitura":"24 minutos"},"schema":{"@context":"https:\/\/schema.org","@graph":[{"@type":"Article","@id":"https:\/\/www.conferenciaepiscopal.pt\/v1\/orientacoes-para-o-cuidado-psicologico-durante-o-tempo-de-quarentena-na-vida-religiosa-e-sacerdotal\/#article","isPartOf":{"@id":"https:\/\/www.conferenciaepiscopal.pt\/v1\/orientacoes-para-o-cuidado-psicologico-durante-o-tempo-de-quarentena-na-vida-religiosa-e-sacerdotal\/"},"author":{"name":"Manuel Costa","@id":"https:\/\/www.conferenciaepiscopal.pt\/v1\/#\/schema\/person\/ab696457f75fe8e22b00183bfacb4cb2"},"headline":"Orienta\u00e7\u00f5es para o cuidado psicol\u00f3gico durante o tempo de quarentena na vida religiosa e sacerdotal","datePublished":"2020-03-21T18:43:24+00:00","dateModified":"2020-03-21T18:54:23+00:00","mainEntityOfPage":{"@id":"https:\/\/www.conferenciaepiscopal.pt\/v1\/orientacoes-para-o-cuidado-psicologico-durante-o-tempo-de-quarentena-na-vida-religiosa-e-sacerdotal\/"},"wordCount":4805,"publisher":{"@id":"https:\/\/www.conferenciaepiscopal.pt\/v1\/#organization"},"articleSection":["#entrada","Documentos"],"inLanguage":"pt-PT"},{"@type":"WebPage","@id":"https:\/\/www.conferenciaepiscopal.pt\/v1\/orientacoes-para-o-cuidado-psicologico-durante-o-tempo-de-quarentena-na-vida-religiosa-e-sacerdotal\/","url":"https:\/\/www.conferenciaepiscopal.pt\/v1\/orientacoes-para-o-cuidado-psicologico-durante-o-tempo-de-quarentena-na-vida-religiosa-e-sacerdotal\/","name":"Orienta\u00e7\u00f5es para o cuidado psicol\u00f3gico durante o tempo de quarentena na vida religiosa e sacerdotal - Confer\u00eancia Episcopal Portuguesa","isPartOf":{"@id":"https:\/\/www.conferenciaepiscopal.pt\/v1\/#website"},"datePublished":"2020-03-21T18:43:24+00:00","dateModified":"2020-03-21T18:54:23+00:00","breadcrumb":{"@id":"https:\/\/www.conferenciaepiscopal.pt\/v1\/orientacoes-para-o-cuidado-psicologico-durante-o-tempo-de-quarentena-na-vida-religiosa-e-sacerdotal\/#breadcrumb"},"inLanguage":"pt-PT","potentialAction":[{"@type":"ReadAction","target":["https:\/\/www.conferenciaepiscopal.pt\/v1\/orientacoes-para-o-cuidado-psicologico-durante-o-tempo-de-quarentena-na-vida-religiosa-e-sacerdotal\/"]}]},{"@type":"BreadcrumbList","@id":"https:\/\/www.conferenciaepiscopal.pt\/v1\/orientacoes-para-o-cuidado-psicologico-durante-o-tempo-de-quarentena-na-vida-religiosa-e-sacerdotal\/#breadcrumb","itemListElement":[{"@type":"ListItem","position":1,"name":"In\u00edcio","item":"https:\/\/www.conferenciaepiscopal.pt\/v1\/"},{"@type":"ListItem","position":2,"name":"Orienta\u00e7\u00f5es para o cuidado psicol\u00f3gico durante o tempo de quarentena na vida religiosa e sacerdotal"}]},{"@type":"WebSite","@id":"https:\/\/www.conferenciaepiscopal.pt\/v1\/#website","url":"https:\/\/www.conferenciaepiscopal.pt\/v1\/","name":"Confer\u00eancia Episcopal Portuguesa","description":"Igreja Cat\u00f3lica em Portugal","publisher":{"@id":"https:\/\/www.conferenciaepiscopal.pt\/v1\/#organization"},"potentialAction":[{"@type":"SearchAction","target":{"@type":"EntryPoint","urlTemplate":"https:\/\/www.conferenciaepiscopal.pt\/v1\/?s={search_term_string}"},"query-input":{"@type":"PropertyValueSpecification","valueRequired":true,"valueName":"search_term_string"}}],"inLanguage":"pt-PT"},{"@type":"Organization","@id":"https:\/\/www.conferenciaepiscopal.pt\/v1\/#organization","name":"Confer\u00eancia Episcopal Portuguesa","url":"https:\/\/www.conferenciaepiscopal.pt\/v1\/","logo":{"@type":"ImageObject","inLanguage":"pt-PT","@id":"https:\/\/www.conferenciaepiscopal.pt\/v1\/#\/schema\/logo\/image\/","url":"https:\/\/www.conferenciaepiscopal.pt\/v1\/wp-content\/uploads\/cropped-logoTransparente.png","contentUrl":"https:\/\/www.conferenciaepiscopal.pt\/v1\/wp-content\/uploads\/cropped-logoTransparente.png","width":512,"height":512,"caption":"Confer\u00eancia Episcopal Portuguesa"},"image":{"@id":"https:\/\/www.conferenciaepiscopal.pt\/v1\/#\/schema\/logo\/image\/"}},{"@type":"Person","@id":"https:\/\/www.conferenciaepiscopal.pt\/v1\/#\/schema\/person\/ab696457f75fe8e22b00183bfacb4cb2","name":"Manuel Costa","image":{"@type":"ImageObject","inLanguage":"pt-PT","@id":"https:\/\/secure.gravatar.com\/avatar\/5054571ff5d2454cd50657fc4e61d0c32d7a5d0d3b36ef6c0f6e269276d13618?s=96&d=mm&r=g","url":"https:\/\/secure.gravatar.com\/avatar\/5054571ff5d2454cd50657fc4e61d0c32d7a5d0d3b36ef6c0f6e269276d13618?s=96&d=mm&r=g","contentUrl":"https:\/\/secure.gravatar.com\/avatar\/5054571ff5d2454cd50657fc4e61d0c32d7a5d0d3b36ef6c0f6e269276d13618?s=96&d=mm&r=g","caption":"Manuel Costa"}}]}},"_links":{"self":[{"href":"https:\/\/www.conferenciaepiscopal.pt\/v1\/wp-json\/wp\/v2\/posts\/6541","targetHints":{"allow":["GET"]}}],"collection":[{"href":"https:\/\/www.conferenciaepiscopal.pt\/v1\/wp-json\/wp\/v2\/posts"}],"about":[{"href":"https:\/\/www.conferenciaepiscopal.pt\/v1\/wp-json\/wp\/v2\/types\/post"}],"author":[{"embeddable":true,"href":"https:\/\/www.conferenciaepiscopal.pt\/v1\/wp-json\/wp\/v2\/users\/1"}],"replies":[{"embeddable":true,"href":"https:\/\/www.conferenciaepiscopal.pt\/v1\/wp-json\/wp\/v2\/comments?post=6541"}],"version-history":[{"count":0,"href":"https:\/\/www.conferenciaepiscopal.pt\/v1\/wp-json\/wp\/v2\/posts\/6541\/revisions"}],"wp:attachment":[{"href":"https:\/\/www.conferenciaepiscopal.pt\/v1\/wp-json\/wp\/v2\/media?parent=6541"}],"wp:term":[{"taxonomy":"category","embeddable":true,"href":"https:\/\/www.conferenciaepiscopal.pt\/v1\/wp-json\/wp\/v2\/categories?post=6541"},{"taxonomy":"post_tag","embeddable":true,"href":"https:\/\/www.conferenciaepiscopal.pt\/v1\/wp-json\/wp\/v2\/tags?post=6541"}],"curies":[{"name":"wp","href":"https:\/\/api.w.org\/{rel}","templated":true}]}}