{"id":6535,"date":"2020-03-21T18:02:41","date_gmt":"2020-03-21T18:02:41","guid":{"rendered":"http:\/\/www.conferenciaepiscopal.pt\/v1\/?p=6535"},"modified":"2020-03-21T18:42:28","modified_gmt":"2020-03-21T18:42:28","slug":"22-de-marco-congregacoes-religiosas-em-dia-de-solidariedade-e-oracao-face-a-crise-mundial-do-coronavirus","status":"publish","type":"post","link":"https:\/\/www.conferenciaepiscopal.pt\/v1\/22-de-marco-congregacoes-religiosas-em-dia-de-solidariedade-e-oracao-face-a-crise-mundial-do-coronavirus\/","title":{"rendered":"22 de mar\u00e7o &#8211; Congrega\u00e7\u00f5es religiosas em dia de solidariedade e ora\u00e7\u00e3o face \u00e0 crise mundial do coronav\u00edrus"},"content":{"rendered":"<p><!--more--><\/p>\n<p>Juntamente com a UISG (Uni\u00e3o Internacional de Superioras Gerais), convidamos todas as congrega\u00e7\u00f5es religiosas a celebrar um <strong>Dia de Solidariedade e Ora\u00e7\u00e3o em todo o mundo no pr\u00f3ximo domingo, dia 22 de mar\u00e7o<\/strong>, especialmente em comunh\u00e3o com todas as pessoas que t\u00eam sido afetadas pelo coronav\u00edrus.<\/p>\n<p>N\u00f3s, religiosas e religiosos de todo o mundo, sentimo-nos chamados a responder \u00e0 crise mundial do coronav\u00edrus em solidariedade com os outros, especialmente os mais vulner\u00e1veis e os que correm mais riscos, seguindo, em primeiro lugar, as diretrizes da Organiza\u00e7\u00e3o Mundial da Sa\u00fade e dos nossos pr\u00f3prios governos.<\/p>\n<p>A nossa resposta exprime-se tamb\u00e9m atrav\u00e9s da ora\u00e7\u00e3o e do testemunho da nossa responsabilidade de nos cuidarmos mutuamente, atrav\u00e9s de uma solidariedade concreta e consciente.<\/p>\n<p>Lembramos e agradecemos de modo muito particular \u00e0queles que est\u00e3o na primeira linha a cuidar dos doentes, \u00e0queles que se dedicam a projetos de investiga\u00e7\u00e3o na busca de rem\u00e9dios e \u00e0queles que trabalham nos servi\u00e7os p\u00fablicos.<\/p>\n<p>No dia 22 de mar\u00e7o n\u00f3s, religiosas e religiosos, exprimimos juntos a nossa solidariedade e comunh\u00e3o com todas as pessoas do mundo, nossos irm\u00e3os e irm\u00e3s, especialmente atrav\u00e9s da ora\u00e7\u00e3o.<\/p>\n<p><em>Uni\u00e3o dos Superiores Gerais (USG) <\/em><\/p>\n<p>&nbsp;<\/p>\n<h3>ORA\u00c7\u00c3O SUGERIDA<\/h3>\n<p>[Ora\u00e7\u00e3o do Papa Francisco por ocasi\u00e3o do Dia de Ora\u00e7\u00e3o e Jejum no Santu\u00e1rio do Divino Amor a 11 de mar\u00e7o de 2020]<\/p>\n<p>\u00d3 Maria,<br \/>\nTu resplandeces sempre no nosso caminho como sinal de salva\u00e7\u00e3o e de esperan\u00e7a.<br \/>\nConfiamo-nos a Ti, Sa\u00fade dos enfermos, que junto \u00e0 cruz foste associada \u00e0 dor de Jesus, mantendo firme a tua f\u00e9.<\/p>\n<p>Tu, Salva\u00e7\u00e3o do povo romano, sabes do que precisamos e temos a certeza de que providenciar\u00e1s<br \/>\npara que, como em Can\u00e1 da Galileia, possam voltar a alegria e a festa depois deste momento de prova\u00e7\u00e3o.<\/p>\n<p>Ajuda-nos, M\u00e3e do Divino Amor, a conformar-nos \u00e0 vontade do Pai<br \/>\ne a fazer o que Jesus nos disser,<br \/>\nEle que assumiu sobre Si os nossos sofrimentos e carregou as nossas dores<br \/>\npara nos guiar, atrav\u00e9s da cruz, \u00e0 alegria da ressurrei\u00e7\u00e3o.<br \/>\n\u00c1men!<\/p>\n<p><em>Sob a tua prote\u00e7\u00e3o procuramos ref\u00fagio, Santa M\u00e3e de Deus.<\/em><br \/>\n<em>N\u00e3o desprezes as nossas s\u00faplicas, n\u00f3s que estamos na prova\u00e7\u00e3o,<\/em><br \/>\n<em>e livra-nos de todos os perigos, \u00f3 Virgem gloriosa e bendita!<\/em><\/p>\n<p><strong><a href=\"https:\/\/www.conferenciaepiscopal.pt\/v1\/wp-content\/uploads\/USG-UISG_22-marco_DiaSolidariedadeOracao.pdf\" target=\"_blank\" rel=\"noopener noreferrer\">[PDF]<\/a><\/strong><\/p>\n","protected":false},"excerpt":{"rendered":"","protected":false},"author":1,"featured_media":0,"comment_status":"closed","ping_status":"closed","sticky":false,"template":"","format":"standard","meta":{"site-sidebar-layout":"default","site-content-layout":"","ast-site-content-layout":"default","site-content-style":"default","site-sidebar-style":"default","ast-global-header-display":"","ast-banner-title-visibility":"","ast-main-header-display":"","ast-hfb-above-header-display":"","ast-hfb-below-header-display":"","ast-hfb-mobile-header-display":"","site-post-title":"","ast-breadcrumbs-content":"","ast-featured-img":"","footer-sml-layout":"","ast-disable-related-posts":"","theme-transparent-header-meta":"","adv-header-id-meta":"","stick-header-meta":"","header-above-stick-meta":"","header-main-stick-meta":"","header-below-stick-meta":"","astra-migrate-meta-layouts":"default","ast-page-background-enabled":"default","ast-page-background-meta":{"desktop":{"background-color":"var(--ast-global-color-4)","background-image":"","background-repeat":"repeat","background-position":"center center","background-size":"auto","background-attachment":"scroll","background-type":"","background-media":"","overlay-type":"","overlay-color":"","overlay-opacity":"","overlay-gradient":""},"tablet":{"background-color":"","background-image":"","background-repeat":"repeat","background-position":"center center","background-size":"auto","background-attachment":"scroll","background-type":"","background-media":"","overlay-type":"","overlay-color":"","overlay-opacity":"","overlay-gradient":""},"mobile":{"background-color":"","background-image":"","background-repeat":"repeat","background-position":"center center","background-size":"auto","background-attachment":"scroll","background-type":"","background-media":"","overlay-type":"","overlay-color":"","overlay-opacity":"","overlay-gradient":""}},"ast-content-background-meta":{"desktop":{"background-color":"var(--ast-global-color-5)","background-image":"","background-repeat":"repeat","background-position":"center center","background-size":"auto","background-attachment":"scroll","background-type":"","background-media":"","overlay-type":"","overlay-color":"","overlay-opacity":"","overlay-gradient":""},"tablet":{"background-color":"var(--ast-global-color-5)","background-image":"","background-repeat":"repeat","background-position":"center center","background-size":"auto","background-attachment":"scroll","background-type":"","background-media":"","overlay-type":"","overlay-color":"","overlay-opacity":"","overlay-gradient":""},"mobile":{"background-color":"var(--ast-global-color-5)","background-image":"","background-repeat":"repeat","background-position":"center center","background-size":"auto","background-attachment":"scroll","background-type":"","background-media":"","overlay-type":"","overlay-color":"","overlay-opacity":"","overlay-gradient":""}},"footnotes":""},"categories":[74,4],"tags":[],"class_list":["post-6535","post","type-post","status-publish","format-standard","hentry","category-entrada","category-documentos"],"yoast_head":"<!-- This site is optimized with the Yoast SEO plugin v27.5 - https:\/\/yoast.com\/product\/yoast-seo-wordpress\/ -->\n<title>22 de mar\u00e7o - Congrega\u00e7\u00f5es religiosas em dia de solidariedade e ora\u00e7\u00e3o face \u00e0 crise mundial do coronav\u00edrus - Confer\u00eancia Episcopal Portuguesa<\/title>\n<meta name=\"robots\" content=\"index, follow, max-snippet:-1, max-image-preview:large, max-video-preview:-1\" \/>\n<link rel=\"canonical\" href=\"https:\/\/www.conferenciaepiscopal.pt\/v1\/22-de-marco-congregacoes-religiosas-em-dia-de-solidariedade-e-oracao-face-a-crise-mundial-do-coronavirus\/\" \/>\n<meta property=\"og:locale\" content=\"pt_PT\" \/>\n<meta property=\"og:type\" content=\"article\" \/>\n<meta property=\"og:title\" content=\"22 de mar\u00e7o - Congrega\u00e7\u00f5es religiosas em dia de solidariedade e ora\u00e7\u00e3o face \u00e0 crise mundial do coronav\u00edrus - Confer\u00eancia Episcopal Portuguesa\" \/>\n<meta property=\"og:url\" content=\"https:\/\/www.conferenciaepiscopal.pt\/v1\/22-de-marco-congregacoes-religiosas-em-dia-de-solidariedade-e-oracao-face-a-crise-mundial-do-coronavirus\/\" \/>\n<meta property=\"og:site_name\" content=\"Confer\u00eancia Episcopal Portuguesa\" \/>\n<meta property=\"article:published_time\" content=\"2020-03-21T18:02:41+00:00\" \/>\n<meta property=\"article:modified_time\" content=\"2020-03-21T18:42:28+00:00\" \/>\n<meta name=\"author\" content=\"Manuel Costa\" \/>\n<meta name=\"twitter:card\" content=\"summary_large_image\" \/>\n<meta name=\"twitter:label1\" content=\"Escrito por\" \/>\n\t<meta name=\"twitter:data1\" content=\"Manuel Costa\" \/>\n\t<meta name=\"twitter:label2\" content=\"Tempo estimado de leitura\" \/>\n\t<meta name=\"twitter:data2\" content=\"2 minutos\" \/>\n<script type=\"application\/ld+json\" class=\"yoast-schema-graph\">{\"@context\":\"https:\\\/\\\/schema.org\",\"@graph\":[{\"@type\":\"Article\",\"@id\":\"https:\\\/\\\/www.conferenciaepiscopal.pt\\\/v1\\\/22-de-marco-congregacoes-religiosas-em-dia-de-solidariedade-e-oracao-face-a-crise-mundial-do-coronavirus\\\/#article\",\"isPartOf\":{\"@id\":\"https:\\\/\\\/www.conferenciaepiscopal.pt\\\/v1\\\/22-de-marco-congregacoes-religiosas-em-dia-de-solidariedade-e-oracao-face-a-crise-mundial-do-coronavirus\\\/\"},\"author\":{\"name\":\"Manuel Costa\",\"@id\":\"https:\\\/\\\/www.conferenciaepiscopal.pt\\\/v1\\\/#\\\/schema\\\/person\\\/ab696457f75fe8e22b00183bfacb4cb2\"},\"headline\":\"22 de mar\u00e7o &#8211; Congrega\u00e7\u00f5es religiosas em dia de solidariedade e ora\u00e7\u00e3o face \u00e0 crise mundial do coronav\u00edrus\",\"datePublished\":\"2020-03-21T18:02:41+00:00\",\"dateModified\":\"2020-03-21T18:42:28+00:00\",\"mainEntityOfPage\":{\"@id\":\"https:\\\/\\\/www.conferenciaepiscopal.pt\\\/v1\\\/22-de-marco-congregacoes-religiosas-em-dia-de-solidariedade-e-oracao-face-a-crise-mundial-do-coronavirus\\\/\"},\"wordCount\":424,\"publisher\":{\"@id\":\"https:\\\/\\\/www.conferenciaepiscopal.pt\\\/v1\\\/#organization\"},\"articleSection\":[\"#entrada\",\"Documentos\"],\"inLanguage\":\"pt-PT\"},{\"@type\":\"WebPage\",\"@id\":\"https:\\\/\\\/www.conferenciaepiscopal.pt\\\/v1\\\/22-de-marco-congregacoes-religiosas-em-dia-de-solidariedade-e-oracao-face-a-crise-mundial-do-coronavirus\\\/\",\"url\":\"https:\\\/\\\/www.conferenciaepiscopal.pt\\\/v1\\\/22-de-marco-congregacoes-religiosas-em-dia-de-solidariedade-e-oracao-face-a-crise-mundial-do-coronavirus\\\/\",\"name\":\"22 de mar\u00e7o - Congrega\u00e7\u00f5es religiosas em dia de solidariedade e ora\u00e7\u00e3o face \u00e0 crise mundial do coronav\u00edrus - Confer\u00eancia Episcopal Portuguesa\",\"isPartOf\":{\"@id\":\"https:\\\/\\\/www.conferenciaepiscopal.pt\\\/v1\\\/#website\"},\"datePublished\":\"2020-03-21T18:02:41+00:00\",\"dateModified\":\"2020-03-21T18:42:28+00:00\",\"breadcrumb\":{\"@id\":\"https:\\\/\\\/www.conferenciaepiscopal.pt\\\/v1\\\/22-de-marco-congregacoes-religiosas-em-dia-de-solidariedade-e-oracao-face-a-crise-mundial-do-coronavirus\\\/#breadcrumb\"},\"inLanguage\":\"pt-PT\",\"potentialAction\":[{\"@type\":\"ReadAction\",\"target\":[\"https:\\\/\\\/www.conferenciaepiscopal.pt\\\/v1\\\/22-de-marco-congregacoes-religiosas-em-dia-de-solidariedade-e-oracao-face-a-crise-mundial-do-coronavirus\\\/\"]}]},{\"@type\":\"BreadcrumbList\",\"@id\":\"https:\\\/\\\/www.conferenciaepiscopal.pt\\\/v1\\\/22-de-marco-congregacoes-religiosas-em-dia-de-solidariedade-e-oracao-face-a-crise-mundial-do-coronavirus\\\/#breadcrumb\",\"itemListElement\":[{\"@type\":\"ListItem\",\"position\":1,\"name\":\"In\u00edcio\",\"item\":\"https:\\\/\\\/www.conferenciaepiscopal.pt\\\/v1\\\/\"},{\"@type\":\"ListItem\",\"position\":2,\"name\":\"22 de mar\u00e7o &#8211; Congrega\u00e7\u00f5es religiosas em dia de solidariedade e ora\u00e7\u00e3o face \u00e0 crise mundial do coronav\u00edrus\"}]},{\"@type\":\"WebSite\",\"@id\":\"https:\\\/\\\/www.conferenciaepiscopal.pt\\\/v1\\\/#website\",\"url\":\"https:\\\/\\\/www.conferenciaepiscopal.pt\\\/v1\\\/\",\"name\":\"Confer\u00eancia Episcopal Portuguesa\",\"description\":\"Igreja Cat\u00f3lica em Portugal\",\"publisher\":{\"@id\":\"https:\\\/\\\/www.conferenciaepiscopal.pt\\\/v1\\\/#organization\"},\"potentialAction\":[{\"@type\":\"SearchAction\",\"target\":{\"@type\":\"EntryPoint\",\"urlTemplate\":\"https:\\\/\\\/www.conferenciaepiscopal.pt\\\/v1\\\/?s={search_term_string}\"},\"query-input\":{\"@type\":\"PropertyValueSpecification\",\"valueRequired\":true,\"valueName\":\"search_term_string\"}}],\"inLanguage\":\"pt-PT\"},{\"@type\":\"Organization\",\"@id\":\"https:\\\/\\\/www.conferenciaepiscopal.pt\\\/v1\\\/#organization\",\"name\":\"Confer\u00eancia Episcopal Portuguesa\",\"url\":\"https:\\\/\\\/www.conferenciaepiscopal.pt\\\/v1\\\/\",\"logo\":{\"@type\":\"ImageObject\",\"inLanguage\":\"pt-PT\",\"@id\":\"https:\\\/\\\/www.conferenciaepiscopal.pt\\\/v1\\\/#\\\/schema\\\/logo\\\/image\\\/\",\"url\":\"https:\\\/\\\/www.conferenciaepiscopal.pt\\\/v1\\\/wp-content\\\/uploads\\\/cropped-logoTransparente.png\",\"contentUrl\":\"https:\\\/\\\/www.conferenciaepiscopal.pt\\\/v1\\\/wp-content\\\/uploads\\\/cropped-logoTransparente.png\",\"width\":512,\"height\":512,\"caption\":\"Confer\u00eancia Episcopal Portuguesa\"},\"image\":{\"@id\":\"https:\\\/\\\/www.conferenciaepiscopal.pt\\\/v1\\\/#\\\/schema\\\/logo\\\/image\\\/\"}},{\"@type\":\"Person\",\"@id\":\"https:\\\/\\\/www.conferenciaepiscopal.pt\\\/v1\\\/#\\\/schema\\\/person\\\/ab696457f75fe8e22b00183bfacb4cb2\",\"name\":\"Manuel Costa\",\"image\":{\"@type\":\"ImageObject\",\"inLanguage\":\"pt-PT\",\"@id\":\"https:\\\/\\\/secure.gravatar.com\\\/avatar\\\/5054571ff5d2454cd50657fc4e61d0c32d7a5d0d3b36ef6c0f6e269276d13618?s=96&d=mm&r=g\",\"url\":\"https:\\\/\\\/secure.gravatar.com\\\/avatar\\\/5054571ff5d2454cd50657fc4e61d0c32d7a5d0d3b36ef6c0f6e269276d13618?s=96&d=mm&r=g\",\"contentUrl\":\"https:\\\/\\\/secure.gravatar.com\\\/avatar\\\/5054571ff5d2454cd50657fc4e61d0c32d7a5d0d3b36ef6c0f6e269276d13618?s=96&d=mm&r=g\",\"caption\":\"Manuel Costa\"}}]}<\/script>\n<!-- \/ Yoast SEO plugin. -->","yoast_head_json":{"title":"22 de mar\u00e7o - Congrega\u00e7\u00f5es religiosas em dia de solidariedade e ora\u00e7\u00e3o face \u00e0 crise mundial do coronav\u00edrus - Confer\u00eancia Episcopal Portuguesa","robots":{"index":"index","follow":"follow","max-snippet":"max-snippet:-1","max-image-preview":"max-image-preview:large","max-video-preview":"max-video-preview:-1"},"canonical":"https:\/\/www.conferenciaepiscopal.pt\/v1\/22-de-marco-congregacoes-religiosas-em-dia-de-solidariedade-e-oracao-face-a-crise-mundial-do-coronavirus\/","og_locale":"pt_PT","og_type":"article","og_title":"22 de mar\u00e7o - Congrega\u00e7\u00f5es religiosas em dia de solidariedade e ora\u00e7\u00e3o face \u00e0 crise mundial do coronav\u00edrus - Confer\u00eancia Episcopal Portuguesa","og_url":"https:\/\/www.conferenciaepiscopal.pt\/v1\/22-de-marco-congregacoes-religiosas-em-dia-de-solidariedade-e-oracao-face-a-crise-mundial-do-coronavirus\/","og_site_name":"Confer\u00eancia Episcopal Portuguesa","article_published_time":"2020-03-21T18:02:41+00:00","article_modified_time":"2020-03-21T18:42:28+00:00","author":"Manuel Costa","twitter_card":"summary_large_image","twitter_misc":{"Escrito por":"Manuel Costa","Tempo estimado de leitura":"2 minutos"},"schema":{"@context":"https:\/\/schema.org","@graph":[{"@type":"Article","@id":"https:\/\/www.conferenciaepiscopal.pt\/v1\/22-de-marco-congregacoes-religiosas-em-dia-de-solidariedade-e-oracao-face-a-crise-mundial-do-coronavirus\/#article","isPartOf":{"@id":"https:\/\/www.conferenciaepiscopal.pt\/v1\/22-de-marco-congregacoes-religiosas-em-dia-de-solidariedade-e-oracao-face-a-crise-mundial-do-coronavirus\/"},"author":{"name":"Manuel Costa","@id":"https:\/\/www.conferenciaepiscopal.pt\/v1\/#\/schema\/person\/ab696457f75fe8e22b00183bfacb4cb2"},"headline":"22 de mar\u00e7o &#8211; Congrega\u00e7\u00f5es religiosas em dia de solidariedade e ora\u00e7\u00e3o face \u00e0 crise mundial do coronav\u00edrus","datePublished":"2020-03-21T18:02:41+00:00","dateModified":"2020-03-21T18:42:28+00:00","mainEntityOfPage":{"@id":"https:\/\/www.conferenciaepiscopal.pt\/v1\/22-de-marco-congregacoes-religiosas-em-dia-de-solidariedade-e-oracao-face-a-crise-mundial-do-coronavirus\/"},"wordCount":424,"publisher":{"@id":"https:\/\/www.conferenciaepiscopal.pt\/v1\/#organization"},"articleSection":["#entrada","Documentos"],"inLanguage":"pt-PT"},{"@type":"WebPage","@id":"https:\/\/www.conferenciaepiscopal.pt\/v1\/22-de-marco-congregacoes-religiosas-em-dia-de-solidariedade-e-oracao-face-a-crise-mundial-do-coronavirus\/","url":"https:\/\/www.conferenciaepiscopal.pt\/v1\/22-de-marco-congregacoes-religiosas-em-dia-de-solidariedade-e-oracao-face-a-crise-mundial-do-coronavirus\/","name":"22 de mar\u00e7o - Congrega\u00e7\u00f5es religiosas em dia de solidariedade e ora\u00e7\u00e3o face \u00e0 crise mundial do coronav\u00edrus - Confer\u00eancia Episcopal Portuguesa","isPartOf":{"@id":"https:\/\/www.conferenciaepiscopal.pt\/v1\/#website"},"datePublished":"2020-03-21T18:02:41+00:00","dateModified":"2020-03-21T18:42:28+00:00","breadcrumb":{"@id":"https:\/\/www.conferenciaepiscopal.pt\/v1\/22-de-marco-congregacoes-religiosas-em-dia-de-solidariedade-e-oracao-face-a-crise-mundial-do-coronavirus\/#breadcrumb"},"inLanguage":"pt-PT","potentialAction":[{"@type":"ReadAction","target":["https:\/\/www.conferenciaepiscopal.pt\/v1\/22-de-marco-congregacoes-religiosas-em-dia-de-solidariedade-e-oracao-face-a-crise-mundial-do-coronavirus\/"]}]},{"@type":"BreadcrumbList","@id":"https:\/\/www.conferenciaepiscopal.pt\/v1\/22-de-marco-congregacoes-religiosas-em-dia-de-solidariedade-e-oracao-face-a-crise-mundial-do-coronavirus\/#breadcrumb","itemListElement":[{"@type":"ListItem","position":1,"name":"In\u00edcio","item":"https:\/\/www.conferenciaepiscopal.pt\/v1\/"},{"@type":"ListItem","position":2,"name":"22 de mar\u00e7o &#8211; Congrega\u00e7\u00f5es religiosas em dia de solidariedade e ora\u00e7\u00e3o face \u00e0 crise mundial do coronav\u00edrus"}]},{"@type":"WebSite","@id":"https:\/\/www.conferenciaepiscopal.pt\/v1\/#website","url":"https:\/\/www.conferenciaepiscopal.pt\/v1\/","name":"Confer\u00eancia Episcopal Portuguesa","description":"Igreja Cat\u00f3lica em Portugal","publisher":{"@id":"https:\/\/www.conferenciaepiscopal.pt\/v1\/#organization"},"potentialAction":[{"@type":"SearchAction","target":{"@type":"EntryPoint","urlTemplate":"https:\/\/www.conferenciaepiscopal.pt\/v1\/?s={search_term_string}"},"query-input":{"@type":"PropertyValueSpecification","valueRequired":true,"valueName":"search_term_string"}}],"inLanguage":"pt-PT"},{"@type":"Organization","@id":"https:\/\/www.conferenciaepiscopal.pt\/v1\/#organization","name":"Confer\u00eancia Episcopal Portuguesa","url":"https:\/\/www.conferenciaepiscopal.pt\/v1\/","logo":{"@type":"ImageObject","inLanguage":"pt-PT","@id":"https:\/\/www.conferenciaepiscopal.pt\/v1\/#\/schema\/logo\/image\/","url":"https:\/\/www.conferenciaepiscopal.pt\/v1\/wp-content\/uploads\/cropped-logoTransparente.png","contentUrl":"https:\/\/www.conferenciaepiscopal.pt\/v1\/wp-content\/uploads\/cropped-logoTransparente.png","width":512,"height":512,"caption":"Confer\u00eancia Episcopal Portuguesa"},"image":{"@id":"https:\/\/www.conferenciaepiscopal.pt\/v1\/#\/schema\/logo\/image\/"}},{"@type":"Person","@id":"https:\/\/www.conferenciaepiscopal.pt\/v1\/#\/schema\/person\/ab696457f75fe8e22b00183bfacb4cb2","name":"Manuel Costa","image":{"@type":"ImageObject","inLanguage":"pt-PT","@id":"https:\/\/secure.gravatar.com\/avatar\/5054571ff5d2454cd50657fc4e61d0c32d7a5d0d3b36ef6c0f6e269276d13618?s=96&d=mm&r=g","url":"https:\/\/secure.gravatar.com\/avatar\/5054571ff5d2454cd50657fc4e61d0c32d7a5d0d3b36ef6c0f6e269276d13618?s=96&d=mm&r=g","contentUrl":"https:\/\/secure.gravatar.com\/avatar\/5054571ff5d2454cd50657fc4e61d0c32d7a5d0d3b36ef6c0f6e269276d13618?s=96&d=mm&r=g","caption":"Manuel Costa"}}]}},"_links":{"self":[{"href":"https:\/\/www.conferenciaepiscopal.pt\/v1\/wp-json\/wp\/v2\/posts\/6535","targetHints":{"allow":["GET"]}}],"collection":[{"href":"https:\/\/www.conferenciaepiscopal.pt\/v1\/wp-json\/wp\/v2\/posts"}],"about":[{"href":"https:\/\/www.conferenciaepiscopal.pt\/v1\/wp-json\/wp\/v2\/types\/post"}],"author":[{"embeddable":true,"href":"https:\/\/www.conferenciaepiscopal.pt\/v1\/wp-json\/wp\/v2\/users\/1"}],"replies":[{"embeddable":true,"href":"https:\/\/www.conferenciaepiscopal.pt\/v1\/wp-json\/wp\/v2\/comments?post=6535"}],"version-history":[{"count":0,"href":"https:\/\/www.conferenciaepiscopal.pt\/v1\/wp-json\/wp\/v2\/posts\/6535\/revisions"}],"wp:attachment":[{"href":"https:\/\/www.conferenciaepiscopal.pt\/v1\/wp-json\/wp\/v2\/media?parent=6535"}],"wp:term":[{"taxonomy":"category","embeddable":true,"href":"https:\/\/www.conferenciaepiscopal.pt\/v1\/wp-json\/wp\/v2\/categories?post=6535"},{"taxonomy":"post_tag","embeddable":true,"href":"https:\/\/www.conferenciaepiscopal.pt\/v1\/wp-json\/wp\/v2\/tags?post=6535"}],"curies":[{"name":"wp","href":"https:\/\/api.w.org\/{rel}","templated":true}]}}