{"id":6531,"date":"2020-03-20T22:47:52","date_gmt":"2020-03-20T22:47:52","guid":{"rendered":"http:\/\/www.conferenciaepiscopal.pt\/v1\/?p=6531"},"modified":"2020-03-20T22:47:52","modified_gmt":"2020-03-20T22:47:52","slug":"nota-acerca-do-sacramento-da-reconciliacao-na-atual-situacao-de-pandemia","status":"publish","type":"post","link":"https:\/\/www.conferenciaepiscopal.pt\/v1\/nota-acerca-do-sacramento-da-reconciliacao-na-atual-situacao-de-pandemia\/","title":{"rendered":"Nota acerca do Sacramento da Reconcilia\u00e7\u00e3o na atual situa\u00e7\u00e3o de pandemia"},"content":{"rendered":"<p><em><strong>Penitenciaria Apost\u00f3lica<\/strong><\/em><\/p>\n<p><!--more--><\/p>\n<p><strong><em>\u00abEu estou sempre convosco\u00bb\u00a0<\/em><\/strong><strong><em>(Mt 28,20)<\/em><\/strong><\/p>\n<p>A gravidade das circunst\u00e2ncias atuais imp\u00f5e uma reflex\u00e3o acerca da urg\u00eancia e da centralidade do Sacramento da Reconcilia\u00e7\u00e3o, juntamente com alguns esclarecimentos necess\u00e1rios, tanto para os fi\u00e9is leigos como para os ministros chamados a celebrar o sacramento.<\/p>\n<p>Tamb\u00e9m no tempo do Covid-19, o Sacramento da Reconcilia\u00e7\u00e3o \u00e9 administrado conforme a norma do direito can\u00f3nico universal e de acordo com o que est\u00e1 disposto no <em>Ordo Paenitentiae<\/em>.<\/p>\n<p>A confiss\u00e3o individual representa o modo ordin\u00e1rio para a celebra\u00e7\u00e3o deste sacramento (cf. c\u00e2n. 960 CIC), ao passo que a absolvic\u0327a\u0303o simulta\u0302nea a va\u0301rios penitentes sem confissa\u0303o individual pre\u0301via na\u0303o pode dar-se de modo geral, a na\u0303o ser que esteja iminente o perigo de morte, e na\u0303o haja tempo para um ou mais sacerdotes poderem ouvir a confissa\u0303o de cada um dos penitentes (cf. can. 961 \u00a71 CIC), ou haja necessidade grave (cf. c\u00e2n. 961 \u00a71, 2.\u00ba CIC), cujo ju\u00edzo compete ao Bispo diocesano, atendendo aos crite\u0301rios fixados por acordo com os restantes membros da Confere\u0302ncia Episcopal (cf. c\u00e2n. 455 \u00a72 CIC), ficando estabelecido que, para a v\u00e1lida absolvi\u00e7\u00e3o, \u00e9 necess\u00e1rio o <em>votum sacramenti<\/em> por parte de cada penitente, ou seja, o prop\u00f3sito de se confessar individualmente, no devido tempo, dos pecados graves que no momento na\u0303o po\u0302de confessar (cf. c\u00e2n. 962 \u00a71 CIC).<\/p>\n<p><em>Esta Penitenciaria Apost\u00f3lica considera que, sobretudo nos lugares mais atingidos pelo cont\u00e1gio pand\u00e9mico e enquanto o fen\u00f3meno n\u00e3o desaparecer, ocorrem os casos de grave necessidade, de que trata o acima referido c\u00e2n. 961 \u00a72 CIC.<\/em><\/p>\n<p>Qualquer especifica\u00e7\u00e3o ulterior \u00e9 delegada pelo direito aos Bispos diocesanos, tendo sempre em conta o supremo bem da salva\u00e7\u00e3o das almas (cf. c\u00e2n. 1752 CIC).<\/p>\n<p>Caso se viesse a verificar subitamente a necessidade de dar a absolvi\u00e7\u00e3o sacramental a v\u00e1rios fi\u00e9is em simult\u00e2neo, o sacerdote tem o dever de avisar, nos limites do poss\u00edvel, o Bispo diocesano ou, se n\u00e3o o puder fazer, de o informar quanto antes (cf. <em>Ordo Paenitentiae<\/em>, n. 32).<\/p>\n<p>Na presente emerg\u00eancia pand\u00e9mica, compete, por isso, ao Bispo diocesano indicar aos sacerdotes e aos penitentes as prudentes aten\u00e7\u00f5es que devem adotar na celebra\u00e7\u00e3o individual da reconcilia\u00e7\u00e3o sacramental, como seja a celebra\u00e7\u00e3o em lugar arejado fora do confession\u00e1rio, a ado\u00e7\u00e3o de uma dist\u00e2ncia conveniente, o recurso a m\u00e1scaras de prote\u00e7\u00e3o, sem preju\u00edzo da absoluta aten\u00e7\u00e3o \u00e0 salvaguarda do sigilo sacramental e da necess\u00e1ria discri\u00e7\u00e3o.<\/p>\n<p>Al\u00e9m disso, \u00e9 sempre da compet\u00eancia do Bispo diocesano determinar, no territ\u00f3rio da sua circunscri\u00e7\u00e3o eclesi\u00e1stica e em rela\u00e7\u00e3o com o n\u00edvel de cont\u00e1gio pand\u00e9mico, os casos de grave necessidade em que ser\u00e1 l\u00edcito dar a absolvi\u00e7\u00e3o simult\u00e2nea: por exemplo, \u00e0 entrada das divis\u00f5es hospitalares, onde se encontram internados os fi\u00e9is contagiados em perigo de morte, usando, nos limites do poss\u00edvel e com as precau\u00e7\u00f5es oportunas, os meios de amplifica\u00e7\u00e3o da voz, de modo que a absolvi\u00e7\u00e3o seja ouvida.<\/p>\n<p>Avalie-se a necessidade e a oportunidade de constituir, onde for necess\u00e1rio, de acordo com as autoridades de sa\u00fade, grupos de \u201ccapel\u00e3es hospitalares extraordin\u00e1rios\u201d, mesmo \u00e0 base de voluntariado e respeitando as normas de prote\u00e7\u00e3o contra o cont\u00e1gio, de modo a garantir a necess\u00e1ria assist\u00eancia espiritual aos doentes e aos moribundos.<\/p>\n<p>Quando um fiel se encontrar na dolorosa impossibilidade de receber a absolvi\u00e7\u00e3o sacramental, recorda-se que a contri\u00e7\u00e3o perfeita, procedente do amor de Deus, amado sobre todas as coisas, expressa por um sincero pedido de perd\u00e3o (o pedido que, nesse momento, o penitente \u00e9 capaz de exprimir) e acompanhado pelo <em>votum confessionis<\/em>, ou seja, o prop\u00f3sito firme de recorrer, logo que poss\u00edvel, \u00e0 confiss\u00e3o sacramental, obt\u00e9m o perd\u00e3o dos pecados, tamb\u00e9m dos mortais (cf. <em>Cat. Ig. Cat.<\/em>, n. 1452).<\/p>\n<p>Neste tempo mais do que nunca, a Igreja experimenta a for\u00e7a da comunh\u00e3o dos santos, eleva ao seu Senhor, Crucificado e Ressuscitado, votos e ora\u00e7\u00e3o, de modo particular o Sacrif\u00edcio da Santa Missa, celebrado quotidianamente pelos sacerdotes, mesmo sem povo.<\/p>\n<p>Como boa m\u00e3e, a Igreja implora ao Senhor que a humanidade seja libertada de um tal flagelo, invocando a intercess\u00e3o da Bem-aventurada Virgem Maria, M\u00e3e de Miseric\u00f3rdia e Sa\u00fade dos Enfermos, e do seu Esposo S\u00e3o Jos\u00e9, sob cujo patroc\u00ednio a Igreja caminha desde sempre no mundo.<\/p>\n<p>Que Maria Sant\u00edssima e S\u00e3o Jos\u00e9 nos obtenham abundantes gra\u00e7as de reconcilia\u00e7\u00e3o e de salva\u00e7\u00e3o, na escuta atenta da Palavra do Senhor, que repete hoje \u00e0 humanidade: \u00abRendei-vos e reconhecei que Eu sou Deus\u00bb (Sl 46,11), \u00abEu estou sempre convosco\u00bb (Mt 28,20).<\/p>\n<p>Dado em Roma, da sede da Penitenciaria Apost\u00f3lica, a 19 de mar\u00e7o de 2020,<\/p>\n<p>Solenidade de S\u00e3o Jos\u00e9, Esposo da B. V. Maria, Patrono da Igreja Universal.<\/p>\n<p><em>Cardeal Mauro Piacenza, Penitenci\u00e1rio-Mor<br \/>\n<\/em><em>Krzysztof Nykiel<\/em><em>, <\/em><em>Regente<\/em><\/p>\n","protected":false},"excerpt":{"rendered":"<p>Penitenciaria Apost\u00f3lica<\/p>\n","protected":false},"author":1,"featured_media":0,"comment_status":"closed","ping_status":"closed","sticky":false,"template":"","format":"standard","meta":{"site-sidebar-layout":"default","site-content-layout":"","ast-site-content-layout":"default","site-content-style":"default","site-sidebar-style":"default","ast-global-header-display":"","ast-banner-title-visibility":"","ast-main-header-display":"","ast-hfb-above-header-display":"","ast-hfb-below-header-display":"","ast-hfb-mobile-header-display":"","site-post-title":"","ast-breadcrumbs-content":"","ast-featured-img":"","footer-sml-layout":"","ast-disable-related-posts":"","theme-transparent-header-meta":"","adv-header-id-meta":"","stick-header-meta":"","header-above-stick-meta":"","header-main-stick-meta":"","header-below-stick-meta":"","astra-migrate-meta-layouts":"default","ast-page-background-enabled":"default","ast-page-background-meta":{"desktop":{"background-color":"var(--ast-global-color-4)","background-image":"","background-repeat":"repeat","background-position":"center center","background-size":"auto","background-attachment":"scroll","background-type":"","background-media":"","overlay-type":"","overlay-color":"","overlay-opacity":"","overlay-gradient":""},"tablet":{"background-color":"","background-image":"","background-repeat":"repeat","background-position":"center center","background-size":"auto","background-attachment":"scroll","background-type":"","background-media":"","overlay-type":"","overlay-color":"","overlay-opacity":"","overlay-gradient":""},"mobile":{"background-color":"","background-image":"","background-repeat":"repeat","background-position":"center center","background-size":"auto","background-attachment":"scroll","background-type":"","background-media":"","overlay-type":"","overlay-color":"","overlay-opacity":"","overlay-gradient":""}},"ast-content-background-meta":{"desktop":{"background-color":"var(--ast-global-color-5)","background-image":"","background-repeat":"repeat","background-position":"center center","background-size":"auto","background-attachment":"scroll","background-type":"","background-media":"","overlay-type":"","overlay-color":"","overlay-opacity":"","overlay-gradient":""},"tablet":{"background-color":"var(--ast-global-color-5)","background-image":"","background-repeat":"repeat","background-position":"center center","background-size":"auto","background-attachment":"scroll","background-type":"","background-media":"","overlay-type":"","overlay-color":"","overlay-opacity":"","overlay-gradient":""},"mobile":{"background-color":"var(--ast-global-color-5)","background-image":"","background-repeat":"repeat","background-position":"center center","background-size":"auto","background-attachment":"scroll","background-type":"","background-media":"","overlay-type":"","overlay-color":"","overlay-opacity":"","overlay-gradient":""}},"footnotes":""},"categories":[74,4],"tags":[],"class_list":["post-6531","post","type-post","status-publish","format-standard","hentry","category-entrada","category-documentos"],"yoast_head":"<!-- This site is optimized with the Yoast SEO plugin v27.5 - https:\/\/yoast.com\/product\/yoast-seo-wordpress\/ -->\n<title>Nota acerca do Sacramento da Reconcilia\u00e7\u00e3o na atual situa\u00e7\u00e3o de pandemia - Confer\u00eancia Episcopal Portuguesa<\/title>\n<meta name=\"robots\" content=\"index, follow, max-snippet:-1, max-image-preview:large, max-video-preview:-1\" \/>\n<link rel=\"canonical\" href=\"https:\/\/www.conferenciaepiscopal.pt\/v1\/nota-acerca-do-sacramento-da-reconciliacao-na-atual-situacao-de-pandemia\/\" \/>\n<meta property=\"og:locale\" content=\"pt_PT\" \/>\n<meta property=\"og:type\" content=\"article\" \/>\n<meta property=\"og:title\" content=\"Nota acerca do Sacramento da Reconcilia\u00e7\u00e3o na atual situa\u00e7\u00e3o de pandemia - Confer\u00eancia Episcopal Portuguesa\" \/>\n<meta property=\"og:description\" content=\"Penitenciaria Apost\u00f3lica\" \/>\n<meta property=\"og:url\" content=\"https:\/\/www.conferenciaepiscopal.pt\/v1\/nota-acerca-do-sacramento-da-reconciliacao-na-atual-situacao-de-pandemia\/\" \/>\n<meta property=\"og:site_name\" content=\"Confer\u00eancia Episcopal Portuguesa\" \/>\n<meta property=\"article:published_time\" content=\"2020-03-20T22:47:52+00:00\" \/>\n<meta name=\"author\" content=\"Manuel Costa\" \/>\n<meta name=\"twitter:card\" content=\"summary_large_image\" \/>\n<meta name=\"twitter:label1\" content=\"Escrito por\" \/>\n\t<meta name=\"twitter:data1\" content=\"Manuel Costa\" \/>\n\t<meta name=\"twitter:label2\" content=\"Tempo estimado de leitura\" \/>\n\t<meta name=\"twitter:data2\" content=\"4 minutos\" \/>\n<script type=\"application\/ld+json\" class=\"yoast-schema-graph\">{\"@context\":\"https:\\\/\\\/schema.org\",\"@graph\":[{\"@type\":\"Article\",\"@id\":\"https:\\\/\\\/www.conferenciaepiscopal.pt\\\/v1\\\/nota-acerca-do-sacramento-da-reconciliacao-na-atual-situacao-de-pandemia\\\/#article\",\"isPartOf\":{\"@id\":\"https:\\\/\\\/www.conferenciaepiscopal.pt\\\/v1\\\/nota-acerca-do-sacramento-da-reconciliacao-na-atual-situacao-de-pandemia\\\/\"},\"author\":{\"name\":\"Manuel Costa\",\"@id\":\"https:\\\/\\\/www.conferenciaepiscopal.pt\\\/v1\\\/#\\\/schema\\\/person\\\/ab696457f75fe8e22b00183bfacb4cb2\"},\"headline\":\"Nota acerca do Sacramento da Reconcilia\u00e7\u00e3o na atual situa\u00e7\u00e3o de pandemia\",\"datePublished\":\"2020-03-20T22:47:52+00:00\",\"mainEntityOfPage\":{\"@id\":\"https:\\\/\\\/www.conferenciaepiscopal.pt\\\/v1\\\/nota-acerca-do-sacramento-da-reconciliacao-na-atual-situacao-de-pandemia\\\/\"},\"wordCount\":865,\"publisher\":{\"@id\":\"https:\\\/\\\/www.conferenciaepiscopal.pt\\\/v1\\\/#organization\"},\"articleSection\":[\"#entrada\",\"Documentos\"],\"inLanguage\":\"pt-PT\"},{\"@type\":\"WebPage\",\"@id\":\"https:\\\/\\\/www.conferenciaepiscopal.pt\\\/v1\\\/nota-acerca-do-sacramento-da-reconciliacao-na-atual-situacao-de-pandemia\\\/\",\"url\":\"https:\\\/\\\/www.conferenciaepiscopal.pt\\\/v1\\\/nota-acerca-do-sacramento-da-reconciliacao-na-atual-situacao-de-pandemia\\\/\",\"name\":\"Nota acerca do Sacramento da Reconcilia\u00e7\u00e3o na atual situa\u00e7\u00e3o de pandemia - Confer\u00eancia Episcopal Portuguesa\",\"isPartOf\":{\"@id\":\"https:\\\/\\\/www.conferenciaepiscopal.pt\\\/v1\\\/#website\"},\"datePublished\":\"2020-03-20T22:47:52+00:00\",\"breadcrumb\":{\"@id\":\"https:\\\/\\\/www.conferenciaepiscopal.pt\\\/v1\\\/nota-acerca-do-sacramento-da-reconciliacao-na-atual-situacao-de-pandemia\\\/#breadcrumb\"},\"inLanguage\":\"pt-PT\",\"potentialAction\":[{\"@type\":\"ReadAction\",\"target\":[\"https:\\\/\\\/www.conferenciaepiscopal.pt\\\/v1\\\/nota-acerca-do-sacramento-da-reconciliacao-na-atual-situacao-de-pandemia\\\/\"]}]},{\"@type\":\"BreadcrumbList\",\"@id\":\"https:\\\/\\\/www.conferenciaepiscopal.pt\\\/v1\\\/nota-acerca-do-sacramento-da-reconciliacao-na-atual-situacao-de-pandemia\\\/#breadcrumb\",\"itemListElement\":[{\"@type\":\"ListItem\",\"position\":1,\"name\":\"In\u00edcio\",\"item\":\"https:\\\/\\\/www.conferenciaepiscopal.pt\\\/v1\\\/\"},{\"@type\":\"ListItem\",\"position\":2,\"name\":\"Nota acerca do Sacramento da Reconcilia\u00e7\u00e3o na atual situa\u00e7\u00e3o de pandemia\"}]},{\"@type\":\"WebSite\",\"@id\":\"https:\\\/\\\/www.conferenciaepiscopal.pt\\\/v1\\\/#website\",\"url\":\"https:\\\/\\\/www.conferenciaepiscopal.pt\\\/v1\\\/\",\"name\":\"Confer\u00eancia Episcopal Portuguesa\",\"description\":\"Igreja Cat\u00f3lica em Portugal\",\"publisher\":{\"@id\":\"https:\\\/\\\/www.conferenciaepiscopal.pt\\\/v1\\\/#organization\"},\"potentialAction\":[{\"@type\":\"SearchAction\",\"target\":{\"@type\":\"EntryPoint\",\"urlTemplate\":\"https:\\\/\\\/www.conferenciaepiscopal.pt\\\/v1\\\/?s={search_term_string}\"},\"query-input\":{\"@type\":\"PropertyValueSpecification\",\"valueRequired\":true,\"valueName\":\"search_term_string\"}}],\"inLanguage\":\"pt-PT\"},{\"@type\":\"Organization\",\"@id\":\"https:\\\/\\\/www.conferenciaepiscopal.pt\\\/v1\\\/#organization\",\"name\":\"Confer\u00eancia Episcopal Portuguesa\",\"url\":\"https:\\\/\\\/www.conferenciaepiscopal.pt\\\/v1\\\/\",\"logo\":{\"@type\":\"ImageObject\",\"inLanguage\":\"pt-PT\",\"@id\":\"https:\\\/\\\/www.conferenciaepiscopal.pt\\\/v1\\\/#\\\/schema\\\/logo\\\/image\\\/\",\"url\":\"https:\\\/\\\/www.conferenciaepiscopal.pt\\\/v1\\\/wp-content\\\/uploads\\\/cropped-logoTransparente.png\",\"contentUrl\":\"https:\\\/\\\/www.conferenciaepiscopal.pt\\\/v1\\\/wp-content\\\/uploads\\\/cropped-logoTransparente.png\",\"width\":512,\"height\":512,\"caption\":\"Confer\u00eancia Episcopal Portuguesa\"},\"image\":{\"@id\":\"https:\\\/\\\/www.conferenciaepiscopal.pt\\\/v1\\\/#\\\/schema\\\/logo\\\/image\\\/\"}},{\"@type\":\"Person\",\"@id\":\"https:\\\/\\\/www.conferenciaepiscopal.pt\\\/v1\\\/#\\\/schema\\\/person\\\/ab696457f75fe8e22b00183bfacb4cb2\",\"name\":\"Manuel Costa\",\"image\":{\"@type\":\"ImageObject\",\"inLanguage\":\"pt-PT\",\"@id\":\"https:\\\/\\\/secure.gravatar.com\\\/avatar\\\/5054571ff5d2454cd50657fc4e61d0c32d7a5d0d3b36ef6c0f6e269276d13618?s=96&d=mm&r=g\",\"url\":\"https:\\\/\\\/secure.gravatar.com\\\/avatar\\\/5054571ff5d2454cd50657fc4e61d0c32d7a5d0d3b36ef6c0f6e269276d13618?s=96&d=mm&r=g\",\"contentUrl\":\"https:\\\/\\\/secure.gravatar.com\\\/avatar\\\/5054571ff5d2454cd50657fc4e61d0c32d7a5d0d3b36ef6c0f6e269276d13618?s=96&d=mm&r=g\",\"caption\":\"Manuel Costa\"}}]}<\/script>\n<!-- \/ Yoast SEO plugin. -->","yoast_head_json":{"title":"Nota acerca do Sacramento da Reconcilia\u00e7\u00e3o na atual situa\u00e7\u00e3o de pandemia - Confer\u00eancia Episcopal Portuguesa","robots":{"index":"index","follow":"follow","max-snippet":"max-snippet:-1","max-image-preview":"max-image-preview:large","max-video-preview":"max-video-preview:-1"},"canonical":"https:\/\/www.conferenciaepiscopal.pt\/v1\/nota-acerca-do-sacramento-da-reconciliacao-na-atual-situacao-de-pandemia\/","og_locale":"pt_PT","og_type":"article","og_title":"Nota acerca do Sacramento da Reconcilia\u00e7\u00e3o na atual situa\u00e7\u00e3o de pandemia - Confer\u00eancia Episcopal Portuguesa","og_description":"Penitenciaria Apost\u00f3lica","og_url":"https:\/\/www.conferenciaepiscopal.pt\/v1\/nota-acerca-do-sacramento-da-reconciliacao-na-atual-situacao-de-pandemia\/","og_site_name":"Confer\u00eancia Episcopal Portuguesa","article_published_time":"2020-03-20T22:47:52+00:00","author":"Manuel Costa","twitter_card":"summary_large_image","twitter_misc":{"Escrito por":"Manuel Costa","Tempo estimado de leitura":"4 minutos"},"schema":{"@context":"https:\/\/schema.org","@graph":[{"@type":"Article","@id":"https:\/\/www.conferenciaepiscopal.pt\/v1\/nota-acerca-do-sacramento-da-reconciliacao-na-atual-situacao-de-pandemia\/#article","isPartOf":{"@id":"https:\/\/www.conferenciaepiscopal.pt\/v1\/nota-acerca-do-sacramento-da-reconciliacao-na-atual-situacao-de-pandemia\/"},"author":{"name":"Manuel Costa","@id":"https:\/\/www.conferenciaepiscopal.pt\/v1\/#\/schema\/person\/ab696457f75fe8e22b00183bfacb4cb2"},"headline":"Nota acerca do Sacramento da Reconcilia\u00e7\u00e3o na atual situa\u00e7\u00e3o de pandemia","datePublished":"2020-03-20T22:47:52+00:00","mainEntityOfPage":{"@id":"https:\/\/www.conferenciaepiscopal.pt\/v1\/nota-acerca-do-sacramento-da-reconciliacao-na-atual-situacao-de-pandemia\/"},"wordCount":865,"publisher":{"@id":"https:\/\/www.conferenciaepiscopal.pt\/v1\/#organization"},"articleSection":["#entrada","Documentos"],"inLanguage":"pt-PT"},{"@type":"WebPage","@id":"https:\/\/www.conferenciaepiscopal.pt\/v1\/nota-acerca-do-sacramento-da-reconciliacao-na-atual-situacao-de-pandemia\/","url":"https:\/\/www.conferenciaepiscopal.pt\/v1\/nota-acerca-do-sacramento-da-reconciliacao-na-atual-situacao-de-pandemia\/","name":"Nota acerca do Sacramento da Reconcilia\u00e7\u00e3o na atual situa\u00e7\u00e3o de pandemia - Confer\u00eancia Episcopal Portuguesa","isPartOf":{"@id":"https:\/\/www.conferenciaepiscopal.pt\/v1\/#website"},"datePublished":"2020-03-20T22:47:52+00:00","breadcrumb":{"@id":"https:\/\/www.conferenciaepiscopal.pt\/v1\/nota-acerca-do-sacramento-da-reconciliacao-na-atual-situacao-de-pandemia\/#breadcrumb"},"inLanguage":"pt-PT","potentialAction":[{"@type":"ReadAction","target":["https:\/\/www.conferenciaepiscopal.pt\/v1\/nota-acerca-do-sacramento-da-reconciliacao-na-atual-situacao-de-pandemia\/"]}]},{"@type":"BreadcrumbList","@id":"https:\/\/www.conferenciaepiscopal.pt\/v1\/nota-acerca-do-sacramento-da-reconciliacao-na-atual-situacao-de-pandemia\/#breadcrumb","itemListElement":[{"@type":"ListItem","position":1,"name":"In\u00edcio","item":"https:\/\/www.conferenciaepiscopal.pt\/v1\/"},{"@type":"ListItem","position":2,"name":"Nota acerca do Sacramento da Reconcilia\u00e7\u00e3o na atual situa\u00e7\u00e3o de pandemia"}]},{"@type":"WebSite","@id":"https:\/\/www.conferenciaepiscopal.pt\/v1\/#website","url":"https:\/\/www.conferenciaepiscopal.pt\/v1\/","name":"Confer\u00eancia Episcopal Portuguesa","description":"Igreja Cat\u00f3lica em Portugal","publisher":{"@id":"https:\/\/www.conferenciaepiscopal.pt\/v1\/#organization"},"potentialAction":[{"@type":"SearchAction","target":{"@type":"EntryPoint","urlTemplate":"https:\/\/www.conferenciaepiscopal.pt\/v1\/?s={search_term_string}"},"query-input":{"@type":"PropertyValueSpecification","valueRequired":true,"valueName":"search_term_string"}}],"inLanguage":"pt-PT"},{"@type":"Organization","@id":"https:\/\/www.conferenciaepiscopal.pt\/v1\/#organization","name":"Confer\u00eancia Episcopal Portuguesa","url":"https:\/\/www.conferenciaepiscopal.pt\/v1\/","logo":{"@type":"ImageObject","inLanguage":"pt-PT","@id":"https:\/\/www.conferenciaepiscopal.pt\/v1\/#\/schema\/logo\/image\/","url":"https:\/\/www.conferenciaepiscopal.pt\/v1\/wp-content\/uploads\/cropped-logoTransparente.png","contentUrl":"https:\/\/www.conferenciaepiscopal.pt\/v1\/wp-content\/uploads\/cropped-logoTransparente.png","width":512,"height":512,"caption":"Confer\u00eancia Episcopal Portuguesa"},"image":{"@id":"https:\/\/www.conferenciaepiscopal.pt\/v1\/#\/schema\/logo\/image\/"}},{"@type":"Person","@id":"https:\/\/www.conferenciaepiscopal.pt\/v1\/#\/schema\/person\/ab696457f75fe8e22b00183bfacb4cb2","name":"Manuel Costa","image":{"@type":"ImageObject","inLanguage":"pt-PT","@id":"https:\/\/secure.gravatar.com\/avatar\/5054571ff5d2454cd50657fc4e61d0c32d7a5d0d3b36ef6c0f6e269276d13618?s=96&d=mm&r=g","url":"https:\/\/secure.gravatar.com\/avatar\/5054571ff5d2454cd50657fc4e61d0c32d7a5d0d3b36ef6c0f6e269276d13618?s=96&d=mm&r=g","contentUrl":"https:\/\/secure.gravatar.com\/avatar\/5054571ff5d2454cd50657fc4e61d0c32d7a5d0d3b36ef6c0f6e269276d13618?s=96&d=mm&r=g","caption":"Manuel Costa"}}]}},"_links":{"self":[{"href":"https:\/\/www.conferenciaepiscopal.pt\/v1\/wp-json\/wp\/v2\/posts\/6531","targetHints":{"allow":["GET"]}}],"collection":[{"href":"https:\/\/www.conferenciaepiscopal.pt\/v1\/wp-json\/wp\/v2\/posts"}],"about":[{"href":"https:\/\/www.conferenciaepiscopal.pt\/v1\/wp-json\/wp\/v2\/types\/post"}],"author":[{"embeddable":true,"href":"https:\/\/www.conferenciaepiscopal.pt\/v1\/wp-json\/wp\/v2\/users\/1"}],"replies":[{"embeddable":true,"href":"https:\/\/www.conferenciaepiscopal.pt\/v1\/wp-json\/wp\/v2\/comments?post=6531"}],"version-history":[{"count":0,"href":"https:\/\/www.conferenciaepiscopal.pt\/v1\/wp-json\/wp\/v2\/posts\/6531\/revisions"}],"wp:attachment":[{"href":"https:\/\/www.conferenciaepiscopal.pt\/v1\/wp-json\/wp\/v2\/media?parent=6531"}],"wp:term":[{"taxonomy":"category","embeddable":true,"href":"https:\/\/www.conferenciaepiscopal.pt\/v1\/wp-json\/wp\/v2\/categories?post=6531"},{"taxonomy":"post_tag","embeddable":true,"href":"https:\/\/www.conferenciaepiscopal.pt\/v1\/wp-json\/wp\/v2\/tags?post=6531"}],"curies":[{"name":"wp","href":"https:\/\/api.w.org\/{rel}","templated":true}]}}