{"id":6407,"date":"2020-01-21T21:57:48","date_gmt":"2020-01-21T21:57:48","guid":{"rendered":"http:\/\/www.conferenciaepiscopal.pt\/v1\/?p=6407"},"modified":"2020-01-21T22:00:30","modified_gmt":"2020-01-21T22:00:30","slug":"comunicado-do-xiv-encontro-de-bispos-dos-paises-lusofonos-ebpl","status":"publish","type":"post","link":"https:\/\/www.conferenciaepiscopal.pt\/v1\/comunicado-do-xiv-encontro-de-bispos-dos-paises-lusofonos-ebpl\/","title":{"rendered":"Comunicado do XIV Encontro de Bispos dos Pa\u00edses Lus\u00f3fonos (EBPL)"},"content":{"rendered":"<p>Guin\u00e9-Bissau, 16-21 de janeiro de 2020<\/p>\n<p><!--more--><\/p>\n<ol>\n<li>Para partilhar as realidades sociais e eclesiais, tendo como tema principal \u201cO di\u00e1logo inter-religioso como promotor da paz e do desenvolvimento\u201d, estivemos reunidos em Bissau e Bafat\u00e1 (Guin\u00e9-Bissau) de 16 a 21 de janeiro de 2020 no XIV Encontro de Bispos dos Pa\u00edses Lus\u00f3fonos (EBPL):<\/li>\n<\/ol>\n<ul>\n<li>de Angola, D. Filomeno Vieira Dias, Arcebispo de Luanda e Presidente da Confer\u00eancia Episcopal de Angola e S. Tom\u00e9 (CEAST), e D. Ant\u00f3nio Jaca, Bispo de Benguela e Secret\u00e1rio da CEAST;<\/li>\n<li>do Brasil, Manoel Jo\u00e3o Francisco, Bispo de Corn\u00e9lio Proc\u00f3pio e Presidente da Comiss\u00e3o Episcopal para o Ecumenismo e o Di\u00e1logo Inter-Religioso\u00a0 da Confer\u00eancia Nacional dos Bispos do Brasil (CNBB);<\/li>\n<li>da Guin\u00e9 Bissau, D. Jos\u00e9\u00a0C\u00e2mnate na Bissign, Bispo de Bissau, D. Pedro Carlos Zilli, Bispo de Bafat\u00e1, e D. Jos\u00e9 Lampra C\u00e1, Bispo auxiliar de Bissau;<\/li>\n<li>de Portugal, Cardeal D. Manuel Clemente, Patriarca de Lisboa e Presidente da Confer\u00eancia Episcopal Portuguesa (CEP), D. Joaquim Mendes, Bispo Auxiliar de Lisboa, P. Manuel Barbosa, Secret\u00e1rio da CEP, e Dr. Jorge L\u00edbano Monteiro, Presidente da Funda\u00e7\u00e3o F\u00e9 e Coopera\u00e7\u00e3o (FEC);<\/li>\n<li>de S. Tom\u00e9 e Pr\u00edncipe, D. Manuel Ant\u00f3nio dos Santos, Bispo de S. Tom\u00e9 e Pr\u00edncipe.<\/li>\n<\/ul>\n<p>&nbsp;<\/p>\n<ol start=\"2\">\n<li>Depois da sess\u00e3o p\u00fablica de abertura, presidida por D. Jos\u00e9\u00a0C\u00e2mnate na Bissign na C\u00faria Diocesana, as sess\u00f5es de trabalho decorreram no Semin\u00e1rio Maior de Bissau. Confirm\u00e1mos o Regulamento Interno do Encontro de Bispos dos Pa\u00edses Lus\u00f3fonos (EBPL) e aprov\u00e1mos a agenda para esta reuni\u00e3o.<\/li>\n<\/ol>\n<p>&nbsp;<\/p>\n<ol start=\"3\">\n<li>O \u201cCompromisso de Bissau pela Paz, a Fraternidade Humana e a Vida em Comum no Espa\u00e7o Lus\u00f3fono\u201d, proclamado no final da Santa Missa na Catedral de Bissau, anexo a este comunicado, reassume as principais conclus\u00f5es dos nossos trabalhos e manifesta a nossa vontade de continuar a aprofundar a reflex\u00e3o e o di\u00e1logo ecum\u00e9nico e inter-religioso, em particular com os nossos irm\u00e3os evang\u00e9licos e mu\u00e7ulmanos.<\/li>\n<\/ol>\n<p>&nbsp;<\/p>\n<ol start=\"4\">\n<li>Particip\u00e1mos em relevantes encontros no contexto do tema que nos ocupou ao longo destes dias: a confer\u00eancia p\u00fablica no Centro Paroquial de Br\u00e1 em Bissau, em que intervieram alguns Bispos, representantes das Comunidade Isl\u00e2mica e da Igreja Evang\u00e9lica e a Embaixadora da Uni\u00e3o Europeia; a Ora\u00e7\u00e3o pela Paz em Bafat\u00e1, com ora\u00e7\u00f5es e reflex\u00f5es proferidas por cat\u00f3licos e mu\u00e7ulmanos; a visita \u00e0 Mesquita do Bairro da Ajuda em Bissau. Em tudo esteve sempre presente a ora\u00e7\u00e3o e o apelo comum \u00e0 unidade, \u00e0 reconcilia\u00e7\u00e3o, \u00e0 paz e ao desenvolvimento, e \u00e0 sua eficaz concretiza\u00e7\u00e3o na Guin\u00e9-Bissau e demais pa\u00edses.<\/li>\n<\/ol>\n<p>&nbsp;<\/p>\n<ol start=\"5\">\n<li>Al\u00e9m da partilha da situa\u00e7\u00e3o em cada pa\u00eds sobre o tema principal do encontro, abord\u00e1mos outras tem\u00e1ticas comuns que nos ocupam: a aprova\u00e7\u00e3o final da tradu\u00e7\u00e3o do Missal Romano para os pa\u00edses lus\u00f3fonos; a coopera\u00e7\u00e3o entre semin\u00e1rios maiores e universidades cat\u00f3licas; o ponto da situa\u00e7\u00e3o quanto \u00e0s normas e estruturas das dioceses e das confer\u00eancias episcopais sobre a prote\u00e7\u00e3o de menores e pessoas vulner\u00e1veis.<\/li>\n<\/ol>\n<p>&nbsp;<\/p>\n<ol start=\"6\">\n<li>Acolhemos informa\u00e7\u00e3o detalhada sobre a organiza\u00e7\u00e3o da Jornada Mundial da Juventude Lisboa 2022, partilhada por D. Joaquim Mendes. Abord\u00e1mos aspetos em rela\u00e7\u00e3o \u00e0 presen\u00e7a de jovens dos pa\u00edses lus\u00f3fonos, que se espera que seja numerosa, e fizemos a calendariza\u00e7\u00e3o da peregrina\u00e7\u00e3o dos s\u00edmbolos da JMJ (Cruz e \u00cdcone Mariano) nos pa\u00edses lus\u00f3fonos de \u00c1frica entre finais de abril e novembro de 2020, que constituir\u00e1 intenso momento pastoral rumo \u00e0 JMJ Lisboa 2022.<\/li>\n<\/ol>\n<p>&nbsp;<\/p>\n<ol start=\"7\">\n<li>Agradecemos aos Senhores Bispos de Bissau e Bafat\u00e1 e seus colaboradores o excelente acolhimento a todos os participantes. Estendemos este agradecimento a todas as comunidades e institui\u00e7\u00f5es eclesiais e civis que nos acolheram de modo t\u00e3o hospitaleiro, destacando de modo particular os encontros na Presid\u00eancia da Rep\u00fablica, na Embaixada da Uni\u00e3o Europeia, no Liceu Jo\u00e3o XXIII, na Funda\u00e7\u00e3o F\u00e9 e Coopera\u00e7\u00e3o, na R\u00e1dio cat\u00f3lica Sol Mansi, no Semin\u00e1rio Maior de Bissau e na Universidade Cat\u00f3lica da Guin\u00e9-Bissau, onde nos reunimos com a reitoria, professores e estudantes.<\/li>\n<\/ol>\n<p>&nbsp;<\/p>\n<ol start=\"8\">\n<li>O XV Encontro de Bispos dos Pa\u00edses Lus\u00f3fonos dever\u00e1 decorrer em Mo\u00e7ambique em 2022, em data que ser\u00e1 proximamente anunciada.<\/li>\n<\/ol>\n<p>&nbsp;<\/p>\n<p><em>Bissau, 21 de janeiro de 2020<\/em><\/p>\n<p>&nbsp;<\/p>\n<div id='gallery-1' class='gallery galleryid-6407 gallery-columns-3 gallery-size-thumbnail'><figure class='gallery-item'>\n\t\t\t<div class='gallery-icon landscape'>\n\t\t\t\t<a href='https:\/\/www.conferenciaepiscopal.pt\/v1\/comunicado-do-xiv-encontro-de-bispos-dos-paises-lusofonos-ebpl\/28d391a8-f0ef-47ca-8271-4fb11f06512c\/'><img decoding=\"async\" width=\"150\" height=\"150\" src=\"https:\/\/www.conferenciaepiscopal.pt\/v1\/wp-content\/uploads\/28d391a8-f0ef-47ca-8271-4fb11f06512c-150x150.jpg\" class=\"attachment-thumbnail size-thumbnail\" alt=\"\" \/><\/a>\n\t\t\t<\/div><\/figure><figure class='gallery-item'>\n\t\t\t<div class='gallery-icon landscape'>\n\t\t\t\t<a href='https:\/\/www.conferenciaepiscopal.pt\/v1\/comunicado-do-xiv-encontro-de-bispos-dos-paises-lusofonos-ebpl\/861ac1f0-15ad-44d6-8085-bf9b703e6de2\/'><img decoding=\"async\" width=\"150\" height=\"150\" src=\"https:\/\/www.conferenciaepiscopal.pt\/v1\/wp-content\/uploads\/861ac1f0-15ad-44d6-8085-bf9b703e6de2-150x150.jpg\" class=\"attachment-thumbnail size-thumbnail\" alt=\"\" \/><\/a>\n\t\t\t<\/div><\/figure><figure class='gallery-item'>\n\t\t\t<div class='gallery-icon landscape'>\n\t\t\t\t<a href='https:\/\/www.conferenciaepiscopal.pt\/v1\/comunicado-do-xiv-encontro-de-bispos-dos-paises-lusofonos-ebpl\/1284f007-ec3d-4d11-b47e-e3745686b6ee\/'><img decoding=\"async\" width=\"150\" height=\"150\" src=\"https:\/\/www.conferenciaepiscopal.pt\/v1\/wp-content\/uploads\/1284f007-ec3d-4d11-b47e-e3745686b6ee-150x150.jpg\" class=\"attachment-thumbnail size-thumbnail\" alt=\"\" \/><\/a>\n\t\t\t<\/div><\/figure><figure class='gallery-item'>\n\t\t\t<div class='gallery-icon landscape'>\n\t\t\t\t<a href='https:\/\/www.conferenciaepiscopal.pt\/v1\/comunicado-do-xiv-encontro-de-bispos-dos-paises-lusofonos-ebpl\/4129038d-6670-4a48-9fbe-c7115a032018\/'><img loading=\"lazy\" decoding=\"async\" width=\"150\" height=\"150\" src=\"https:\/\/www.conferenciaepiscopal.pt\/v1\/wp-content\/uploads\/4129038d-6670-4a48-9fbe-c7115a032018-150x150.jpg\" class=\"attachment-thumbnail size-thumbnail\" alt=\"\" \/><\/a>\n\t\t\t<\/div><\/figure><figure class='gallery-item'>\n\t\t\t<div class='gallery-icon landscape'>\n\t\t\t\t<a href='https:\/\/www.conferenciaepiscopal.pt\/v1\/comunicado-do-xiv-encontro-de-bispos-dos-paises-lusofonos-ebpl\/abc9adea-a37f-424b-8be7-ebb3cb7c3ded\/'><img loading=\"lazy\" decoding=\"async\" width=\"150\" height=\"150\" src=\"https:\/\/www.conferenciaepiscopal.pt\/v1\/wp-content\/uploads\/abc9adea-a37f-424b-8be7-ebb3cb7c3ded-150x150.jpg\" class=\"attachment-thumbnail size-thumbnail\" alt=\"\" \/><\/a>\n\t\t\t<\/div><\/figure><figure class='gallery-item'>\n\t\t\t<div class='gallery-icon landscape'>\n\t\t\t\t<a href='https:\/\/www.conferenciaepiscopal.pt\/v1\/comunicado-do-xiv-encontro-de-bispos-dos-paises-lusofonos-ebpl\/c6d212bc-f74e-4bf8-a04f-4340b3708576\/'><img loading=\"lazy\" decoding=\"async\" width=\"150\" height=\"150\" src=\"https:\/\/www.conferenciaepiscopal.pt\/v1\/wp-content\/uploads\/c6d212bc-f74e-4bf8-a04f-4340b3708576-150x150.jpg\" class=\"attachment-thumbnail size-thumbnail\" alt=\"\" \/><\/a>\n\t\t\t<\/div><\/figure><figure class='gallery-item'>\n\t\t\t<div class='gallery-icon landscape'>\n\t\t\t\t<a href='https:\/\/www.conferenciaepiscopal.pt\/v1\/comunicado-do-xiv-encontro-de-bispos-dos-paises-lusofonos-ebpl\/d7507cee-51f3-4695-b215-82a8eda48645\/'><img loading=\"lazy\" decoding=\"async\" width=\"150\" height=\"150\" src=\"https:\/\/www.conferenciaepiscopal.pt\/v1\/wp-content\/uploads\/d7507cee-51f3-4695-b215-82a8eda48645-150x150.jpg\" class=\"attachment-thumbnail size-thumbnail\" alt=\"\" \/><\/a>\n\t\t\t<\/div><\/figure><figure class='gallery-item'>\n\t\t\t<div class='gallery-icon landscape'>\n\t\t\t\t<a href='https:\/\/www.conferenciaepiscopal.pt\/v1\/comunicado-do-xiv-encontro-de-bispos-dos-paises-lusofonos-ebpl\/e0585fc7-0045-49bf-a4dd-9b595de6e769\/'><img loading=\"lazy\" decoding=\"async\" width=\"150\" height=\"150\" src=\"https:\/\/www.conferenciaepiscopal.pt\/v1\/wp-content\/uploads\/e0585fc7-0045-49bf-a4dd-9b595de6e769-150x150.jpg\" class=\"attachment-thumbnail size-thumbnail\" alt=\"\" \/><\/a>\n\t\t\t<\/div><\/figure>\n\t\t<\/div>\n\n","protected":false},"excerpt":{"rendered":"<p>Guin\u00e9-Bissau, 16-21 de janeiro de 2020<\/p>\n","protected":false},"author":1,"featured_media":6417,"comment_status":"closed","ping_status":"closed","sticky":false,"template":"","format":"standard","meta":{"site-sidebar-layout":"default","site-content-layout":"","ast-site-content-layout":"default","site-content-style":"default","site-sidebar-style":"default","ast-global-header-display":"","ast-banner-title-visibility":"","ast-main-header-display":"","ast-hfb-above-header-display":"","ast-hfb-below-header-display":"","ast-hfb-mobile-header-display":"","site-post-title":"","ast-breadcrumbs-content":"","ast-featured-img":"","footer-sml-layout":"","ast-disable-related-posts":"","theme-transparent-header-meta":"","adv-header-id-meta":"","stick-header-meta":"","header-above-stick-meta":"","header-main-stick-meta":"","header-below-stick-meta":"","astra-migrate-meta-layouts":"default","ast-page-background-enabled":"default","ast-page-background-meta":{"desktop":{"background-color":"var(--ast-global-color-4)","background-image":"","background-repeat":"repeat","background-position":"center center","background-size":"auto","background-attachment":"scroll","background-type":"","background-media":"","overlay-type":"","overlay-color":"","overlay-opacity":"","overlay-gradient":""},"tablet":{"background-color":"","background-image":"","background-repeat":"repeat","background-position":"center center","background-size":"auto","background-attachment":"scroll","background-type":"","background-media":"","overlay-type":"","overlay-color":"","overlay-opacity":"","overlay-gradient":""},"mobile":{"background-color":"","background-image":"","background-repeat":"repeat","background-position":"center center","background-size":"auto","background-attachment":"scroll","background-type":"","background-media":"","overlay-type":"","overlay-color":"","overlay-opacity":"","overlay-gradient":""}},"ast-content-background-meta":{"desktop":{"background-color":"var(--ast-global-color-5)","background-image":"","background-repeat":"repeat","background-position":"center center","background-size":"auto","background-attachment":"scroll","background-type":"","background-media":"","overlay-type":"","overlay-color":"","overlay-opacity":"","overlay-gradient":""},"tablet":{"background-color":"var(--ast-global-color-5)","background-image":"","background-repeat":"repeat","background-position":"center center","background-size":"auto","background-attachment":"scroll","background-type":"","background-media":"","overlay-type":"","overlay-color":"","overlay-opacity":"","overlay-gradient":""},"mobile":{"background-color":"var(--ast-global-color-5)","background-image":"","background-repeat":"repeat","background-position":"center center","background-size":"auto","background-attachment":"scroll","background-type":"","background-media":"","overlay-type":"","overlay-color":"","overlay-opacity":"","overlay-gradient":""}},"footnotes":""},"categories":[74,4,72],"tags":[],"class_list":["post-6407","post","type-post","status-publish","format-standard","has-post-thumbnail","hentry","category-entrada","category-documentos","category-noticias"],"yoast_head":"<!-- This site is optimized with the Yoast SEO plugin v27.5 - https:\/\/yoast.com\/product\/yoast-seo-wordpress\/ -->\n<title>Comunicado do XIV Encontro de Bispos dos Pa\u00edses Lus\u00f3fonos (EBPL) - Confer\u00eancia Episcopal Portuguesa<\/title>\n<meta name=\"robots\" content=\"index, follow, max-snippet:-1, max-image-preview:large, max-video-preview:-1\" \/>\n<link rel=\"canonical\" href=\"https:\/\/www.conferenciaepiscopal.pt\/v1\/comunicado-do-xiv-encontro-de-bispos-dos-paises-lusofonos-ebpl\/\" \/>\n<meta property=\"og:locale\" content=\"pt_PT\" \/>\n<meta property=\"og:type\" content=\"article\" \/>\n<meta property=\"og:title\" content=\"Comunicado do XIV Encontro de Bispos dos Pa\u00edses Lus\u00f3fonos (EBPL) - Confer\u00eancia Episcopal Portuguesa\" \/>\n<meta property=\"og:description\" content=\"Guin\u00e9-Bissau, 16-21 de janeiro de 2020\" \/>\n<meta property=\"og:url\" content=\"https:\/\/www.conferenciaepiscopal.pt\/v1\/comunicado-do-xiv-encontro-de-bispos-dos-paises-lusofonos-ebpl\/\" \/>\n<meta property=\"og:site_name\" content=\"Confer\u00eancia Episcopal Portuguesa\" \/>\n<meta property=\"article:published_time\" content=\"2020-01-21T21:57:48+00:00\" \/>\n<meta property=\"article:modified_time\" content=\"2020-01-21T22:00:30+00:00\" \/>\n<meta property=\"og:image\" content=\"https:\/\/www.conferenciaepiscopal.pt\/v1\/wp-content\/uploads\/c6d212bc-f74e-4bf8-a04f-4340b3708576.jpg\" \/>\n\t<meta property=\"og:image:width\" content=\"720\" \/>\n\t<meta property=\"og:image:height\" content=\"480\" \/>\n\t<meta property=\"og:image:type\" content=\"image\/jpeg\" \/>\n<meta name=\"author\" content=\"Manuel Costa\" \/>\n<meta name=\"twitter:card\" content=\"summary_large_image\" \/>\n<meta name=\"twitter:label1\" content=\"Escrito por\" \/>\n\t<meta name=\"twitter:data1\" content=\"Manuel Costa\" \/>\n\t<meta name=\"twitter:label2\" content=\"Tempo estimado de leitura\" \/>\n\t<meta name=\"twitter:data2\" content=\"4 minutos\" \/>\n<script type=\"application\/ld+json\" class=\"yoast-schema-graph\">{\"@context\":\"https:\\\/\\\/schema.org\",\"@graph\":[{\"@type\":\"Article\",\"@id\":\"https:\\\/\\\/www.conferenciaepiscopal.pt\\\/v1\\\/comunicado-do-xiv-encontro-de-bispos-dos-paises-lusofonos-ebpl\\\/#article\",\"isPartOf\":{\"@id\":\"https:\\\/\\\/www.conferenciaepiscopal.pt\\\/v1\\\/comunicado-do-xiv-encontro-de-bispos-dos-paises-lusofonos-ebpl\\\/\"},\"author\":{\"name\":\"Manuel Costa\",\"@id\":\"https:\\\/\\\/www.conferenciaepiscopal.pt\\\/v1\\\/#\\\/schema\\\/person\\\/ab696457f75fe8e22b00183bfacb4cb2\"},\"headline\":\"Comunicado do XIV Encontro de Bispos dos Pa\u00edses Lus\u00f3fonos (EBPL)\",\"datePublished\":\"2020-01-21T21:57:48+00:00\",\"dateModified\":\"2020-01-21T22:00:30+00:00\",\"mainEntityOfPage\":{\"@id\":\"https:\\\/\\\/www.conferenciaepiscopal.pt\\\/v1\\\/comunicado-do-xiv-encontro-de-bispos-dos-paises-lusofonos-ebpl\\\/\"},\"wordCount\":760,\"publisher\":{\"@id\":\"https:\\\/\\\/www.conferenciaepiscopal.pt\\\/v1\\\/#organization\"},\"image\":{\"@id\":\"https:\\\/\\\/www.conferenciaepiscopal.pt\\\/v1\\\/comunicado-do-xiv-encontro-de-bispos-dos-paises-lusofonos-ebpl\\\/#primaryimage\"},\"thumbnailUrl\":\"https:\\\/\\\/www.conferenciaepiscopal.pt\\\/v1\\\/wp-content\\\/uploads\\\/c6d212bc-f74e-4bf8-a04f-4340b3708576.jpg\",\"articleSection\":[\"#entrada\",\"Documentos\",\"Not\u00edcias\"],\"inLanguage\":\"pt-PT\"},{\"@type\":\"WebPage\",\"@id\":\"https:\\\/\\\/www.conferenciaepiscopal.pt\\\/v1\\\/comunicado-do-xiv-encontro-de-bispos-dos-paises-lusofonos-ebpl\\\/\",\"url\":\"https:\\\/\\\/www.conferenciaepiscopal.pt\\\/v1\\\/comunicado-do-xiv-encontro-de-bispos-dos-paises-lusofonos-ebpl\\\/\",\"name\":\"Comunicado do XIV Encontro de Bispos dos Pa\u00edses Lus\u00f3fonos (EBPL) - Confer\u00eancia Episcopal Portuguesa\",\"isPartOf\":{\"@id\":\"https:\\\/\\\/www.conferenciaepiscopal.pt\\\/v1\\\/#website\"},\"primaryImageOfPage\":{\"@id\":\"https:\\\/\\\/www.conferenciaepiscopal.pt\\\/v1\\\/comunicado-do-xiv-encontro-de-bispos-dos-paises-lusofonos-ebpl\\\/#primaryimage\"},\"image\":{\"@id\":\"https:\\\/\\\/www.conferenciaepiscopal.pt\\\/v1\\\/comunicado-do-xiv-encontro-de-bispos-dos-paises-lusofonos-ebpl\\\/#primaryimage\"},\"thumbnailUrl\":\"https:\\\/\\\/www.conferenciaepiscopal.pt\\\/v1\\\/wp-content\\\/uploads\\\/c6d212bc-f74e-4bf8-a04f-4340b3708576.jpg\",\"datePublished\":\"2020-01-21T21:57:48+00:00\",\"dateModified\":\"2020-01-21T22:00:30+00:00\",\"breadcrumb\":{\"@id\":\"https:\\\/\\\/www.conferenciaepiscopal.pt\\\/v1\\\/comunicado-do-xiv-encontro-de-bispos-dos-paises-lusofonos-ebpl\\\/#breadcrumb\"},\"inLanguage\":\"pt-PT\",\"potentialAction\":[{\"@type\":\"ReadAction\",\"target\":[\"https:\\\/\\\/www.conferenciaepiscopal.pt\\\/v1\\\/comunicado-do-xiv-encontro-de-bispos-dos-paises-lusofonos-ebpl\\\/\"]}]},{\"@type\":\"ImageObject\",\"inLanguage\":\"pt-PT\",\"@id\":\"https:\\\/\\\/www.conferenciaepiscopal.pt\\\/v1\\\/comunicado-do-xiv-encontro-de-bispos-dos-paises-lusofonos-ebpl\\\/#primaryimage\",\"url\":\"https:\\\/\\\/www.conferenciaepiscopal.pt\\\/v1\\\/wp-content\\\/uploads\\\/c6d212bc-f74e-4bf8-a04f-4340b3708576.jpg\",\"contentUrl\":\"https:\\\/\\\/www.conferenciaepiscopal.pt\\\/v1\\\/wp-content\\\/uploads\\\/c6d212bc-f74e-4bf8-a04f-4340b3708576.jpg\",\"width\":720,\"height\":480},{\"@type\":\"BreadcrumbList\",\"@id\":\"https:\\\/\\\/www.conferenciaepiscopal.pt\\\/v1\\\/comunicado-do-xiv-encontro-de-bispos-dos-paises-lusofonos-ebpl\\\/#breadcrumb\",\"itemListElement\":[{\"@type\":\"ListItem\",\"position\":1,\"name\":\"In\u00edcio\",\"item\":\"https:\\\/\\\/www.conferenciaepiscopal.pt\\\/v1\\\/\"},{\"@type\":\"ListItem\",\"position\":2,\"name\":\"Comunicado do XIV Encontro de Bispos dos Pa\u00edses Lus\u00f3fonos (EBPL)\"}]},{\"@type\":\"WebSite\",\"@id\":\"https:\\\/\\\/www.conferenciaepiscopal.pt\\\/v1\\\/#website\",\"url\":\"https:\\\/\\\/www.conferenciaepiscopal.pt\\\/v1\\\/\",\"name\":\"Confer\u00eancia Episcopal Portuguesa\",\"description\":\"Igreja Cat\u00f3lica em Portugal\",\"publisher\":{\"@id\":\"https:\\\/\\\/www.conferenciaepiscopal.pt\\\/v1\\\/#organization\"},\"potentialAction\":[{\"@type\":\"SearchAction\",\"target\":{\"@type\":\"EntryPoint\",\"urlTemplate\":\"https:\\\/\\\/www.conferenciaepiscopal.pt\\\/v1\\\/?s={search_term_string}\"},\"query-input\":{\"@type\":\"PropertyValueSpecification\",\"valueRequired\":true,\"valueName\":\"search_term_string\"}}],\"inLanguage\":\"pt-PT\"},{\"@type\":\"Organization\",\"@id\":\"https:\\\/\\\/www.conferenciaepiscopal.pt\\\/v1\\\/#organization\",\"name\":\"Confer\u00eancia Episcopal Portuguesa\",\"url\":\"https:\\\/\\\/www.conferenciaepiscopal.pt\\\/v1\\\/\",\"logo\":{\"@type\":\"ImageObject\",\"inLanguage\":\"pt-PT\",\"@id\":\"https:\\\/\\\/www.conferenciaepiscopal.pt\\\/v1\\\/#\\\/schema\\\/logo\\\/image\\\/\",\"url\":\"https:\\\/\\\/www.conferenciaepiscopal.pt\\\/v1\\\/wp-content\\\/uploads\\\/cropped-logoTransparente.png\",\"contentUrl\":\"https:\\\/\\\/www.conferenciaepiscopal.pt\\\/v1\\\/wp-content\\\/uploads\\\/cropped-logoTransparente.png\",\"width\":512,\"height\":512,\"caption\":\"Confer\u00eancia Episcopal Portuguesa\"},\"image\":{\"@id\":\"https:\\\/\\\/www.conferenciaepiscopal.pt\\\/v1\\\/#\\\/schema\\\/logo\\\/image\\\/\"}},{\"@type\":\"Person\",\"@id\":\"https:\\\/\\\/www.conferenciaepiscopal.pt\\\/v1\\\/#\\\/schema\\\/person\\\/ab696457f75fe8e22b00183bfacb4cb2\",\"name\":\"Manuel Costa\",\"image\":{\"@type\":\"ImageObject\",\"inLanguage\":\"pt-PT\",\"@id\":\"https:\\\/\\\/secure.gravatar.com\\\/avatar\\\/5054571ff5d2454cd50657fc4e61d0c32d7a5d0d3b36ef6c0f6e269276d13618?s=96&d=mm&r=g\",\"url\":\"https:\\\/\\\/secure.gravatar.com\\\/avatar\\\/5054571ff5d2454cd50657fc4e61d0c32d7a5d0d3b36ef6c0f6e269276d13618?s=96&d=mm&r=g\",\"contentUrl\":\"https:\\\/\\\/secure.gravatar.com\\\/avatar\\\/5054571ff5d2454cd50657fc4e61d0c32d7a5d0d3b36ef6c0f6e269276d13618?s=96&d=mm&r=g\",\"caption\":\"Manuel Costa\"}}]}<\/script>\n<!-- \/ Yoast SEO plugin. -->","yoast_head_json":{"title":"Comunicado do XIV Encontro de Bispos dos Pa\u00edses Lus\u00f3fonos (EBPL) - Confer\u00eancia Episcopal Portuguesa","robots":{"index":"index","follow":"follow","max-snippet":"max-snippet:-1","max-image-preview":"max-image-preview:large","max-video-preview":"max-video-preview:-1"},"canonical":"https:\/\/www.conferenciaepiscopal.pt\/v1\/comunicado-do-xiv-encontro-de-bispos-dos-paises-lusofonos-ebpl\/","og_locale":"pt_PT","og_type":"article","og_title":"Comunicado do XIV Encontro de Bispos dos Pa\u00edses Lus\u00f3fonos (EBPL) - Confer\u00eancia Episcopal Portuguesa","og_description":"Guin\u00e9-Bissau, 16-21 de janeiro de 2020","og_url":"https:\/\/www.conferenciaepiscopal.pt\/v1\/comunicado-do-xiv-encontro-de-bispos-dos-paises-lusofonos-ebpl\/","og_site_name":"Confer\u00eancia Episcopal Portuguesa","article_published_time":"2020-01-21T21:57:48+00:00","article_modified_time":"2020-01-21T22:00:30+00:00","og_image":[{"width":720,"height":480,"url":"https:\/\/www.conferenciaepiscopal.pt\/v1\/wp-content\/uploads\/c6d212bc-f74e-4bf8-a04f-4340b3708576.jpg","type":"image\/jpeg"}],"author":"Manuel Costa","twitter_card":"summary_large_image","twitter_misc":{"Escrito por":"Manuel Costa","Tempo estimado de leitura":"4 minutos"},"schema":{"@context":"https:\/\/schema.org","@graph":[{"@type":"Article","@id":"https:\/\/www.conferenciaepiscopal.pt\/v1\/comunicado-do-xiv-encontro-de-bispos-dos-paises-lusofonos-ebpl\/#article","isPartOf":{"@id":"https:\/\/www.conferenciaepiscopal.pt\/v1\/comunicado-do-xiv-encontro-de-bispos-dos-paises-lusofonos-ebpl\/"},"author":{"name":"Manuel Costa","@id":"https:\/\/www.conferenciaepiscopal.pt\/v1\/#\/schema\/person\/ab696457f75fe8e22b00183bfacb4cb2"},"headline":"Comunicado do XIV Encontro de Bispos dos Pa\u00edses Lus\u00f3fonos (EBPL)","datePublished":"2020-01-21T21:57:48+00:00","dateModified":"2020-01-21T22:00:30+00:00","mainEntityOfPage":{"@id":"https:\/\/www.conferenciaepiscopal.pt\/v1\/comunicado-do-xiv-encontro-de-bispos-dos-paises-lusofonos-ebpl\/"},"wordCount":760,"publisher":{"@id":"https:\/\/www.conferenciaepiscopal.pt\/v1\/#organization"},"image":{"@id":"https:\/\/www.conferenciaepiscopal.pt\/v1\/comunicado-do-xiv-encontro-de-bispos-dos-paises-lusofonos-ebpl\/#primaryimage"},"thumbnailUrl":"https:\/\/www.conferenciaepiscopal.pt\/v1\/wp-content\/uploads\/c6d212bc-f74e-4bf8-a04f-4340b3708576.jpg","articleSection":["#entrada","Documentos","Not\u00edcias"],"inLanguage":"pt-PT"},{"@type":"WebPage","@id":"https:\/\/www.conferenciaepiscopal.pt\/v1\/comunicado-do-xiv-encontro-de-bispos-dos-paises-lusofonos-ebpl\/","url":"https:\/\/www.conferenciaepiscopal.pt\/v1\/comunicado-do-xiv-encontro-de-bispos-dos-paises-lusofonos-ebpl\/","name":"Comunicado do XIV Encontro de Bispos dos Pa\u00edses Lus\u00f3fonos (EBPL) - Confer\u00eancia Episcopal Portuguesa","isPartOf":{"@id":"https:\/\/www.conferenciaepiscopal.pt\/v1\/#website"},"primaryImageOfPage":{"@id":"https:\/\/www.conferenciaepiscopal.pt\/v1\/comunicado-do-xiv-encontro-de-bispos-dos-paises-lusofonos-ebpl\/#primaryimage"},"image":{"@id":"https:\/\/www.conferenciaepiscopal.pt\/v1\/comunicado-do-xiv-encontro-de-bispos-dos-paises-lusofonos-ebpl\/#primaryimage"},"thumbnailUrl":"https:\/\/www.conferenciaepiscopal.pt\/v1\/wp-content\/uploads\/c6d212bc-f74e-4bf8-a04f-4340b3708576.jpg","datePublished":"2020-01-21T21:57:48+00:00","dateModified":"2020-01-21T22:00:30+00:00","breadcrumb":{"@id":"https:\/\/www.conferenciaepiscopal.pt\/v1\/comunicado-do-xiv-encontro-de-bispos-dos-paises-lusofonos-ebpl\/#breadcrumb"},"inLanguage":"pt-PT","potentialAction":[{"@type":"ReadAction","target":["https:\/\/www.conferenciaepiscopal.pt\/v1\/comunicado-do-xiv-encontro-de-bispos-dos-paises-lusofonos-ebpl\/"]}]},{"@type":"ImageObject","inLanguage":"pt-PT","@id":"https:\/\/www.conferenciaepiscopal.pt\/v1\/comunicado-do-xiv-encontro-de-bispos-dos-paises-lusofonos-ebpl\/#primaryimage","url":"https:\/\/www.conferenciaepiscopal.pt\/v1\/wp-content\/uploads\/c6d212bc-f74e-4bf8-a04f-4340b3708576.jpg","contentUrl":"https:\/\/www.conferenciaepiscopal.pt\/v1\/wp-content\/uploads\/c6d212bc-f74e-4bf8-a04f-4340b3708576.jpg","width":720,"height":480},{"@type":"BreadcrumbList","@id":"https:\/\/www.conferenciaepiscopal.pt\/v1\/comunicado-do-xiv-encontro-de-bispos-dos-paises-lusofonos-ebpl\/#breadcrumb","itemListElement":[{"@type":"ListItem","position":1,"name":"In\u00edcio","item":"https:\/\/www.conferenciaepiscopal.pt\/v1\/"},{"@type":"ListItem","position":2,"name":"Comunicado do XIV Encontro de Bispos dos Pa\u00edses Lus\u00f3fonos (EBPL)"}]},{"@type":"WebSite","@id":"https:\/\/www.conferenciaepiscopal.pt\/v1\/#website","url":"https:\/\/www.conferenciaepiscopal.pt\/v1\/","name":"Confer\u00eancia Episcopal Portuguesa","description":"Igreja Cat\u00f3lica em Portugal","publisher":{"@id":"https:\/\/www.conferenciaepiscopal.pt\/v1\/#organization"},"potentialAction":[{"@type":"SearchAction","target":{"@type":"EntryPoint","urlTemplate":"https:\/\/www.conferenciaepiscopal.pt\/v1\/?s={search_term_string}"},"query-input":{"@type":"PropertyValueSpecification","valueRequired":true,"valueName":"search_term_string"}}],"inLanguage":"pt-PT"},{"@type":"Organization","@id":"https:\/\/www.conferenciaepiscopal.pt\/v1\/#organization","name":"Confer\u00eancia Episcopal Portuguesa","url":"https:\/\/www.conferenciaepiscopal.pt\/v1\/","logo":{"@type":"ImageObject","inLanguage":"pt-PT","@id":"https:\/\/www.conferenciaepiscopal.pt\/v1\/#\/schema\/logo\/image\/","url":"https:\/\/www.conferenciaepiscopal.pt\/v1\/wp-content\/uploads\/cropped-logoTransparente.png","contentUrl":"https:\/\/www.conferenciaepiscopal.pt\/v1\/wp-content\/uploads\/cropped-logoTransparente.png","width":512,"height":512,"caption":"Confer\u00eancia Episcopal Portuguesa"},"image":{"@id":"https:\/\/www.conferenciaepiscopal.pt\/v1\/#\/schema\/logo\/image\/"}},{"@type":"Person","@id":"https:\/\/www.conferenciaepiscopal.pt\/v1\/#\/schema\/person\/ab696457f75fe8e22b00183bfacb4cb2","name":"Manuel Costa","image":{"@type":"ImageObject","inLanguage":"pt-PT","@id":"https:\/\/secure.gravatar.com\/avatar\/5054571ff5d2454cd50657fc4e61d0c32d7a5d0d3b36ef6c0f6e269276d13618?s=96&d=mm&r=g","url":"https:\/\/secure.gravatar.com\/avatar\/5054571ff5d2454cd50657fc4e61d0c32d7a5d0d3b36ef6c0f6e269276d13618?s=96&d=mm&r=g","contentUrl":"https:\/\/secure.gravatar.com\/avatar\/5054571ff5d2454cd50657fc4e61d0c32d7a5d0d3b36ef6c0f6e269276d13618?s=96&d=mm&r=g","caption":"Manuel Costa"}}]}},"_links":{"self":[{"href":"https:\/\/www.conferenciaepiscopal.pt\/v1\/wp-json\/wp\/v2\/posts\/6407","targetHints":{"allow":["GET"]}}],"collection":[{"href":"https:\/\/www.conferenciaepiscopal.pt\/v1\/wp-json\/wp\/v2\/posts"}],"about":[{"href":"https:\/\/www.conferenciaepiscopal.pt\/v1\/wp-json\/wp\/v2\/types\/post"}],"author":[{"embeddable":true,"href":"https:\/\/www.conferenciaepiscopal.pt\/v1\/wp-json\/wp\/v2\/users\/1"}],"replies":[{"embeddable":true,"href":"https:\/\/www.conferenciaepiscopal.pt\/v1\/wp-json\/wp\/v2\/comments?post=6407"}],"version-history":[{"count":0,"href":"https:\/\/www.conferenciaepiscopal.pt\/v1\/wp-json\/wp\/v2\/posts\/6407\/revisions"}],"wp:featuredmedia":[{"embeddable":true,"href":"https:\/\/www.conferenciaepiscopal.pt\/v1\/wp-json\/wp\/v2\/media\/6417"}],"wp:attachment":[{"href":"https:\/\/www.conferenciaepiscopal.pt\/v1\/wp-json\/wp\/v2\/media?parent=6407"}],"wp:term":[{"taxonomy":"category","embeddable":true,"href":"https:\/\/www.conferenciaepiscopal.pt\/v1\/wp-json\/wp\/v2\/categories?post=6407"},{"taxonomy":"post_tag","embeddable":true,"href":"https:\/\/www.conferenciaepiscopal.pt\/v1\/wp-json\/wp\/v2\/tags?post=6407"}],"curies":[{"name":"wp","href":"https:\/\/api.w.org\/{rel}","templated":true}]}}