{"id":5846,"date":"2018-06-06T12:14:57","date_gmt":"2018-06-06T11:14:57","guid":{"rendered":"http:\/\/www.conferenciaepiscopal.pt\/v1\/?p=5846"},"modified":"2018-06-06T12:14:57","modified_gmt":"2018-06-06T11:14:57","slug":"mensagem-para-o-dia-mundial-de-oracao-pela-santificacao-dos-sacerdotes","status":"publish","type":"post","link":"https:\/\/www.conferenciaepiscopal.pt\/v1\/mensagem-para-o-dia-mundial-de-oracao-pela-santificacao-dos-sacerdotes\/","title":{"rendered":"Mensagem para o Dia Mundial de Ora\u00e7\u00e3o pela Santifica\u00e7\u00e3o dos Sacerdotes"},"content":{"rendered":"<p>Congrega\u00e7\u00e3o para o Clero<\/p>\n<p>\u2013 8 de junho de 2018 \u2013<\/p>\n<p><!--more--><\/p>\n<p>Caros sacerdotes,<\/p>\n<p>O Dia Mundial de Ora\u00e7\u00e3o pela Santifica\u00e7\u00e3o dos Sacerdotes, celebrado na Solenidade do Cora\u00e7\u00e3o de Jesus, d\u00e1-nos o ensejo de nos colocar na presen\u00e7a do Senhor para renovar a mem\u00f3ria do nosso encontro com Ele, dando assim um novo vigor \u00e0 nossa miss\u00e3o de servir o Povo de Deus. N\u00e3o devemos, de facto, esquecer que o fasc\u00ednio da voca\u00e7\u00e3o que nos atraiu e o entusiasmo com que escolhemos o caminho da especial consagra\u00e7\u00e3o ao Senhor, bem como os prod\u00edgios a que assistimos na nossa vida presbiteral, t\u00eam a sua origem na troca de olhar que se deu entre Deus e cada um de n\u00f3s.<\/p>\n<p>Todos n\u00f3s, de facto, \u201c<em>tivemos na nossa vida algum encontro com Ele<\/em>\u201d e, cada um de n\u00f3s pode fazer a sua mem\u00f3ria espiritual e voltar \u00e0 alegria desse momento, \u201c<em>em que senti que Jesus olhava para mim<\/em>\u201d (Papa Francisco, <em>Homilia em Santa Marta<\/em>, 24 de abril de 2015).<\/p>\n<p>Tamb\u00e9m os primeiros disc\u00edpulos viveram a alegria da amizade com Jesus, que mudou para sempre a sua vida. Mas, depois do an\u00fancio da Paix\u00e3o, um v\u00e9u de obscuridade cobriu o seu cora\u00e7\u00e3o, escurecendo-lhes o caminho. O ardor do seguimento, o sonho do Reino de Deus inaugurado pelo Mestre e os primeiros frutos da miss\u00e3o vieram ent\u00e3o a confrontar-se com uma realidade dura e incompreens\u00edvel, que faz vacilar a esperan\u00e7a, alimenta as d\u00favidas e amea\u00e7a apagar a alegria do an\u00fancio do Evangelho.<\/p>\n<p>\u00c9 o que sempre pode acontecer, tamb\u00e9m na vida de um sacerdote. A grata mem\u00f3ria do encontro inicial, a alegria do seguimento e o zelo do mist\u00e9rio apost\u00f3lico, talvez vividos ao longo de anos e em situa\u00e7\u00f5es nem sempre f\u00e1ceis, podem dar lugar ao cansa\u00e7o e ao des\u00e2nimo, abrindo espa\u00e7o ao deserto interior da aridez e envolvendo a nossa vida sacerdotal na sombra da tristeza.<\/p>\n<p>Mas, precisamente nesses momentos, o Senhor, que nunca esquece a vida dos seus filhos, convida-nos a subir com Ele ao Monte, como fez com Pedro, Tiago e Jo\u00e3o, transfigurando-Se diante deles. Levando-os \u201cao alto\u201d e \u201capartando-os\u201d, Jesus leva-os a empreender a maravilhosa viagem da transforma\u00e7\u00e3o: do deserto ao Tabor e da escurid\u00e3o \u00e0 luz.<\/p>\n<p>Caros sacerdotes, sentimos cada dia a necessidade de ser transfigurados por um encontro sempre novo com o Senhor que nos chamou. Deixar-se \u201cconduzir para o alto\u201d e permanecer \u201cretirados\u201d com Ele n\u00e3o \u00e9 uma exig\u00eancia do of\u00edcio, uma pr\u00e1tica exterior ou um in\u00fatil tirar tempo \u00e0s tarefas do minist\u00e9rio, mas \u00e9 a fonte que jorra e corre em n\u00f3s para impedir que o nosso \u201ceis-me aqui\u201d seque e se torne \u00e1rido.<\/p>\n<p>Na contempla\u00e7\u00e3o da cena evang\u00e9lica da Transfigura\u00e7\u00e3o do Senhor, podemos, ent\u00e3o, colher tr\u00eas pequenos passos, que nos ajudar\u00e3o a confirmar a nossa ades\u00e3o ao Senhor e a renovar a nossa vida sacerdotal: <strong><em>subir ao alto<\/em><\/strong>, <strong><em>deixar-se transformar<\/em><\/strong>, <strong><em>ser luz para o mundo<\/em><\/strong>.<\/p>\n<p>&nbsp;<\/p>\n<ol>\n<li><strong> Subir ao alto<\/strong>, porque, se ficarmos sempre concentrados no que se tem a fazer, corremos o risco de ficar prisioneiros do presente, de ser absorvidos pelas tarefas quotidianas, de ficar excessivamente concentrados em n\u00f3s pr\u00f3prios e de, assim, acumular canseiras e frustra\u00e7\u00f5es que poder\u00e3o ser mort\u00edferas. Por outro lado, \u201csubir ao alto\u201d \u00e9 o rem\u00e9dio para as tenta\u00e7\u00f5es da \u201cmundanidade espiritual\u201d, que, mesmo sob das apar\u00eancias religiosas, nos afastam de Deus e dos irm\u00e3os e nos levam a p\u00f4r a seguran\u00e7a nas coisas do mundo. Ao contr\u00e1rio, o que nos faz falta \u00e9 mergulhar cada dia no amor de Deus, sobretudo atrav\u00e9s da ora\u00e7\u00e3o. Subir ao monte faz-nos lembrar que a nossa vida \u00e9 um constante erguer-se para a luz que vem do alto, uma caminhada para o Tabor da presen\u00e7a de Deus que abre horizontes novos e surpreendentes. \u00c9 uma realidade que n\u00e3o pretende levar-nos a fugir dos nossos empenhos pastorais e dos desafios quotidianos que nos perseguem, mas que procura lembrar-nos que Jesus \u00e9 o centro do minist\u00e9rio sacerdotal, e que tudo podemos s\u00f3 n\u2019Aquele que nos d\u00e1 for\u00e7a (Fil 4, 13). Por isso, \u201c<em>a subida dos disc\u00edpulos ao monte Tabor leva-nos a refletir sobre a import\u00e2ncia de nos desapegarmos das coisas mundanas, a fim de fazer um caminho rumo ao alto e contemplar Jesus. Trata-se de nos pormos \u00e0 escuta atenta e orante de Cristo, o Filho amado do Pai, procurando momentos de ora\u00e7\u00e3o que permitem o acolhimento d\u00f3cil e jubiloso da Palavra de Deus<\/em>\u201d (Papa Francisco, <em>Angelus<\/em>, 6 de agosto de 2017).<\/li>\n<li><strong>Deixar-se transformar<\/strong>, porque a vida sacerdotal n\u00e3o \u00e9 um programa onde tudo j\u00e1 est\u00e1 programado com anteced\u00eancia ou um cargo burocr\u00e1tico a desempenhar segundo um esquema preestabelecido; ao contr\u00e1rio, \u00e9 a experi\u00eancia viva de uma rela\u00e7\u00e3o quotidiana com o Senhor, que faz com que sejamos sinal do seu amor junto do Povo de Deus. Por isso, \u201c<em>n\u00e3o poderemos viver o minist\u00e9rio com alegria sem viver momentos de ora\u00e7\u00e3o pessoal, cara a cara com o Senhor, falando, conversando com Ele<\/em>\u201d (Papa Francisco, <em>Encontro com os p\u00e1rocos de Roma<\/em>, 15 de fevereiro de 2018). Nesta experi\u00eancia, somos iluminados pelo Rosto do Senhor e transformados pela sua presen\u00e7a. Tamb\u00e9m a vida sacerdotal \u00e9 um \u201cdeixar-se transformar\u201d pela gra\u00e7a de Deus, para que o nosso cora\u00e7\u00e3o se torne misericordioso, inclusivo e compassivo como o de Cristo. Trata-se simplesmente de ser \u2013 como recentemente recordou o Santo Padre \u2013 \u201c<em>sacerdotes normais, simples, mansos, equilibrados, mas capazes de se deixar regenerar constantemente pelo Esp\u00edrito<\/em>\u201d (Papa Francisco,<em> Homilia na Concelebra\u00e7\u00e3o Eucar\u00edstica com os Mission\u00e1rios da Miseric\u00f3rdia<\/em>, 10 de abril de 2018). Uma tal regenera\u00e7\u00e3o faz-se, antes de mais, atrav\u00e9s da ora\u00e7\u00e3o, que muda o cora\u00e7\u00e3o e transforma a vida: cada um de n\u00f3s \u201ctorna-se\u201d Aquele que reza. \u00c9 bom recordar, neste Dia Mundial de Ora\u00e7\u00e3o pela Santifica\u00e7\u00e3o dos Sacerdotes, que \u201c<em>a santidade \u00e9 feita de abertura habitual \u00e0 transcend\u00eancia, que se expressa na ora\u00e7\u00e3o e na adora\u00e7\u00e3o. O santo \u00e9 uma pessoa com esp\u00edrito orante, que tem necessidade de comunicar com Deus<\/em>\u201d (Papa Francisco, <em>Gaudete et exsultate<\/em>, n. 147). Subindo ao Monte, seremos iluminados pela luz de Cristo e poderemos descer \u00e0 plan\u00edcie e levar a todos a alegria do Evangelho.<\/li>\n<li><strong>Ser luz para o mundo<\/strong>, porque a experi\u00eancia do encontro com o Senhor p\u00f5e-nos na estrada do servi\u00e7o aos irm\u00e3os; a sua Palavra n\u00e3o deixa que nos fechemos no privado da devo\u00e7\u00e3o pessoal e no per\u00edmetro do templo; e, sobretudo, a vida sacerdotal \u00e9 um chamamento mission\u00e1rio, que exige a coragem e o entusiasmo de sair de n\u00f3s pr\u00f3prios para anunciar ao mundo inteiro o que ouvimos, vimos e toc\u00e1mos na nossa experi\u00eancia pessoal (cf. 1 Jo 1, 1-3). Dar a conhecer aos outros a ternura e o amor de Jesus, para que cada um possa usufruir da sua presen\u00e7a que livra do mal e transforma a exist\u00eancia, \u00e9 a primeira tarefa da Igreja e, portanto, o primeiro grande empenho apost\u00f3lico dos presb\u00edteros. Se h\u00e1 um desejo que temos de cultivar \u00e9 o de \u201c<em>ser sacerdotes capazes de \u2018elevar\u2019 o sinal da salva\u00e7\u00e3o no \u2018deserto\u2019 do mundo, isto \u00e9, a Cruz de Cristo, como fonte de convers\u00e3o e de renova\u00e7\u00e3o para toda a humanidade e para o pr\u00f3prio mundo<\/em>\u201d (Papa Francisco, <em>Homilia na Concelebra\u00e7\u00e3o Eucar\u00edstica com os Mission\u00e1rios da Miseric\u00f3rdia<\/em>, 10 de abril de 2018). O fasc\u00ednio do encontro com o Senhor deve encarnar-se num compromisso de vida ao servi\u00e7o do Povo de Deus, que, caminhando muitas vezes no vale obscuro das canseiras, do sofrimento e do pecado, precisa de Pastores luminosos e radiantes como Mois\u00e9s. De facto, \u201c<em>no final da admir\u00e1vel experi\u00eancia da Transfigura\u00e7\u00e3o, os disc\u00edpulos desceram do monte (cf. v. 9). \u00c9 o percurso que podemos realizar tamb\u00e9m n\u00f3s. A redescoberta cada vez mais viva de Jesus n\u00e3o constitui um fim em si, mas induz-nos a \u2018descer do monte\u2019\u2026 Transformados pela presen\u00e7a de Cristo e pelo fervor da sua Palavra, seremos sinal concreto do amor vivificador de Deus por todos os nossos irm\u00e3os, sobretudo por quem sofre, por quantos se encontram na solid\u00e3o e no abandono, pelos doentes e pela multid\u00e3o de homens e mulheres que, em diversas partes do mundo, s\u00e3o humilhados pela injusti\u00e7a, pela prepot\u00eancia e pela viol\u00eancia<\/em>\u201d (Papa Francisco, <em>Angelus<\/em>, 6 de agosto de 2017).<\/li>\n<\/ol>\n<p>&nbsp;<\/p>\n<p>Caros sacerdotes, que a beleza deste dia, consagrado ao Cora\u00e7\u00e3o de Jesus, possa fazer crescer em n\u00f3s o desejo da santidade. A Igreja e o mundo precisam de sacerdotes santos! O Papa Francisco, na nova Exorta\u00e7\u00e3o Apost\u00f3lica sobre a santidade, <em>Gaudete et exsultate<\/em>, aludiu aos sacerdotes apaixonados pela comunica\u00e7\u00e3o e an\u00fancio do Evangelho, afirmando que \u201c<em>a Igreja n\u00e3o precisa de muitos burocratas e funcion\u00e1rios, mas de mission\u00e1rios apaixonados, devorados pelo entusiasmo de comunicar a verdadeira vida. Os santos surpreendem, desinstalam, porque a sua vida nos chama a sair da mediocridade tranquila e anestesiadora<\/em>\u201d (Papa Francisco, <em>Gaudete et exsultate<\/em>, n. 138). Haver\u00e1 que realizar, sobretudo interiormente, este caminho de transfigura\u00e7\u00e3o: subir ao Monte, deixar-se transformar pelo Senhor, para, em seguida, tornar-se luz para o mundo e para as pessoas que nos s\u00e3o confiadas. Que Maria Sant\u00edssima, Mulher luminosa e M\u00e3e dos Sacerdotes, vos acompanhe e guarde sempre.<\/p>\n<p>&nbsp;<\/p>\n<p><strong><a href=\"https:\/\/www.conferenciaepiscopal.pt\/v1\/wp-content\/uploads\/CuriaRoma_MensagemDiaMundialOracaoSantificacaoSacerdotes.pdf\" target=\"_blank\" rel=\"noopener\">[PDF]<\/a><\/strong><\/p>\n","protected":false},"excerpt":{"rendered":"<p>Congrega\u00e7\u00e3o para o Clero \u2013 8 de junho de 2018 \u2013<\/p>\n","protected":false},"author":1,"featured_media":5847,"comment_status":"closed","ping_status":"closed","sticky":false,"template":"","format":"standard","meta":{"site-sidebar-layout":"default","site-content-layout":"","ast-site-content-layout":"default","site-content-style":"default","site-sidebar-style":"default","ast-global-header-display":"","ast-banner-title-visibility":"","ast-main-header-display":"","ast-hfb-above-header-display":"","ast-hfb-below-header-display":"","ast-hfb-mobile-header-display":"","site-post-title":"","ast-breadcrumbs-content":"","ast-featured-img":"","footer-sml-layout":"","ast-disable-related-posts":"","theme-transparent-header-meta":"","adv-header-id-meta":"","stick-header-meta":"","header-above-stick-meta":"","header-main-stick-meta":"","header-below-stick-meta":"","astra-migrate-meta-layouts":"default","ast-page-background-enabled":"default","ast-page-background-meta":{"desktop":{"background-color":"var(--ast-global-color-4)","background-image":"","background-repeat":"repeat","background-position":"center center","background-size":"auto","background-attachment":"scroll","background-type":"","background-media":"","overlay-type":"","overlay-color":"","overlay-opacity":"","overlay-gradient":""},"tablet":{"background-color":"","background-image":"","background-repeat":"repeat","background-position":"center center","background-size":"auto","background-attachment":"scroll","background-type":"","background-media":"","overlay-type":"","overlay-color":"","overlay-opacity":"","overlay-gradient":""},"mobile":{"background-color":"","background-image":"","background-repeat":"repeat","background-position":"center center","background-size":"auto","background-attachment":"scroll","background-type":"","background-media":"","overlay-type":"","overlay-color":"","overlay-opacity":"","overlay-gradient":""}},"ast-content-background-meta":{"desktop":{"background-color":"var(--ast-global-color-5)","background-image":"","background-repeat":"repeat","background-position":"center center","background-size":"auto","background-attachment":"scroll","background-type":"","background-media":"","overlay-type":"","overlay-color":"","overlay-opacity":"","overlay-gradient":""},"tablet":{"background-color":"var(--ast-global-color-5)","background-image":"","background-repeat":"repeat","background-position":"center center","background-size":"auto","background-attachment":"scroll","background-type":"","background-media":"","overlay-type":"","overlay-color":"","overlay-opacity":"","overlay-gradient":""},"mobile":{"background-color":"var(--ast-global-color-5)","background-image":"","background-repeat":"repeat","background-position":"center center","background-size":"auto","background-attachment":"scroll","background-type":"","background-media":"","overlay-type":"","overlay-color":"","overlay-opacity":"","overlay-gradient":""}},"footnotes":""},"categories":[4],"tags":[],"class_list":["post-5846","post","type-post","status-publish","format-standard","has-post-thumbnail","hentry","category-documentos"],"yoast_head":"<!-- This site is optimized with the Yoast SEO plugin v27.5 - https:\/\/yoast.com\/product\/yoast-seo-wordpress\/ -->\n<title>Mensagem para o Dia Mundial de Ora\u00e7\u00e3o pela Santifica\u00e7\u00e3o dos Sacerdotes - Confer\u00eancia Episcopal Portuguesa<\/title>\n<meta name=\"robots\" content=\"index, follow, max-snippet:-1, max-image-preview:large, max-video-preview:-1\" \/>\n<link rel=\"canonical\" href=\"https:\/\/www.conferenciaepiscopal.pt\/v1\/mensagem-para-o-dia-mundial-de-oracao-pela-santificacao-dos-sacerdotes\/\" \/>\n<meta property=\"og:locale\" content=\"pt_PT\" \/>\n<meta property=\"og:type\" content=\"article\" \/>\n<meta property=\"og:title\" content=\"Mensagem para o Dia Mundial de Ora\u00e7\u00e3o pela Santifica\u00e7\u00e3o dos Sacerdotes - Confer\u00eancia Episcopal Portuguesa\" \/>\n<meta property=\"og:description\" content=\"Congrega\u00e7\u00e3o para o Clero \u2013 8 de junho de 2018 \u2013\" \/>\n<meta property=\"og:url\" content=\"https:\/\/www.conferenciaepiscopal.pt\/v1\/mensagem-para-o-dia-mundial-de-oracao-pela-santificacao-dos-sacerdotes\/\" \/>\n<meta property=\"og:site_name\" content=\"Confer\u00eancia Episcopal Portuguesa\" \/>\n<meta property=\"article:published_time\" content=\"2018-06-06T11:14:57+00:00\" \/>\n<meta property=\"og:image\" content=\"https:\/\/www.conferenciaepiscopal.pt\/v1\/wp-content\/uploads\/santificacao_sacerdotes.jpg\" \/>\n\t<meta property=\"og:image:width\" content=\"900\" \/>\n\t<meta property=\"og:image:height\" content=\"600\" \/>\n\t<meta property=\"og:image:type\" content=\"image\/jpeg\" \/>\n<meta name=\"author\" content=\"Manuel Costa\" \/>\n<meta name=\"twitter:card\" content=\"summary_large_image\" \/>\n<meta name=\"twitter:label1\" content=\"Escrito por\" \/>\n\t<meta name=\"twitter:data1\" content=\"Manuel Costa\" \/>\n\t<meta name=\"twitter:label2\" content=\"Tempo estimado de leitura\" \/>\n\t<meta name=\"twitter:data2\" content=\"8 minutos\" \/>\n<script type=\"application\/ld+json\" class=\"yoast-schema-graph\">{\"@context\":\"https:\\\/\\\/schema.org\",\"@graph\":[{\"@type\":\"Article\",\"@id\":\"https:\\\/\\\/www.conferenciaepiscopal.pt\\\/v1\\\/mensagem-para-o-dia-mundial-de-oracao-pela-santificacao-dos-sacerdotes\\\/#article\",\"isPartOf\":{\"@id\":\"https:\\\/\\\/www.conferenciaepiscopal.pt\\\/v1\\\/mensagem-para-o-dia-mundial-de-oracao-pela-santificacao-dos-sacerdotes\\\/\"},\"author\":{\"name\":\"Manuel Costa\",\"@id\":\"https:\\\/\\\/www.conferenciaepiscopal.pt\\\/v1\\\/#\\\/schema\\\/person\\\/ab696457f75fe8e22b00183bfacb4cb2\"},\"headline\":\"Mensagem para o Dia Mundial de Ora\u00e7\u00e3o pela Santifica\u00e7\u00e3o dos Sacerdotes\",\"datePublished\":\"2018-06-06T11:14:57+00:00\",\"mainEntityOfPage\":{\"@id\":\"https:\\\/\\\/www.conferenciaepiscopal.pt\\\/v1\\\/mensagem-para-o-dia-mundial-de-oracao-pela-santificacao-dos-sacerdotes\\\/\"},\"wordCount\":1628,\"publisher\":{\"@id\":\"https:\\\/\\\/www.conferenciaepiscopal.pt\\\/v1\\\/#organization\"},\"image\":{\"@id\":\"https:\\\/\\\/www.conferenciaepiscopal.pt\\\/v1\\\/mensagem-para-o-dia-mundial-de-oracao-pela-santificacao-dos-sacerdotes\\\/#primaryimage\"},\"thumbnailUrl\":\"https:\\\/\\\/www.conferenciaepiscopal.pt\\\/v1\\\/wp-content\\\/uploads\\\/santificacao_sacerdotes.jpg\",\"articleSection\":[\"Documentos\"],\"inLanguage\":\"pt-PT\"},{\"@type\":\"WebPage\",\"@id\":\"https:\\\/\\\/www.conferenciaepiscopal.pt\\\/v1\\\/mensagem-para-o-dia-mundial-de-oracao-pela-santificacao-dos-sacerdotes\\\/\",\"url\":\"https:\\\/\\\/www.conferenciaepiscopal.pt\\\/v1\\\/mensagem-para-o-dia-mundial-de-oracao-pela-santificacao-dos-sacerdotes\\\/\",\"name\":\"Mensagem para o Dia Mundial de Ora\u00e7\u00e3o pela Santifica\u00e7\u00e3o dos Sacerdotes - Confer\u00eancia Episcopal Portuguesa\",\"isPartOf\":{\"@id\":\"https:\\\/\\\/www.conferenciaepiscopal.pt\\\/v1\\\/#website\"},\"primaryImageOfPage\":{\"@id\":\"https:\\\/\\\/www.conferenciaepiscopal.pt\\\/v1\\\/mensagem-para-o-dia-mundial-de-oracao-pela-santificacao-dos-sacerdotes\\\/#primaryimage\"},\"image\":{\"@id\":\"https:\\\/\\\/www.conferenciaepiscopal.pt\\\/v1\\\/mensagem-para-o-dia-mundial-de-oracao-pela-santificacao-dos-sacerdotes\\\/#primaryimage\"},\"thumbnailUrl\":\"https:\\\/\\\/www.conferenciaepiscopal.pt\\\/v1\\\/wp-content\\\/uploads\\\/santificacao_sacerdotes.jpg\",\"datePublished\":\"2018-06-06T11:14:57+00:00\",\"breadcrumb\":{\"@id\":\"https:\\\/\\\/www.conferenciaepiscopal.pt\\\/v1\\\/mensagem-para-o-dia-mundial-de-oracao-pela-santificacao-dos-sacerdotes\\\/#breadcrumb\"},\"inLanguage\":\"pt-PT\",\"potentialAction\":[{\"@type\":\"ReadAction\",\"target\":[\"https:\\\/\\\/www.conferenciaepiscopal.pt\\\/v1\\\/mensagem-para-o-dia-mundial-de-oracao-pela-santificacao-dos-sacerdotes\\\/\"]}]},{\"@type\":\"ImageObject\",\"inLanguage\":\"pt-PT\",\"@id\":\"https:\\\/\\\/www.conferenciaepiscopal.pt\\\/v1\\\/mensagem-para-o-dia-mundial-de-oracao-pela-santificacao-dos-sacerdotes\\\/#primaryimage\",\"url\":\"https:\\\/\\\/www.conferenciaepiscopal.pt\\\/v1\\\/wp-content\\\/uploads\\\/santificacao_sacerdotes.jpg\",\"contentUrl\":\"https:\\\/\\\/www.conferenciaepiscopal.pt\\\/v1\\\/wp-content\\\/uploads\\\/santificacao_sacerdotes.jpg\",\"width\":900,\"height\":600},{\"@type\":\"BreadcrumbList\",\"@id\":\"https:\\\/\\\/www.conferenciaepiscopal.pt\\\/v1\\\/mensagem-para-o-dia-mundial-de-oracao-pela-santificacao-dos-sacerdotes\\\/#breadcrumb\",\"itemListElement\":[{\"@type\":\"ListItem\",\"position\":1,\"name\":\"In\u00edcio\",\"item\":\"https:\\\/\\\/www.conferenciaepiscopal.pt\\\/v1\\\/\"},{\"@type\":\"ListItem\",\"position\":2,\"name\":\"Mensagem para o Dia Mundial de Ora\u00e7\u00e3o pela Santifica\u00e7\u00e3o dos Sacerdotes\"}]},{\"@type\":\"WebSite\",\"@id\":\"https:\\\/\\\/www.conferenciaepiscopal.pt\\\/v1\\\/#website\",\"url\":\"https:\\\/\\\/www.conferenciaepiscopal.pt\\\/v1\\\/\",\"name\":\"Confer\u00eancia Episcopal Portuguesa\",\"description\":\"Igreja Cat\u00f3lica em Portugal\",\"publisher\":{\"@id\":\"https:\\\/\\\/www.conferenciaepiscopal.pt\\\/v1\\\/#organization\"},\"potentialAction\":[{\"@type\":\"SearchAction\",\"target\":{\"@type\":\"EntryPoint\",\"urlTemplate\":\"https:\\\/\\\/www.conferenciaepiscopal.pt\\\/v1\\\/?s={search_term_string}\"},\"query-input\":{\"@type\":\"PropertyValueSpecification\",\"valueRequired\":true,\"valueName\":\"search_term_string\"}}],\"inLanguage\":\"pt-PT\"},{\"@type\":\"Organization\",\"@id\":\"https:\\\/\\\/www.conferenciaepiscopal.pt\\\/v1\\\/#organization\",\"name\":\"Confer\u00eancia Episcopal Portuguesa\",\"url\":\"https:\\\/\\\/www.conferenciaepiscopal.pt\\\/v1\\\/\",\"logo\":{\"@type\":\"ImageObject\",\"inLanguage\":\"pt-PT\",\"@id\":\"https:\\\/\\\/www.conferenciaepiscopal.pt\\\/v1\\\/#\\\/schema\\\/logo\\\/image\\\/\",\"url\":\"https:\\\/\\\/www.conferenciaepiscopal.pt\\\/v1\\\/wp-content\\\/uploads\\\/cropped-logoTransparente.png\",\"contentUrl\":\"https:\\\/\\\/www.conferenciaepiscopal.pt\\\/v1\\\/wp-content\\\/uploads\\\/cropped-logoTransparente.png\",\"width\":512,\"height\":512,\"caption\":\"Confer\u00eancia Episcopal Portuguesa\"},\"image\":{\"@id\":\"https:\\\/\\\/www.conferenciaepiscopal.pt\\\/v1\\\/#\\\/schema\\\/logo\\\/image\\\/\"}},{\"@type\":\"Person\",\"@id\":\"https:\\\/\\\/www.conferenciaepiscopal.pt\\\/v1\\\/#\\\/schema\\\/person\\\/ab696457f75fe8e22b00183bfacb4cb2\",\"name\":\"Manuel Costa\",\"image\":{\"@type\":\"ImageObject\",\"inLanguage\":\"pt-PT\",\"@id\":\"https:\\\/\\\/secure.gravatar.com\\\/avatar\\\/5054571ff5d2454cd50657fc4e61d0c32d7a5d0d3b36ef6c0f6e269276d13618?s=96&d=mm&r=g\",\"url\":\"https:\\\/\\\/secure.gravatar.com\\\/avatar\\\/5054571ff5d2454cd50657fc4e61d0c32d7a5d0d3b36ef6c0f6e269276d13618?s=96&d=mm&r=g\",\"contentUrl\":\"https:\\\/\\\/secure.gravatar.com\\\/avatar\\\/5054571ff5d2454cd50657fc4e61d0c32d7a5d0d3b36ef6c0f6e269276d13618?s=96&d=mm&r=g\",\"caption\":\"Manuel Costa\"}}]}<\/script>\n<!-- \/ Yoast SEO plugin. -->","yoast_head_json":{"title":"Mensagem para o Dia Mundial de Ora\u00e7\u00e3o pela Santifica\u00e7\u00e3o dos Sacerdotes - Confer\u00eancia Episcopal Portuguesa","robots":{"index":"index","follow":"follow","max-snippet":"max-snippet:-1","max-image-preview":"max-image-preview:large","max-video-preview":"max-video-preview:-1"},"canonical":"https:\/\/www.conferenciaepiscopal.pt\/v1\/mensagem-para-o-dia-mundial-de-oracao-pela-santificacao-dos-sacerdotes\/","og_locale":"pt_PT","og_type":"article","og_title":"Mensagem para o Dia Mundial de Ora\u00e7\u00e3o pela Santifica\u00e7\u00e3o dos Sacerdotes - Confer\u00eancia Episcopal Portuguesa","og_description":"Congrega\u00e7\u00e3o para o Clero \u2013 8 de junho de 2018 \u2013","og_url":"https:\/\/www.conferenciaepiscopal.pt\/v1\/mensagem-para-o-dia-mundial-de-oracao-pela-santificacao-dos-sacerdotes\/","og_site_name":"Confer\u00eancia Episcopal Portuguesa","article_published_time":"2018-06-06T11:14:57+00:00","og_image":[{"width":900,"height":600,"url":"https:\/\/www.conferenciaepiscopal.pt\/v1\/wp-content\/uploads\/santificacao_sacerdotes.jpg","type":"image\/jpeg"}],"author":"Manuel Costa","twitter_card":"summary_large_image","twitter_misc":{"Escrito por":"Manuel Costa","Tempo estimado de leitura":"8 minutos"},"schema":{"@context":"https:\/\/schema.org","@graph":[{"@type":"Article","@id":"https:\/\/www.conferenciaepiscopal.pt\/v1\/mensagem-para-o-dia-mundial-de-oracao-pela-santificacao-dos-sacerdotes\/#article","isPartOf":{"@id":"https:\/\/www.conferenciaepiscopal.pt\/v1\/mensagem-para-o-dia-mundial-de-oracao-pela-santificacao-dos-sacerdotes\/"},"author":{"name":"Manuel Costa","@id":"https:\/\/www.conferenciaepiscopal.pt\/v1\/#\/schema\/person\/ab696457f75fe8e22b00183bfacb4cb2"},"headline":"Mensagem para o Dia Mundial de Ora\u00e7\u00e3o pela Santifica\u00e7\u00e3o dos Sacerdotes","datePublished":"2018-06-06T11:14:57+00:00","mainEntityOfPage":{"@id":"https:\/\/www.conferenciaepiscopal.pt\/v1\/mensagem-para-o-dia-mundial-de-oracao-pela-santificacao-dos-sacerdotes\/"},"wordCount":1628,"publisher":{"@id":"https:\/\/www.conferenciaepiscopal.pt\/v1\/#organization"},"image":{"@id":"https:\/\/www.conferenciaepiscopal.pt\/v1\/mensagem-para-o-dia-mundial-de-oracao-pela-santificacao-dos-sacerdotes\/#primaryimage"},"thumbnailUrl":"https:\/\/www.conferenciaepiscopal.pt\/v1\/wp-content\/uploads\/santificacao_sacerdotes.jpg","articleSection":["Documentos"],"inLanguage":"pt-PT"},{"@type":"WebPage","@id":"https:\/\/www.conferenciaepiscopal.pt\/v1\/mensagem-para-o-dia-mundial-de-oracao-pela-santificacao-dos-sacerdotes\/","url":"https:\/\/www.conferenciaepiscopal.pt\/v1\/mensagem-para-o-dia-mundial-de-oracao-pela-santificacao-dos-sacerdotes\/","name":"Mensagem para o Dia Mundial de Ora\u00e7\u00e3o pela Santifica\u00e7\u00e3o dos Sacerdotes - Confer\u00eancia Episcopal Portuguesa","isPartOf":{"@id":"https:\/\/www.conferenciaepiscopal.pt\/v1\/#website"},"primaryImageOfPage":{"@id":"https:\/\/www.conferenciaepiscopal.pt\/v1\/mensagem-para-o-dia-mundial-de-oracao-pela-santificacao-dos-sacerdotes\/#primaryimage"},"image":{"@id":"https:\/\/www.conferenciaepiscopal.pt\/v1\/mensagem-para-o-dia-mundial-de-oracao-pela-santificacao-dos-sacerdotes\/#primaryimage"},"thumbnailUrl":"https:\/\/www.conferenciaepiscopal.pt\/v1\/wp-content\/uploads\/santificacao_sacerdotes.jpg","datePublished":"2018-06-06T11:14:57+00:00","breadcrumb":{"@id":"https:\/\/www.conferenciaepiscopal.pt\/v1\/mensagem-para-o-dia-mundial-de-oracao-pela-santificacao-dos-sacerdotes\/#breadcrumb"},"inLanguage":"pt-PT","potentialAction":[{"@type":"ReadAction","target":["https:\/\/www.conferenciaepiscopal.pt\/v1\/mensagem-para-o-dia-mundial-de-oracao-pela-santificacao-dos-sacerdotes\/"]}]},{"@type":"ImageObject","inLanguage":"pt-PT","@id":"https:\/\/www.conferenciaepiscopal.pt\/v1\/mensagem-para-o-dia-mundial-de-oracao-pela-santificacao-dos-sacerdotes\/#primaryimage","url":"https:\/\/www.conferenciaepiscopal.pt\/v1\/wp-content\/uploads\/santificacao_sacerdotes.jpg","contentUrl":"https:\/\/www.conferenciaepiscopal.pt\/v1\/wp-content\/uploads\/santificacao_sacerdotes.jpg","width":900,"height":600},{"@type":"BreadcrumbList","@id":"https:\/\/www.conferenciaepiscopal.pt\/v1\/mensagem-para-o-dia-mundial-de-oracao-pela-santificacao-dos-sacerdotes\/#breadcrumb","itemListElement":[{"@type":"ListItem","position":1,"name":"In\u00edcio","item":"https:\/\/www.conferenciaepiscopal.pt\/v1\/"},{"@type":"ListItem","position":2,"name":"Mensagem para o Dia Mundial de Ora\u00e7\u00e3o pela Santifica\u00e7\u00e3o dos Sacerdotes"}]},{"@type":"WebSite","@id":"https:\/\/www.conferenciaepiscopal.pt\/v1\/#website","url":"https:\/\/www.conferenciaepiscopal.pt\/v1\/","name":"Confer\u00eancia Episcopal Portuguesa","description":"Igreja Cat\u00f3lica em Portugal","publisher":{"@id":"https:\/\/www.conferenciaepiscopal.pt\/v1\/#organization"},"potentialAction":[{"@type":"SearchAction","target":{"@type":"EntryPoint","urlTemplate":"https:\/\/www.conferenciaepiscopal.pt\/v1\/?s={search_term_string}"},"query-input":{"@type":"PropertyValueSpecification","valueRequired":true,"valueName":"search_term_string"}}],"inLanguage":"pt-PT"},{"@type":"Organization","@id":"https:\/\/www.conferenciaepiscopal.pt\/v1\/#organization","name":"Confer\u00eancia Episcopal Portuguesa","url":"https:\/\/www.conferenciaepiscopal.pt\/v1\/","logo":{"@type":"ImageObject","inLanguage":"pt-PT","@id":"https:\/\/www.conferenciaepiscopal.pt\/v1\/#\/schema\/logo\/image\/","url":"https:\/\/www.conferenciaepiscopal.pt\/v1\/wp-content\/uploads\/cropped-logoTransparente.png","contentUrl":"https:\/\/www.conferenciaepiscopal.pt\/v1\/wp-content\/uploads\/cropped-logoTransparente.png","width":512,"height":512,"caption":"Confer\u00eancia Episcopal Portuguesa"},"image":{"@id":"https:\/\/www.conferenciaepiscopal.pt\/v1\/#\/schema\/logo\/image\/"}},{"@type":"Person","@id":"https:\/\/www.conferenciaepiscopal.pt\/v1\/#\/schema\/person\/ab696457f75fe8e22b00183bfacb4cb2","name":"Manuel Costa","image":{"@type":"ImageObject","inLanguage":"pt-PT","@id":"https:\/\/secure.gravatar.com\/avatar\/5054571ff5d2454cd50657fc4e61d0c32d7a5d0d3b36ef6c0f6e269276d13618?s=96&d=mm&r=g","url":"https:\/\/secure.gravatar.com\/avatar\/5054571ff5d2454cd50657fc4e61d0c32d7a5d0d3b36ef6c0f6e269276d13618?s=96&d=mm&r=g","contentUrl":"https:\/\/secure.gravatar.com\/avatar\/5054571ff5d2454cd50657fc4e61d0c32d7a5d0d3b36ef6c0f6e269276d13618?s=96&d=mm&r=g","caption":"Manuel Costa"}}]}},"_links":{"self":[{"href":"https:\/\/www.conferenciaepiscopal.pt\/v1\/wp-json\/wp\/v2\/posts\/5846","targetHints":{"allow":["GET"]}}],"collection":[{"href":"https:\/\/www.conferenciaepiscopal.pt\/v1\/wp-json\/wp\/v2\/posts"}],"about":[{"href":"https:\/\/www.conferenciaepiscopal.pt\/v1\/wp-json\/wp\/v2\/types\/post"}],"author":[{"embeddable":true,"href":"https:\/\/www.conferenciaepiscopal.pt\/v1\/wp-json\/wp\/v2\/users\/1"}],"replies":[{"embeddable":true,"href":"https:\/\/www.conferenciaepiscopal.pt\/v1\/wp-json\/wp\/v2\/comments?post=5846"}],"version-history":[{"count":0,"href":"https:\/\/www.conferenciaepiscopal.pt\/v1\/wp-json\/wp\/v2\/posts\/5846\/revisions"}],"wp:featuredmedia":[{"embeddable":true,"href":"https:\/\/www.conferenciaepiscopal.pt\/v1\/wp-json\/wp\/v2\/media\/5847"}],"wp:attachment":[{"href":"https:\/\/www.conferenciaepiscopal.pt\/v1\/wp-json\/wp\/v2\/media?parent=5846"}],"wp:term":[{"taxonomy":"category","embeddable":true,"href":"https:\/\/www.conferenciaepiscopal.pt\/v1\/wp-json\/wp\/v2\/categories?post=5846"},{"taxonomy":"post_tag","embeddable":true,"href":"https:\/\/www.conferenciaepiscopal.pt\/v1\/wp-json\/wp\/v2\/tags?post=5846"}],"curies":[{"name":"wp","href":"https:\/\/api.w.org\/{rel}","templated":true}]}}