{"id":5757,"date":"2018-04-09T16:15:04","date_gmt":"2018-04-09T15:15:04","guid":{"rendered":"http:\/\/www.conferenciaepiscopal.pt\/v1\/?p=5757"},"modified":"2018-04-10T08:59:21","modified_gmt":"2018-04-10T07:59:21","slug":"discurso-de-abertura-da-194a-assembleia-plenaria-da-conferencia-episcopal-portuguesa","status":"publish","type":"post","link":"https:\/\/www.conferenciaepiscopal.pt\/v1\/discurso-de-abertura-da-194a-assembleia-plenaria-da-conferencia-episcopal-portuguesa\/","title":{"rendered":"Discurso de Abertura da 194\u00aa Assembleia Plen\u00e1ria da Confer\u00eancia Episcopal Portuguesa"},"content":{"rendered":"<p><u>\u00c0 luz da P\u00e1scoa que vivemos, realizamos a 194\u00aa Assembleia Plen\u00e1ria da Confer\u00eancia Episcopal Portuguesa<\/u>. Temos presentes as mensagens e homilias dos Bispos das nossas Dioceses e o seu instante apelo para que a P\u00e1scoa de Jesus Cristo nos leve a todos a \u201cpassar\u201d verdadeiramente para Deus e para o cabal cumprimento do seu des\u00edgnio em rela\u00e7\u00e3o \u00e0 humanidade inteira e \u00e0 vida de cada um nas suas v\u00e1rias articula\u00e7\u00f5es: familiares, profissionais ou sociais em geral.<!--more--><\/p>\n<p>\u00c9 um apelo sempre renovado, que a Liturgia da Semana Santa traduz com particular intensidade. Pela participa\u00e7\u00e3o nas celebra\u00e7\u00f5es e tamb\u00e9m pelos <em>media<\/em>, boa parte da nossa sociedade foi tocada pelo an\u00fancio pascal, que constitui certamente um sinal de esperan\u00e7a para muitos e um motivo de refor\u00e7ada convers\u00e3o espiritual e pr\u00e1tica para os que se querem disc\u00edpulos de Jesus Cristo. T\u00eam especial impacto as palavras e atitudes do Papa Francisco, que tanto nos estimulam nesse sentido. O Santo Padre \u00e9 reconhecidamente uma das vozes que o mundo escuta e mais nos desperta para as exig\u00eancias daquela justi\u00e7a que, s\u00f3 ela, garantir\u00e1 a paz.<\/p>\n<p>Saudando todos os participantes nesta Assembleia e tamb\u00e9m os profissionais da Comunica\u00e7\u00e3o Social aqui presentes, refiro particularmente o Senhor D. Manuel da Silva Rodrigues Linda, at\u00e9 agora Bispo das For\u00e7as Armadas e de Seguran\u00e7a, que o Papa Francisco h\u00e1 pouco nomeou para Bispo do Porto. Com todos os colegas de Episcopado desejo-lhe as maiores felicidades no novo minist\u00e9rio, j\u00e1 garantidas pelas muitas qualidades demonstradas.<\/p>\n<p>Teremos tamb\u00e9m muito presente o Senhor D. Ant\u00f3nio dos Santos, Bispo em\u00e9rito da Guarda, recentemente falecido. Deus o recompensar\u00e1 pelos seus muitos trabalhos pastorais, sempre marcados pela constante entrega ao minist\u00e9rio e a muita proximidade a todos, na vida eclesial e social.<\/p>\n<p>A agenda desta Assembleia Plen\u00e1ria tem v\u00e1rios pontos, com particular men\u00e7\u00e3o das informa\u00e7\u00f5es e comunica\u00e7\u00f5es por parte dos Presidentes das Comiss\u00f5es Episcopais.<\/p>\n<p>Na verdade, \u00e9 no seu \u00e2mbito \u2013 al\u00e9m do Conselho Permanente e do Secretariado Geral \u2013 que decorre o trabalho habitual da nossa Confer\u00eancia, acompanhando, estimulando e aproximando mutuamente o dia-a-dia das Igrejas diocesanas e da vida cat\u00f3lica em geral. Ouvir, ainda que sucintamente, as respetivas informa\u00e7\u00f5es, refor\u00e7a em cada um de n\u00f3s e nesta inst\u00e2ncia o indispens\u00e1vel sentido do conjunto pastoral \u00e0 escala do pa\u00eds. Tanto mais quanto o quadro diocesano tem geografia fixa, mas a nossa popula\u00e7\u00e3o vive em grande mobilidade \u201cinterdiocesana\u201d, por motivos profissionais, escolares e outros.<\/p>\n<p><u>Dentro dos pontos da agenda, destaco agora tr\u00eas. Em primeiro lugar, a proposta de um Plano de Forma\u00e7\u00e3o de Catequistas<\/u>. Detenho-me neste um pouco mais, pela sua particular import\u00e2ncia na vida da Igreja.<\/p>\n<p>Nem sempre se presta a devida aten\u00e7\u00e3o ao facto de a catequese incluir no seu exerc\u00edcio a maior parte do que poder\u00edamos chamar o catolicismo comunit\u00e1rio e ativo no nosso pa\u00eds. Refiro-me \u00e0s dezenas de milhar de catequistas que \u2013 semana ap\u00f3s semana, ano ap\u00f3s ano \u2013 transmitem a crian\u00e7as, adolescentes, jovens e adultos a f\u00e9 em Cristo e a viv\u00eancia eclesial. Merecem-nos um particular reconhecimento e toda a colabora\u00e7\u00e3o na sua forma\u00e7\u00e3o adequada, nas atuais circunst\u00e2ncias. Apresentada pela Comiss\u00e3o Episcopal da Educa\u00e7\u00e3o Crist\u00e3 e Doutrina da F\u00e9, a proposta acentua pontos de especial relevo, como os seguintes:<\/p>\n<p>Antes de mais, \u00aba convic\u00e7\u00e3o de que a qualidade da catequese depende, em grande parte, de catequistas bem formados\u00bb. Catequizar significa ecoar a mensagem de Cristo, quer no seu primeiro an\u00fancio quer no seu desenvolvimento doutrinal e pr\u00e1tico, na comunidade crist\u00e3 e na sociedade em que h\u00e1 de ser fermento.<\/p>\n<p>Noutros tempos, a fixa\u00e7\u00e3o nos lugares f\u00edsicos e mentais onde em geral se nascia e vivia, com grande perman\u00eancia de mentalidades e costumes, fazia o ato catequ\u00e9tico parecer simples e decorrente, da fam\u00edlia para a par\u00f3quia de cada um. Hoje em dia, a varia\u00e7\u00e3o quase constante de situa\u00e7\u00f5es locais e culturais, mediaticamente potenciada, desafia o crente, e em especial os transmissores da mensagem crist\u00e3, para o aprofundamento das convic\u00e7\u00f5es e suas bases, bem como para ganhar linguagem e comunica\u00e7\u00e3o eficientes. \u00c9 um desafio permanente que exige forma\u00e7\u00e3o cont\u00ednua. A \u201cboa forma\u00e7\u00e3o\u201d \u00e9 aquela que nunca desiste de aprender mais para comunicar melhor.<\/p>\n<p>Sobretudo para melhor testemunhar o encontro com Cristo vivo, que \u00e9 a subst\u00e2ncia do ser crist\u00e3o. A catequese n\u00e3o se fica pela transmiss\u00e3o de conte\u00fados e enunciados. Inclui-os necessariamente, como todo o conhecimento implica. Mas s\u00e3o consequ\u00eancia de algo vivencial e convivente, resultante do encontro com Algu\u00e9m realmente vivo e testemunhado por quem O encontre e comunique.<\/p>\n<p>\u00c9 assim que a Proposta que analisaremos cita o Papa Bento XVI: \u00abEsta forma\u00e7\u00e3o tem como base o encontro com Jesus Cristo que d\u00e1 \u00e0 vida do catequista \u201cum novo horizonte e, desta forma, um rumo decisivo\u201d\u00bb (<em>Deus Caritas est<\/em>, 1). E o Papa Francisco: \u00abConsciente disso, o catequista, \u201cque n\u00e3o deixa jamais de ser disc\u00edpulo, sabe que Jesus caminha com ele, fala com ele, respira com ele, trabalha com ele. Sente Jesus vivo com ele, no meio do compromisso mission\u00e1rio\u201d\u00bb (<em>Evangelii Gaudium<\/em>, 266).<\/p>\n<p>A Proposta refere documentos b\u00e1sicos desta Confer\u00eancia Episcopal sobre o tema. Especialmente a Carta Pastoral <em>Catequese: A alegria do encontro com Jesus Cristo<\/em>, h\u00e1 um ano publicada, que se desenvolve a partir dessa mesma categoria do \u201cencontro\u201d \u2013 com Cristo vivo e, nele, com a Igreja e com a vida em geral. Encontro sempre aprofundado, como toda a experi\u00eancia m\u00edstica e existencial crist\u00e3 confirma, nos dois mil\u00e9nios que j\u00e1 leva. Fi\u00e9is e, por isso mesmo, criativos, como acontece nas amizades fecundas.<\/p>\n<p>O documento adianta cinco \u201cop\u00e7\u00f5es formativas\u201d, para \u00abpotenciar a identidade do catequista, disc\u00edpulo mission\u00e1rio, inserido na comunidade crist\u00e3\u00bb. Requer uma abordagem: Querigm\u00e1tica, em que o an\u00fancio de Cristo vivo prevale\u00e7a sempre. Mistag\u00f3gica, em que experi\u00eancia crist\u00e3 e sinais lit\u00fargicos se v\u00e3o acompanhando mutuamente. Sempre fundamentada na Palavra de Deus \u2013 lida, refletida e rezada. Eclesial, numa comunidade que acompanha cada um no aprofundamento da f\u00e9. Processada de modo sistem\u00e1tico, org\u00e2nico e integral.<\/p>\n<p>Uma catequese assim pede a forma\u00e7\u00e3o cont\u00ednua dos catequistas, em que o que ensinam e o que aprendem caminhem sempre a par. Pode parecer demasiado exigente, mas n\u00e3o o ser\u00e1 tanto se corresponder \u00e0 exig\u00eancia interior do pr\u00f3prio catequista, interessado, tamb\u00e9m ele, em aprofundar o conhecimento de Jesus Cristo, como realidade total e totalizante. Como escrevia S\u00e3o Paulo: \u00ab\u2026 para que tenham \u00e2nimo nos seus cora\u00e7\u00f5es, vivendo bem unidos no amor, e assim atinjam toda a riqueza, que \u00e9 a plena compreens\u00e3o, o conhecimento do mist\u00e9rio de Deus: Cristo, em quem est\u00e3o escondidos todos os tesouros da sabedoria e do conhecimento\u00bb (<em>Cl<\/em> 2, 2-3).<\/p>\n<p><u>Analisaremos tamb\u00e9m um \u201cPlano de Comunica\u00e7\u00e3o Social da Igreja\u201d<\/u> que, nas palavras do Presidente da Comiss\u00e3o Episcopal da Cultura, Bens Culturais e Comunica\u00e7\u00f5es Sociais, visa articular iniciativas, protagonistas e meios:<\/p>\n<p>A Igreja Cat\u00f3lica em Portugal tem \u00abv\u00e1rias iniciativas, v\u00e1rios protagonistas, v\u00e1rios meios, mas falta a harmoniza\u00e7\u00e3o, que o projeto tem de incorporar e planificar\u00bb. Sendo importante fazer parcerias, tal \u00abnunca vai tirar aquilo que \u00e9 a originalidade de cada meio ou de cada grupo, de cada institui\u00e7\u00e3o\u00bb. Pretende-se sim que, em parceria, \u00abo mesmo acontecimento, a mesma not\u00edcia, ou a mesma reflex\u00e3o possa circular por mais intervenientes e possa atingir mais p\u00fablicos\u00bb (cf. <em>Ecclesia<\/em>, 10 de janeiro de 2018).<\/p>\n<p>Tamb\u00e9m neste sentido teremos de corresponder \u00e0 sociocultura atual, que tanto inclui a pluralidade das abordagens como requer a defini\u00e7\u00e3o dos interlocutores, no essencial da respetiva mensagem e na precis\u00e3o dos posicionamentos. A pr\u00f3pria viv\u00eancia interna da comunidade eclesial pode e deve ser uma escola de comunica\u00e7\u00e3o nesse sentido, projetada depois no mundo medi\u00e1tico em geral.<\/p>\n<p><u>O \u00faltimo ponto que refiro \u00e9 relativo \u00e0 pr\u00f3xima Assembleia Ordin\u00e1ria do S\u00ednodo dos Bispos<\/u>, que decorrer\u00e1 em Roma no pr\u00f3ximo m\u00eas de outubro.<\/p>\n<p>Da parte da Comiss\u00e3o Episcopal Laicado e Fam\u00edlia ser-nos-\u00e1 apresentada uma \u201cleitura das respostas ao Question\u00e1rio\u201d, provindas das Dioceses e de jovens individualmente. Tamb\u00e9m elegeremos dois Bispos da CEP para o S\u00ednodo, que tem como tema \u201cOs jovens, a f\u00e9 e o discernimento vocacional\u201d.<\/p>\n<p>Importa ter presente a articula\u00e7\u00e3o dos tr\u00eas t\u00f3picos: jovens, f\u00e9 e discernimento vocacional complementam o que dissemos atr\u00e1s sobre a catequese como caminho discipular. A descoberta do mundo, t\u00e3o intensa na fase juvenil da vida, define-se crist\u00e3mente como voca\u00e7\u00e3o divina e resposta de cada um. Ou, como escreveu S\u00e3o Paulo: \u00abfomos feitos por Deus, criados em Cristo Jesus, para vivermos na pr\u00e1tica das boas obras que Deus de antem\u00e3o preparou para nelas caminharmos\u00bb (<em>Ef<\/em> 2, 11).<\/p>\n<p>Ser\u00e3o estes os pontos estruturais da Assembleia que iniciamos. Incidem na vida da Igreja, como inicia\u00e7\u00e3o e difus\u00e3o evang\u00e9lica, na vida dos crentes e na rela\u00e7\u00e3o com a sociedade em que se integram. Tanto nos definem a n\u00f3s como nos definem a comunica\u00e7\u00e3o.<\/p>\n<p>&nbsp;<\/p>\n<p><em>F\u00e1tima, 9 de abril de 2018<\/em><br \/>\n<em>+ Manuel Clemente<\/em><br \/>\n<em>Presidente da Confer\u00eancia Episcopal Portuguesa<\/em><\/p>\n<p><strong>[<a href=\"https:\/\/www.conferenciaepiscopal.pt\/v1\/wp-content\/uploads\/APlenariaCEP_abril2018_DiscursoAbertura.pdf\" target=\"_blank\" rel=\"noopener\">PDF<\/a>]<\/strong><\/p>\n","protected":false},"excerpt":{"rendered":"<p>\u00c0 luz da P\u00e1scoa que vivemos, realizamos a 194\u00aa Assembleia Plen\u00e1ria da Confer\u00eancia Episcopal Portuguesa. Temos presentes as mensagens e [&hellip;]<\/p>\n","protected":false},"author":1,"featured_media":5761,"comment_status":"closed","ping_status":"closed","sticky":false,"template":"","format":"standard","meta":{"site-sidebar-layout":"default","site-content-layout":"","ast-site-content-layout":"default","site-content-style":"default","site-sidebar-style":"default","ast-global-header-display":"","ast-banner-title-visibility":"","ast-main-header-display":"","ast-hfb-above-header-display":"","ast-hfb-below-header-display":"","ast-hfb-mobile-header-display":"","site-post-title":"","ast-breadcrumbs-content":"","ast-featured-img":"","footer-sml-layout":"","ast-disable-related-posts":"","theme-transparent-header-meta":"","adv-header-id-meta":"","stick-header-meta":"","header-above-stick-meta":"","header-main-stick-meta":"","header-below-stick-meta":"","astra-migrate-meta-layouts":"default","ast-page-background-enabled":"default","ast-page-background-meta":{"desktop":{"background-color":"var(--ast-global-color-4)","background-image":"","background-repeat":"repeat","background-position":"center center","background-size":"auto","background-attachment":"scroll","background-type":"","background-media":"","overlay-type":"","overlay-color":"","overlay-opacity":"","overlay-gradient":""},"tablet":{"background-color":"","background-image":"","background-repeat":"repeat","background-position":"center center","background-size":"auto","background-attachment":"scroll","background-type":"","background-media":"","overlay-type":"","overlay-color":"","overlay-opacity":"","overlay-gradient":""},"mobile":{"background-color":"","background-image":"","background-repeat":"repeat","background-position":"center center","background-size":"auto","background-attachment":"scroll","background-type":"","background-media":"","overlay-type":"","overlay-color":"","overlay-opacity":"","overlay-gradient":""}},"ast-content-background-meta":{"desktop":{"background-color":"var(--ast-global-color-5)","background-image":"","background-repeat":"repeat","background-position":"center center","background-size":"auto","background-attachment":"scroll","background-type":"","background-media":"","overlay-type":"","overlay-color":"","overlay-opacity":"","overlay-gradient":""},"tablet":{"background-color":"var(--ast-global-color-5)","background-image":"","background-repeat":"repeat","background-position":"center center","background-size":"auto","background-attachment":"scroll","background-type":"","background-media":"","overlay-type":"","overlay-color":"","overlay-opacity":"","overlay-gradient":""},"mobile":{"background-color":"var(--ast-global-color-5)","background-image":"","background-repeat":"repeat","background-position":"center center","background-size":"auto","background-attachment":"scroll","background-type":"","background-media":"","overlay-type":"","overlay-color":"","overlay-opacity":"","overlay-gradient":""}},"footnotes":""},"categories":[4],"tags":[],"class_list":["post-5757","post","type-post","status-publish","format-standard","has-post-thumbnail","hentry","category-documentos"],"yoast_head":"<!-- This site is optimized with the Yoast SEO plugin v27.5 - https:\/\/yoast.com\/product\/yoast-seo-wordpress\/ -->\n<title>Discurso de Abertura da 194\u00aa Assembleia Plen\u00e1ria da Confer\u00eancia Episcopal Portuguesa - Confer\u00eancia Episcopal Portuguesa<\/title>\n<meta name=\"robots\" content=\"index, follow, max-snippet:-1, max-image-preview:large, max-video-preview:-1\" \/>\n<link rel=\"canonical\" href=\"https:\/\/www.conferenciaepiscopal.pt\/v1\/discurso-de-abertura-da-194a-assembleia-plenaria-da-conferencia-episcopal-portuguesa\/\" \/>\n<meta property=\"og:locale\" content=\"pt_PT\" \/>\n<meta property=\"og:type\" content=\"article\" \/>\n<meta property=\"og:title\" content=\"Discurso de Abertura da 194\u00aa Assembleia Plen\u00e1ria da Confer\u00eancia Episcopal Portuguesa - Confer\u00eancia Episcopal Portuguesa\" \/>\n<meta property=\"og:description\" content=\"\u00c0 luz da P\u00e1scoa que vivemos, realizamos a 194\u00aa Assembleia Plen\u00e1ria da Confer\u00eancia Episcopal Portuguesa. Temos presentes as mensagens e [&hellip;]\" \/>\n<meta property=\"og:url\" content=\"https:\/\/www.conferenciaepiscopal.pt\/v1\/discurso-de-abertura-da-194a-assembleia-plenaria-da-conferencia-episcopal-portuguesa\/\" \/>\n<meta property=\"og:site_name\" content=\"Confer\u00eancia Episcopal Portuguesa\" \/>\n<meta property=\"article:published_time\" content=\"2018-04-09T15:15:04+00:00\" \/>\n<meta property=\"article:modified_time\" content=\"2018-04-10T07:59:21+00:00\" \/>\n<meta property=\"og:image\" content=\"https:\/\/www.conferenciaepiscopal.pt\/v1\/wp-content\/uploads\/cep7.jpg\" \/>\n\t<meta property=\"og:image:width\" content=\"1500\" \/>\n\t<meta property=\"og:image:height\" content=\"1000\" \/>\n\t<meta property=\"og:image:type\" content=\"image\/jpeg\" \/>\n<meta name=\"author\" content=\"Manuel Costa\" \/>\n<meta name=\"twitter:card\" content=\"summary_large_image\" \/>\n<meta name=\"twitter:label1\" content=\"Escrito por\" \/>\n\t<meta name=\"twitter:data1\" content=\"Manuel Costa\" \/>\n\t<meta name=\"twitter:label2\" content=\"Tempo estimado de leitura\" \/>\n\t<meta name=\"twitter:data2\" content=\"8 minutos\" \/>\n<script type=\"application\/ld+json\" class=\"yoast-schema-graph\">{\"@context\":\"https:\\\/\\\/schema.org\",\"@graph\":[{\"@type\":\"Article\",\"@id\":\"https:\\\/\\\/www.conferenciaepiscopal.pt\\\/v1\\\/discurso-de-abertura-da-194a-assembleia-plenaria-da-conferencia-episcopal-portuguesa\\\/#article\",\"isPartOf\":{\"@id\":\"https:\\\/\\\/www.conferenciaepiscopal.pt\\\/v1\\\/discurso-de-abertura-da-194a-assembleia-plenaria-da-conferencia-episcopal-portuguesa\\\/\"},\"author\":{\"name\":\"Manuel Costa\",\"@id\":\"https:\\\/\\\/www.conferenciaepiscopal.pt\\\/v1\\\/#\\\/schema\\\/person\\\/ab696457f75fe8e22b00183bfacb4cb2\"},\"headline\":\"Discurso de Abertura da 194\u00aa Assembleia Plen\u00e1ria da Confer\u00eancia Episcopal Portuguesa\",\"datePublished\":\"2018-04-09T15:15:04+00:00\",\"dateModified\":\"2018-04-10T07:59:21+00:00\",\"mainEntityOfPage\":{\"@id\":\"https:\\\/\\\/www.conferenciaepiscopal.pt\\\/v1\\\/discurso-de-abertura-da-194a-assembleia-plenaria-da-conferencia-episcopal-portuguesa\\\/\"},\"wordCount\":1590,\"publisher\":{\"@id\":\"https:\\\/\\\/www.conferenciaepiscopal.pt\\\/v1\\\/#organization\"},\"image\":{\"@id\":\"https:\\\/\\\/www.conferenciaepiscopal.pt\\\/v1\\\/discurso-de-abertura-da-194a-assembleia-plenaria-da-conferencia-episcopal-portuguesa\\\/#primaryimage\"},\"thumbnailUrl\":\"https:\\\/\\\/www.conferenciaepiscopal.pt\\\/v1\\\/wp-content\\\/uploads\\\/cep7.jpg\",\"articleSection\":[\"Documentos\"],\"inLanguage\":\"pt-PT\"},{\"@type\":\"WebPage\",\"@id\":\"https:\\\/\\\/www.conferenciaepiscopal.pt\\\/v1\\\/discurso-de-abertura-da-194a-assembleia-plenaria-da-conferencia-episcopal-portuguesa\\\/\",\"url\":\"https:\\\/\\\/www.conferenciaepiscopal.pt\\\/v1\\\/discurso-de-abertura-da-194a-assembleia-plenaria-da-conferencia-episcopal-portuguesa\\\/\",\"name\":\"Discurso de Abertura da 194\u00aa Assembleia Plen\u00e1ria da Confer\u00eancia Episcopal Portuguesa - Confer\u00eancia Episcopal Portuguesa\",\"isPartOf\":{\"@id\":\"https:\\\/\\\/www.conferenciaepiscopal.pt\\\/v1\\\/#website\"},\"primaryImageOfPage\":{\"@id\":\"https:\\\/\\\/www.conferenciaepiscopal.pt\\\/v1\\\/discurso-de-abertura-da-194a-assembleia-plenaria-da-conferencia-episcopal-portuguesa\\\/#primaryimage\"},\"image\":{\"@id\":\"https:\\\/\\\/www.conferenciaepiscopal.pt\\\/v1\\\/discurso-de-abertura-da-194a-assembleia-plenaria-da-conferencia-episcopal-portuguesa\\\/#primaryimage\"},\"thumbnailUrl\":\"https:\\\/\\\/www.conferenciaepiscopal.pt\\\/v1\\\/wp-content\\\/uploads\\\/cep7.jpg\",\"datePublished\":\"2018-04-09T15:15:04+00:00\",\"dateModified\":\"2018-04-10T07:59:21+00:00\",\"breadcrumb\":{\"@id\":\"https:\\\/\\\/www.conferenciaepiscopal.pt\\\/v1\\\/discurso-de-abertura-da-194a-assembleia-plenaria-da-conferencia-episcopal-portuguesa\\\/#breadcrumb\"},\"inLanguage\":\"pt-PT\",\"potentialAction\":[{\"@type\":\"ReadAction\",\"target\":[\"https:\\\/\\\/www.conferenciaepiscopal.pt\\\/v1\\\/discurso-de-abertura-da-194a-assembleia-plenaria-da-conferencia-episcopal-portuguesa\\\/\"]}]},{\"@type\":\"ImageObject\",\"inLanguage\":\"pt-PT\",\"@id\":\"https:\\\/\\\/www.conferenciaepiscopal.pt\\\/v1\\\/discurso-de-abertura-da-194a-assembleia-plenaria-da-conferencia-episcopal-portuguesa\\\/#primaryimage\",\"url\":\"https:\\\/\\\/www.conferenciaepiscopal.pt\\\/v1\\\/wp-content\\\/uploads\\\/cep7.jpg\",\"contentUrl\":\"https:\\\/\\\/www.conferenciaepiscopal.pt\\\/v1\\\/wp-content\\\/uploads\\\/cep7.jpg\",\"width\":1500,\"height\":1000},{\"@type\":\"BreadcrumbList\",\"@id\":\"https:\\\/\\\/www.conferenciaepiscopal.pt\\\/v1\\\/discurso-de-abertura-da-194a-assembleia-plenaria-da-conferencia-episcopal-portuguesa\\\/#breadcrumb\",\"itemListElement\":[{\"@type\":\"ListItem\",\"position\":1,\"name\":\"In\u00edcio\",\"item\":\"https:\\\/\\\/www.conferenciaepiscopal.pt\\\/v1\\\/\"},{\"@type\":\"ListItem\",\"position\":2,\"name\":\"Discurso de Abertura da 194\u00aa Assembleia Plen\u00e1ria da Confer\u00eancia Episcopal Portuguesa\"}]},{\"@type\":\"WebSite\",\"@id\":\"https:\\\/\\\/www.conferenciaepiscopal.pt\\\/v1\\\/#website\",\"url\":\"https:\\\/\\\/www.conferenciaepiscopal.pt\\\/v1\\\/\",\"name\":\"Confer\u00eancia Episcopal Portuguesa\",\"description\":\"Igreja Cat\u00f3lica em Portugal\",\"publisher\":{\"@id\":\"https:\\\/\\\/www.conferenciaepiscopal.pt\\\/v1\\\/#organization\"},\"potentialAction\":[{\"@type\":\"SearchAction\",\"target\":{\"@type\":\"EntryPoint\",\"urlTemplate\":\"https:\\\/\\\/www.conferenciaepiscopal.pt\\\/v1\\\/?s={search_term_string}\"},\"query-input\":{\"@type\":\"PropertyValueSpecification\",\"valueRequired\":true,\"valueName\":\"search_term_string\"}}],\"inLanguage\":\"pt-PT\"},{\"@type\":\"Organization\",\"@id\":\"https:\\\/\\\/www.conferenciaepiscopal.pt\\\/v1\\\/#organization\",\"name\":\"Confer\u00eancia Episcopal Portuguesa\",\"url\":\"https:\\\/\\\/www.conferenciaepiscopal.pt\\\/v1\\\/\",\"logo\":{\"@type\":\"ImageObject\",\"inLanguage\":\"pt-PT\",\"@id\":\"https:\\\/\\\/www.conferenciaepiscopal.pt\\\/v1\\\/#\\\/schema\\\/logo\\\/image\\\/\",\"url\":\"https:\\\/\\\/www.conferenciaepiscopal.pt\\\/v1\\\/wp-content\\\/uploads\\\/cropped-logoTransparente.png\",\"contentUrl\":\"https:\\\/\\\/www.conferenciaepiscopal.pt\\\/v1\\\/wp-content\\\/uploads\\\/cropped-logoTransparente.png\",\"width\":512,\"height\":512,\"caption\":\"Confer\u00eancia Episcopal Portuguesa\"},\"image\":{\"@id\":\"https:\\\/\\\/www.conferenciaepiscopal.pt\\\/v1\\\/#\\\/schema\\\/logo\\\/image\\\/\"}},{\"@type\":\"Person\",\"@id\":\"https:\\\/\\\/www.conferenciaepiscopal.pt\\\/v1\\\/#\\\/schema\\\/person\\\/ab696457f75fe8e22b00183bfacb4cb2\",\"name\":\"Manuel Costa\",\"image\":{\"@type\":\"ImageObject\",\"inLanguage\":\"pt-PT\",\"@id\":\"https:\\\/\\\/secure.gravatar.com\\\/avatar\\\/5054571ff5d2454cd50657fc4e61d0c32d7a5d0d3b36ef6c0f6e269276d13618?s=96&d=mm&r=g\",\"url\":\"https:\\\/\\\/secure.gravatar.com\\\/avatar\\\/5054571ff5d2454cd50657fc4e61d0c32d7a5d0d3b36ef6c0f6e269276d13618?s=96&d=mm&r=g\",\"contentUrl\":\"https:\\\/\\\/secure.gravatar.com\\\/avatar\\\/5054571ff5d2454cd50657fc4e61d0c32d7a5d0d3b36ef6c0f6e269276d13618?s=96&d=mm&r=g\",\"caption\":\"Manuel Costa\"}}]}<\/script>\n<!-- \/ Yoast SEO plugin. -->","yoast_head_json":{"title":"Discurso de Abertura da 194\u00aa Assembleia Plen\u00e1ria da Confer\u00eancia Episcopal Portuguesa - Confer\u00eancia Episcopal Portuguesa","robots":{"index":"index","follow":"follow","max-snippet":"max-snippet:-1","max-image-preview":"max-image-preview:large","max-video-preview":"max-video-preview:-1"},"canonical":"https:\/\/www.conferenciaepiscopal.pt\/v1\/discurso-de-abertura-da-194a-assembleia-plenaria-da-conferencia-episcopal-portuguesa\/","og_locale":"pt_PT","og_type":"article","og_title":"Discurso de Abertura da 194\u00aa Assembleia Plen\u00e1ria da Confer\u00eancia Episcopal Portuguesa - Confer\u00eancia Episcopal Portuguesa","og_description":"\u00c0 luz da P\u00e1scoa que vivemos, realizamos a 194\u00aa Assembleia Plen\u00e1ria da Confer\u00eancia Episcopal Portuguesa. Temos presentes as mensagens e [&hellip;]","og_url":"https:\/\/www.conferenciaepiscopal.pt\/v1\/discurso-de-abertura-da-194a-assembleia-plenaria-da-conferencia-episcopal-portuguesa\/","og_site_name":"Confer\u00eancia Episcopal Portuguesa","article_published_time":"2018-04-09T15:15:04+00:00","article_modified_time":"2018-04-10T07:59:21+00:00","og_image":[{"width":1500,"height":1000,"url":"https:\/\/www.conferenciaepiscopal.pt\/v1\/wp-content\/uploads\/cep7.jpg","type":"image\/jpeg"}],"author":"Manuel Costa","twitter_card":"summary_large_image","twitter_misc":{"Escrito por":"Manuel Costa","Tempo estimado de leitura":"8 minutos"},"schema":{"@context":"https:\/\/schema.org","@graph":[{"@type":"Article","@id":"https:\/\/www.conferenciaepiscopal.pt\/v1\/discurso-de-abertura-da-194a-assembleia-plenaria-da-conferencia-episcopal-portuguesa\/#article","isPartOf":{"@id":"https:\/\/www.conferenciaepiscopal.pt\/v1\/discurso-de-abertura-da-194a-assembleia-plenaria-da-conferencia-episcopal-portuguesa\/"},"author":{"name":"Manuel Costa","@id":"https:\/\/www.conferenciaepiscopal.pt\/v1\/#\/schema\/person\/ab696457f75fe8e22b00183bfacb4cb2"},"headline":"Discurso de Abertura da 194\u00aa Assembleia Plen\u00e1ria da Confer\u00eancia Episcopal Portuguesa","datePublished":"2018-04-09T15:15:04+00:00","dateModified":"2018-04-10T07:59:21+00:00","mainEntityOfPage":{"@id":"https:\/\/www.conferenciaepiscopal.pt\/v1\/discurso-de-abertura-da-194a-assembleia-plenaria-da-conferencia-episcopal-portuguesa\/"},"wordCount":1590,"publisher":{"@id":"https:\/\/www.conferenciaepiscopal.pt\/v1\/#organization"},"image":{"@id":"https:\/\/www.conferenciaepiscopal.pt\/v1\/discurso-de-abertura-da-194a-assembleia-plenaria-da-conferencia-episcopal-portuguesa\/#primaryimage"},"thumbnailUrl":"https:\/\/www.conferenciaepiscopal.pt\/v1\/wp-content\/uploads\/cep7.jpg","articleSection":["Documentos"],"inLanguage":"pt-PT"},{"@type":"WebPage","@id":"https:\/\/www.conferenciaepiscopal.pt\/v1\/discurso-de-abertura-da-194a-assembleia-plenaria-da-conferencia-episcopal-portuguesa\/","url":"https:\/\/www.conferenciaepiscopal.pt\/v1\/discurso-de-abertura-da-194a-assembleia-plenaria-da-conferencia-episcopal-portuguesa\/","name":"Discurso de Abertura da 194\u00aa Assembleia Plen\u00e1ria da Confer\u00eancia Episcopal Portuguesa - Confer\u00eancia Episcopal Portuguesa","isPartOf":{"@id":"https:\/\/www.conferenciaepiscopal.pt\/v1\/#website"},"primaryImageOfPage":{"@id":"https:\/\/www.conferenciaepiscopal.pt\/v1\/discurso-de-abertura-da-194a-assembleia-plenaria-da-conferencia-episcopal-portuguesa\/#primaryimage"},"image":{"@id":"https:\/\/www.conferenciaepiscopal.pt\/v1\/discurso-de-abertura-da-194a-assembleia-plenaria-da-conferencia-episcopal-portuguesa\/#primaryimage"},"thumbnailUrl":"https:\/\/www.conferenciaepiscopal.pt\/v1\/wp-content\/uploads\/cep7.jpg","datePublished":"2018-04-09T15:15:04+00:00","dateModified":"2018-04-10T07:59:21+00:00","breadcrumb":{"@id":"https:\/\/www.conferenciaepiscopal.pt\/v1\/discurso-de-abertura-da-194a-assembleia-plenaria-da-conferencia-episcopal-portuguesa\/#breadcrumb"},"inLanguage":"pt-PT","potentialAction":[{"@type":"ReadAction","target":["https:\/\/www.conferenciaepiscopal.pt\/v1\/discurso-de-abertura-da-194a-assembleia-plenaria-da-conferencia-episcopal-portuguesa\/"]}]},{"@type":"ImageObject","inLanguage":"pt-PT","@id":"https:\/\/www.conferenciaepiscopal.pt\/v1\/discurso-de-abertura-da-194a-assembleia-plenaria-da-conferencia-episcopal-portuguesa\/#primaryimage","url":"https:\/\/www.conferenciaepiscopal.pt\/v1\/wp-content\/uploads\/cep7.jpg","contentUrl":"https:\/\/www.conferenciaepiscopal.pt\/v1\/wp-content\/uploads\/cep7.jpg","width":1500,"height":1000},{"@type":"BreadcrumbList","@id":"https:\/\/www.conferenciaepiscopal.pt\/v1\/discurso-de-abertura-da-194a-assembleia-plenaria-da-conferencia-episcopal-portuguesa\/#breadcrumb","itemListElement":[{"@type":"ListItem","position":1,"name":"In\u00edcio","item":"https:\/\/www.conferenciaepiscopal.pt\/v1\/"},{"@type":"ListItem","position":2,"name":"Discurso de Abertura da 194\u00aa Assembleia Plen\u00e1ria da Confer\u00eancia Episcopal Portuguesa"}]},{"@type":"WebSite","@id":"https:\/\/www.conferenciaepiscopal.pt\/v1\/#website","url":"https:\/\/www.conferenciaepiscopal.pt\/v1\/","name":"Confer\u00eancia Episcopal Portuguesa","description":"Igreja Cat\u00f3lica em Portugal","publisher":{"@id":"https:\/\/www.conferenciaepiscopal.pt\/v1\/#organization"},"potentialAction":[{"@type":"SearchAction","target":{"@type":"EntryPoint","urlTemplate":"https:\/\/www.conferenciaepiscopal.pt\/v1\/?s={search_term_string}"},"query-input":{"@type":"PropertyValueSpecification","valueRequired":true,"valueName":"search_term_string"}}],"inLanguage":"pt-PT"},{"@type":"Organization","@id":"https:\/\/www.conferenciaepiscopal.pt\/v1\/#organization","name":"Confer\u00eancia Episcopal Portuguesa","url":"https:\/\/www.conferenciaepiscopal.pt\/v1\/","logo":{"@type":"ImageObject","inLanguage":"pt-PT","@id":"https:\/\/www.conferenciaepiscopal.pt\/v1\/#\/schema\/logo\/image\/","url":"https:\/\/www.conferenciaepiscopal.pt\/v1\/wp-content\/uploads\/cropped-logoTransparente.png","contentUrl":"https:\/\/www.conferenciaepiscopal.pt\/v1\/wp-content\/uploads\/cropped-logoTransparente.png","width":512,"height":512,"caption":"Confer\u00eancia Episcopal Portuguesa"},"image":{"@id":"https:\/\/www.conferenciaepiscopal.pt\/v1\/#\/schema\/logo\/image\/"}},{"@type":"Person","@id":"https:\/\/www.conferenciaepiscopal.pt\/v1\/#\/schema\/person\/ab696457f75fe8e22b00183bfacb4cb2","name":"Manuel Costa","image":{"@type":"ImageObject","inLanguage":"pt-PT","@id":"https:\/\/secure.gravatar.com\/avatar\/5054571ff5d2454cd50657fc4e61d0c32d7a5d0d3b36ef6c0f6e269276d13618?s=96&d=mm&r=g","url":"https:\/\/secure.gravatar.com\/avatar\/5054571ff5d2454cd50657fc4e61d0c32d7a5d0d3b36ef6c0f6e269276d13618?s=96&d=mm&r=g","contentUrl":"https:\/\/secure.gravatar.com\/avatar\/5054571ff5d2454cd50657fc4e61d0c32d7a5d0d3b36ef6c0f6e269276d13618?s=96&d=mm&r=g","caption":"Manuel Costa"}}]}},"_links":{"self":[{"href":"https:\/\/www.conferenciaepiscopal.pt\/v1\/wp-json\/wp\/v2\/posts\/5757","targetHints":{"allow":["GET"]}}],"collection":[{"href":"https:\/\/www.conferenciaepiscopal.pt\/v1\/wp-json\/wp\/v2\/posts"}],"about":[{"href":"https:\/\/www.conferenciaepiscopal.pt\/v1\/wp-json\/wp\/v2\/types\/post"}],"author":[{"embeddable":true,"href":"https:\/\/www.conferenciaepiscopal.pt\/v1\/wp-json\/wp\/v2\/users\/1"}],"replies":[{"embeddable":true,"href":"https:\/\/www.conferenciaepiscopal.pt\/v1\/wp-json\/wp\/v2\/comments?post=5757"}],"version-history":[{"count":0,"href":"https:\/\/www.conferenciaepiscopal.pt\/v1\/wp-json\/wp\/v2\/posts\/5757\/revisions"}],"wp:featuredmedia":[{"embeddable":true,"href":"https:\/\/www.conferenciaepiscopal.pt\/v1\/wp-json\/wp\/v2\/media\/5761"}],"wp:attachment":[{"href":"https:\/\/www.conferenciaepiscopal.pt\/v1\/wp-json\/wp\/v2\/media?parent=5757"}],"wp:term":[{"taxonomy":"category","embeddable":true,"href":"https:\/\/www.conferenciaepiscopal.pt\/v1\/wp-json\/wp\/v2\/categories?post=5757"},{"taxonomy":"post_tag","embeddable":true,"href":"https:\/\/www.conferenciaepiscopal.pt\/v1\/wp-json\/wp\/v2\/tags?post=5757"}],"curies":[{"name":"wp","href":"https:\/\/api.w.org\/{rel}","templated":true}]}}