{"id":5402,"date":"2017-04-27T15:17:08","date_gmt":"2017-04-27T14:17:08","guid":{"rendered":"http:\/\/www.conferenciaepiscopal.pt\/v1\/?p=5402"},"modified":"2017-04-27T17:26:59","modified_gmt":"2017-04-27T16:26:59","slug":"cuidar-da-casa-comum-prevenir-e-evitar-os-incendios","status":"publish","type":"post","link":"https:\/\/www.conferenciaepiscopal.pt\/v1\/cuidar-da-casa-comum-prevenir-e-evitar-os-incendios\/","title":{"rendered":"\u00abCuidar da casa comum \u2013 prevenir e evitar os inc\u00eandios\u00bb"},"content":{"rendered":"<p>Nota Pastoral da Confer\u00eancia Episcopal Portuguesa<strong>\u00a0<\/strong><!--more--><\/p>\n<ol>\n<li>O nosso pa\u00eds, de ano para ano, tem sido de tal modo assolado por inc\u00eandios que estes se tornaram um aut\u00eantico flagelo com propor\u00e7\u00f5es quase incontrol\u00e1veis. \u00c9 a \u00e1rea anualmente ardida que j\u00e1 supera a de qualquer outro pa\u00eds europeu, mesmo aqueles que t\u00eam condi\u00e7\u00f5es climat\u00e9ricas semelhantes \u00e0 nossa. \u00c9 o patrim\u00f3nio florestal que se vai perdendo de uma forma igualmente sem paralelo. S\u00e3o os not\u00f3rios custos humanos, sociais, econ\u00f3micos e ecol\u00f3gicos decorrentes desta situa\u00e7\u00e3o.<\/li>\n<\/ol>\n<p>Que fazer? Vamos resignar-nos a uma chaga com tais dimens\u00f5es, como se de uma fatalidade imposs\u00edvel de contrariar se tratasse? De modo algum. Estamos convencidos de que as causas do flagelo dependem direta ou indiretamente da vontade humana. E, como tal, s\u00f3 pode prevenir-se ou combater-se com efic\u00e1cia, se todos n\u00f3s, desde o cidad\u00e3o mais simples ao mais respons\u00e1vel, em vez de v\u00e3s lamenta\u00e7\u00f5es, mudarmos realmente de mentalidade e de h\u00e1bitos sociais. Quais?<\/p>\n<p>&nbsp;<\/p>\n<ol start=\"2\">\n<li>Sabemos que, na origem de muitos inc\u00eandios, talvez da maioria, est\u00e3o comportamentos criminosos, uns intencionais, outros pelo menos negligentes. H\u00e1 que apurar n\u00e3o apenas as causas da dimens\u00e3o desta pr\u00e1tica \u2013 o que verdadeiramente ainda se n\u00e3o conseguiu at\u00e9 hoje \u2013 como h\u00e1 sobretudo que detetar e combater interesses que dela possam beneficiar.<\/li>\n<\/ol>\n<p>A puni\u00e7\u00e3o dos respons\u00e1veis, diretos ou indiretos, por tais crimes \u00e9 n\u00e3o s\u00f3 uma exig\u00eancia de justi\u00e7a, mas deve servir tamb\u00e9m de mensagem dissuasora contra tais condutas. N\u00e3o se esque\u00e7a por\u00e9m que a a\u00e7\u00e3o das entidades pol\u00edticas e judici\u00e1rias depende em muito da colabora\u00e7\u00e3o dos cidad\u00e3os com informa\u00e7\u00f5es relevantes para provar esses factos. Haja a coragem de as prestar.<\/p>\n<p>&nbsp;<\/p>\n<ol start=\"3\">\n<li>Sabemos que os inc\u00eandios dependem tamb\u00e9m do estado de conserva\u00e7\u00e3o em que se encontram os terrenos e as florestas. Da\u00ed as medidas de preven\u00e7\u00e3o, nomeadamente de limpeza das matas e de ordenamento territorial, que, neste ponto, t\u00eam sido promulgadas pelos respons\u00e1veis estatais. H\u00e1 que respeit\u00e1-las, apoi\u00e1-las e segui-las.<\/li>\n<\/ol>\n<p>Existem por\u00e9m casos em que tais exig\u00eancias podem ultrapassar as capacidades dos propriet\u00e1rios, quando os terrenos lhes proporcionam rendimentos escassos. Sendo, mais do que bens individuais, o bem comum que est\u00e1 em causa, h\u00e1 tamb\u00e9m que apoiar os propriet\u00e1rios com outros incentivos. E tratando-se de propriedades do Estado, seja este o primeiro a dar o exemplo no cumprimento das exig\u00eancias que imp\u00f5e.<\/p>\n<p>&nbsp;<\/p>\n<ol start=\"4\">\n<li>Felizmente s\u00e3o cada vez mais os cidad\u00e3os que, entre n\u00f3s, se empenham ativamente quer na preven\u00e7\u00e3o quer no combate aos inc\u00eandios. H\u00e1 quem se dedique, designadamente no ver\u00e3o, a servi\u00e7os de atenta vigil\u00e2ncia. Nisso e sobretudo no combate destacam-se os bombeiros pelo profissionalismo e o modo abnegado e desinteressado com que o fazem, arriscando a pr\u00f3pria vida e, por vezes, perdendo-a mesmo. Honra lhes seja feita pelo servi\u00e7o que prestam. Como s\u00e3o de louvar ainda as inumer\u00e1veis iniciativas e manifesta\u00e7\u00f5es de humanismo e solidariedade que, mormente em casos de perda de habita\u00e7\u00f5es e outros bens, t\u00eam surgido entre n\u00f3s.<\/li>\n<\/ol>\n<p>Quer isto dizer que ainda existe, como de resto sempre existiu, o sentido do bem comum, absolutamente necess\u00e1rio para a preven\u00e7\u00e3o e o combate aos inc\u00eandios. H\u00e1 que promov\u00ea-lo e alarg\u00e1-lo de tal modo que se torne dominante em toda a sociedade.<\/p>\n<p>&nbsp;<\/p>\n<ol start=\"5\">\n<li>Para isso \u00e9 fundamental que todos olhemos a natureza n\u00e3o como uma simples fonte de utilidade e rendimento econ\u00f3mico e por isso facilmente sujeita a explora\u00e7\u00f5es de tal modo desordenadas que a destroem totalmente. At\u00e9 mesmo por n\u00e3o nos ser poss\u00edvel viver sem ela, h\u00e1 que respeit\u00e1-la e valoriz\u00e1-la, na sua bondade, harmonia e equil\u00edbrio, como um dom que recebemos e um legado que devemos esfor\u00e7ar-nos por transmitir \u00e0s gera\u00e7\u00f5es futuras.<\/li>\n<\/ol>\n<p>Veja-se como o Papa Francisco refor\u00e7a o mesmo, numa perspetiva crente: \u00abA natureza entende-se habitualmente como um sistema que se analisa, compreende e gere, mas a cria\u00e7\u00e3o s\u00f3 se pode conceber como um dom que vem das m\u00e3os abertas do Pai de todos, como uma realidade iluminada pelo amor que nos chama a uma comunh\u00e3o universal\u00bb (<em>Laudato si&#8217;<\/em>, 76).<\/p>\n<p>&nbsp;<\/p>\n<ol start=\"6\">\n<li>Finalmente, para a mudan\u00e7a de mentalidade e h\u00e1bitos sociais, t\u00e3o necess\u00e1ria para a preven\u00e7\u00e3o e o combate aos inc\u00eandios, h\u00e1 que mobilizar toda a sociedade, nas suas diversas inst\u00e2ncias: o Estado com os seus respons\u00e1veis mais diretos; a Igreja e todas as outras confiss\u00f5es religiosas; as autarquias locais de maior e menor amplitude; as escolas nos seus sucessivos graus de ensino; a comunica\u00e7\u00e3o social nas suas diversas express\u00f5es; as mais variadas associa\u00e7\u00f5es e muitas outras institui\u00e7\u00f5es, seja qual for a sua dimens\u00e3o. Mas todos de forma concertada.<\/li>\n<\/ol>\n<p>Da nossa parte, apelamos \u00e0s comunidades crist\u00e3s a que tudo fa\u00e7am para comprometer os seus membros nesta causa que \u00e9 t\u00e3o crist\u00e3 quanto humana.<\/p>\n<p>&nbsp;<\/p>\n<p><em>F\u00e1tima, 27 de abril de 2017<\/em><\/p>\n<p><strong>(<a href=\"https:\/\/www.conferenciaepiscopal.pt\/v1\/wp-content\/uploads\/APlenariaCEP_abril2017_NotaPastoral_Incendios.docx\" target=\"_blank\" rel=\"noopener noreferrer\">PDF<\/a>)<\/strong><\/p>\n","protected":false},"excerpt":{"rendered":"<p>Nota Pastoral da Confer\u00eancia Episcopal Portuguesa\u00a0<\/p>\n","protected":false},"author":1,"featured_media":0,"comment_status":"closed","ping_status":"closed","sticky":false,"template":"","format":"standard","meta":{"site-sidebar-layout":"default","site-content-layout":"","ast-site-content-layout":"default","site-content-style":"default","site-sidebar-style":"default","ast-global-header-display":"","ast-banner-title-visibility":"","ast-main-header-display":"","ast-hfb-above-header-display":"","ast-hfb-below-header-display":"","ast-hfb-mobile-header-display":"","site-post-title":"","ast-breadcrumbs-content":"","ast-featured-img":"","footer-sml-layout":"","ast-disable-related-posts":"","theme-transparent-header-meta":"","adv-header-id-meta":"","stick-header-meta":"","header-above-stick-meta":"","header-main-stick-meta":"","header-below-stick-meta":"","astra-migrate-meta-layouts":"default","ast-page-background-enabled":"default","ast-page-background-meta":{"desktop":{"background-color":"var(--ast-global-color-4)","background-image":"","background-repeat":"repeat","background-position":"center center","background-size":"auto","background-attachment":"scroll","background-type":"","background-media":"","overlay-type":"","overlay-color":"","overlay-opacity":"","overlay-gradient":""},"tablet":{"background-color":"","background-image":"","background-repeat":"repeat","background-position":"center center","background-size":"auto","background-attachment":"scroll","background-type":"","background-media":"","overlay-type":"","overlay-color":"","overlay-opacity":"","overlay-gradient":""},"mobile":{"background-color":"","background-image":"","background-repeat":"repeat","background-position":"center center","background-size":"auto","background-attachment":"scroll","background-type":"","background-media":"","overlay-type":"","overlay-color":"","overlay-opacity":"","overlay-gradient":""}},"ast-content-background-meta":{"desktop":{"background-color":"var(--ast-global-color-5)","background-image":"","background-repeat":"repeat","background-position":"center center","background-size":"auto","background-attachment":"scroll","background-type":"","background-media":"","overlay-type":"","overlay-color":"","overlay-opacity":"","overlay-gradient":""},"tablet":{"background-color":"var(--ast-global-color-5)","background-image":"","background-repeat":"repeat","background-position":"center center","background-size":"auto","background-attachment":"scroll","background-type":"","background-media":"","overlay-type":"","overlay-color":"","overlay-opacity":"","overlay-gradient":""},"mobile":{"background-color":"var(--ast-global-color-5)","background-image":"","background-repeat":"repeat","background-position":"center center","background-size":"auto","background-attachment":"scroll","background-type":"","background-media":"","overlay-type":"","overlay-color":"","overlay-opacity":"","overlay-gradient":""}},"footnotes":""},"categories":[4],"tags":[],"class_list":["post-5402","post","type-post","status-publish","format-standard","hentry","category-documentos"],"yoast_head":"<!-- This site is optimized with the Yoast SEO plugin v27.5 - https:\/\/yoast.com\/product\/yoast-seo-wordpress\/ -->\n<title>\u00abCuidar da casa comum \u2013 prevenir e evitar os inc\u00eandios\u00bb - Confer\u00eancia Episcopal Portuguesa<\/title>\n<meta name=\"robots\" content=\"index, follow, max-snippet:-1, max-image-preview:large, max-video-preview:-1\" \/>\n<link rel=\"canonical\" href=\"https:\/\/www.conferenciaepiscopal.pt\/v1\/cuidar-da-casa-comum-prevenir-e-evitar-os-incendios\/\" \/>\n<meta property=\"og:locale\" content=\"pt_PT\" \/>\n<meta property=\"og:type\" content=\"article\" \/>\n<meta property=\"og:title\" content=\"\u00abCuidar da casa comum \u2013 prevenir e evitar os inc\u00eandios\u00bb - Confer\u00eancia Episcopal Portuguesa\" \/>\n<meta property=\"og:description\" content=\"Nota Pastoral da Confer\u00eancia Episcopal Portuguesa\u00a0\" \/>\n<meta property=\"og:url\" content=\"https:\/\/www.conferenciaepiscopal.pt\/v1\/cuidar-da-casa-comum-prevenir-e-evitar-os-incendios\/\" \/>\n<meta property=\"og:site_name\" content=\"Confer\u00eancia Episcopal Portuguesa\" \/>\n<meta property=\"article:published_time\" content=\"2017-04-27T14:17:08+00:00\" \/>\n<meta property=\"article:modified_time\" content=\"2017-04-27T16:26:59+00:00\" \/>\n<meta name=\"author\" content=\"Manuel Costa\" \/>\n<meta name=\"twitter:card\" content=\"summary_large_image\" \/>\n<meta name=\"twitter:label1\" content=\"Escrito por\" \/>\n\t<meta name=\"twitter:data1\" content=\"Manuel Costa\" \/>\n\t<meta name=\"twitter:label2\" content=\"Tempo estimado de leitura\" \/>\n\t<meta name=\"twitter:data2\" content=\"4 minutos\" \/>\n<script type=\"application\/ld+json\" class=\"yoast-schema-graph\">{\"@context\":\"https:\\\/\\\/schema.org\",\"@graph\":[{\"@type\":\"Article\",\"@id\":\"https:\\\/\\\/www.conferenciaepiscopal.pt\\\/v1\\\/cuidar-da-casa-comum-prevenir-e-evitar-os-incendios\\\/#article\",\"isPartOf\":{\"@id\":\"https:\\\/\\\/www.conferenciaepiscopal.pt\\\/v1\\\/cuidar-da-casa-comum-prevenir-e-evitar-os-incendios\\\/\"},\"author\":{\"name\":\"Manuel Costa\",\"@id\":\"https:\\\/\\\/www.conferenciaepiscopal.pt\\\/v1\\\/#\\\/schema\\\/person\\\/ab696457f75fe8e22b00183bfacb4cb2\"},\"headline\":\"\u00abCuidar da casa comum \u2013 prevenir e evitar os inc\u00eandios\u00bb\",\"datePublished\":\"2017-04-27T14:17:08+00:00\",\"dateModified\":\"2017-04-27T16:26:59+00:00\",\"mainEntityOfPage\":{\"@id\":\"https:\\\/\\\/www.conferenciaepiscopal.pt\\\/v1\\\/cuidar-da-casa-comum-prevenir-e-evitar-os-incendios\\\/\"},\"wordCount\":884,\"publisher\":{\"@id\":\"https:\\\/\\\/www.conferenciaepiscopal.pt\\\/v1\\\/#organization\"},\"articleSection\":[\"Documentos\"],\"inLanguage\":\"pt-PT\"},{\"@type\":\"WebPage\",\"@id\":\"https:\\\/\\\/www.conferenciaepiscopal.pt\\\/v1\\\/cuidar-da-casa-comum-prevenir-e-evitar-os-incendios\\\/\",\"url\":\"https:\\\/\\\/www.conferenciaepiscopal.pt\\\/v1\\\/cuidar-da-casa-comum-prevenir-e-evitar-os-incendios\\\/\",\"name\":\"\u00abCuidar da casa comum \u2013 prevenir e evitar os inc\u00eandios\u00bb - Confer\u00eancia Episcopal Portuguesa\",\"isPartOf\":{\"@id\":\"https:\\\/\\\/www.conferenciaepiscopal.pt\\\/v1\\\/#website\"},\"datePublished\":\"2017-04-27T14:17:08+00:00\",\"dateModified\":\"2017-04-27T16:26:59+00:00\",\"breadcrumb\":{\"@id\":\"https:\\\/\\\/www.conferenciaepiscopal.pt\\\/v1\\\/cuidar-da-casa-comum-prevenir-e-evitar-os-incendios\\\/#breadcrumb\"},\"inLanguage\":\"pt-PT\",\"potentialAction\":[{\"@type\":\"ReadAction\",\"target\":[\"https:\\\/\\\/www.conferenciaepiscopal.pt\\\/v1\\\/cuidar-da-casa-comum-prevenir-e-evitar-os-incendios\\\/\"]}]},{\"@type\":\"BreadcrumbList\",\"@id\":\"https:\\\/\\\/www.conferenciaepiscopal.pt\\\/v1\\\/cuidar-da-casa-comum-prevenir-e-evitar-os-incendios\\\/#breadcrumb\",\"itemListElement\":[{\"@type\":\"ListItem\",\"position\":1,\"name\":\"In\u00edcio\",\"item\":\"https:\\\/\\\/www.conferenciaepiscopal.pt\\\/v1\\\/\"},{\"@type\":\"ListItem\",\"position\":2,\"name\":\"\u00abCuidar da casa comum \u2013 prevenir e evitar os inc\u00eandios\u00bb\"}]},{\"@type\":\"WebSite\",\"@id\":\"https:\\\/\\\/www.conferenciaepiscopal.pt\\\/v1\\\/#website\",\"url\":\"https:\\\/\\\/www.conferenciaepiscopal.pt\\\/v1\\\/\",\"name\":\"Confer\u00eancia Episcopal Portuguesa\",\"description\":\"Igreja Cat\u00f3lica em Portugal\",\"publisher\":{\"@id\":\"https:\\\/\\\/www.conferenciaepiscopal.pt\\\/v1\\\/#organization\"},\"potentialAction\":[{\"@type\":\"SearchAction\",\"target\":{\"@type\":\"EntryPoint\",\"urlTemplate\":\"https:\\\/\\\/www.conferenciaepiscopal.pt\\\/v1\\\/?s={search_term_string}\"},\"query-input\":{\"@type\":\"PropertyValueSpecification\",\"valueRequired\":true,\"valueName\":\"search_term_string\"}}],\"inLanguage\":\"pt-PT\"},{\"@type\":\"Organization\",\"@id\":\"https:\\\/\\\/www.conferenciaepiscopal.pt\\\/v1\\\/#organization\",\"name\":\"Confer\u00eancia Episcopal Portuguesa\",\"url\":\"https:\\\/\\\/www.conferenciaepiscopal.pt\\\/v1\\\/\",\"logo\":{\"@type\":\"ImageObject\",\"inLanguage\":\"pt-PT\",\"@id\":\"https:\\\/\\\/www.conferenciaepiscopal.pt\\\/v1\\\/#\\\/schema\\\/logo\\\/image\\\/\",\"url\":\"https:\\\/\\\/www.conferenciaepiscopal.pt\\\/v1\\\/wp-content\\\/uploads\\\/cropped-logoTransparente.png\",\"contentUrl\":\"https:\\\/\\\/www.conferenciaepiscopal.pt\\\/v1\\\/wp-content\\\/uploads\\\/cropped-logoTransparente.png\",\"width\":512,\"height\":512,\"caption\":\"Confer\u00eancia Episcopal Portuguesa\"},\"image\":{\"@id\":\"https:\\\/\\\/www.conferenciaepiscopal.pt\\\/v1\\\/#\\\/schema\\\/logo\\\/image\\\/\"}},{\"@type\":\"Person\",\"@id\":\"https:\\\/\\\/www.conferenciaepiscopal.pt\\\/v1\\\/#\\\/schema\\\/person\\\/ab696457f75fe8e22b00183bfacb4cb2\",\"name\":\"Manuel Costa\",\"image\":{\"@type\":\"ImageObject\",\"inLanguage\":\"pt-PT\",\"@id\":\"https:\\\/\\\/secure.gravatar.com\\\/avatar\\\/5054571ff5d2454cd50657fc4e61d0c32d7a5d0d3b36ef6c0f6e269276d13618?s=96&d=mm&r=g\",\"url\":\"https:\\\/\\\/secure.gravatar.com\\\/avatar\\\/5054571ff5d2454cd50657fc4e61d0c32d7a5d0d3b36ef6c0f6e269276d13618?s=96&d=mm&r=g\",\"contentUrl\":\"https:\\\/\\\/secure.gravatar.com\\\/avatar\\\/5054571ff5d2454cd50657fc4e61d0c32d7a5d0d3b36ef6c0f6e269276d13618?s=96&d=mm&r=g\",\"caption\":\"Manuel Costa\"}}]}<\/script>\n<!-- \/ Yoast SEO plugin. -->","yoast_head_json":{"title":"\u00abCuidar da casa comum \u2013 prevenir e evitar os inc\u00eandios\u00bb - Confer\u00eancia Episcopal Portuguesa","robots":{"index":"index","follow":"follow","max-snippet":"max-snippet:-1","max-image-preview":"max-image-preview:large","max-video-preview":"max-video-preview:-1"},"canonical":"https:\/\/www.conferenciaepiscopal.pt\/v1\/cuidar-da-casa-comum-prevenir-e-evitar-os-incendios\/","og_locale":"pt_PT","og_type":"article","og_title":"\u00abCuidar da casa comum \u2013 prevenir e evitar os inc\u00eandios\u00bb - Confer\u00eancia Episcopal Portuguesa","og_description":"Nota Pastoral da Confer\u00eancia Episcopal Portuguesa\u00a0","og_url":"https:\/\/www.conferenciaepiscopal.pt\/v1\/cuidar-da-casa-comum-prevenir-e-evitar-os-incendios\/","og_site_name":"Confer\u00eancia Episcopal Portuguesa","article_published_time":"2017-04-27T14:17:08+00:00","article_modified_time":"2017-04-27T16:26:59+00:00","author":"Manuel Costa","twitter_card":"summary_large_image","twitter_misc":{"Escrito por":"Manuel Costa","Tempo estimado de leitura":"4 minutos"},"schema":{"@context":"https:\/\/schema.org","@graph":[{"@type":"Article","@id":"https:\/\/www.conferenciaepiscopal.pt\/v1\/cuidar-da-casa-comum-prevenir-e-evitar-os-incendios\/#article","isPartOf":{"@id":"https:\/\/www.conferenciaepiscopal.pt\/v1\/cuidar-da-casa-comum-prevenir-e-evitar-os-incendios\/"},"author":{"name":"Manuel Costa","@id":"https:\/\/www.conferenciaepiscopal.pt\/v1\/#\/schema\/person\/ab696457f75fe8e22b00183bfacb4cb2"},"headline":"\u00abCuidar da casa comum \u2013 prevenir e evitar os inc\u00eandios\u00bb","datePublished":"2017-04-27T14:17:08+00:00","dateModified":"2017-04-27T16:26:59+00:00","mainEntityOfPage":{"@id":"https:\/\/www.conferenciaepiscopal.pt\/v1\/cuidar-da-casa-comum-prevenir-e-evitar-os-incendios\/"},"wordCount":884,"publisher":{"@id":"https:\/\/www.conferenciaepiscopal.pt\/v1\/#organization"},"articleSection":["Documentos"],"inLanguage":"pt-PT"},{"@type":"WebPage","@id":"https:\/\/www.conferenciaepiscopal.pt\/v1\/cuidar-da-casa-comum-prevenir-e-evitar-os-incendios\/","url":"https:\/\/www.conferenciaepiscopal.pt\/v1\/cuidar-da-casa-comum-prevenir-e-evitar-os-incendios\/","name":"\u00abCuidar da casa comum \u2013 prevenir e evitar os inc\u00eandios\u00bb - Confer\u00eancia Episcopal Portuguesa","isPartOf":{"@id":"https:\/\/www.conferenciaepiscopal.pt\/v1\/#website"},"datePublished":"2017-04-27T14:17:08+00:00","dateModified":"2017-04-27T16:26:59+00:00","breadcrumb":{"@id":"https:\/\/www.conferenciaepiscopal.pt\/v1\/cuidar-da-casa-comum-prevenir-e-evitar-os-incendios\/#breadcrumb"},"inLanguage":"pt-PT","potentialAction":[{"@type":"ReadAction","target":["https:\/\/www.conferenciaepiscopal.pt\/v1\/cuidar-da-casa-comum-prevenir-e-evitar-os-incendios\/"]}]},{"@type":"BreadcrumbList","@id":"https:\/\/www.conferenciaepiscopal.pt\/v1\/cuidar-da-casa-comum-prevenir-e-evitar-os-incendios\/#breadcrumb","itemListElement":[{"@type":"ListItem","position":1,"name":"In\u00edcio","item":"https:\/\/www.conferenciaepiscopal.pt\/v1\/"},{"@type":"ListItem","position":2,"name":"\u00abCuidar da casa comum \u2013 prevenir e evitar os inc\u00eandios\u00bb"}]},{"@type":"WebSite","@id":"https:\/\/www.conferenciaepiscopal.pt\/v1\/#website","url":"https:\/\/www.conferenciaepiscopal.pt\/v1\/","name":"Confer\u00eancia Episcopal Portuguesa","description":"Igreja Cat\u00f3lica em Portugal","publisher":{"@id":"https:\/\/www.conferenciaepiscopal.pt\/v1\/#organization"},"potentialAction":[{"@type":"SearchAction","target":{"@type":"EntryPoint","urlTemplate":"https:\/\/www.conferenciaepiscopal.pt\/v1\/?s={search_term_string}"},"query-input":{"@type":"PropertyValueSpecification","valueRequired":true,"valueName":"search_term_string"}}],"inLanguage":"pt-PT"},{"@type":"Organization","@id":"https:\/\/www.conferenciaepiscopal.pt\/v1\/#organization","name":"Confer\u00eancia Episcopal Portuguesa","url":"https:\/\/www.conferenciaepiscopal.pt\/v1\/","logo":{"@type":"ImageObject","inLanguage":"pt-PT","@id":"https:\/\/www.conferenciaepiscopal.pt\/v1\/#\/schema\/logo\/image\/","url":"https:\/\/www.conferenciaepiscopal.pt\/v1\/wp-content\/uploads\/cropped-logoTransparente.png","contentUrl":"https:\/\/www.conferenciaepiscopal.pt\/v1\/wp-content\/uploads\/cropped-logoTransparente.png","width":512,"height":512,"caption":"Confer\u00eancia Episcopal Portuguesa"},"image":{"@id":"https:\/\/www.conferenciaepiscopal.pt\/v1\/#\/schema\/logo\/image\/"}},{"@type":"Person","@id":"https:\/\/www.conferenciaepiscopal.pt\/v1\/#\/schema\/person\/ab696457f75fe8e22b00183bfacb4cb2","name":"Manuel Costa","image":{"@type":"ImageObject","inLanguage":"pt-PT","@id":"https:\/\/secure.gravatar.com\/avatar\/5054571ff5d2454cd50657fc4e61d0c32d7a5d0d3b36ef6c0f6e269276d13618?s=96&d=mm&r=g","url":"https:\/\/secure.gravatar.com\/avatar\/5054571ff5d2454cd50657fc4e61d0c32d7a5d0d3b36ef6c0f6e269276d13618?s=96&d=mm&r=g","contentUrl":"https:\/\/secure.gravatar.com\/avatar\/5054571ff5d2454cd50657fc4e61d0c32d7a5d0d3b36ef6c0f6e269276d13618?s=96&d=mm&r=g","caption":"Manuel Costa"}}]}},"_links":{"self":[{"href":"https:\/\/www.conferenciaepiscopal.pt\/v1\/wp-json\/wp\/v2\/posts\/5402","targetHints":{"allow":["GET"]}}],"collection":[{"href":"https:\/\/www.conferenciaepiscopal.pt\/v1\/wp-json\/wp\/v2\/posts"}],"about":[{"href":"https:\/\/www.conferenciaepiscopal.pt\/v1\/wp-json\/wp\/v2\/types\/post"}],"author":[{"embeddable":true,"href":"https:\/\/www.conferenciaepiscopal.pt\/v1\/wp-json\/wp\/v2\/users\/1"}],"replies":[{"embeddable":true,"href":"https:\/\/www.conferenciaepiscopal.pt\/v1\/wp-json\/wp\/v2\/comments?post=5402"}],"version-history":[{"count":0,"href":"https:\/\/www.conferenciaepiscopal.pt\/v1\/wp-json\/wp\/v2\/posts\/5402\/revisions"}],"wp:attachment":[{"href":"https:\/\/www.conferenciaepiscopal.pt\/v1\/wp-json\/wp\/v2\/media?parent=5402"}],"wp:term":[{"taxonomy":"category","embeddable":true,"href":"https:\/\/www.conferenciaepiscopal.pt\/v1\/wp-json\/wp\/v2\/categories?post=5402"},{"taxonomy":"post_tag","embeddable":true,"href":"https:\/\/www.conferenciaepiscopal.pt\/v1\/wp-json\/wp\/v2\/tags?post=5402"}],"curies":[{"name":"wp","href":"https:\/\/api.w.org\/{rel}","templated":true}]}}