{"id":5398,"date":"2017-04-27T15:14:17","date_gmt":"2017-04-27T14:14:17","guid":{"rendered":"http:\/\/www.conferenciaepiscopal.pt\/v1\/?p=5398"},"modified":"2017-04-27T17:15:28","modified_gmt":"2017-04-27T16:15:28","slug":"comunicado-final-da-191-a-assembleia-plenaria-da-conferencia-episcopal-portuguesa","status":"publish","type":"post","link":"https:\/\/www.conferenciaepiscopal.pt\/v1\/comunicado-final-da-191-a-assembleia-plenaria-da-conferencia-episcopal-portuguesa\/","title":{"rendered":"Comunicado final da 191.\u00aa Assembleia Plen\u00e1ria da Confer\u00eancia Episcopal Portuguesa"},"content":{"rendered":"<p>F\u00e1tima, 24-27 de abril de 2017<!--more--><\/p>\n<ol>\n<li>A 191.\u00aa Assembleia Plen\u00e1ria da Confer\u00eancia Episcopal Portuguesa decorreu em F\u00e1tima, de 24 a 27 de abril de 2017, com a presen\u00e7a do N\u00fancio Apost\u00f3lico e do Presidente da Confer\u00eancia dos Institutos Religiosos de Portugal (CIRP).<\/li>\n<\/ol>\n<p>&nbsp;<\/p>\n<ol start=\"2\">\n<li>Nas palavras de <strong>abertura da Assembleia<\/strong>, o Presidente da CEP situou os trabalhos \u00e0 luz do Centen\u00e1rio de F\u00e1tima e da pr\u00f3xima visita do Papa, e apontou as grandes linhas da mensagem de F\u00e1tima no seu contexto hist\u00f3rico e como sinal de esperan\u00e7a para o nosso tempo.<\/li>\n<\/ol>\n<p>&nbsp;<\/p>\n<ol start=\"3\">\n<li>A Assembleia manifestou alegria e gratid\u00e3o pela <strong>canoniza\u00e7\u00e3o dos beatos Francisco e Jacinta Marto<\/strong> a 13 de maio em F\u00e1tima durante a peregrina\u00e7\u00e3o presidida pelo Santo Padre e aprovou a <strong>Nota Pastoral <\/strong>\u00abCom Francisco e Jacinta Marto, chamados a sermos santos na caridade\u00bb.<\/li>\n<\/ol>\n<p>&nbsp;<\/p>\n<ol start=\"4\">\n<li>A <strong>elei\u00e7\u00e3o para os \u00f3rg\u00e3os da Confer\u00eancia Episcopal Portuguesa<\/strong> deu os seguintes resultados para o tri\u00e9nio 2017-2020:<\/li>\n<\/ol>\n<ul>\n<li>Conselho Permanente: <strong> Manuel Jos\u00e9 Mac\u00e1rio do Nascimento Clemente<\/strong>, Cardeal Patriarca de Lisboa, Presidente da CEP; <strong>D. Ant\u00f3nio Augusto dos Santos Marto<\/strong>, Bispo de Leiria\u2011F\u00e1tima, Vice\u2011Presidente; <strong>P. Manuel Joaquim Gomes Barbosa<\/strong>, dehoniano, Secret\u00e1rio Geral; <strong>D. Anacleto Cordeiro Gon\u00e7alves de Oliveira<\/strong>, Bispo de Viana do Castelo, <strong>D. Virg\u00edlio do Nascimento Antunes<\/strong>, Bispo de Coimbra, <strong>D. Jos\u00e9 Ornelas Carvalho<\/strong>, Bispo de Set\u00fabal, <strong>D. Antonino Eug\u00e9nio Fernandes Dias<\/strong>, Bispo de Portalegre\u2011Castelo Branco, e <strong>D. Jos\u00e9 Manuel Garcia Cordeiro<\/strong>, Bispo de Bragan\u00e7a\u2011Miranda, Vogais do Conselho Permanente.<\/li>\n<li>Comiss\u00f5es Episcopais: <strong> Ant\u00f3nio Manuel Moiteiro Ramos<\/strong>, Bispo de Aveiro, Presidente da Comiss\u00e3o Episcopal da Educa\u00e7\u00e3o Crist\u00e3 e da Doutrina da F\u00e9; <strong>D. Ant\u00f3nio Francisco dos Santos<\/strong>, Bispo do Porto, Presidente da Comiss\u00e3o Episcopal da Pastoral Social e Mobilidade Humana; <strong>D. <\/strong><strong>Joaquim Augusto da Silva Mendes<\/strong>, Bispo Auxiliar de Lisboa, Presidente da Comiss\u00e3o do Laicado e Fam\u00edlia; <strong>D. Jo\u00e3o Evangelista Pimentel Lavrador<\/strong>, Bispo de Angra, Presidente da Comiss\u00e3o Episcopal da Cultura, Bens Culturais e Comunica\u00e7\u00f5es Sociais; <strong>D. Ant\u00f3nio Augusto de Oliveira Azevedo<\/strong>, Bispo Auxiliar do Porto, Presidente da Comiss\u00e3o Episcopal das Voca\u00e7\u00f5es e Minist\u00e9rios; <strong>D. Jos\u00e9 Manuel Garcia Cordeiro<\/strong>, Bispo de Bragan\u00e7a\u2011Miranda, Presidente da Comiss\u00e3o Episcopal da Liturgia e Espiritualidade; <strong>D. Manuel da Silva Rodrigues Linda<\/strong>, Bispo das For\u00e7as Armadas e de Seguran\u00e7a, Presidente da Comiss\u00e3o Episcopal da Miss\u00e3o e Nova Evangeliza\u00e7\u00e3o.<\/li>\n<li>Delegados da CEP: <strong> Ant\u00f3nio Jos\u00e9 da Rocha Couto<\/strong>, Bispo de Lamego, Delegado para as rela\u00e7\u00f5es Bispos\/Vida Consagrada; <strong>D. Jorge Ferreira da Costa Ortiga<\/strong>, Arcebispo Primaz de Braga, Delegado para a Comiss\u00e3o dos Episcopados da Comunidade Europeia (COMECE).<\/li>\n<\/ul>\n<p>&nbsp;<\/p>\n<ol start=\"5\">\n<li>A Assembleia aprovou a <strong>Nota Pastoral \u00abCuidar da casa comum, prevenir e evitar os inc\u00eandios\u00bb<\/strong>, como apelo \u00e0 consciencializa\u00e7\u00e3o e compromisso de todos perante a recorrente trag\u00e9dia dos inc\u00eandios no nosso pa\u00eds.<\/li>\n<\/ol>\n<p>&nbsp;<\/p>\n<ol start=\"6\">\n<li>Face a algumas not\u00edcias sobre a <strong>C\u00e1ritas<\/strong>, a Confer\u00eancia Episcopal renova o seu apoio ao trabalho que esta institui\u00e7\u00e3o abnegadamente realiza, a n\u00edvel nacional e em todas em dioceses, ao servi\u00e7o dos pobres em termos de aut\u00eantico e genu\u00edno voluntariado. Espera que os cat\u00f3licos continuem a proporcionar condi\u00e7\u00f5es para que ela possa prestar aten\u00e7\u00e3o aos mais vulner\u00e1veis da sociedade portuguesa assim como responder a causas de emerg\u00eancia social no pa\u00eds ou em qualquer parte do mundo. A distribui\u00e7\u00e3o das ofertas recebidas atrav\u00e9s da generosidade dos portugueses continuar\u00e1 a acontecer em esp\u00edrito de transpar\u00eancia, confirmando a reconhecida credibilidade que, ao longo de anos, a C\u00e1ritas granjeou junto da popula\u00e7\u00e3o.<\/li>\n<li>A Assembleia prosseguiu a reflex\u00e3o sobre os crit\u00e9rios de orienta\u00e7\u00e3o pastoral para a aplica\u00e7\u00e3o do cap\u00edtulo VIII (\u00abacompanhar, discernir e integrar a fragilidade\u00bb) da <strong>Exorta\u00e7\u00e3o Apost\u00f3lica p\u00f3s-sinodal <em>Amoris laetitia<\/em><\/strong>, sobretudo no acompanhamento e discernimento pessoal e pastoral sob as orienta\u00e7\u00f5es do Bispo da diocese. A reflex\u00e3o continuar\u00e1 nas pr\u00f3ximas <strong>Jornadas Pastorais do Episcopado<\/strong> sob o tema \u00abForma\u00e7\u00e3o da consci\u00eancia e discernimento\u00bb.<\/li>\n<\/ol>\n<p>&nbsp;<\/p>\n<ol start=\"8\">\n<li>Os Bispos aprovaram a Carta Pastoral <strong>\u00abCatequese: a alegria do encontro com Jesus Cristo\u00bb<\/strong>, tendo em conta os contributos das v\u00e1rias inst\u00e2ncias diocesanas. A catequese \u00e9 proposta como percurso de inspira\u00e7\u00e3o catecumenal que envolve toda a pessoa na alegre experi\u00eancia do encontro com Jesus Cristo, vivido na comunidade eclesial.<\/li>\n<\/ol>\n<p>&nbsp;<\/p>\n<ol start=\"9\">\n<li>A Assembleia refletiu sobre o <strong>Documento Preparat\u00f3rio da XV Assembleia Geral Ordin\u00e1ria do S\u00ednodo dos Bispos de 2018<\/strong>, sob o tema \u00abOs jovens, a f\u00e9 e o discernimento vocacional\u00bb, em particular sobre a metodologia a seguir nas v\u00e1rias inst\u00e2ncias diocesanas de pastoral para responder ao question\u00e1rio proposto, cuja s\u00edntese deve ser enviada \u00e0 Secretaria Geral do S\u00ednodo. Todos os jovens ser\u00e3o convidados a participar atrav\u00e9s do s\u00edtio que ser\u00e1 brevemente disponibilizado para recolher as suas opini\u00f5es (www.sinodogiovani2018.va).<\/li>\n<\/ol>\n<p>&nbsp;<\/p>\n<ol start=\"10\">\n<li>A Assembleia refletiu sobre a <strong>Pastoral Penitenci\u00e1ria<\/strong>, quanto \u00e0 atua\u00e7\u00e3o religiosa, jur\u00eddica e social da Igreja nos 50 estabelecimentos prisionais, onde se encontram atualmente cerca de 14.000 pessoas privadas de liberdade. Foram real\u00e7adas as seguintes a\u00e7\u00f5es e preocupa\u00e7\u00f5es: forma\u00e7\u00e3o e acompanhamento dos agentes da Pastoral Penitenci\u00e1ria; constitui\u00e7\u00e3o de um servi\u00e7o espec\u00edfico em todas as dioceses; envolvimento social e eclesial das par\u00f3quias, associa\u00e7\u00f5es e grupos; incentivo de projetos de apoio aos reclusos e de reinser\u00e7\u00e3o na sociedade; valoriza\u00e7\u00e3o do papel prestado pelos colaboradores e volunt\u00e1rios.<\/li>\n<\/ol>\n<p>&nbsp;<\/p>\n<ol start=\"11\">\n<li>Estiveram presentes na Assembleia o Padre Carlos Cabecinhas, Reitor do Santu\u00e1rio de F\u00e1tima e coordenador geral da visita do Santo Padre, e o Padre Joaquim Ganh\u00e3o, coordenador da Comiss\u00e3o de Liturgia, para informar sobre o programa da <strong>vinda do Papa Francisco<\/strong> para as celebra\u00e7\u00f5es do Centen\u00e1rio das Apari\u00e7\u00f5es.<\/li>\n<\/ol>\n<p>&nbsp;<\/p>\n<ol start=\"12\">\n<li>A Assembleia acolheu as <strong>informa\u00e7\u00f5es, comunica\u00e7\u00f5es e programa\u00e7\u00f5es<\/strong> dos v\u00e1rios organismos da Confer\u00eancia Episcopal, de que destacamos alguns aspetos.<\/li>\n<\/ol>\n<ul>\n<li>O <strong>Presidente da CEP <\/strong>comunicou o agradecimento do Bispo da Diocese de Bafat\u00e1 (Guin\u00e9-Bissau) pelo contributo enviado por v\u00e1rias dioceses portuguesas. D. Manuel Clemente informou ainda que foi designado como enviado especial do Santo Padre ao I Congresso Eucar\u00edstico Nacional de Angola, que vai realizar-se em Huambo, de 12 a 18 de junho.<\/li>\n<li>O <strong>Delegado na COMECE<\/strong> (Comiss\u00e3o dos Episcopados da Comunidade Europeia) real\u00e7ou o forte apoio da Igreja Cat\u00f3lica ao projeto europeu, manifesto no desejo de trabalhar em conjunto. Com o objetivo de pensar o futuro da Europa, a COMECE e a Santa S\u00e9 v\u00e3o organizar em outubro um Congresso no Vaticano sob o tema \u00abRe(pensar) a Europa, uma contribui\u00e7\u00e3o crist\u00e3 sobre o futuro da Uni\u00e3o Europeia\u00bb.<\/li>\n<li>O Presidente da Comiss\u00e3o Episcopal da <strong>Educa\u00e7\u00e3o Crist\u00e3 e Doutrina da F\u00e9<\/strong> referiu a realiza\u00e7\u00e3o do 56.\u00ba Encontro Nacional da Catequese sob o tema \u00abFam\u00edlia: sujeito ativo de Catequese\u00bb como aprofundamento da Exorta\u00e7\u00e3o apost\u00f3lica <em>Amoris laetitia.<\/em> Informou ainda sobre o crescente aumento de visualiza\u00e7\u00f5es do portal EDUCRIS [www.educris.com].<\/li>\n<li>O Presidente da Comiss\u00e3o Episcopal da <strong>Pastoral Social e Mobilidade Humana <\/strong>apresentou relat\u00f3rios dos seus organismos e destacou o papel fulcral das v\u00e1rias C\u00e1ritas Diocesanas na ajuda \u00e0s periferias existenciais, numa rede aut\u00f3noma em comunh\u00e3o fraterna com a C\u00e1ritas Portuguesa.<\/li>\n<li>O Presidente da Comiss\u00e3o Episcopal do <strong>Laicado e Fam\u00edlia<\/strong>, depois de acenar aos relat\u00f3rios dos movimentos laicais, salientou o recente Simp\u00f3sio de Barcelona, em prepara\u00e7\u00e3o para o S\u00ednodo dos Bispos, que teve como tema \u00abAcompanhar os jovens a responder livremente ao chamamento de Cristo\u00bb. Apresentou tamb\u00e9m o programa da V Ultreia Mundial dos Cursilhos de Cristandade, que vai realizar-se em F\u00e1tima de 4 a 6 de maio pr\u00f3ximo.<\/li>\n<li>O Presidente da Comiss\u00e3o Episcopal das <strong>Voca\u00e7\u00f5es e Minist\u00e9rios<\/strong> real\u00e7ou a necessidade de adaptar a realidade dos nossos semin\u00e1rios \u00e0 nova <em>Ratio fundamentalis<\/em> para a forma\u00e7\u00e3o sacerdotal e a realiza\u00e7\u00e3o da Semana de Ora\u00e7\u00e3o pelas Voca\u00e7\u00f5es na pr\u00f3xima semana sob o tema \u00abQuereis oferecer-vos a Deus?\u00bb.<\/li>\n<li>O Presidente da Comiss\u00e3o Episcopal da <strong>Cultura, Bens Culturais e Comunica\u00e7\u00f5es Sociais<\/strong> informou sobre as v\u00e1rias iniciativas nestes tr\u00eas sectores. Real\u00e7ou a import\u00e2ncia crescente da Ag\u00eancia Ecclesia e sua colabora\u00e7\u00e3o com os servi\u00e7os diocesanos, assim como o Projeto Thesaurus e respetivas a\u00e7\u00f5es de forma\u00e7\u00e3o sobre invent\u00e1rio, conserva\u00e7\u00e3o e restauro de bens culturais.<\/li>\n<li>O Presidente da Comiss\u00e3o Episcopal da <strong>Liturgia e Espiritualidade<\/strong> referiu o bom andamento da tradu\u00e7\u00e3o lit\u00fargica da B\u00edblia sob a responsabilidade da CEP e destacou a crescente participa\u00e7\u00e3o de Ac\u00f3litos na Peregrina\u00e7\u00e3o Nacional assim como a realiza\u00e7\u00e3o do pr\u00f3ximo Encontro Nacional de Pastoral Lit\u00fargica no contexto do Centen\u00e1rio das Apari\u00e7\u00f5es.<\/li>\n<li>O Presidente da Comiss\u00e3o Episcopal da <strong>Miss\u00e3o e Nova Evangeliza\u00e7\u00e3o<\/strong> informou sobre as principais atividades no \u00e2mbito das Miss\u00f5es, da Nova Evangeliza\u00e7\u00e3o, do Ecumenismo e do Di\u00e1logo Inter-Religioso, acentuando o pr\u00f3ximo encontro ecum\u00e9nico comemorativo dos 500 anos da Reforma Protestante, em Coimbra.<\/li>\n<li>O <strong>Presidente da Confer\u00eancia dos Institutos Religiosos<\/strong> (CIRP) destacou a realiza\u00e7\u00e3o do encontro de forma\u00e7\u00e3o \u00abS\u00e3o crian\u00e7as, n\u00e3o escravos\u00bb, pela Comiss\u00e3o de Apoio \u00e0s V\u00edtimas de Tr\u00e1fico de Pessoas, e a publica\u00e7\u00e3o do livro \u00abCom o ter\u00e7o na m\u00e3o e Maria no cora\u00e7\u00e3o\u00bb para celebrar o Centen\u00e1rio de F\u00e1tima.<\/li>\n<\/ul>\n<p>&nbsp;<\/p>\n<ol start=\"13\">\n<li>A Assembleia congratula-se com a <strong>condecora\u00e7\u00e3o<\/strong>, a t\u00edtulo p\u00f3stumo, concedida pelo Presidente da Rep\u00fablica a <strong>D. Ant\u00f3nio Ferreira Gomes<\/strong>, antigo Bispo do Porto, cujo testemunho permanece bem vivo na sociedade portuguesa.<\/li>\n<\/ol>\n<p>&nbsp;<\/p>\n<ol start=\"14\">\n<li>Os Bispos deram o seu apoio \u00e0 <strong>causa de declara\u00e7\u00e3o de Santa Gertrudes de Helfta como Doutora da Igreja<\/strong>, pela sua atualidade pastoral, sobretudo na renova\u00e7\u00e3o do culto ao Sagrado Cora\u00e7\u00e3o de Jesus como instrumento para a evangeliza\u00e7\u00e3o.<\/li>\n<\/ol>\n<p>&nbsp;<\/p>\n<ol start=\"15\">\n<li>A Assembleia procedeu \u00e0s seguintes <strong>nomea\u00e7\u00f5es<\/strong> para o pr\u00f3ximo tri\u00e9nio: Armando Jorge de Oliveira, membro do <em>Stella Maris<\/em> de Set\u00fabal, para Diretor Nacional do Apostolado do Mar; Padre Fernando Miguel Mendon\u00e7a Alves, da Diocese de Set\u00fabal, para Assistente Nacional do Apostolado do Mar; Padre Lu\u00eds Gonzaga Marinho Teixeira da Silva, da Arquidiocese de Braga, para Assistente da Confer\u00eancia Nacional de Apostolado dos Leigos (CNAL); Padre Gon\u00e7alo Corr\u00eaa Mendes Teixeira Diniz, da Diocese de Leiria-F\u00e1tima, para Assistente Nacional do Movimento Cat\u00f3lico de Estudantes (MCE).<\/li>\n<\/ol>\n<p>&nbsp;<\/p>\n<ol start=\"16\">\n<li>Foram aprovados o <strong>Relat\u00f3rio de Contas <\/strong>do Secretariado Geral em 2016 e o <strong>Calend\u00e1rio de Atividades<\/strong> para 2017-2018.<\/li>\n<\/ol>\n<p>&nbsp;<\/p>\n<p><em>F\u00e1tima, 27 de abril de 2017<\/em><\/p>\n<p><strong>(<a href=\"https:\/\/www.conferenciaepiscopal.pt\/v1\/wp-content\/uploads\/APlenariaCEP_abril2017_ComunicadoFinal.pdf\">PDF<\/a>)<\/strong><\/p>\n","protected":false},"excerpt":{"rendered":"<p>F\u00e1tima, 24-27 de abril de 2017<\/p>\n","protected":false},"author":1,"featured_media":0,"comment_status":"closed","ping_status":"closed","sticky":false,"template":"","format":"standard","meta":{"site-sidebar-layout":"default","site-content-layout":"","ast-site-content-layout":"default","site-content-style":"default","site-sidebar-style":"default","ast-global-header-display":"","ast-banner-title-visibility":"","ast-main-header-display":"","ast-hfb-above-header-display":"","ast-hfb-below-header-display":"","ast-hfb-mobile-header-display":"","site-post-title":"","ast-breadcrumbs-content":"","ast-featured-img":"","footer-sml-layout":"","ast-disable-related-posts":"","theme-transparent-header-meta":"","adv-header-id-meta":"","stick-header-meta":"","header-above-stick-meta":"","header-main-stick-meta":"","header-below-stick-meta":"","astra-migrate-meta-layouts":"default","ast-page-background-enabled":"default","ast-page-background-meta":{"desktop":{"background-color":"var(--ast-global-color-4)","background-image":"","background-repeat":"repeat","background-position":"center center","background-size":"auto","background-attachment":"scroll","background-type":"","background-media":"","overlay-type":"","overlay-color":"","overlay-opacity":"","overlay-gradient":""},"tablet":{"background-color":"","background-image":"","background-repeat":"repeat","background-position":"center center","background-size":"auto","background-attachment":"scroll","background-type":"","background-media":"","overlay-type":"","overlay-color":"","overlay-opacity":"","overlay-gradient":""},"mobile":{"background-color":"","background-image":"","background-repeat":"repeat","background-position":"center center","background-size":"auto","background-attachment":"scroll","background-type":"","background-media":"","overlay-type":"","overlay-color":"","overlay-opacity":"","overlay-gradient":""}},"ast-content-background-meta":{"desktop":{"background-color":"var(--ast-global-color-5)","background-image":"","background-repeat":"repeat","background-position":"center center","background-size":"auto","background-attachment":"scroll","background-type":"","background-media":"","overlay-type":"","overlay-color":"","overlay-opacity":"","overlay-gradient":""},"tablet":{"background-color":"var(--ast-global-color-5)","background-image":"","background-repeat":"repeat","background-position":"center center","background-size":"auto","background-attachment":"scroll","background-type":"","background-media":"","overlay-type":"","overlay-color":"","overlay-opacity":"","overlay-gradient":""},"mobile":{"background-color":"var(--ast-global-color-5)","background-image":"","background-repeat":"repeat","background-position":"center center","background-size":"auto","background-attachment":"scroll","background-type":"","background-media":"","overlay-type":"","overlay-color":"","overlay-opacity":"","overlay-gradient":""}},"footnotes":""},"categories":[4],"tags":[],"class_list":["post-5398","post","type-post","status-publish","format-standard","hentry","category-documentos"],"yoast_head":"<!-- This site is optimized with the Yoast SEO plugin v27.5 - https:\/\/yoast.com\/product\/yoast-seo-wordpress\/ -->\n<title>Comunicado final da 191.\u00aa Assembleia Plen\u00e1ria da Confer\u00eancia Episcopal Portuguesa - Confer\u00eancia Episcopal Portuguesa<\/title>\n<meta name=\"robots\" content=\"index, follow, max-snippet:-1, max-image-preview:large, max-video-preview:-1\" \/>\n<link rel=\"canonical\" href=\"https:\/\/www.conferenciaepiscopal.pt\/v1\/comunicado-final-da-191-a-assembleia-plenaria-da-conferencia-episcopal-portuguesa\/\" \/>\n<meta property=\"og:locale\" content=\"pt_PT\" \/>\n<meta property=\"og:type\" content=\"article\" \/>\n<meta property=\"og:title\" content=\"Comunicado final da 191.\u00aa Assembleia Plen\u00e1ria da Confer\u00eancia Episcopal Portuguesa - Confer\u00eancia Episcopal Portuguesa\" \/>\n<meta property=\"og:description\" content=\"F\u00e1tima, 24-27 de abril de 2017\" \/>\n<meta property=\"og:url\" content=\"https:\/\/www.conferenciaepiscopal.pt\/v1\/comunicado-final-da-191-a-assembleia-plenaria-da-conferencia-episcopal-portuguesa\/\" \/>\n<meta property=\"og:site_name\" content=\"Confer\u00eancia Episcopal Portuguesa\" \/>\n<meta property=\"article:published_time\" content=\"2017-04-27T14:14:17+00:00\" \/>\n<meta property=\"article:modified_time\" content=\"2017-04-27T16:15:28+00:00\" \/>\n<meta name=\"author\" content=\"Manuel Costa\" \/>\n<meta name=\"twitter:card\" content=\"summary_large_image\" \/>\n<meta name=\"twitter:label1\" content=\"Escrito por\" \/>\n\t<meta name=\"twitter:data1\" content=\"Manuel Costa\" \/>\n\t<meta name=\"twitter:label2\" content=\"Tempo estimado de leitura\" \/>\n\t<meta name=\"twitter:data2\" content=\"9 minutos\" \/>\n<script type=\"application\/ld+json\" class=\"yoast-schema-graph\">{\"@context\":\"https:\\\/\\\/schema.org\",\"@graph\":[{\"@type\":\"Article\",\"@id\":\"https:\\\/\\\/www.conferenciaepiscopal.pt\\\/v1\\\/comunicado-final-da-191-a-assembleia-plenaria-da-conferencia-episcopal-portuguesa\\\/#article\",\"isPartOf\":{\"@id\":\"https:\\\/\\\/www.conferenciaepiscopal.pt\\\/v1\\\/comunicado-final-da-191-a-assembleia-plenaria-da-conferencia-episcopal-portuguesa\\\/\"},\"author\":{\"name\":\"Manuel Costa\",\"@id\":\"https:\\\/\\\/www.conferenciaepiscopal.pt\\\/v1\\\/#\\\/schema\\\/person\\\/ab696457f75fe8e22b00183bfacb4cb2\"},\"headline\":\"Comunicado final da 191.\u00aa Assembleia Plen\u00e1ria da Confer\u00eancia Episcopal Portuguesa\",\"datePublished\":\"2017-04-27T14:14:17+00:00\",\"dateModified\":\"2017-04-27T16:15:28+00:00\",\"mainEntityOfPage\":{\"@id\":\"https:\\\/\\\/www.conferenciaepiscopal.pt\\\/v1\\\/comunicado-final-da-191-a-assembleia-plenaria-da-conferencia-episcopal-portuguesa\\\/\"},\"wordCount\":1830,\"publisher\":{\"@id\":\"https:\\\/\\\/www.conferenciaepiscopal.pt\\\/v1\\\/#organization\"},\"articleSection\":[\"Documentos\"],\"inLanguage\":\"pt-PT\"},{\"@type\":\"WebPage\",\"@id\":\"https:\\\/\\\/www.conferenciaepiscopal.pt\\\/v1\\\/comunicado-final-da-191-a-assembleia-plenaria-da-conferencia-episcopal-portuguesa\\\/\",\"url\":\"https:\\\/\\\/www.conferenciaepiscopal.pt\\\/v1\\\/comunicado-final-da-191-a-assembleia-plenaria-da-conferencia-episcopal-portuguesa\\\/\",\"name\":\"Comunicado final da 191.\u00aa Assembleia Plen\u00e1ria da Confer\u00eancia Episcopal Portuguesa - Confer\u00eancia Episcopal Portuguesa\",\"isPartOf\":{\"@id\":\"https:\\\/\\\/www.conferenciaepiscopal.pt\\\/v1\\\/#website\"},\"datePublished\":\"2017-04-27T14:14:17+00:00\",\"dateModified\":\"2017-04-27T16:15:28+00:00\",\"breadcrumb\":{\"@id\":\"https:\\\/\\\/www.conferenciaepiscopal.pt\\\/v1\\\/comunicado-final-da-191-a-assembleia-plenaria-da-conferencia-episcopal-portuguesa\\\/#breadcrumb\"},\"inLanguage\":\"pt-PT\",\"potentialAction\":[{\"@type\":\"ReadAction\",\"target\":[\"https:\\\/\\\/www.conferenciaepiscopal.pt\\\/v1\\\/comunicado-final-da-191-a-assembleia-plenaria-da-conferencia-episcopal-portuguesa\\\/\"]}]},{\"@type\":\"BreadcrumbList\",\"@id\":\"https:\\\/\\\/www.conferenciaepiscopal.pt\\\/v1\\\/comunicado-final-da-191-a-assembleia-plenaria-da-conferencia-episcopal-portuguesa\\\/#breadcrumb\",\"itemListElement\":[{\"@type\":\"ListItem\",\"position\":1,\"name\":\"In\u00edcio\",\"item\":\"https:\\\/\\\/www.conferenciaepiscopal.pt\\\/v1\\\/\"},{\"@type\":\"ListItem\",\"position\":2,\"name\":\"Comunicado final da 191.\u00aa Assembleia Plen\u00e1ria da Confer\u00eancia Episcopal Portuguesa\"}]},{\"@type\":\"WebSite\",\"@id\":\"https:\\\/\\\/www.conferenciaepiscopal.pt\\\/v1\\\/#website\",\"url\":\"https:\\\/\\\/www.conferenciaepiscopal.pt\\\/v1\\\/\",\"name\":\"Confer\u00eancia Episcopal Portuguesa\",\"description\":\"Igreja Cat\u00f3lica em Portugal\",\"publisher\":{\"@id\":\"https:\\\/\\\/www.conferenciaepiscopal.pt\\\/v1\\\/#organization\"},\"potentialAction\":[{\"@type\":\"SearchAction\",\"target\":{\"@type\":\"EntryPoint\",\"urlTemplate\":\"https:\\\/\\\/www.conferenciaepiscopal.pt\\\/v1\\\/?s={search_term_string}\"},\"query-input\":{\"@type\":\"PropertyValueSpecification\",\"valueRequired\":true,\"valueName\":\"search_term_string\"}}],\"inLanguage\":\"pt-PT\"},{\"@type\":\"Organization\",\"@id\":\"https:\\\/\\\/www.conferenciaepiscopal.pt\\\/v1\\\/#organization\",\"name\":\"Confer\u00eancia Episcopal Portuguesa\",\"url\":\"https:\\\/\\\/www.conferenciaepiscopal.pt\\\/v1\\\/\",\"logo\":{\"@type\":\"ImageObject\",\"inLanguage\":\"pt-PT\",\"@id\":\"https:\\\/\\\/www.conferenciaepiscopal.pt\\\/v1\\\/#\\\/schema\\\/logo\\\/image\\\/\",\"url\":\"https:\\\/\\\/www.conferenciaepiscopal.pt\\\/v1\\\/wp-content\\\/uploads\\\/cropped-logoTransparente.png\",\"contentUrl\":\"https:\\\/\\\/www.conferenciaepiscopal.pt\\\/v1\\\/wp-content\\\/uploads\\\/cropped-logoTransparente.png\",\"width\":512,\"height\":512,\"caption\":\"Confer\u00eancia Episcopal Portuguesa\"},\"image\":{\"@id\":\"https:\\\/\\\/www.conferenciaepiscopal.pt\\\/v1\\\/#\\\/schema\\\/logo\\\/image\\\/\"}},{\"@type\":\"Person\",\"@id\":\"https:\\\/\\\/www.conferenciaepiscopal.pt\\\/v1\\\/#\\\/schema\\\/person\\\/ab696457f75fe8e22b00183bfacb4cb2\",\"name\":\"Manuel Costa\",\"image\":{\"@type\":\"ImageObject\",\"inLanguage\":\"pt-PT\",\"@id\":\"https:\\\/\\\/secure.gravatar.com\\\/avatar\\\/5054571ff5d2454cd50657fc4e61d0c32d7a5d0d3b36ef6c0f6e269276d13618?s=96&d=mm&r=g\",\"url\":\"https:\\\/\\\/secure.gravatar.com\\\/avatar\\\/5054571ff5d2454cd50657fc4e61d0c32d7a5d0d3b36ef6c0f6e269276d13618?s=96&d=mm&r=g\",\"contentUrl\":\"https:\\\/\\\/secure.gravatar.com\\\/avatar\\\/5054571ff5d2454cd50657fc4e61d0c32d7a5d0d3b36ef6c0f6e269276d13618?s=96&d=mm&r=g\",\"caption\":\"Manuel Costa\"}}]}<\/script>\n<!-- \/ Yoast SEO plugin. -->","yoast_head_json":{"title":"Comunicado final da 191.\u00aa Assembleia Plen\u00e1ria da Confer\u00eancia Episcopal Portuguesa - Confer\u00eancia Episcopal Portuguesa","robots":{"index":"index","follow":"follow","max-snippet":"max-snippet:-1","max-image-preview":"max-image-preview:large","max-video-preview":"max-video-preview:-1"},"canonical":"https:\/\/www.conferenciaepiscopal.pt\/v1\/comunicado-final-da-191-a-assembleia-plenaria-da-conferencia-episcopal-portuguesa\/","og_locale":"pt_PT","og_type":"article","og_title":"Comunicado final da 191.\u00aa Assembleia Plen\u00e1ria da Confer\u00eancia Episcopal Portuguesa - Confer\u00eancia Episcopal Portuguesa","og_description":"F\u00e1tima, 24-27 de abril de 2017","og_url":"https:\/\/www.conferenciaepiscopal.pt\/v1\/comunicado-final-da-191-a-assembleia-plenaria-da-conferencia-episcopal-portuguesa\/","og_site_name":"Confer\u00eancia Episcopal Portuguesa","article_published_time":"2017-04-27T14:14:17+00:00","article_modified_time":"2017-04-27T16:15:28+00:00","author":"Manuel Costa","twitter_card":"summary_large_image","twitter_misc":{"Escrito por":"Manuel Costa","Tempo estimado de leitura":"9 minutos"},"schema":{"@context":"https:\/\/schema.org","@graph":[{"@type":"Article","@id":"https:\/\/www.conferenciaepiscopal.pt\/v1\/comunicado-final-da-191-a-assembleia-plenaria-da-conferencia-episcopal-portuguesa\/#article","isPartOf":{"@id":"https:\/\/www.conferenciaepiscopal.pt\/v1\/comunicado-final-da-191-a-assembleia-plenaria-da-conferencia-episcopal-portuguesa\/"},"author":{"name":"Manuel Costa","@id":"https:\/\/www.conferenciaepiscopal.pt\/v1\/#\/schema\/person\/ab696457f75fe8e22b00183bfacb4cb2"},"headline":"Comunicado final da 191.\u00aa Assembleia Plen\u00e1ria da Confer\u00eancia Episcopal Portuguesa","datePublished":"2017-04-27T14:14:17+00:00","dateModified":"2017-04-27T16:15:28+00:00","mainEntityOfPage":{"@id":"https:\/\/www.conferenciaepiscopal.pt\/v1\/comunicado-final-da-191-a-assembleia-plenaria-da-conferencia-episcopal-portuguesa\/"},"wordCount":1830,"publisher":{"@id":"https:\/\/www.conferenciaepiscopal.pt\/v1\/#organization"},"articleSection":["Documentos"],"inLanguage":"pt-PT"},{"@type":"WebPage","@id":"https:\/\/www.conferenciaepiscopal.pt\/v1\/comunicado-final-da-191-a-assembleia-plenaria-da-conferencia-episcopal-portuguesa\/","url":"https:\/\/www.conferenciaepiscopal.pt\/v1\/comunicado-final-da-191-a-assembleia-plenaria-da-conferencia-episcopal-portuguesa\/","name":"Comunicado final da 191.\u00aa Assembleia Plen\u00e1ria da Confer\u00eancia Episcopal Portuguesa - Confer\u00eancia Episcopal Portuguesa","isPartOf":{"@id":"https:\/\/www.conferenciaepiscopal.pt\/v1\/#website"},"datePublished":"2017-04-27T14:14:17+00:00","dateModified":"2017-04-27T16:15:28+00:00","breadcrumb":{"@id":"https:\/\/www.conferenciaepiscopal.pt\/v1\/comunicado-final-da-191-a-assembleia-plenaria-da-conferencia-episcopal-portuguesa\/#breadcrumb"},"inLanguage":"pt-PT","potentialAction":[{"@type":"ReadAction","target":["https:\/\/www.conferenciaepiscopal.pt\/v1\/comunicado-final-da-191-a-assembleia-plenaria-da-conferencia-episcopal-portuguesa\/"]}]},{"@type":"BreadcrumbList","@id":"https:\/\/www.conferenciaepiscopal.pt\/v1\/comunicado-final-da-191-a-assembleia-plenaria-da-conferencia-episcopal-portuguesa\/#breadcrumb","itemListElement":[{"@type":"ListItem","position":1,"name":"In\u00edcio","item":"https:\/\/www.conferenciaepiscopal.pt\/v1\/"},{"@type":"ListItem","position":2,"name":"Comunicado final da 191.\u00aa Assembleia Plen\u00e1ria da Confer\u00eancia Episcopal Portuguesa"}]},{"@type":"WebSite","@id":"https:\/\/www.conferenciaepiscopal.pt\/v1\/#website","url":"https:\/\/www.conferenciaepiscopal.pt\/v1\/","name":"Confer\u00eancia Episcopal Portuguesa","description":"Igreja Cat\u00f3lica em Portugal","publisher":{"@id":"https:\/\/www.conferenciaepiscopal.pt\/v1\/#organization"},"potentialAction":[{"@type":"SearchAction","target":{"@type":"EntryPoint","urlTemplate":"https:\/\/www.conferenciaepiscopal.pt\/v1\/?s={search_term_string}"},"query-input":{"@type":"PropertyValueSpecification","valueRequired":true,"valueName":"search_term_string"}}],"inLanguage":"pt-PT"},{"@type":"Organization","@id":"https:\/\/www.conferenciaepiscopal.pt\/v1\/#organization","name":"Confer\u00eancia Episcopal Portuguesa","url":"https:\/\/www.conferenciaepiscopal.pt\/v1\/","logo":{"@type":"ImageObject","inLanguage":"pt-PT","@id":"https:\/\/www.conferenciaepiscopal.pt\/v1\/#\/schema\/logo\/image\/","url":"https:\/\/www.conferenciaepiscopal.pt\/v1\/wp-content\/uploads\/cropped-logoTransparente.png","contentUrl":"https:\/\/www.conferenciaepiscopal.pt\/v1\/wp-content\/uploads\/cropped-logoTransparente.png","width":512,"height":512,"caption":"Confer\u00eancia Episcopal Portuguesa"},"image":{"@id":"https:\/\/www.conferenciaepiscopal.pt\/v1\/#\/schema\/logo\/image\/"}},{"@type":"Person","@id":"https:\/\/www.conferenciaepiscopal.pt\/v1\/#\/schema\/person\/ab696457f75fe8e22b00183bfacb4cb2","name":"Manuel Costa","image":{"@type":"ImageObject","inLanguage":"pt-PT","@id":"https:\/\/secure.gravatar.com\/avatar\/5054571ff5d2454cd50657fc4e61d0c32d7a5d0d3b36ef6c0f6e269276d13618?s=96&d=mm&r=g","url":"https:\/\/secure.gravatar.com\/avatar\/5054571ff5d2454cd50657fc4e61d0c32d7a5d0d3b36ef6c0f6e269276d13618?s=96&d=mm&r=g","contentUrl":"https:\/\/secure.gravatar.com\/avatar\/5054571ff5d2454cd50657fc4e61d0c32d7a5d0d3b36ef6c0f6e269276d13618?s=96&d=mm&r=g","caption":"Manuel Costa"}}]}},"_links":{"self":[{"href":"https:\/\/www.conferenciaepiscopal.pt\/v1\/wp-json\/wp\/v2\/posts\/5398","targetHints":{"allow":["GET"]}}],"collection":[{"href":"https:\/\/www.conferenciaepiscopal.pt\/v1\/wp-json\/wp\/v2\/posts"}],"about":[{"href":"https:\/\/www.conferenciaepiscopal.pt\/v1\/wp-json\/wp\/v2\/types\/post"}],"author":[{"embeddable":true,"href":"https:\/\/www.conferenciaepiscopal.pt\/v1\/wp-json\/wp\/v2\/users\/1"}],"replies":[{"embeddable":true,"href":"https:\/\/www.conferenciaepiscopal.pt\/v1\/wp-json\/wp\/v2\/comments?post=5398"}],"version-history":[{"count":0,"href":"https:\/\/www.conferenciaepiscopal.pt\/v1\/wp-json\/wp\/v2\/posts\/5398\/revisions"}],"wp:attachment":[{"href":"https:\/\/www.conferenciaepiscopal.pt\/v1\/wp-json\/wp\/v2\/media?parent=5398"}],"wp:term":[{"taxonomy":"category","embeddable":true,"href":"https:\/\/www.conferenciaepiscopal.pt\/v1\/wp-json\/wp\/v2\/categories?post=5398"},{"taxonomy":"post_tag","embeddable":true,"href":"https:\/\/www.conferenciaepiscopal.pt\/v1\/wp-json\/wp\/v2\/tags?post=5398"}],"curies":[{"name":"wp","href":"https:\/\/api.w.org\/{rel}","templated":true}]}}